{"id":50359,"date":"2025-12-01T07:25:40","date_gmt":"2025-12-01T12:25:40","guid":{"rendered":"https:\/\/ciudadyregion.com.co\/?p=50359"},"modified":"2025-12-01T07:25:40","modified_gmt":"2025-12-01T12:25:40","slug":"la-ungrd-activa-sala-de-crisis-tras-el-cambio-a-alerta-naranja-del-volcan-purace","status":"publish","type":"post","link":"https:\/\/ciudadyregion.com.co\/index.php\/la-ungrd-activa-sala-de-crisis-tras-el-cambio-a-alerta-naranja-del-volcan-purace\/nacional\/","title":{"rendered":"La UNGRD activa sala de crisis tras el cambio a alerta Naranja del volc\u00e1n Purac\u00e9"},"content":{"rendered":"<p>La Unidad Nacional para la Gesti\u00f3n del Riesgo de Desastres (UNGRD) activ\u00f3 su sala de crisis luego de que el Servicio Geol\u00f3gico Colombiano elevara a alerta Naranja el nivel de actividad del volc\u00e1n Purac\u00e9, ubicado en el departamento del Cauca.<\/p>\n<p>La activaci\u00f3n implica un monitoreo permanente del comportamiento del complejo volc\u00e1nico, as\u00ed como la coordinaci\u00f3n interinstitucional para evaluar escenarios de riesgo y garantizar la preparaci\u00f3n de las autoridades locales y departamentales frente a una posible escalada en la actividad.<\/p>\n<p>Las autoridades recomendaron a la poblaci\u00f3n no acercarse a la zona del cr\u00e1ter, debido al riesgo asociado a la emisi\u00f3n de gases volc\u00e1nicos, ceniza y posibles explosiones s\u00fabitas. Asimismo, pidieron adoptar medidas b\u00e1sicas de autoprotecci\u00f3n, entre ellas el uso de tapabocas para mitigar la inhalaci\u00f3n de material particulado y la protecci\u00f3n de ojos y v\u00edas respiratorias.<\/p>\n<p>Los organismos de socorro reiteraron que la alerta Naranja no implica una erupci\u00f3n inminente, pero s\u00ed un aumento significativo en la inestabilidad del sistema volc\u00e1nico, raz\u00f3n por la cual se mantienen los protocolos preventivos y los llamados a la ciudadan\u00eda para seguir \u00fanicamente la informaci\u00f3n oficial.<\/p>\n","protected":false},"excerpt":{"rendered":"<p>La Unidad Nacional para la Gesti\u00f3n del Riesgo de Desastres (UNGRD) activ\u00f3 su sala de crisis luego de que el Servicio Geol\u00f3gico Colombiano elevara a alerta Naranja el nivel de actividad del volc\u00e1n Purac\u00e9, ubicado en el departamento del Cauca. La activaci\u00f3n implica un monitoreo permanente del comportamiento del complejo<span class=\"more-link\"><a href=\"https:\/\/ciudadyregion.com.co\/index.php\/la-ungrd-activa-sala-de-crisis-tras-el-cambio-a-alerta-naranja-del-volcan-purace\/nacional\/\">Continuar Leyendo<\/a><\/span><\/p>\n","protected":false},"author":2,"featured_media":50360,"comment_status":"open","ping_status":"open","sticky":false,"template":"","format":"standard","meta":{"_uf_show_specific_survey":0,"_uf_disable_surveys":false,"_jetpack_memberships_contains_paid_content":false,"footnotes":"","jetpack_publicize_message":"","jetpack_publicize_feature_enabled":true,"jetpack_social_post_already_shared":true,"jetpack_social_options":{"image_generator_settings":{"template":"highway","enabled":false},"version":2}},"categories":[23],"tags":[],"class_list":["entry","author-diegoaguirre","post-50359","post","type-post","status-publish","format-standard","has-post-thumbnail","category-nacional"],"jetpack_publicize_connections":[],"yoast_head":"<!-- This site is optimized with the Yoast SEO plugin v24.3 - https:\/\/yoast.com\/wordpress\/plugins\/seo\/ -->\n<title>La UNGRD activa sala de crisis tras el cambio a alerta Naranja del volc\u00e1n Purac\u00e9 - Ciudad y Region<\/title>\n<meta name=\"robots\" content=\"index, follow, max-snippet:-1, max-image-preview:large, max-video-preview:-1\" \/>\n<link rel=\"canonical\" href=\"https:\/\/ciudadyregion.com.co\/index.php\/la-ungrd-activa-sala-de-crisis-tras-el-cambio-a-alerta-naranja-del-volcan-purace\/nacional\/\" \/>\n<meta property=\"og:locale\" content=\"es_ES\" \/>\n<meta property=\"og:type\" content=\"article\" \/>\n<meta property=\"og:title\" content=\"La UNGRD activa sala de crisis tras el cambio a alerta Naranja del volc\u00e1n Purac\u00e9 - Ciudad y Region\" \/>\n<meta property=\"og:description\" content=\"La Unidad Nacional para la Gesti\u00f3n del Riesgo de Desastres (UNGRD) activ\u00f3 su sala de crisis luego de que el Servicio Geol\u00f3gico Colombiano elevara a alerta Naranja el nivel de actividad del volc\u00e1n Purac\u00e9, ubicado en el departamento del Cauca. La activaci\u00f3n implica un monitoreo permanente del comportamiento del complejoContinuar Leyendo\" \/>\n<meta property=\"og:url\" content=\"https:\/\/ciudadyregion.com.co\/index.php\/la-ungrd-activa-sala-de-crisis-tras-el-cambio-a-alerta-naranja-del-volcan-purace\/nacional\/\" \/>\n<meta property=\"og:site_name\" content=\"Ciudad y Region\" \/>\n<meta property=\"article:published_time\" content=\"2025-12-01T12:25:40+00:00\" \/>\n<meta property=\"og:image\" content=\"https:\/\/ciudadyregion.com.co\/wp-content\/uploads\/2025\/12\/Pag-2025-12-01T072418.494.jpg\" \/>\n\t<meta property=\"og:image:width\" content=\"800\" \/>\n\t<meta property=\"og:image:height\" content=\"445\" \/>\n\t<meta property=\"og:image:type\" content=\"image\/jpeg\" \/>\n<meta name=\"author\" content=\"David Andr\u00e9s Aguirre\" \/>\n<meta name=\"twitter:card\" content=\"summary_large_image\" \/>\n<meta name=\"twitter:label1\" content=\"Escrito por\" \/>\n\t<meta name=\"twitter:data1\" content=\"David Andr\u00e9s Aguirre\" \/>\n\t<meta name=\"twitter:label2\" content=\"Tiempo de lectura\" \/>\n\t<meta name=\"twitter:data2\" content=\"2 minutos\" \/>\n<script type=\"application\/ld+json\" class=\"yoast-schema-graph\">{\"@context\":\"https:\/\/schema.org\",\"@graph\":[{\"@type\":\"WebPage\",\"@id\":\"https:\/\/ciudadyregion.com.co\/index.php\/la-ungrd-activa-sala-de-crisis-tras-el-cambio-a-alerta-naranja-del-volcan-purace\/nacional\/\",\"url\":\"https:\/\/ciudadyregion.com.co\/index.php\/la-ungrd-activa-sala-de-crisis-tras-el-cambio-a-alerta-naranja-del-volcan-purace\/nacional\/\",\"name\":\"La UNGRD activa sala de crisis tras el cambio a alerta Naranja del volc\u00e1n Purac\u00e9 - Ciudad y Region\",\"isPartOf\":{\"@id\":\"https:\/\/ciudadyregion.com.co\/#website\"},\"primaryImageOfPage\":{\"@id\":\"https:\/\/ciudadyregion.com.co\/index.php\/la-ungrd-activa-sala-de-crisis-tras-el-cambio-a-alerta-naranja-del-volcan-purace\/nacional\/#primaryimage\"},\"image\":{\"@id\":\"https:\/\/ciudadyregion.com.co\/index.php\/la-ungrd-activa-sala-de-crisis-tras-el-cambio-a-alerta-naranja-del-volcan-purace\/nacional\/#primaryimage\"},\"thumbnailUrl\":\"https:\/\/i0.wp.com\/ciudadyregion.com.co\/wp-content\/uploads\/2025\/12\/Pag-2025-12-01T072418.494.jpg?fit=800%2C445&ssl=1\",\"datePublished\":\"2025-12-01T12:25:40+00:00\",\"dateModified\":\"2025-12-01T12:25:40+00:00\",\"author\":{\"@id\":\"https:\/\/ciudadyregion.com.co\/#\/schema\/person\/04a4954373ebc4051f46e8c65ff78622\"},\"breadcrumb\":{\"@id\":\"https:\/\/ciudadyregion.com.co\/index.php\/la-ungrd-activa-sala-de-crisis-tras-el-cambio-a-alerta-naranja-del-volcan-purace\/nacional\/#breadcrumb\"},\"inLanguage\":\"es\",\"potentialAction\":[{\"@type\":\"ReadAction\",\"target\":[\"https:\/\/ciudadyregion.com.co\/index.php\/la-ungrd-activa-sala-de-crisis-tras-el-cambio-a-alerta-naranja-del-volcan-purace\/nacional\/\"]}]},{\"@type\":\"ImageObject\",\"inLanguage\":\"es\",\"@id\":\"https:\/\/ciudadyregion.com.co\/index.php\/la-ungrd-activa-sala-de-crisis-tras-el-cambio-a-alerta-naranja-del-volcan-purace\/nacional\/#primaryimage\",\"url\":\"https:\/\/i0.wp.com\/ciudadyregion.com.co\/wp-content\/uploads\/2025\/12\/Pag-2025-12-01T072418.494.jpg?fit=800%2C445&ssl=1\",\"contentUrl\":\"https:\/\/i0.wp.com\/ciudadyregion.com.co\/wp-content\/uploads\/2025\/12\/Pag-2025-12-01T072418.494.jpg?fit=800%2C445&ssl=1\",\"width\":800,\"height\":445},{\"@type\":\"BreadcrumbList\",\"@id\":\"https:\/\/ciudadyregion.com.co\/index.php\/la-ungrd-activa-sala-de-crisis-tras-el-cambio-a-alerta-naranja-del-volcan-purace\/nacional\/#breadcrumb\",\"itemListElement\":[{\"@type\":\"ListItem\",\"position\":1,\"name\":\"Portada\",\"item\":\"https:\/\/ciudadyregion.com.co\/\"},{\"@type\":\"ListItem\",\"position\":2,\"name\":\"La UNGRD activa sala de crisis tras el cambio a alerta Naranja del volc\u00e1n Purac\u00e9\"}]},{\"@type\":\"WebSite\",\"@id\":\"https:\/\/ciudadyregion.com.co\/#website\",\"url\":\"https:\/\/ciudadyregion.com.co\/\",\"name\":\"Ciudad y Region\",\"description\":\"\",\"potentialAction\":[{\"@type\":\"SearchAction\",\"target\":{\"@type\":\"EntryPoint\",\"urlTemplate\":\"https:\/\/ciudadyregion.com.co\/?s={search_term_string}\"},\"query-input\":{\"@type\":\"PropertyValueSpecification\",\"valueRequired\":true,\"valueName\":\"search_term_string\"}}],\"inLanguage\":\"es\"},{\"@type\":\"Person\",\"@id\":\"https:\/\/ciudadyregion.com.co\/#\/schema\/person\/04a4954373ebc4051f46e8c65ff78622\",\"name\":\"David Andr\u00e9s Aguirre\",\"image\":{\"@type\":\"ImageObject\",\"inLanguage\":\"es\",\"@id\":\"https:\/\/ciudadyregion.com.co\/#\/schema\/person\/image\/\",\"url\":\"https:\/\/secure.gravatar.com\/avatar\/bc3c655860202182ee6d1b5edd042dbe?s=96&d=mm&r=g\",\"contentUrl\":\"https:\/\/secure.gravatar.com\/avatar\/bc3c655860202182ee6d1b5edd042dbe?s=96&d=mm&r=g\",\"caption\":\"David Andr\u00e9s Aguirre\"},\"url\":\"https:\/\/ciudadyregion.com.co\/index.php\/author\/diegoaguirre\/\"}]}<\/script>\n<!-- \/ Yoast SEO plugin. -->","yoast_head_json":{"title":"La UNGRD activa sala de crisis tras el cambio a alerta Naranja del volc\u00e1n Purac\u00e9 - Ciudad y Region","robots":{"index":"index","follow":"follow","max-snippet":"max-snippet:-1","max-image-preview":"max-image-preview:large","max-video-preview":"max-video-preview:-1"},"canonical":"https:\/\/ciudadyregion.com.co\/index.php\/la-ungrd-activa-sala-de-crisis-tras-el-cambio-a-alerta-naranja-del-volcan-purace\/nacional\/","og_locale":"es_ES","og_type":"article","og_title":"La UNGRD activa sala de crisis tras el cambio a alerta Naranja del volc\u00e1n Purac\u00e9 - Ciudad y Region","og_description":"La Unidad Nacional para la Gesti\u00f3n del Riesgo de Desastres (UNGRD) activ\u00f3 su sala de crisis luego de que el Servicio Geol\u00f3gico Colombiano elevara a alerta Naranja el nivel de actividad del volc\u00e1n Purac\u00e9, ubicado en el departamento del Cauca. La activaci\u00f3n implica un monitoreo permanente del comportamiento del complejoContinuar Leyendo","og_url":"https:\/\/ciudadyregion.com.co\/index.php\/la-ungrd-activa-sala-de-crisis-tras-el-cambio-a-alerta-naranja-del-volcan-purace\/nacional\/","og_site_name":"Ciudad y Region","article_published_time":"2025-12-01T12:25:40+00:00","og_image":[{"width":800,"height":445,"url":"https:\/\/ciudadyregion.com.co\/wp-content\/uploads\/2025\/12\/Pag-2025-12-01T072418.494.jpg","type":"image\/jpeg"}],"author":"David Andr\u00e9s Aguirre","twitter_card":"summary_large_image","twitter_misc":{"Escrito por":"David Andr\u00e9s Aguirre","Tiempo de lectura":"2 minutos"},"schema":{"@context":"https:\/\/schema.org","@graph":[{"@type":"WebPage","@id":"https:\/\/ciudadyregion.com.co\/index.php\/la-ungrd-activa-sala-de-crisis-tras-el-cambio-a-alerta-naranja-del-volcan-purace\/nacional\/","url":"https:\/\/ciudadyregion.com.co\/index.php\/la-ungrd-activa-sala-de-crisis-tras-el-cambio-a-alerta-naranja-del-volcan-purace\/nacional\/","name":"La UNGRD activa sala de crisis tras el cambio a alerta Naranja del volc\u00e1n Purac\u00e9 - Ciudad y Region","isPartOf":{"@id":"https:\/\/ciudadyregion.com.co\/#website"},"primaryImageOfPage":{"@id":"https:\/\/ciudadyregion.com.co\/index.php\/la-ungrd-activa-sala-de-crisis-tras-el-cambio-a-alerta-naranja-del-volcan-purace\/nacional\/#primaryimage"},"image":{"@id":"https:\/\/ciudadyregion.com.co\/index.php\/la-ungrd-activa-sala-de-crisis-tras-el-cambio-a-alerta-naranja-del-volcan-purace\/nacional\/#primaryimage"},"thumbnailUrl":"https:\/\/i0.wp.com\/ciudadyregion.com.co\/wp-content\/uploads\/2025\/12\/Pag-2025-12-01T072418.494.jpg?fit=800%2C445&ssl=1","datePublished":"2025-12-01T12:25:40+00:00","dateModified":"2025-12-01T12:25:40+00:00","author":{"@id":"https:\/\/ciudadyregion.com.co\/#\/schema\/person\/04a4954373ebc4051f46e8c65ff78622"},"breadcrumb":{"@id":"https:\/\/ciudadyregion.com.co\/index.php\/la-ungrd-activa-sala-de-crisis-tras-el-cambio-a-alerta-naranja-del-volcan-purace\/nacional\/#breadcrumb"},"inLanguage":"es","potentialAction":[{"@type":"ReadAction","target":["https:\/\/ciudadyregion.com.co\/index.php\/la-ungrd-activa-sala-de-crisis-tras-el-cambio-a-alerta-naranja-del-volcan-purace\/nacional\/"]}]},{"@type":"ImageObject","inLanguage":"es","@id":"https:\/\/ciudadyregion.com.co\/index.php\/la-ungrd-activa-sala-de-crisis-tras-el-cambio-a-alerta-naranja-del-volcan-purace\/nacional\/#primaryimage","url":"https:\/\/i0.wp.com\/ciudadyregion.com.co\/wp-content\/uploads\/2025\/12\/Pag-2025-12-01T072418.494.jpg?fit=800%2C445&ssl=1","contentUrl":"https:\/\/i0.wp.com\/ciudadyregion.com.co\/wp-content\/uploads\/2025\/12\/Pag-2025-12-01T072418.494.jpg?fit=800%2C445&ssl=1","width":800,"height":445},{"@type":"BreadcrumbList","@id":"https:\/\/ciudadyregion.com.co\/index.php\/la-ungrd-activa-sala-de-crisis-tras-el-cambio-a-alerta-naranja-del-volcan-purace\/nacional\/#breadcrumb","itemListElement":[{"@type":"ListItem","position":1,"name":"Portada","item":"https:\/\/ciudadyregion.com.co\/"},{"@type":"ListItem","position":2,"name":"La UNGRD activa sala de crisis tras el cambio a alerta Naranja del volc\u00e1n Purac\u00e9"}]},{"@type":"WebSite","@id":"https:\/\/ciudadyregion.com.co\/#website","url":"https:\/\/ciudadyregion.com.co\/","name":"Ciudad y Region","description":"","potentialAction":[{"@type":"SearchAction","target":{"@type":"EntryPoint","urlTemplate":"https:\/\/ciudadyregion.com.co\/?s={search_term_string}"},"query-input":{"@type":"PropertyValueSpecification","valueRequired":true,"valueName":"search_term_string"}}],"inLanguage":"es"},{"@type":"Person","@id":"https:\/\/ciudadyregion.com.co\/#\/schema\/person\/04a4954373ebc4051f46e8c65ff78622","name":"David Andr\u00e9s Aguirre","image":{"@type":"ImageObject","inLanguage":"es","@id":"https:\/\/ciudadyregion.com.co\/#\/schema\/person\/image\/","url":"https:\/\/secure.gravatar.com\/avatar\/bc3c655860202182ee6d1b5edd042dbe?s=96&d=mm&r=g","contentUrl":"https:\/\/secure.gravatar.com\/avatar\/bc3c655860202182ee6d1b5edd042dbe?s=96&d=mm&r=g","caption":"David Andr\u00e9s Aguirre"},"url":"https:\/\/ciudadyregion.com.co\/index.php\/author\/diegoaguirre\/"}]}},"jetpack_featured_media_url":"https:\/\/i0.wp.com\/ciudadyregion.com.co\/wp-content\/uploads\/2025\/12\/Pag-2025-12-01T072418.494.jpg?fit=800%2C445&ssl=1","jetpack_sharing_enabled":true,"jetpack_shortlink":"https:\/\/wp.me\/pbS7hh-d6f","jetpack-related-posts":[],"_links":{"self":[{"href":"https:\/\/ciudadyregion.com.co\/index.php\/wp-json\/wp\/v2\/posts\/50359"}],"collection":[{"href":"https:\/\/ciudadyregion.com.co\/index.php\/wp-json\/wp\/v2\/posts"}],"about":[{"href":"https:\/\/ciudadyregion.com.co\/index.php\/wp-json\/wp\/v2\/types\/post"}],"author":[{"embeddable":true,"href":"https:\/\/ciudadyregion.com.co\/index.php\/wp-json\/wp\/v2\/users\/2"}],"replies":[{"embeddable":true,"href":"https:\/\/ciudadyregion.com.co\/index.php\/wp-json\/wp\/v2\/comments?post=50359"}],"version-history":[{"count":1,"href":"https:\/\/ciudadyregion.com.co\/index.php\/wp-json\/wp\/v2\/posts\/50359\/revisions"}],"predecessor-version":[{"id":50361,"href":"https:\/\/ciudadyregion.com.co\/index.php\/wp-json\/wp\/v2\/posts\/50359\/revisions\/50361"}],"wp:featuredmedia":[{"embeddable":true,"href":"https:\/\/ciudadyregion.com.co\/index.php\/wp-json\/wp\/v2\/media\/50360"}],"wp:attachment":[{"href":"https:\/\/ciudadyregion.com.co\/index.php\/wp-json\/wp\/v2\/media?parent=50359"}],"wp:term":[{"taxonomy":"category","embeddable":true,"href":"https:\/\/ciudadyregion.com.co\/index.php\/wp-json\/wp\/v2\/categories?post=50359"},{"taxonomy":"post_tag","embeddable":true,"href":"https:\/\/ciudadyregion.com.co\/index.php\/wp-json\/wp\/v2\/tags?post=50359"}],"curies":[{"name":"wp","href":"https:\/\/api.w.org\/{rel}","templated":true}]}}