{"id":50355,"date":"2025-12-01T07:23:14","date_gmt":"2025-12-01T12:23:14","guid":{"rendered":"https:\/\/ciudadyregion.com.co\/?p=50355"},"modified":"2025-12-01T07:23:14","modified_gmt":"2025-12-01T12:23:14","slug":"mintransporte-declara-prioridad-nacional-la-actualizacion-de-aviones-a320-y-exige-a-airbus-acelerar-entrega-de-software","status":"publish","type":"post","link":"https:\/\/ciudadyregion.com.co\/index.php\/mintransporte-declara-prioridad-nacional-la-actualizacion-de-aviones-a320-y-exige-a-airbus-acelerar-entrega-de-software\/transmisiones\/","title":{"rendered":"MinTransporte declara prioridad nacional la actualizaci\u00f3n de aviones A320 y exige a Airbus acelerar entrega de software"},"content":{"rendered":"<p>El Ministerio de Transporte declar\u00f3 como prioridad nacional el proceso de actualizaci\u00f3n de los 130 aviones de la familia A320 que operan en el pa\u00eds y solicit\u00f3 a Airbus agilizar la entrega del software necesario para completar las modificaciones t\u00e9cnicas exigidas a nivel internacional.<\/p>\n<p>Seg\u00fan la entidad, esta actualizaci\u00f3n es fundamental para garantizar est\u00e1ndares avanzados de seguridad operacional y mantener la flota nacional alineada con los requerimientos t\u00e9cnicos fijados por la industria aeron\u00e1utica global.<\/p>\n<p>El Ministerio inform\u00f3 que Airbus ha habilitado \u00fanicamente 24 talleres en todo el mundo para llevar a cabo esta modernizaci\u00f3n. Sin embargo, uno de estos centros se encuentra en Colombia, circunstancia que ha permitido acelerar parte del proceso en el pa\u00eds y disminuir los tiempos de respuesta para las aerol\u00edneas nacionales.<\/p>\n<p>La autoridad sectorial recalc\u00f3 que, pese a los avances locales, la disponibilidad del software sigue siendo un cuello de botella y pidi\u00f3 al fabricante europeo mejorar los plazos de suministro para evitar retrasos que puedan afectar la operaci\u00f3n a\u00e9rea.<\/p>\n<p>Finalmente, el Ministerio reiter\u00f3 que continuar\u00e1 realizando seguimiento permanente al proceso y mantendr\u00e1 comunicaci\u00f3n directa con Airbus, con el fin de garantizar que toda la flota cumpla los requisitos t\u00e9cnicos dentro de los tiempos establecidos.<\/p>\n<p>&nbsp;<\/p>\n<p>&nbsp;<\/p>\n<p><a href=\"https:\/\/i0.wp.com\/ciudadyregion.com.co\/wp-content\/uploads\/2025\/12\/WhatsApp-Image-2025-11-30-at-8.35.37-AM.jpeg?ssl=1\"><img data-recalc-dims=\"1\" loading=\"lazy\" decoding=\"async\" class=\"alignnone wp-image-50356 size-full\" src=\"https:\/\/i0.wp.com\/ciudadyregion.com.co\/wp-content\/uploads\/2025\/12\/WhatsApp-Image-2025-11-30-at-8.35.37-AM.jpeg?resize=695%2C900&#038;ssl=1\" alt=\"\" width=\"695\" height=\"900\" srcset=\"https:\/\/i0.wp.com\/ciudadyregion.com.co\/wp-content\/uploads\/2025\/12\/WhatsApp-Image-2025-11-30-at-8.35.37-AM.jpeg?w=695&amp;ssl=1 695w, https:\/\/i0.wp.com\/ciudadyregion.com.co\/wp-content\/uploads\/2025\/12\/WhatsApp-Image-2025-11-30-at-8.35.37-AM.jpeg?resize=232%2C300&amp;ssl=1 232w, https:\/\/i0.wp.com\/ciudadyregion.com.co\/wp-content\/uploads\/2025\/12\/WhatsApp-Image-2025-11-30-at-8.35.37-AM.jpeg?resize=425%2C550&amp;ssl=1 425w, https:\/\/i0.wp.com\/ciudadyregion.com.co\/wp-content\/uploads\/2025\/12\/WhatsApp-Image-2025-11-30-at-8.35.37-AM.jpeg?resize=386%2C500&amp;ssl=1 386w\" sizes=\"(max-width: 695px) 100vw, 695px\" \/><\/a><\/p>\n","protected":false},"excerpt":{"rendered":"<p>El Ministerio de Transporte declar\u00f3 como prioridad nacional el proceso de actualizaci\u00f3n de los 130 aviones de la familia A320 que operan en el pa\u00eds y solicit\u00f3 a Airbus agilizar la entrega del software necesario para completar las modificaciones t\u00e9cnicas exigidas a nivel internacional. Seg\u00fan la entidad, esta actualizaci\u00f3n es<span class=\"more-link\"><a href=\"https:\/\/ciudadyregion.com.co\/index.php\/mintransporte-declara-prioridad-nacional-la-actualizacion-de-aviones-a320-y-exige-a-airbus-acelerar-entrega-de-software\/transmisiones\/\">Continuar Leyendo<\/a><\/span><\/p>\n","protected":false},"author":2,"featured_media":50357,"comment_status":"open","ping_status":"open","sticky":false,"template":"","format":"standard","meta":{"_uf_show_specific_survey":0,"_uf_disable_surveys":false,"_jetpack_memberships_contains_paid_content":false,"footnotes":"","jetpack_publicize_message":"","jetpack_publicize_feature_enabled":true,"jetpack_social_post_already_shared":true,"jetpack_social_options":{"image_generator_settings":{"template":"highway","enabled":false},"version":2}},"categories":[24],"tags":[],"class_list":["entry","author-diegoaguirre","post-50355","post","type-post","status-publish","format-standard","has-post-thumbnail","category-transmisiones"],"jetpack_publicize_connections":[],"yoast_head":"<!-- This site is optimized with the Yoast SEO plugin v24.3 - https:\/\/yoast.com\/wordpress\/plugins\/seo\/ -->\n<title>MinTransporte declara prioridad nacional la actualizaci\u00f3n de aviones A320 y exige a Airbus acelerar entrega de software - Ciudad y Region<\/title>\n<meta name=\"robots\" content=\"index, follow, max-snippet:-1, max-image-preview:large, max-video-preview:-1\" \/>\n<link rel=\"canonical\" href=\"https:\/\/ciudadyregion.com.co\/index.php\/mintransporte-declara-prioridad-nacional-la-actualizacion-de-aviones-a320-y-exige-a-airbus-acelerar-entrega-de-software\/transmisiones\/\" \/>\n<meta property=\"og:locale\" content=\"es_ES\" \/>\n<meta property=\"og:type\" content=\"article\" \/>\n<meta property=\"og:title\" content=\"MinTransporte declara prioridad nacional la actualizaci\u00f3n de aviones A320 y exige a Airbus acelerar entrega de software - Ciudad y Region\" \/>\n<meta property=\"og:description\" content=\"El Ministerio de Transporte declar\u00f3 como prioridad nacional el proceso de actualizaci\u00f3n de los 130 aviones de la familia A320 que operan en el pa\u00eds y solicit\u00f3 a Airbus agilizar la entrega del software necesario para completar las modificaciones t\u00e9cnicas exigidas a nivel internacional. Seg\u00fan la entidad, esta actualizaci\u00f3n esContinuar Leyendo\" \/>\n<meta property=\"og:url\" content=\"https:\/\/ciudadyregion.com.co\/index.php\/mintransporte-declara-prioridad-nacional-la-actualizacion-de-aviones-a320-y-exige-a-airbus-acelerar-entrega-de-software\/transmisiones\/\" \/>\n<meta property=\"og:site_name\" content=\"Ciudad y Region\" \/>\n<meta property=\"article:published_time\" content=\"2025-12-01T12:23:14+00:00\" \/>\n<meta property=\"og:image\" content=\"https:\/\/ciudadyregion.com.co\/wp-content\/uploads\/2025\/12\/mintransporte.jpg\" \/>\n\t<meta property=\"og:image:width\" content=\"673\" \/>\n\t<meta property=\"og:image:height\" content=\"374\" \/>\n\t<meta property=\"og:image:type\" content=\"image\/jpeg\" \/>\n<meta name=\"author\" content=\"David Andr\u00e9s Aguirre\" \/>\n<meta name=\"twitter:card\" content=\"summary_large_image\" \/>\n<meta name=\"twitter:label1\" content=\"Escrito por\" \/>\n\t<meta name=\"twitter:data1\" content=\"David Andr\u00e9s Aguirre\" \/>\n\t<meta name=\"twitter:label2\" content=\"Tiempo de lectura\" \/>\n\t<meta name=\"twitter:data2\" content=\"2 minutos\" \/>\n<script type=\"application\/ld+json\" class=\"yoast-schema-graph\">{\"@context\":\"https:\/\/schema.org\",\"@graph\":[{\"@type\":\"WebPage\",\"@id\":\"https:\/\/ciudadyregion.com.co\/index.php\/mintransporte-declara-prioridad-nacional-la-actualizacion-de-aviones-a320-y-exige-a-airbus-acelerar-entrega-de-software\/transmisiones\/\",\"url\":\"https:\/\/ciudadyregion.com.co\/index.php\/mintransporte-declara-prioridad-nacional-la-actualizacion-de-aviones-a320-y-exige-a-airbus-acelerar-entrega-de-software\/transmisiones\/\",\"name\":\"MinTransporte declara prioridad nacional la actualizaci\u00f3n de aviones A320 y exige a Airbus acelerar entrega de software - Ciudad y Region\",\"isPartOf\":{\"@id\":\"https:\/\/ciudadyregion.com.co\/#website\"},\"primaryImageOfPage\":{\"@id\":\"https:\/\/ciudadyregion.com.co\/index.php\/mintransporte-declara-prioridad-nacional-la-actualizacion-de-aviones-a320-y-exige-a-airbus-acelerar-entrega-de-software\/transmisiones\/#primaryimage\"},\"image\":{\"@id\":\"https:\/\/ciudadyregion.com.co\/index.php\/mintransporte-declara-prioridad-nacional-la-actualizacion-de-aviones-a320-y-exige-a-airbus-acelerar-entrega-de-software\/transmisiones\/#primaryimage\"},\"thumbnailUrl\":\"https:\/\/i0.wp.com\/ciudadyregion.com.co\/wp-content\/uploads\/2025\/12\/mintransporte.jpg?fit=673%2C374&ssl=1\",\"datePublished\":\"2025-12-01T12:23:14+00:00\",\"dateModified\":\"2025-12-01T12:23:14+00:00\",\"author\":{\"@id\":\"https:\/\/ciudadyregion.com.co\/#\/schema\/person\/04a4954373ebc4051f46e8c65ff78622\"},\"breadcrumb\":{\"@id\":\"https:\/\/ciudadyregion.com.co\/index.php\/mintransporte-declara-prioridad-nacional-la-actualizacion-de-aviones-a320-y-exige-a-airbus-acelerar-entrega-de-software\/transmisiones\/#breadcrumb\"},\"inLanguage\":\"es\",\"potentialAction\":[{\"@type\":\"ReadAction\",\"target\":[\"https:\/\/ciudadyregion.com.co\/index.php\/mintransporte-declara-prioridad-nacional-la-actualizacion-de-aviones-a320-y-exige-a-airbus-acelerar-entrega-de-software\/transmisiones\/\"]}]},{\"@type\":\"ImageObject\",\"inLanguage\":\"es\",\"@id\":\"https:\/\/ciudadyregion.com.co\/index.php\/mintransporte-declara-prioridad-nacional-la-actualizacion-de-aviones-a320-y-exige-a-airbus-acelerar-entrega-de-software\/transmisiones\/#primaryimage\",\"url\":\"https:\/\/i0.wp.com\/ciudadyregion.com.co\/wp-content\/uploads\/2025\/12\/mintransporte.jpg?fit=673%2C374&ssl=1\",\"contentUrl\":\"https:\/\/i0.wp.com\/ciudadyregion.com.co\/wp-content\/uploads\/2025\/12\/mintransporte.jpg?fit=673%2C374&ssl=1\",\"width\":673,\"height\":374},{\"@type\":\"BreadcrumbList\",\"@id\":\"https:\/\/ciudadyregion.com.co\/index.php\/mintransporte-declara-prioridad-nacional-la-actualizacion-de-aviones-a320-y-exige-a-airbus-acelerar-entrega-de-software\/transmisiones\/#breadcrumb\",\"itemListElement\":[{\"@type\":\"ListItem\",\"position\":1,\"name\":\"Portada\",\"item\":\"https:\/\/ciudadyregion.com.co\/\"},{\"@type\":\"ListItem\",\"position\":2,\"name\":\"MinTransporte declara prioridad nacional la actualizaci\u00f3n de aviones A320 y exige a Airbus acelerar entrega de software\"}]},{\"@type\":\"WebSite\",\"@id\":\"https:\/\/ciudadyregion.com.co\/#website\",\"url\":\"https:\/\/ciudadyregion.com.co\/\",\"name\":\"Ciudad y Region\",\"description\":\"\",\"potentialAction\":[{\"@type\":\"SearchAction\",\"target\":{\"@type\":\"EntryPoint\",\"urlTemplate\":\"https:\/\/ciudadyregion.com.co\/?s={search_term_string}\"},\"query-input\":{\"@type\":\"PropertyValueSpecification\",\"valueRequired\":true,\"valueName\":\"search_term_string\"}}],\"inLanguage\":\"es\"},{\"@type\":\"Person\",\"@id\":\"https:\/\/ciudadyregion.com.co\/#\/schema\/person\/04a4954373ebc4051f46e8c65ff78622\",\"name\":\"David Andr\u00e9s Aguirre\",\"image\":{\"@type\":\"ImageObject\",\"inLanguage\":\"es\",\"@id\":\"https:\/\/ciudadyregion.com.co\/#\/schema\/person\/image\/\",\"url\":\"https:\/\/secure.gravatar.com\/avatar\/bc3c655860202182ee6d1b5edd042dbe?s=96&d=mm&r=g\",\"contentUrl\":\"https:\/\/secure.gravatar.com\/avatar\/bc3c655860202182ee6d1b5edd042dbe?s=96&d=mm&r=g\",\"caption\":\"David Andr\u00e9s Aguirre\"},\"url\":\"https:\/\/ciudadyregion.com.co\/index.php\/author\/diegoaguirre\/\"}]}<\/script>\n<!-- \/ Yoast SEO plugin. -->","yoast_head_json":{"title":"MinTransporte declara prioridad nacional la actualizaci\u00f3n de aviones A320 y exige a Airbus acelerar entrega de software - Ciudad y Region","robots":{"index":"index","follow":"follow","max-snippet":"max-snippet:-1","max-image-preview":"max-image-preview:large","max-video-preview":"max-video-preview:-1"},"canonical":"https:\/\/ciudadyregion.com.co\/index.php\/mintransporte-declara-prioridad-nacional-la-actualizacion-de-aviones-a320-y-exige-a-airbus-acelerar-entrega-de-software\/transmisiones\/","og_locale":"es_ES","og_type":"article","og_title":"MinTransporte declara prioridad nacional la actualizaci\u00f3n de aviones A320 y exige a Airbus acelerar entrega de software - Ciudad y Region","og_description":"El Ministerio de Transporte declar\u00f3 como prioridad nacional el proceso de actualizaci\u00f3n de los 130 aviones de la familia A320 que operan en el pa\u00eds y solicit\u00f3 a Airbus agilizar la entrega del software necesario para completar las modificaciones t\u00e9cnicas exigidas a nivel internacional. Seg\u00fan la entidad, esta actualizaci\u00f3n esContinuar Leyendo","og_url":"https:\/\/ciudadyregion.com.co\/index.php\/mintransporte-declara-prioridad-nacional-la-actualizacion-de-aviones-a320-y-exige-a-airbus-acelerar-entrega-de-software\/transmisiones\/","og_site_name":"Ciudad y Region","article_published_time":"2025-12-01T12:23:14+00:00","og_image":[{"width":673,"height":374,"url":"https:\/\/ciudadyregion.com.co\/wp-content\/uploads\/2025\/12\/mintransporte.jpg","type":"image\/jpeg"}],"author":"David Andr\u00e9s Aguirre","twitter_card":"summary_large_image","twitter_misc":{"Escrito por":"David Andr\u00e9s Aguirre","Tiempo de lectura":"2 minutos"},"schema":{"@context":"https:\/\/schema.org","@graph":[{"@type":"WebPage","@id":"https:\/\/ciudadyregion.com.co\/index.php\/mintransporte-declara-prioridad-nacional-la-actualizacion-de-aviones-a320-y-exige-a-airbus-acelerar-entrega-de-software\/transmisiones\/","url":"https:\/\/ciudadyregion.com.co\/index.php\/mintransporte-declara-prioridad-nacional-la-actualizacion-de-aviones-a320-y-exige-a-airbus-acelerar-entrega-de-software\/transmisiones\/","name":"MinTransporte declara prioridad nacional la actualizaci\u00f3n de aviones A320 y exige a Airbus acelerar entrega de software - Ciudad y Region","isPartOf":{"@id":"https:\/\/ciudadyregion.com.co\/#website"},"primaryImageOfPage":{"@id":"https:\/\/ciudadyregion.com.co\/index.php\/mintransporte-declara-prioridad-nacional-la-actualizacion-de-aviones-a320-y-exige-a-airbus-acelerar-entrega-de-software\/transmisiones\/#primaryimage"},"image":{"@id":"https:\/\/ciudadyregion.com.co\/index.php\/mintransporte-declara-prioridad-nacional-la-actualizacion-de-aviones-a320-y-exige-a-airbus-acelerar-entrega-de-software\/transmisiones\/#primaryimage"},"thumbnailUrl":"https:\/\/i0.wp.com\/ciudadyregion.com.co\/wp-content\/uploads\/2025\/12\/mintransporte.jpg?fit=673%2C374&ssl=1","datePublished":"2025-12-01T12:23:14+00:00","dateModified":"2025-12-01T12:23:14+00:00","author":{"@id":"https:\/\/ciudadyregion.com.co\/#\/schema\/person\/04a4954373ebc4051f46e8c65ff78622"},"breadcrumb":{"@id":"https:\/\/ciudadyregion.com.co\/index.php\/mintransporte-declara-prioridad-nacional-la-actualizacion-de-aviones-a320-y-exige-a-airbus-acelerar-entrega-de-software\/transmisiones\/#breadcrumb"},"inLanguage":"es","potentialAction":[{"@type":"ReadAction","target":["https:\/\/ciudadyregion.com.co\/index.php\/mintransporte-declara-prioridad-nacional-la-actualizacion-de-aviones-a320-y-exige-a-airbus-acelerar-entrega-de-software\/transmisiones\/"]}]},{"@type":"ImageObject","inLanguage":"es","@id":"https:\/\/ciudadyregion.com.co\/index.php\/mintransporte-declara-prioridad-nacional-la-actualizacion-de-aviones-a320-y-exige-a-airbus-acelerar-entrega-de-software\/transmisiones\/#primaryimage","url":"https:\/\/i0.wp.com\/ciudadyregion.com.co\/wp-content\/uploads\/2025\/12\/mintransporte.jpg?fit=673%2C374&ssl=1","contentUrl":"https:\/\/i0.wp.com\/ciudadyregion.com.co\/wp-content\/uploads\/2025\/12\/mintransporte.jpg?fit=673%2C374&ssl=1","width":673,"height":374},{"@type":"BreadcrumbList","@id":"https:\/\/ciudadyregion.com.co\/index.php\/mintransporte-declara-prioridad-nacional-la-actualizacion-de-aviones-a320-y-exige-a-airbus-acelerar-entrega-de-software\/transmisiones\/#breadcrumb","itemListElement":[{"@type":"ListItem","position":1,"name":"Portada","item":"https:\/\/ciudadyregion.com.co\/"},{"@type":"ListItem","position":2,"name":"MinTransporte declara prioridad nacional la actualizaci\u00f3n de aviones A320 y exige a Airbus acelerar entrega de software"}]},{"@type":"WebSite","@id":"https:\/\/ciudadyregion.com.co\/#website","url":"https:\/\/ciudadyregion.com.co\/","name":"Ciudad y Region","description":"","potentialAction":[{"@type":"SearchAction","target":{"@type":"EntryPoint","urlTemplate":"https:\/\/ciudadyregion.com.co\/?s={search_term_string}"},"query-input":{"@type":"PropertyValueSpecification","valueRequired":true,"valueName":"search_term_string"}}],"inLanguage":"es"},{"@type":"Person","@id":"https:\/\/ciudadyregion.com.co\/#\/schema\/person\/04a4954373ebc4051f46e8c65ff78622","name":"David Andr\u00e9s Aguirre","image":{"@type":"ImageObject","inLanguage":"es","@id":"https:\/\/ciudadyregion.com.co\/#\/schema\/person\/image\/","url":"https:\/\/secure.gravatar.com\/avatar\/bc3c655860202182ee6d1b5edd042dbe?s=96&d=mm&r=g","contentUrl":"https:\/\/secure.gravatar.com\/avatar\/bc3c655860202182ee6d1b5edd042dbe?s=96&d=mm&r=g","caption":"David Andr\u00e9s Aguirre"},"url":"https:\/\/ciudadyregion.com.co\/index.php\/author\/diegoaguirre\/"}]}},"jetpack_featured_media_url":"https:\/\/i0.wp.com\/ciudadyregion.com.co\/wp-content\/uploads\/2025\/12\/mintransporte.jpg?fit=673%2C374&ssl=1","jetpack_sharing_enabled":true,"jetpack_shortlink":"https:\/\/wp.me\/pbS7hh-d6b","jetpack-related-posts":[],"_links":{"self":[{"href":"https:\/\/ciudadyregion.com.co\/index.php\/wp-json\/wp\/v2\/posts\/50355"}],"collection":[{"href":"https:\/\/ciudadyregion.com.co\/index.php\/wp-json\/wp\/v2\/posts"}],"about":[{"href":"https:\/\/ciudadyregion.com.co\/index.php\/wp-json\/wp\/v2\/types\/post"}],"author":[{"embeddable":true,"href":"https:\/\/ciudadyregion.com.co\/index.php\/wp-json\/wp\/v2\/users\/2"}],"replies":[{"embeddable":true,"href":"https:\/\/ciudadyregion.com.co\/index.php\/wp-json\/wp\/v2\/comments?post=50355"}],"version-history":[{"count":1,"href":"https:\/\/ciudadyregion.com.co\/index.php\/wp-json\/wp\/v2\/posts\/50355\/revisions"}],"predecessor-version":[{"id":50358,"href":"https:\/\/ciudadyregion.com.co\/index.php\/wp-json\/wp\/v2\/posts\/50355\/revisions\/50358"}],"wp:featuredmedia":[{"embeddable":true,"href":"https:\/\/ciudadyregion.com.co\/index.php\/wp-json\/wp\/v2\/media\/50357"}],"wp:attachment":[{"href":"https:\/\/ciudadyregion.com.co\/index.php\/wp-json\/wp\/v2\/media?parent=50355"}],"wp:term":[{"taxonomy":"category","embeddable":true,"href":"https:\/\/ciudadyregion.com.co\/index.php\/wp-json\/wp\/v2\/categories?post=50355"},{"taxonomy":"post_tag","embeddable":true,"href":"https:\/\/ciudadyregion.com.co\/index.php\/wp-json\/wp\/v2\/tags?post=50355"}],"curies":[{"name":"wp","href":"https:\/\/api.w.org\/{rel}","templated":true}]}}