{"id":50141,"date":"2025-11-26T08:12:26","date_gmt":"2025-11-26T13:12:26","guid":{"rendered":"https:\/\/ciudadyregion.com.co\/?p=50141"},"modified":"2025-11-26T08:12:26","modified_gmt":"2025-11-26T13:12:26","slug":"petro-solicita-al-consejo-de-estado-revocar-fallo-sobre-alocuciones-presidenciales","status":"publish","type":"post","link":"https:\/\/ciudadyregion.com.co\/index.php\/petro-solicita-al-consejo-de-estado-revocar-fallo-sobre-alocuciones-presidenciales\/politica\/","title":{"rendered":"Petro solicita al Consejo de Estado revocar fallo sobre alocuciones presidenciales"},"content":{"rendered":"<blockquote><p><em><strong>Por Laura Cristina Barbosa Cifuentes<\/strong><\/em><\/p><\/blockquote>\n<p>El presidente Gustavo Petro, a trav\u00e9s de su abogado Alejandro Carranza, present\u00f3 ante el Consejo de Estado una solicitud para revocar la sentencia que lo responsabiliz\u00f3 por un supuesto \u201cuso desmedido\u201d de sus alocuciones presidenciales.<\/p>\n<p>El fallo ordenaba a la Comisi\u00f3n de Regulaci\u00f3n de Comunicaciones (CRC) ejercer un control previo y en tiempo real sobre los mensajes del mandatario. Sin embargo, el equipo jur\u00eddico de Petro sostiene que esta medida contradice la jurisprudencia interamericana, que protege la libertad de expresi\u00f3n y el derecho de los presidentes a comunicarse directamente con la ciudadan\u00eda.<\/p>\n<p>De acuerdo con los voceros del presidente, la solicitud de revocatoria busca garantizar que sus intervenciones se realicen dentro del marco legal, sin la imposici\u00f3n de vigilancia anticipada que limite su ejercicio de funciones.<\/p>\n<p>&nbsp;<\/p>\n<p>&nbsp;<\/p>\n<p><a href=\"https:\/\/i0.wp.com\/ciudadyregion.com.co\/wp-content\/uploads\/2025\/11\/WhatsApp-Image-2025-11-25-at-7.24.35-AM.jpeg?ssl=1\"><img data-recalc-dims=\"1\" loading=\"lazy\" decoding=\"async\" class=\"alignnone wp-image-50142 size-full\" src=\"https:\/\/i0.wp.com\/ciudadyregion.com.co\/wp-content\/uploads\/2025\/11\/WhatsApp-Image-2025-11-25-at-7.24.35-AM.jpeg?resize=1015%2C1597&#038;ssl=1\" alt=\"\" width=\"1015\" height=\"1597\" srcset=\"https:\/\/i0.wp.com\/ciudadyregion.com.co\/wp-content\/uploads\/2025\/11\/WhatsApp-Image-2025-11-25-at-7.24.35-AM.jpeg?w=1015&amp;ssl=1 1015w, https:\/\/i0.wp.com\/ciudadyregion.com.co\/wp-content\/uploads\/2025\/11\/WhatsApp-Image-2025-11-25-at-7.24.35-AM.jpeg?resize=191%2C300&amp;ssl=1 191w, https:\/\/i0.wp.com\/ciudadyregion.com.co\/wp-content\/uploads\/2025\/11\/WhatsApp-Image-2025-11-25-at-7.24.35-AM.jpeg?resize=651%2C1024&amp;ssl=1 651w, https:\/\/i0.wp.com\/ciudadyregion.com.co\/wp-content\/uploads\/2025\/11\/WhatsApp-Image-2025-11-25-at-7.24.35-AM.jpeg?resize=768%2C1208&amp;ssl=1 768w, https:\/\/i0.wp.com\/ciudadyregion.com.co\/wp-content\/uploads\/2025\/11\/WhatsApp-Image-2025-11-25-at-7.24.35-AM.jpeg?resize=976%2C1536&amp;ssl=1 976w, https:\/\/i0.wp.com\/ciudadyregion.com.co\/wp-content\/uploads\/2025\/11\/WhatsApp-Image-2025-11-25-at-7.24.35-AM.jpeg?resize=350%2C550&amp;ssl=1 350w, https:\/\/i0.wp.com\/ciudadyregion.com.co\/wp-content\/uploads\/2025\/11\/WhatsApp-Image-2025-11-25-at-7.24.35-AM.jpeg?resize=318%2C500&amp;ssl=1 318w\" sizes=\"(max-width: 1015px) 100vw, 1015px\" \/><\/a><\/p>\n","protected":false},"excerpt":{"rendered":"<p>Por Laura Cristina Barbosa Cifuentes El presidente Gustavo Petro, a trav\u00e9s de su abogado Alejandro Carranza, present\u00f3 ante el Consejo de Estado una solicitud para revocar la sentencia que lo responsabiliz\u00f3 por un supuesto \u201cuso desmedido\u201d de sus alocuciones presidenciales. El fallo ordenaba a la Comisi\u00f3n de Regulaci\u00f3n de Comunicaciones<span class=\"more-link\"><a href=\"https:\/\/ciudadyregion.com.co\/index.php\/petro-solicita-al-consejo-de-estado-revocar-fallo-sobre-alocuciones-presidenciales\/politica\/\">Continuar Leyendo<\/a><\/span><\/p>\n","protected":false},"author":2,"featured_media":50143,"comment_status":"open","ping_status":"open","sticky":false,"template":"","format":"standard","meta":{"_uf_show_specific_survey":0,"_uf_disable_surveys":false,"_jetpack_memberships_contains_paid_content":false,"footnotes":"","jetpack_publicize_message":"","jetpack_publicize_feature_enabled":true,"jetpack_social_post_already_shared":true,"jetpack_social_options":{"image_generator_settings":{"template":"highway","enabled":false},"version":2}},"categories":[17],"tags":[],"class_list":["entry","author-diegoaguirre","post-50141","post","type-post","status-publish","format-standard","has-post-thumbnail","category-politica"],"jetpack_publicize_connections":[],"yoast_head":"<!-- This site is optimized with the Yoast SEO plugin v24.3 - https:\/\/yoast.com\/wordpress\/plugins\/seo\/ -->\n<title>Petro solicita al Consejo de Estado revocar fallo sobre alocuciones presidenciales - Ciudad y Region<\/title>\n<meta name=\"robots\" content=\"index, follow, max-snippet:-1, max-image-preview:large, max-video-preview:-1\" \/>\n<link rel=\"canonical\" href=\"https:\/\/ciudadyregion.com.co\/index.php\/petro-solicita-al-consejo-de-estado-revocar-fallo-sobre-alocuciones-presidenciales\/politica\/\" \/>\n<meta property=\"og:locale\" content=\"es_ES\" \/>\n<meta property=\"og:type\" content=\"article\" \/>\n<meta property=\"og:title\" content=\"Petro solicita al Consejo de Estado revocar fallo sobre alocuciones presidenciales - Ciudad y Region\" \/>\n<meta property=\"og:description\" content=\"Por Laura Cristina Barbosa Cifuentes El presidente Gustavo Petro, a trav\u00e9s de su abogado Alejandro Carranza, present\u00f3 ante el Consejo de Estado una solicitud para revocar la sentencia que lo responsabiliz\u00f3 por un supuesto \u201cuso desmedido\u201d de sus alocuciones presidenciales. El fallo ordenaba a la Comisi\u00f3n de Regulaci\u00f3n de ComunicacionesContinuar Leyendo\" \/>\n<meta property=\"og:url\" content=\"https:\/\/ciudadyregion.com.co\/index.php\/petro-solicita-al-consejo-de-estado-revocar-fallo-sobre-alocuciones-presidenciales\/politica\/\" \/>\n<meta property=\"og:site_name\" content=\"Ciudad y Region\" \/>\n<meta property=\"article:published_time\" content=\"2025-11-26T13:12:26+00:00\" \/>\n<meta property=\"og:image\" content=\"https:\/\/ciudadyregion.com.co\/wp-content\/uploads\/2025\/11\/Pag-2025-11-26T081142.175.jpg\" \/>\n\t<meta property=\"og:image:width\" content=\"800\" \/>\n\t<meta property=\"og:image:height\" content=\"445\" \/>\n\t<meta property=\"og:image:type\" content=\"image\/jpeg\" \/>\n<meta name=\"author\" content=\"David Andr\u00e9s Aguirre\" \/>\n<meta name=\"twitter:card\" content=\"summary_large_image\" \/>\n<meta name=\"twitter:label1\" content=\"Escrito por\" \/>\n\t<meta name=\"twitter:data1\" content=\"David Andr\u00e9s Aguirre\" \/>\n\t<meta name=\"twitter:label2\" content=\"Tiempo de lectura\" \/>\n\t<meta name=\"twitter:data2\" content=\"1 minuto\" \/>\n<script type=\"application\/ld+json\" class=\"yoast-schema-graph\">{\"@context\":\"https:\/\/schema.org\",\"@graph\":[{\"@type\":\"WebPage\",\"@id\":\"https:\/\/ciudadyregion.com.co\/index.php\/petro-solicita-al-consejo-de-estado-revocar-fallo-sobre-alocuciones-presidenciales\/politica\/\",\"url\":\"https:\/\/ciudadyregion.com.co\/index.php\/petro-solicita-al-consejo-de-estado-revocar-fallo-sobre-alocuciones-presidenciales\/politica\/\",\"name\":\"Petro solicita al Consejo de Estado revocar fallo sobre alocuciones presidenciales - Ciudad y Region\",\"isPartOf\":{\"@id\":\"https:\/\/ciudadyregion.com.co\/#website\"},\"primaryImageOfPage\":{\"@id\":\"https:\/\/ciudadyregion.com.co\/index.php\/petro-solicita-al-consejo-de-estado-revocar-fallo-sobre-alocuciones-presidenciales\/politica\/#primaryimage\"},\"image\":{\"@id\":\"https:\/\/ciudadyregion.com.co\/index.php\/petro-solicita-al-consejo-de-estado-revocar-fallo-sobre-alocuciones-presidenciales\/politica\/#primaryimage\"},\"thumbnailUrl\":\"https:\/\/i0.wp.com\/ciudadyregion.com.co\/wp-content\/uploads\/2025\/11\/Pag-2025-11-26T081142.175.jpg?fit=800%2C445&ssl=1\",\"datePublished\":\"2025-11-26T13:12:26+00:00\",\"dateModified\":\"2025-11-26T13:12:26+00:00\",\"author\":{\"@id\":\"https:\/\/ciudadyregion.com.co\/#\/schema\/person\/04a4954373ebc4051f46e8c65ff78622\"},\"breadcrumb\":{\"@id\":\"https:\/\/ciudadyregion.com.co\/index.php\/petro-solicita-al-consejo-de-estado-revocar-fallo-sobre-alocuciones-presidenciales\/politica\/#breadcrumb\"},\"inLanguage\":\"es\",\"potentialAction\":[{\"@type\":\"ReadAction\",\"target\":[\"https:\/\/ciudadyregion.com.co\/index.php\/petro-solicita-al-consejo-de-estado-revocar-fallo-sobre-alocuciones-presidenciales\/politica\/\"]}]},{\"@type\":\"ImageObject\",\"inLanguage\":\"es\",\"@id\":\"https:\/\/ciudadyregion.com.co\/index.php\/petro-solicita-al-consejo-de-estado-revocar-fallo-sobre-alocuciones-presidenciales\/politica\/#primaryimage\",\"url\":\"https:\/\/i0.wp.com\/ciudadyregion.com.co\/wp-content\/uploads\/2025\/11\/Pag-2025-11-26T081142.175.jpg?fit=800%2C445&ssl=1\",\"contentUrl\":\"https:\/\/i0.wp.com\/ciudadyregion.com.co\/wp-content\/uploads\/2025\/11\/Pag-2025-11-26T081142.175.jpg?fit=800%2C445&ssl=1\",\"width\":800,\"height\":445},{\"@type\":\"BreadcrumbList\",\"@id\":\"https:\/\/ciudadyregion.com.co\/index.php\/petro-solicita-al-consejo-de-estado-revocar-fallo-sobre-alocuciones-presidenciales\/politica\/#breadcrumb\",\"itemListElement\":[{\"@type\":\"ListItem\",\"position\":1,\"name\":\"Portada\",\"item\":\"https:\/\/ciudadyregion.com.co\/\"},{\"@type\":\"ListItem\",\"position\":2,\"name\":\"Petro solicita al Consejo de Estado revocar fallo sobre alocuciones presidenciales\"}]},{\"@type\":\"WebSite\",\"@id\":\"https:\/\/ciudadyregion.com.co\/#website\",\"url\":\"https:\/\/ciudadyregion.com.co\/\",\"name\":\"Ciudad y Region\",\"description\":\"\",\"potentialAction\":[{\"@type\":\"SearchAction\",\"target\":{\"@type\":\"EntryPoint\",\"urlTemplate\":\"https:\/\/ciudadyregion.com.co\/?s={search_term_string}\"},\"query-input\":{\"@type\":\"PropertyValueSpecification\",\"valueRequired\":true,\"valueName\":\"search_term_string\"}}],\"inLanguage\":\"es\"},{\"@type\":\"Person\",\"@id\":\"https:\/\/ciudadyregion.com.co\/#\/schema\/person\/04a4954373ebc4051f46e8c65ff78622\",\"name\":\"David Andr\u00e9s Aguirre\",\"image\":{\"@type\":\"ImageObject\",\"inLanguage\":\"es\",\"@id\":\"https:\/\/ciudadyregion.com.co\/#\/schema\/person\/image\/\",\"url\":\"https:\/\/secure.gravatar.com\/avatar\/bc3c655860202182ee6d1b5edd042dbe?s=96&d=mm&r=g\",\"contentUrl\":\"https:\/\/secure.gravatar.com\/avatar\/bc3c655860202182ee6d1b5edd042dbe?s=96&d=mm&r=g\",\"caption\":\"David Andr\u00e9s Aguirre\"},\"url\":\"https:\/\/ciudadyregion.com.co\/index.php\/author\/diegoaguirre\/\"}]}<\/script>\n<!-- \/ Yoast SEO plugin. -->","yoast_head_json":{"title":"Petro solicita al Consejo de Estado revocar fallo sobre alocuciones presidenciales - Ciudad y Region","robots":{"index":"index","follow":"follow","max-snippet":"max-snippet:-1","max-image-preview":"max-image-preview:large","max-video-preview":"max-video-preview:-1"},"canonical":"https:\/\/ciudadyregion.com.co\/index.php\/petro-solicita-al-consejo-de-estado-revocar-fallo-sobre-alocuciones-presidenciales\/politica\/","og_locale":"es_ES","og_type":"article","og_title":"Petro solicita al Consejo de Estado revocar fallo sobre alocuciones presidenciales - Ciudad y Region","og_description":"Por Laura Cristina Barbosa Cifuentes El presidente Gustavo Petro, a trav\u00e9s de su abogado Alejandro Carranza, present\u00f3 ante el Consejo de Estado una solicitud para revocar la sentencia que lo responsabiliz\u00f3 por un supuesto \u201cuso desmedido\u201d de sus alocuciones presidenciales. El fallo ordenaba a la Comisi\u00f3n de Regulaci\u00f3n de ComunicacionesContinuar Leyendo","og_url":"https:\/\/ciudadyregion.com.co\/index.php\/petro-solicita-al-consejo-de-estado-revocar-fallo-sobre-alocuciones-presidenciales\/politica\/","og_site_name":"Ciudad y Region","article_published_time":"2025-11-26T13:12:26+00:00","og_image":[{"width":800,"height":445,"url":"https:\/\/ciudadyregion.com.co\/wp-content\/uploads\/2025\/11\/Pag-2025-11-26T081142.175.jpg","type":"image\/jpeg"}],"author":"David Andr\u00e9s Aguirre","twitter_card":"summary_large_image","twitter_misc":{"Escrito por":"David Andr\u00e9s Aguirre","Tiempo de lectura":"1 minuto"},"schema":{"@context":"https:\/\/schema.org","@graph":[{"@type":"WebPage","@id":"https:\/\/ciudadyregion.com.co\/index.php\/petro-solicita-al-consejo-de-estado-revocar-fallo-sobre-alocuciones-presidenciales\/politica\/","url":"https:\/\/ciudadyregion.com.co\/index.php\/petro-solicita-al-consejo-de-estado-revocar-fallo-sobre-alocuciones-presidenciales\/politica\/","name":"Petro solicita al Consejo de Estado revocar fallo sobre alocuciones presidenciales - Ciudad y Region","isPartOf":{"@id":"https:\/\/ciudadyregion.com.co\/#website"},"primaryImageOfPage":{"@id":"https:\/\/ciudadyregion.com.co\/index.php\/petro-solicita-al-consejo-de-estado-revocar-fallo-sobre-alocuciones-presidenciales\/politica\/#primaryimage"},"image":{"@id":"https:\/\/ciudadyregion.com.co\/index.php\/petro-solicita-al-consejo-de-estado-revocar-fallo-sobre-alocuciones-presidenciales\/politica\/#primaryimage"},"thumbnailUrl":"https:\/\/i0.wp.com\/ciudadyregion.com.co\/wp-content\/uploads\/2025\/11\/Pag-2025-11-26T081142.175.jpg?fit=800%2C445&ssl=1","datePublished":"2025-11-26T13:12:26+00:00","dateModified":"2025-11-26T13:12:26+00:00","author":{"@id":"https:\/\/ciudadyregion.com.co\/#\/schema\/person\/04a4954373ebc4051f46e8c65ff78622"},"breadcrumb":{"@id":"https:\/\/ciudadyregion.com.co\/index.php\/petro-solicita-al-consejo-de-estado-revocar-fallo-sobre-alocuciones-presidenciales\/politica\/#breadcrumb"},"inLanguage":"es","potentialAction":[{"@type":"ReadAction","target":["https:\/\/ciudadyregion.com.co\/index.php\/petro-solicita-al-consejo-de-estado-revocar-fallo-sobre-alocuciones-presidenciales\/politica\/"]}]},{"@type":"ImageObject","inLanguage":"es","@id":"https:\/\/ciudadyregion.com.co\/index.php\/petro-solicita-al-consejo-de-estado-revocar-fallo-sobre-alocuciones-presidenciales\/politica\/#primaryimage","url":"https:\/\/i0.wp.com\/ciudadyregion.com.co\/wp-content\/uploads\/2025\/11\/Pag-2025-11-26T081142.175.jpg?fit=800%2C445&ssl=1","contentUrl":"https:\/\/i0.wp.com\/ciudadyregion.com.co\/wp-content\/uploads\/2025\/11\/Pag-2025-11-26T081142.175.jpg?fit=800%2C445&ssl=1","width":800,"height":445},{"@type":"BreadcrumbList","@id":"https:\/\/ciudadyregion.com.co\/index.php\/petro-solicita-al-consejo-de-estado-revocar-fallo-sobre-alocuciones-presidenciales\/politica\/#breadcrumb","itemListElement":[{"@type":"ListItem","position":1,"name":"Portada","item":"https:\/\/ciudadyregion.com.co\/"},{"@type":"ListItem","position":2,"name":"Petro solicita al Consejo de Estado revocar fallo sobre alocuciones presidenciales"}]},{"@type":"WebSite","@id":"https:\/\/ciudadyregion.com.co\/#website","url":"https:\/\/ciudadyregion.com.co\/","name":"Ciudad y Region","description":"","potentialAction":[{"@type":"SearchAction","target":{"@type":"EntryPoint","urlTemplate":"https:\/\/ciudadyregion.com.co\/?s={search_term_string}"},"query-input":{"@type":"PropertyValueSpecification","valueRequired":true,"valueName":"search_term_string"}}],"inLanguage":"es"},{"@type":"Person","@id":"https:\/\/ciudadyregion.com.co\/#\/schema\/person\/04a4954373ebc4051f46e8c65ff78622","name":"David Andr\u00e9s Aguirre","image":{"@type":"ImageObject","inLanguage":"es","@id":"https:\/\/ciudadyregion.com.co\/#\/schema\/person\/image\/","url":"https:\/\/secure.gravatar.com\/avatar\/bc3c655860202182ee6d1b5edd042dbe?s=96&d=mm&r=g","contentUrl":"https:\/\/secure.gravatar.com\/avatar\/bc3c655860202182ee6d1b5edd042dbe?s=96&d=mm&r=g","caption":"David Andr\u00e9s Aguirre"},"url":"https:\/\/ciudadyregion.com.co\/index.php\/author\/diegoaguirre\/"}]}},"jetpack_featured_media_url":"https:\/\/i0.wp.com\/ciudadyregion.com.co\/wp-content\/uploads\/2025\/11\/Pag-2025-11-26T081142.175.jpg?fit=800%2C445&ssl=1","jetpack_sharing_enabled":true,"jetpack_shortlink":"https:\/\/wp.me\/pbS7hh-d2J","jetpack-related-posts":[],"_links":{"self":[{"href":"https:\/\/ciudadyregion.com.co\/index.php\/wp-json\/wp\/v2\/posts\/50141"}],"collection":[{"href":"https:\/\/ciudadyregion.com.co\/index.php\/wp-json\/wp\/v2\/posts"}],"about":[{"href":"https:\/\/ciudadyregion.com.co\/index.php\/wp-json\/wp\/v2\/types\/post"}],"author":[{"embeddable":true,"href":"https:\/\/ciudadyregion.com.co\/index.php\/wp-json\/wp\/v2\/users\/2"}],"replies":[{"embeddable":true,"href":"https:\/\/ciudadyregion.com.co\/index.php\/wp-json\/wp\/v2\/comments?post=50141"}],"version-history":[{"count":1,"href":"https:\/\/ciudadyregion.com.co\/index.php\/wp-json\/wp\/v2\/posts\/50141\/revisions"}],"predecessor-version":[{"id":50144,"href":"https:\/\/ciudadyregion.com.co\/index.php\/wp-json\/wp\/v2\/posts\/50141\/revisions\/50144"}],"wp:featuredmedia":[{"embeddable":true,"href":"https:\/\/ciudadyregion.com.co\/index.php\/wp-json\/wp\/v2\/media\/50143"}],"wp:attachment":[{"href":"https:\/\/ciudadyregion.com.co\/index.php\/wp-json\/wp\/v2\/media?parent=50141"}],"wp:term":[{"taxonomy":"category","embeddable":true,"href":"https:\/\/ciudadyregion.com.co\/index.php\/wp-json\/wp\/v2\/categories?post=50141"},{"taxonomy":"post_tag","embeddable":true,"href":"https:\/\/ciudadyregion.com.co\/index.php\/wp-json\/wp\/v2\/tags?post=50141"}],"curies":[{"name":"wp","href":"https:\/\/api.w.org\/{rel}","templated":true}]}}