{"id":50133,"date":"2025-11-26T08:02:08","date_gmt":"2025-11-26T13:02:08","guid":{"rendered":"https:\/\/ciudadyregion.com.co\/?p=50133"},"modified":"2025-11-26T08:02:08","modified_gmt":"2025-11-26T13:02:08","slug":"venezuela-suma-22-vuelos-cancelados-tras-suspension-de-aerolineas-internacionales","status":"publish","type":"post","link":"https:\/\/ciudadyregion.com.co\/index.php\/venezuela-suma-22-vuelos-cancelados-tras-suspension-de-aerolineas-internacionales\/internacional\/","title":{"rendered":"Venezuela suma 22 vuelos cancelados tras suspensi\u00f3n de aerol\u00edneas internacionales"},"content":{"rendered":"<p style=\"text-align: left;\"><em><strong>Por Laura Cristina Barbosa Cifuentes<\/strong><\/em><\/p>\n<p>Venezolanos y viajeros internacionales enfrentan nuevas dificultades para volar desde Caracas: al menos 22 vuelos han sido cancelados en los \u00faltimos d\u00edas tras advertencias sobre la seguridad del espacio a\u00e9reo del pa\u00eds y el sur del Caribe.<\/p>\n<p>La espa\u00f1ola Iberia suspendi\u00f3 sus vuelos hacia Madrid, mientras que Air Europa, Plus Ultra, TAP Air Portugal, Avianca, Latam, GOL y Turkish Airlines tambi\u00e9n detuvieron temporalmente sus operaciones. Las compa\u00f1\u00edas aseguran que estas decisiones buscan proteger la seguridad de los pasajeros, ante riesgos identificados por organismos internacionales, incluida la FAA de Estados Unidos.<\/p>\n<p>El Ministerio de Transporte de Venezuela se reuni\u00f3 con representantes de las aerol\u00edneas para buscar soluciones que permitan restablecer los vuelos de manera segura. La Asociaci\u00f3n Internacional de Transporte A\u00e9reo (IATA) tambi\u00e9n ha pedido mayor claridad sobre las condiciones del espacio a\u00e9reo para evaluar los riesgos.<\/p>\n<p>La cancelaci\u00f3n de vuelos afecta no solo la movilidad de quienes viajan por negocios o turismo, sino tambi\u00e9n a las familias y a quienes dependen de estas rutas para mantenerse conectados. Las autoridades y las aerol\u00edneas trabajan para recuperar la normalidad, pero la incertidumbre sigue siendo parte de la experiencia de volar desde Caracas en estas semanas.<\/p>\n","protected":false},"excerpt":{"rendered":"<p>Por Laura Cristina Barbosa Cifuentes Venezolanos y viajeros internacionales enfrentan nuevas dificultades para volar desde Caracas: al menos 22 vuelos han sido cancelados en los \u00faltimos d\u00edas tras advertencias sobre la seguridad del espacio a\u00e9reo del pa\u00eds y el sur del Caribe. La espa\u00f1ola Iberia suspendi\u00f3 sus vuelos hacia Madrid,<span class=\"more-link\"><a href=\"https:\/\/ciudadyregion.com.co\/index.php\/venezuela-suma-22-vuelos-cancelados-tras-suspension-de-aerolineas-internacionales\/internacional\/\">Continuar Leyendo<\/a><\/span><\/p>\n","protected":false},"author":2,"featured_media":50134,"comment_status":"open","ping_status":"open","sticky":false,"template":"","format":"standard","meta":{"_uf_show_specific_survey":0,"_uf_disable_surveys":false,"_jetpack_memberships_contains_paid_content":false,"footnotes":"","jetpack_publicize_message":"","jetpack_publicize_feature_enabled":true,"jetpack_social_post_already_shared":true,"jetpack_social_options":{"image_generator_settings":{"template":"highway","enabled":false},"version":2}},"categories":[20],"tags":[],"class_list":["entry","author-diegoaguirre","post-50133","post","type-post","status-publish","format-standard","has-post-thumbnail","category-internacional"],"jetpack_publicize_connections":[],"yoast_head":"<!-- This site is optimized with the Yoast SEO plugin v24.3 - https:\/\/yoast.com\/wordpress\/plugins\/seo\/ -->\n<title>Venezuela suma 22 vuelos cancelados tras suspensi\u00f3n de aerol\u00edneas internacionales - Ciudad y Region<\/title>\n<meta name=\"robots\" content=\"index, follow, max-snippet:-1, max-image-preview:large, max-video-preview:-1\" \/>\n<link rel=\"canonical\" href=\"https:\/\/ciudadyregion.com.co\/index.php\/venezuela-suma-22-vuelos-cancelados-tras-suspension-de-aerolineas-internacionales\/internacional\/\" \/>\n<meta property=\"og:locale\" content=\"es_ES\" \/>\n<meta property=\"og:type\" content=\"article\" \/>\n<meta property=\"og:title\" content=\"Venezuela suma 22 vuelos cancelados tras suspensi\u00f3n de aerol\u00edneas internacionales - Ciudad y Region\" \/>\n<meta property=\"og:description\" content=\"Por Laura Cristina Barbosa Cifuentes Venezolanos y viajeros internacionales enfrentan nuevas dificultades para volar desde Caracas: al menos 22 vuelos han sido cancelados en los \u00faltimos d\u00edas tras advertencias sobre la seguridad del espacio a\u00e9reo del pa\u00eds y el sur del Caribe. La espa\u00f1ola Iberia suspendi\u00f3 sus vuelos hacia Madrid,Continuar Leyendo\" \/>\n<meta property=\"og:url\" content=\"https:\/\/ciudadyregion.com.co\/index.php\/venezuela-suma-22-vuelos-cancelados-tras-suspension-de-aerolineas-internacionales\/internacional\/\" \/>\n<meta property=\"og:site_name\" content=\"Ciudad y Region\" \/>\n<meta property=\"article:published_time\" content=\"2025-11-26T13:02:08+00:00\" \/>\n<meta property=\"og:image\" content=\"https:\/\/ciudadyregion.com.co\/wp-content\/uploads\/2025\/11\/Pag-2025-11-26T080154.341.jpg\" \/>\n\t<meta property=\"og:image:width\" content=\"800\" \/>\n\t<meta property=\"og:image:height\" content=\"445\" \/>\n\t<meta property=\"og:image:type\" content=\"image\/jpeg\" \/>\n<meta name=\"author\" content=\"David Andr\u00e9s Aguirre\" \/>\n<meta name=\"twitter:card\" content=\"summary_large_image\" \/>\n<meta name=\"twitter:label1\" content=\"Escrito por\" \/>\n\t<meta name=\"twitter:data1\" content=\"David Andr\u00e9s Aguirre\" \/>\n\t<meta name=\"twitter:label2\" content=\"Tiempo de lectura\" \/>\n\t<meta name=\"twitter:data2\" content=\"1 minuto\" \/>\n<script type=\"application\/ld+json\" class=\"yoast-schema-graph\">{\"@context\":\"https:\/\/schema.org\",\"@graph\":[{\"@type\":\"WebPage\",\"@id\":\"https:\/\/ciudadyregion.com.co\/index.php\/venezuela-suma-22-vuelos-cancelados-tras-suspension-de-aerolineas-internacionales\/internacional\/\",\"url\":\"https:\/\/ciudadyregion.com.co\/index.php\/venezuela-suma-22-vuelos-cancelados-tras-suspension-de-aerolineas-internacionales\/internacional\/\",\"name\":\"Venezuela suma 22 vuelos cancelados tras suspensi\u00f3n de aerol\u00edneas internacionales - Ciudad y Region\",\"isPartOf\":{\"@id\":\"https:\/\/ciudadyregion.com.co\/#website\"},\"primaryImageOfPage\":{\"@id\":\"https:\/\/ciudadyregion.com.co\/index.php\/venezuela-suma-22-vuelos-cancelados-tras-suspension-de-aerolineas-internacionales\/internacional\/#primaryimage\"},\"image\":{\"@id\":\"https:\/\/ciudadyregion.com.co\/index.php\/venezuela-suma-22-vuelos-cancelados-tras-suspension-de-aerolineas-internacionales\/internacional\/#primaryimage\"},\"thumbnailUrl\":\"https:\/\/i0.wp.com\/ciudadyregion.com.co\/wp-content\/uploads\/2025\/11\/Pag-2025-11-26T080154.341.jpg?fit=800%2C445&ssl=1\",\"datePublished\":\"2025-11-26T13:02:08+00:00\",\"dateModified\":\"2025-11-26T13:02:08+00:00\",\"author\":{\"@id\":\"https:\/\/ciudadyregion.com.co\/#\/schema\/person\/04a4954373ebc4051f46e8c65ff78622\"},\"breadcrumb\":{\"@id\":\"https:\/\/ciudadyregion.com.co\/index.php\/venezuela-suma-22-vuelos-cancelados-tras-suspension-de-aerolineas-internacionales\/internacional\/#breadcrumb\"},\"inLanguage\":\"es\",\"potentialAction\":[{\"@type\":\"ReadAction\",\"target\":[\"https:\/\/ciudadyregion.com.co\/index.php\/venezuela-suma-22-vuelos-cancelados-tras-suspension-de-aerolineas-internacionales\/internacional\/\"]}]},{\"@type\":\"ImageObject\",\"inLanguage\":\"es\",\"@id\":\"https:\/\/ciudadyregion.com.co\/index.php\/venezuela-suma-22-vuelos-cancelados-tras-suspension-de-aerolineas-internacionales\/internacional\/#primaryimage\",\"url\":\"https:\/\/i0.wp.com\/ciudadyregion.com.co\/wp-content\/uploads\/2025\/11\/Pag-2025-11-26T080154.341.jpg?fit=800%2C445&ssl=1\",\"contentUrl\":\"https:\/\/i0.wp.com\/ciudadyregion.com.co\/wp-content\/uploads\/2025\/11\/Pag-2025-11-26T080154.341.jpg?fit=800%2C445&ssl=1\",\"width\":800,\"height\":445},{\"@type\":\"BreadcrumbList\",\"@id\":\"https:\/\/ciudadyregion.com.co\/index.php\/venezuela-suma-22-vuelos-cancelados-tras-suspension-de-aerolineas-internacionales\/internacional\/#breadcrumb\",\"itemListElement\":[{\"@type\":\"ListItem\",\"position\":1,\"name\":\"Portada\",\"item\":\"https:\/\/ciudadyregion.com.co\/\"},{\"@type\":\"ListItem\",\"position\":2,\"name\":\"Venezuela suma 22 vuelos cancelados tras suspensi\u00f3n de aerol\u00edneas internacionales\"}]},{\"@type\":\"WebSite\",\"@id\":\"https:\/\/ciudadyregion.com.co\/#website\",\"url\":\"https:\/\/ciudadyregion.com.co\/\",\"name\":\"Ciudad y Region\",\"description\":\"\",\"potentialAction\":[{\"@type\":\"SearchAction\",\"target\":{\"@type\":\"EntryPoint\",\"urlTemplate\":\"https:\/\/ciudadyregion.com.co\/?s={search_term_string}\"},\"query-input\":{\"@type\":\"PropertyValueSpecification\",\"valueRequired\":true,\"valueName\":\"search_term_string\"}}],\"inLanguage\":\"es\"},{\"@type\":\"Person\",\"@id\":\"https:\/\/ciudadyregion.com.co\/#\/schema\/person\/04a4954373ebc4051f46e8c65ff78622\",\"name\":\"David Andr\u00e9s Aguirre\",\"image\":{\"@type\":\"ImageObject\",\"inLanguage\":\"es\",\"@id\":\"https:\/\/ciudadyregion.com.co\/#\/schema\/person\/image\/\",\"url\":\"https:\/\/secure.gravatar.com\/avatar\/bc3c655860202182ee6d1b5edd042dbe?s=96&d=mm&r=g\",\"contentUrl\":\"https:\/\/secure.gravatar.com\/avatar\/bc3c655860202182ee6d1b5edd042dbe?s=96&d=mm&r=g\",\"caption\":\"David Andr\u00e9s Aguirre\"},\"url\":\"https:\/\/ciudadyregion.com.co\/index.php\/author\/diegoaguirre\/\"}]}<\/script>\n<!-- \/ Yoast SEO plugin. -->","yoast_head_json":{"title":"Venezuela suma 22 vuelos cancelados tras suspensi\u00f3n de aerol\u00edneas internacionales - Ciudad y Region","robots":{"index":"index","follow":"follow","max-snippet":"max-snippet:-1","max-image-preview":"max-image-preview:large","max-video-preview":"max-video-preview:-1"},"canonical":"https:\/\/ciudadyregion.com.co\/index.php\/venezuela-suma-22-vuelos-cancelados-tras-suspension-de-aerolineas-internacionales\/internacional\/","og_locale":"es_ES","og_type":"article","og_title":"Venezuela suma 22 vuelos cancelados tras suspensi\u00f3n de aerol\u00edneas internacionales - Ciudad y Region","og_description":"Por Laura Cristina Barbosa Cifuentes Venezolanos y viajeros internacionales enfrentan nuevas dificultades para volar desde Caracas: al menos 22 vuelos han sido cancelados en los \u00faltimos d\u00edas tras advertencias sobre la seguridad del espacio a\u00e9reo del pa\u00eds y el sur del Caribe. La espa\u00f1ola Iberia suspendi\u00f3 sus vuelos hacia Madrid,Continuar Leyendo","og_url":"https:\/\/ciudadyregion.com.co\/index.php\/venezuela-suma-22-vuelos-cancelados-tras-suspension-de-aerolineas-internacionales\/internacional\/","og_site_name":"Ciudad y Region","article_published_time":"2025-11-26T13:02:08+00:00","og_image":[{"width":800,"height":445,"url":"https:\/\/ciudadyregion.com.co\/wp-content\/uploads\/2025\/11\/Pag-2025-11-26T080154.341.jpg","type":"image\/jpeg"}],"author":"David Andr\u00e9s Aguirre","twitter_card":"summary_large_image","twitter_misc":{"Escrito por":"David Andr\u00e9s Aguirre","Tiempo de lectura":"1 minuto"},"schema":{"@context":"https:\/\/schema.org","@graph":[{"@type":"WebPage","@id":"https:\/\/ciudadyregion.com.co\/index.php\/venezuela-suma-22-vuelos-cancelados-tras-suspension-de-aerolineas-internacionales\/internacional\/","url":"https:\/\/ciudadyregion.com.co\/index.php\/venezuela-suma-22-vuelos-cancelados-tras-suspension-de-aerolineas-internacionales\/internacional\/","name":"Venezuela suma 22 vuelos cancelados tras suspensi\u00f3n de aerol\u00edneas internacionales - Ciudad y Region","isPartOf":{"@id":"https:\/\/ciudadyregion.com.co\/#website"},"primaryImageOfPage":{"@id":"https:\/\/ciudadyregion.com.co\/index.php\/venezuela-suma-22-vuelos-cancelados-tras-suspension-de-aerolineas-internacionales\/internacional\/#primaryimage"},"image":{"@id":"https:\/\/ciudadyregion.com.co\/index.php\/venezuela-suma-22-vuelos-cancelados-tras-suspension-de-aerolineas-internacionales\/internacional\/#primaryimage"},"thumbnailUrl":"https:\/\/i0.wp.com\/ciudadyregion.com.co\/wp-content\/uploads\/2025\/11\/Pag-2025-11-26T080154.341.jpg?fit=800%2C445&ssl=1","datePublished":"2025-11-26T13:02:08+00:00","dateModified":"2025-11-26T13:02:08+00:00","author":{"@id":"https:\/\/ciudadyregion.com.co\/#\/schema\/person\/04a4954373ebc4051f46e8c65ff78622"},"breadcrumb":{"@id":"https:\/\/ciudadyregion.com.co\/index.php\/venezuela-suma-22-vuelos-cancelados-tras-suspension-de-aerolineas-internacionales\/internacional\/#breadcrumb"},"inLanguage":"es","potentialAction":[{"@type":"ReadAction","target":["https:\/\/ciudadyregion.com.co\/index.php\/venezuela-suma-22-vuelos-cancelados-tras-suspension-de-aerolineas-internacionales\/internacional\/"]}]},{"@type":"ImageObject","inLanguage":"es","@id":"https:\/\/ciudadyregion.com.co\/index.php\/venezuela-suma-22-vuelos-cancelados-tras-suspension-de-aerolineas-internacionales\/internacional\/#primaryimage","url":"https:\/\/i0.wp.com\/ciudadyregion.com.co\/wp-content\/uploads\/2025\/11\/Pag-2025-11-26T080154.341.jpg?fit=800%2C445&ssl=1","contentUrl":"https:\/\/i0.wp.com\/ciudadyregion.com.co\/wp-content\/uploads\/2025\/11\/Pag-2025-11-26T080154.341.jpg?fit=800%2C445&ssl=1","width":800,"height":445},{"@type":"BreadcrumbList","@id":"https:\/\/ciudadyregion.com.co\/index.php\/venezuela-suma-22-vuelos-cancelados-tras-suspension-de-aerolineas-internacionales\/internacional\/#breadcrumb","itemListElement":[{"@type":"ListItem","position":1,"name":"Portada","item":"https:\/\/ciudadyregion.com.co\/"},{"@type":"ListItem","position":2,"name":"Venezuela suma 22 vuelos cancelados tras suspensi\u00f3n de aerol\u00edneas internacionales"}]},{"@type":"WebSite","@id":"https:\/\/ciudadyregion.com.co\/#website","url":"https:\/\/ciudadyregion.com.co\/","name":"Ciudad y Region","description":"","potentialAction":[{"@type":"SearchAction","target":{"@type":"EntryPoint","urlTemplate":"https:\/\/ciudadyregion.com.co\/?s={search_term_string}"},"query-input":{"@type":"PropertyValueSpecification","valueRequired":true,"valueName":"search_term_string"}}],"inLanguage":"es"},{"@type":"Person","@id":"https:\/\/ciudadyregion.com.co\/#\/schema\/person\/04a4954373ebc4051f46e8c65ff78622","name":"David Andr\u00e9s Aguirre","image":{"@type":"ImageObject","inLanguage":"es","@id":"https:\/\/ciudadyregion.com.co\/#\/schema\/person\/image\/","url":"https:\/\/secure.gravatar.com\/avatar\/bc3c655860202182ee6d1b5edd042dbe?s=96&d=mm&r=g","contentUrl":"https:\/\/secure.gravatar.com\/avatar\/bc3c655860202182ee6d1b5edd042dbe?s=96&d=mm&r=g","caption":"David Andr\u00e9s Aguirre"},"url":"https:\/\/ciudadyregion.com.co\/index.php\/author\/diegoaguirre\/"}]}},"jetpack_featured_media_url":"https:\/\/i0.wp.com\/ciudadyregion.com.co\/wp-content\/uploads\/2025\/11\/Pag-2025-11-26T080154.341.jpg?fit=800%2C445&ssl=1","jetpack_sharing_enabled":true,"jetpack_shortlink":"https:\/\/wp.me\/pbS7hh-d2B","jetpack-related-posts":[],"_links":{"self":[{"href":"https:\/\/ciudadyregion.com.co\/index.php\/wp-json\/wp\/v2\/posts\/50133"}],"collection":[{"href":"https:\/\/ciudadyregion.com.co\/index.php\/wp-json\/wp\/v2\/posts"}],"about":[{"href":"https:\/\/ciudadyregion.com.co\/index.php\/wp-json\/wp\/v2\/types\/post"}],"author":[{"embeddable":true,"href":"https:\/\/ciudadyregion.com.co\/index.php\/wp-json\/wp\/v2\/users\/2"}],"replies":[{"embeddable":true,"href":"https:\/\/ciudadyregion.com.co\/index.php\/wp-json\/wp\/v2\/comments?post=50133"}],"version-history":[{"count":1,"href":"https:\/\/ciudadyregion.com.co\/index.php\/wp-json\/wp\/v2\/posts\/50133\/revisions"}],"predecessor-version":[{"id":50135,"href":"https:\/\/ciudadyregion.com.co\/index.php\/wp-json\/wp\/v2\/posts\/50133\/revisions\/50135"}],"wp:featuredmedia":[{"embeddable":true,"href":"https:\/\/ciudadyregion.com.co\/index.php\/wp-json\/wp\/v2\/media\/50134"}],"wp:attachment":[{"href":"https:\/\/ciudadyregion.com.co\/index.php\/wp-json\/wp\/v2\/media?parent=50133"}],"wp:term":[{"taxonomy":"category","embeddable":true,"href":"https:\/\/ciudadyregion.com.co\/index.php\/wp-json\/wp\/v2\/categories?post=50133"},{"taxonomy":"post_tag","embeddable":true,"href":"https:\/\/ciudadyregion.com.co\/index.php\/wp-json\/wp\/v2\/tags?post=50133"}],"curies":[{"name":"wp","href":"https:\/\/api.w.org\/{rel}","templated":true}]}}