{"id":50123,"date":"2025-11-26T07:52:10","date_gmt":"2025-11-26T12:52:10","guid":{"rendered":"https:\/\/ciudadyregion.com.co\/?p=50123"},"modified":"2025-11-26T07:52:10","modified_gmt":"2025-11-26T12:52:10","slug":"la-union-europea-enviara-observadores-a-colombia-desde-enero-para-acompanar-las-elecciones-de-2026","status":"publish","type":"post","link":"https:\/\/ciudadyregion.com.co\/index.php\/la-union-europea-enviara-observadores-a-colombia-desde-enero-para-acompanar-las-elecciones-de-2026\/internacional\/","title":{"rendered":"La Uni\u00f3n Europea enviar\u00e1 observadores a Colombia desde enero para acompa\u00f1ar las elecciones de 2026"},"content":{"rendered":"<blockquote><p><em><strong>Por: Laura Cristina Barbosa Cifuentes<\/strong><\/em><\/p><\/blockquote>\n<p>A partir de enero, la Uni\u00f3n Europea (UE) desplegar\u00e1 una amplia misi\u00f3n de observaci\u00f3n electoral en Colombia para acompa\u00f1ar de cerca el proceso que culminar\u00e1 con las elecciones legislativas y presidenciales del 2026. El anuncio fue confirmado por el registrador nacional, Hern\u00e1n Penagos, quien destac\u00f3 que se trata de uno de los despliegues internacionales m\u00e1s grandes que ha recibido el pa\u00eds en la \u00faltima d\u00e9cada.<\/p>\n<p>Seg\u00fan Penagos, la llegada anticipada de los observadores permitir\u00e1 un seguimiento detallado de cada fase del proceso, desde la preparaci\u00f3n log\u00edstica y tecnol\u00f3gica hasta el desarrollo de las campa\u00f1as pol\u00edticas. El objetivo es ofrecer garant\u00edas a los ciudadanos en un momento en el que la confianza en las instituciones electorales se ha convertido en un tema central del debate p\u00fablico.<\/p>\n<p>La decisi\u00f3n de la UE se tom\u00f3 despu\u00e9s de una misi\u00f3n exploratoria que visit\u00f3 Bogot\u00e1 y otras ciudades para evaluar el ambiente previo a las elecciones. All\u00ed sostuvieron reuniones con la Registradur\u00eda y otras entidades, revisaron los riesgos de desinformaci\u00f3n y analizaron las recomendaciones pendientes de procesos anteriores. Su conclusi\u00f3n fue clara: Colombia necesita acompa\u00f1amiento internacional robusto para fortalecer la transparencia y la seguridad del voto.<\/p>\n<p>Entre los compromisos asumidos por la Registradur\u00eda destacan la autenticaci\u00f3n biom\u00e9trica facial en m\u00e1s de 1.200 puestos de votaci\u00f3n, la habilitaci\u00f3n de auditor\u00edas electorales y la publicaci\u00f3n simult\u00e1nea de los formularios E-14 para facilitar la verificaci\u00f3n ciudadana y partidista.<\/p>\n<p>Con el calendario ya definido \u2014elecciones legislativas el 8 de marzo, primera vuelta presidencial el 31 de mayo y eventual segunda vuelta el 21 de junio\u2014, la presencia de la misi\u00f3n europea busca enviar un mensaje de respaldo democr\u00e1tico y de acompa\u00f1amiento al pa\u00eds en un momento clave para su institucionalidad.<\/p>\n","protected":false},"excerpt":{"rendered":"<p>Por: Laura Cristina Barbosa Cifuentes A partir de enero, la Uni\u00f3n Europea (UE) desplegar\u00e1 una amplia misi\u00f3n de observaci\u00f3n electoral en Colombia para acompa\u00f1ar de cerca el proceso que culminar\u00e1 con las elecciones legislativas y presidenciales del 2026. El anuncio fue confirmado por el registrador nacional, Hern\u00e1n Penagos, quien destac\u00f3<span class=\"more-link\"><a href=\"https:\/\/ciudadyregion.com.co\/index.php\/la-union-europea-enviara-observadores-a-colombia-desde-enero-para-acompanar-las-elecciones-de-2026\/internacional\/\">Continuar Leyendo<\/a><\/span><\/p>\n","protected":false},"author":2,"featured_media":50124,"comment_status":"open","ping_status":"open","sticky":false,"template":"","format":"standard","meta":{"_uf_show_specific_survey":0,"_uf_disable_surveys":false,"_jetpack_memberships_contains_paid_content":false,"footnotes":"","jetpack_publicize_message":"","jetpack_publicize_feature_enabled":true,"jetpack_social_post_already_shared":true,"jetpack_social_options":{"image_generator_settings":{"template":"highway","enabled":false},"version":2}},"categories":[20],"tags":[],"class_list":["entry","author-diegoaguirre","post-50123","post","type-post","status-publish","format-standard","has-post-thumbnail","category-internacional"],"jetpack_publicize_connections":[],"yoast_head":"<!-- This site is optimized with the Yoast SEO plugin v24.3 - https:\/\/yoast.com\/wordpress\/plugins\/seo\/ -->\n<title>La Uni\u00f3n Europea enviar\u00e1 observadores a Colombia desde enero para acompa\u00f1ar las elecciones de 2026 - Ciudad y Region<\/title>\n<meta name=\"robots\" content=\"index, follow, max-snippet:-1, max-image-preview:large, max-video-preview:-1\" \/>\n<link rel=\"canonical\" href=\"https:\/\/ciudadyregion.com.co\/index.php\/la-union-europea-enviara-observadores-a-colombia-desde-enero-para-acompanar-las-elecciones-de-2026\/internacional\/\" \/>\n<meta property=\"og:locale\" content=\"es_ES\" \/>\n<meta property=\"og:type\" content=\"article\" \/>\n<meta property=\"og:title\" content=\"La Uni\u00f3n Europea enviar\u00e1 observadores a Colombia desde enero para acompa\u00f1ar las elecciones de 2026 - Ciudad y Region\" \/>\n<meta property=\"og:description\" content=\"Por: Laura Cristina Barbosa Cifuentes A partir de enero, la Uni\u00f3n Europea (UE) desplegar\u00e1 una amplia misi\u00f3n de observaci\u00f3n electoral en Colombia para acompa\u00f1ar de cerca el proceso que culminar\u00e1 con las elecciones legislativas y presidenciales del 2026. El anuncio fue confirmado por el registrador nacional, Hern\u00e1n Penagos, quien destac\u00f3Continuar Leyendo\" \/>\n<meta property=\"og:url\" content=\"https:\/\/ciudadyregion.com.co\/index.php\/la-union-europea-enviara-observadores-a-colombia-desde-enero-para-acompanar-las-elecciones-de-2026\/internacional\/\" \/>\n<meta property=\"og:site_name\" content=\"Ciudad y Region\" \/>\n<meta property=\"article:published_time\" content=\"2025-11-26T12:52:10+00:00\" \/>\n<meta property=\"og:image\" content=\"https:\/\/ciudadyregion.com.co\/wp-content\/uploads\/2025\/11\/Pag-2025-11-26T075125.950.jpg\" \/>\n\t<meta property=\"og:image:width\" content=\"800\" \/>\n\t<meta property=\"og:image:height\" content=\"445\" \/>\n\t<meta property=\"og:image:type\" content=\"image\/jpeg\" \/>\n<meta name=\"author\" content=\"David Andr\u00e9s Aguirre\" \/>\n<meta name=\"twitter:card\" content=\"summary_large_image\" \/>\n<meta name=\"twitter:label1\" content=\"Escrito por\" \/>\n\t<meta name=\"twitter:data1\" content=\"David Andr\u00e9s Aguirre\" \/>\n\t<meta name=\"twitter:label2\" content=\"Tiempo de lectura\" \/>\n\t<meta name=\"twitter:data2\" content=\"2 minutos\" \/>\n<script type=\"application\/ld+json\" class=\"yoast-schema-graph\">{\"@context\":\"https:\/\/schema.org\",\"@graph\":[{\"@type\":\"WebPage\",\"@id\":\"https:\/\/ciudadyregion.com.co\/index.php\/la-union-europea-enviara-observadores-a-colombia-desde-enero-para-acompanar-las-elecciones-de-2026\/internacional\/\",\"url\":\"https:\/\/ciudadyregion.com.co\/index.php\/la-union-europea-enviara-observadores-a-colombia-desde-enero-para-acompanar-las-elecciones-de-2026\/internacional\/\",\"name\":\"La Uni\u00f3n Europea enviar\u00e1 observadores a Colombia desde enero para acompa\u00f1ar las elecciones de 2026 - Ciudad y Region\",\"isPartOf\":{\"@id\":\"https:\/\/ciudadyregion.com.co\/#website\"},\"primaryImageOfPage\":{\"@id\":\"https:\/\/ciudadyregion.com.co\/index.php\/la-union-europea-enviara-observadores-a-colombia-desde-enero-para-acompanar-las-elecciones-de-2026\/internacional\/#primaryimage\"},\"image\":{\"@id\":\"https:\/\/ciudadyregion.com.co\/index.php\/la-union-europea-enviara-observadores-a-colombia-desde-enero-para-acompanar-las-elecciones-de-2026\/internacional\/#primaryimage\"},\"thumbnailUrl\":\"https:\/\/i0.wp.com\/ciudadyregion.com.co\/wp-content\/uploads\/2025\/11\/Pag-2025-11-26T075125.950.jpg?fit=800%2C445&ssl=1\",\"datePublished\":\"2025-11-26T12:52:10+00:00\",\"dateModified\":\"2025-11-26T12:52:10+00:00\",\"author\":{\"@id\":\"https:\/\/ciudadyregion.com.co\/#\/schema\/person\/04a4954373ebc4051f46e8c65ff78622\"},\"breadcrumb\":{\"@id\":\"https:\/\/ciudadyregion.com.co\/index.php\/la-union-europea-enviara-observadores-a-colombia-desde-enero-para-acompanar-las-elecciones-de-2026\/internacional\/#breadcrumb\"},\"inLanguage\":\"es\",\"potentialAction\":[{\"@type\":\"ReadAction\",\"target\":[\"https:\/\/ciudadyregion.com.co\/index.php\/la-union-europea-enviara-observadores-a-colombia-desde-enero-para-acompanar-las-elecciones-de-2026\/internacional\/\"]}]},{\"@type\":\"ImageObject\",\"inLanguage\":\"es\",\"@id\":\"https:\/\/ciudadyregion.com.co\/index.php\/la-union-europea-enviara-observadores-a-colombia-desde-enero-para-acompanar-las-elecciones-de-2026\/internacional\/#primaryimage\",\"url\":\"https:\/\/i0.wp.com\/ciudadyregion.com.co\/wp-content\/uploads\/2025\/11\/Pag-2025-11-26T075125.950.jpg?fit=800%2C445&ssl=1\",\"contentUrl\":\"https:\/\/i0.wp.com\/ciudadyregion.com.co\/wp-content\/uploads\/2025\/11\/Pag-2025-11-26T075125.950.jpg?fit=800%2C445&ssl=1\",\"width\":800,\"height\":445},{\"@type\":\"BreadcrumbList\",\"@id\":\"https:\/\/ciudadyregion.com.co\/index.php\/la-union-europea-enviara-observadores-a-colombia-desde-enero-para-acompanar-las-elecciones-de-2026\/internacional\/#breadcrumb\",\"itemListElement\":[{\"@type\":\"ListItem\",\"position\":1,\"name\":\"Portada\",\"item\":\"https:\/\/ciudadyregion.com.co\/\"},{\"@type\":\"ListItem\",\"position\":2,\"name\":\"La Uni\u00f3n Europea enviar\u00e1 observadores a Colombia desde enero para acompa\u00f1ar las elecciones de 2026\"}]},{\"@type\":\"WebSite\",\"@id\":\"https:\/\/ciudadyregion.com.co\/#website\",\"url\":\"https:\/\/ciudadyregion.com.co\/\",\"name\":\"Ciudad y Region\",\"description\":\"\",\"potentialAction\":[{\"@type\":\"SearchAction\",\"target\":{\"@type\":\"EntryPoint\",\"urlTemplate\":\"https:\/\/ciudadyregion.com.co\/?s={search_term_string}\"},\"query-input\":{\"@type\":\"PropertyValueSpecification\",\"valueRequired\":true,\"valueName\":\"search_term_string\"}}],\"inLanguage\":\"es\"},{\"@type\":\"Person\",\"@id\":\"https:\/\/ciudadyregion.com.co\/#\/schema\/person\/04a4954373ebc4051f46e8c65ff78622\",\"name\":\"David Andr\u00e9s Aguirre\",\"image\":{\"@type\":\"ImageObject\",\"inLanguage\":\"es\",\"@id\":\"https:\/\/ciudadyregion.com.co\/#\/schema\/person\/image\/\",\"url\":\"https:\/\/secure.gravatar.com\/avatar\/bc3c655860202182ee6d1b5edd042dbe?s=96&d=mm&r=g\",\"contentUrl\":\"https:\/\/secure.gravatar.com\/avatar\/bc3c655860202182ee6d1b5edd042dbe?s=96&d=mm&r=g\",\"caption\":\"David Andr\u00e9s Aguirre\"},\"url\":\"https:\/\/ciudadyregion.com.co\/index.php\/author\/diegoaguirre\/\"}]}<\/script>\n<!-- \/ Yoast SEO plugin. -->","yoast_head_json":{"title":"La Uni\u00f3n Europea enviar\u00e1 observadores a Colombia desde enero para acompa\u00f1ar las elecciones de 2026 - Ciudad y Region","robots":{"index":"index","follow":"follow","max-snippet":"max-snippet:-1","max-image-preview":"max-image-preview:large","max-video-preview":"max-video-preview:-1"},"canonical":"https:\/\/ciudadyregion.com.co\/index.php\/la-union-europea-enviara-observadores-a-colombia-desde-enero-para-acompanar-las-elecciones-de-2026\/internacional\/","og_locale":"es_ES","og_type":"article","og_title":"La Uni\u00f3n Europea enviar\u00e1 observadores a Colombia desde enero para acompa\u00f1ar las elecciones de 2026 - Ciudad y Region","og_description":"Por: Laura Cristina Barbosa Cifuentes A partir de enero, la Uni\u00f3n Europea (UE) desplegar\u00e1 una amplia misi\u00f3n de observaci\u00f3n electoral en Colombia para acompa\u00f1ar de cerca el proceso que culminar\u00e1 con las elecciones legislativas y presidenciales del 2026. El anuncio fue confirmado por el registrador nacional, Hern\u00e1n Penagos, quien destac\u00f3Continuar Leyendo","og_url":"https:\/\/ciudadyregion.com.co\/index.php\/la-union-europea-enviara-observadores-a-colombia-desde-enero-para-acompanar-las-elecciones-de-2026\/internacional\/","og_site_name":"Ciudad y Region","article_published_time":"2025-11-26T12:52:10+00:00","og_image":[{"width":800,"height":445,"url":"https:\/\/ciudadyregion.com.co\/wp-content\/uploads\/2025\/11\/Pag-2025-11-26T075125.950.jpg","type":"image\/jpeg"}],"author":"David Andr\u00e9s Aguirre","twitter_card":"summary_large_image","twitter_misc":{"Escrito por":"David Andr\u00e9s Aguirre","Tiempo de lectura":"2 minutos"},"schema":{"@context":"https:\/\/schema.org","@graph":[{"@type":"WebPage","@id":"https:\/\/ciudadyregion.com.co\/index.php\/la-union-europea-enviara-observadores-a-colombia-desde-enero-para-acompanar-las-elecciones-de-2026\/internacional\/","url":"https:\/\/ciudadyregion.com.co\/index.php\/la-union-europea-enviara-observadores-a-colombia-desde-enero-para-acompanar-las-elecciones-de-2026\/internacional\/","name":"La Uni\u00f3n Europea enviar\u00e1 observadores a Colombia desde enero para acompa\u00f1ar las elecciones de 2026 - Ciudad y Region","isPartOf":{"@id":"https:\/\/ciudadyregion.com.co\/#website"},"primaryImageOfPage":{"@id":"https:\/\/ciudadyregion.com.co\/index.php\/la-union-europea-enviara-observadores-a-colombia-desde-enero-para-acompanar-las-elecciones-de-2026\/internacional\/#primaryimage"},"image":{"@id":"https:\/\/ciudadyregion.com.co\/index.php\/la-union-europea-enviara-observadores-a-colombia-desde-enero-para-acompanar-las-elecciones-de-2026\/internacional\/#primaryimage"},"thumbnailUrl":"https:\/\/i0.wp.com\/ciudadyregion.com.co\/wp-content\/uploads\/2025\/11\/Pag-2025-11-26T075125.950.jpg?fit=800%2C445&ssl=1","datePublished":"2025-11-26T12:52:10+00:00","dateModified":"2025-11-26T12:52:10+00:00","author":{"@id":"https:\/\/ciudadyregion.com.co\/#\/schema\/person\/04a4954373ebc4051f46e8c65ff78622"},"breadcrumb":{"@id":"https:\/\/ciudadyregion.com.co\/index.php\/la-union-europea-enviara-observadores-a-colombia-desde-enero-para-acompanar-las-elecciones-de-2026\/internacional\/#breadcrumb"},"inLanguage":"es","potentialAction":[{"@type":"ReadAction","target":["https:\/\/ciudadyregion.com.co\/index.php\/la-union-europea-enviara-observadores-a-colombia-desde-enero-para-acompanar-las-elecciones-de-2026\/internacional\/"]}]},{"@type":"ImageObject","inLanguage":"es","@id":"https:\/\/ciudadyregion.com.co\/index.php\/la-union-europea-enviara-observadores-a-colombia-desde-enero-para-acompanar-las-elecciones-de-2026\/internacional\/#primaryimage","url":"https:\/\/i0.wp.com\/ciudadyregion.com.co\/wp-content\/uploads\/2025\/11\/Pag-2025-11-26T075125.950.jpg?fit=800%2C445&ssl=1","contentUrl":"https:\/\/i0.wp.com\/ciudadyregion.com.co\/wp-content\/uploads\/2025\/11\/Pag-2025-11-26T075125.950.jpg?fit=800%2C445&ssl=1","width":800,"height":445},{"@type":"BreadcrumbList","@id":"https:\/\/ciudadyregion.com.co\/index.php\/la-union-europea-enviara-observadores-a-colombia-desde-enero-para-acompanar-las-elecciones-de-2026\/internacional\/#breadcrumb","itemListElement":[{"@type":"ListItem","position":1,"name":"Portada","item":"https:\/\/ciudadyregion.com.co\/"},{"@type":"ListItem","position":2,"name":"La Uni\u00f3n Europea enviar\u00e1 observadores a Colombia desde enero para acompa\u00f1ar las elecciones de 2026"}]},{"@type":"WebSite","@id":"https:\/\/ciudadyregion.com.co\/#website","url":"https:\/\/ciudadyregion.com.co\/","name":"Ciudad y Region","description":"","potentialAction":[{"@type":"SearchAction","target":{"@type":"EntryPoint","urlTemplate":"https:\/\/ciudadyregion.com.co\/?s={search_term_string}"},"query-input":{"@type":"PropertyValueSpecification","valueRequired":true,"valueName":"search_term_string"}}],"inLanguage":"es"},{"@type":"Person","@id":"https:\/\/ciudadyregion.com.co\/#\/schema\/person\/04a4954373ebc4051f46e8c65ff78622","name":"David Andr\u00e9s Aguirre","image":{"@type":"ImageObject","inLanguage":"es","@id":"https:\/\/ciudadyregion.com.co\/#\/schema\/person\/image\/","url":"https:\/\/secure.gravatar.com\/avatar\/bc3c655860202182ee6d1b5edd042dbe?s=96&d=mm&r=g","contentUrl":"https:\/\/secure.gravatar.com\/avatar\/bc3c655860202182ee6d1b5edd042dbe?s=96&d=mm&r=g","caption":"David Andr\u00e9s Aguirre"},"url":"https:\/\/ciudadyregion.com.co\/index.php\/author\/diegoaguirre\/"}]}},"jetpack_featured_media_url":"https:\/\/i0.wp.com\/ciudadyregion.com.co\/wp-content\/uploads\/2025\/11\/Pag-2025-11-26T075125.950.jpg?fit=800%2C445&ssl=1","jetpack_sharing_enabled":true,"jetpack_shortlink":"https:\/\/wp.me\/pbS7hh-d2r","jetpack-related-posts":[],"_links":{"self":[{"href":"https:\/\/ciudadyregion.com.co\/index.php\/wp-json\/wp\/v2\/posts\/50123"}],"collection":[{"href":"https:\/\/ciudadyregion.com.co\/index.php\/wp-json\/wp\/v2\/posts"}],"about":[{"href":"https:\/\/ciudadyregion.com.co\/index.php\/wp-json\/wp\/v2\/types\/post"}],"author":[{"embeddable":true,"href":"https:\/\/ciudadyregion.com.co\/index.php\/wp-json\/wp\/v2\/users\/2"}],"replies":[{"embeddable":true,"href":"https:\/\/ciudadyregion.com.co\/index.php\/wp-json\/wp\/v2\/comments?post=50123"}],"version-history":[{"count":1,"href":"https:\/\/ciudadyregion.com.co\/index.php\/wp-json\/wp\/v2\/posts\/50123\/revisions"}],"predecessor-version":[{"id":50125,"href":"https:\/\/ciudadyregion.com.co\/index.php\/wp-json\/wp\/v2\/posts\/50123\/revisions\/50125"}],"wp:featuredmedia":[{"embeddable":true,"href":"https:\/\/ciudadyregion.com.co\/index.php\/wp-json\/wp\/v2\/media\/50124"}],"wp:attachment":[{"href":"https:\/\/ciudadyregion.com.co\/index.php\/wp-json\/wp\/v2\/media?parent=50123"}],"wp:term":[{"taxonomy":"category","embeddable":true,"href":"https:\/\/ciudadyregion.com.co\/index.php\/wp-json\/wp\/v2\/categories?post=50123"},{"taxonomy":"post_tag","embeddable":true,"href":"https:\/\/ciudadyregion.com.co\/index.php\/wp-json\/wp\/v2\/tags?post=50123"}],"curies":[{"name":"wp","href":"https:\/\/api.w.org\/{rel}","templated":true}]}}