{"id":50118,"date":"2025-11-26T07:43:22","date_gmt":"2025-11-26T12:43:22","guid":{"rendered":"https:\/\/ciudadyregion.com.co\/?p=50118"},"modified":"2025-11-26T07:43:22","modified_gmt":"2025-11-26T12:43:22","slug":"mas-de-60-artistas-tendra-el-espectaculo-gratuito-del-encendido-del-alumbrado-navideno-en-ibague","status":"publish","type":"post","link":"https:\/\/ciudadyregion.com.co\/index.php\/mas-de-60-artistas-tendra-el-espectaculo-gratuito-del-encendido-del-alumbrado-navideno-en-ibague\/ibague\/","title":{"rendered":"M\u00e1s de 60 artistas tendr\u00e1 el espect\u00e1culo gratuito del encendido del alumbrado navide\u00f1o en Ibagu\u00e9"},"content":{"rendered":"<blockquote><p><em><strong>La Alcald\u00eda prepara una variada programaci\u00f3n para grandes y chicos el viernes 5 de diciembre en el Parque Murillo Toro.:<\/strong><\/em><\/p><\/blockquote>\n<p>Con un montaje que reunir\u00e1 a m\u00e1s de 60 artistas, Ibagu\u00e9 se prepara para ofrecer un espect\u00e1culo navide\u00f1o dise\u00f1ado para alegrar a todas las familias. Circo, teatro, danza, coreograf\u00edas tem\u00e1ticas, villancicos y el tradicional Taller de Santa har\u00e1n parte de la puesta en escena.<\/p>\n<p>Este espect\u00e1culo gratuito, ser\u00e1 el eje central del encendido oficial del alumbrado navide\u00f1o en la capital tolimense, programado para el viernes 5 de diciembre en el Parque Murillo Toro, a partir de las 6:00 de la tarde.<\/p>\n<p>El gerente de Infibagu\u00e9, Edilberto Pava, destac\u00f3 que este a\u00f1o la ciudad apost\u00f3 por una propuesta integral que combina arte, tradici\u00f3n y entretenimiento: \u201cQueremos que las familias vivan una experiencia completa, que encuentren un espacio para celebrar, disfrutar y conectarse con el esp\u00edritu navide\u00f1o\u201d.<\/p>\n<p>La jornada tambi\u00e9n incluir\u00e1 show de drones, presentaciones musicales y la actuaci\u00f3n de artistas nacionales, entre ellos Los Corraleros de Colombia, reconocidos por \u00e9xitos como Festival en Guarar\u00e9, La Burrita y Los Sabanales.<\/p>\n<p>El evento ser\u00e1 gratuito y los asistentes deber\u00e1n reclamar sus manillas de acceso directamente en el lugar: \u201cLa invitaci\u00f3n por parte de nuestra alcaldesa Johana Aranda y del equipo de Infibagu\u00e9 es a que asistan en familia y disfruten de este bello espect\u00e1culo\u201d, concluy\u00f3 el funcionario.<\/p>\n","protected":false},"excerpt":{"rendered":"<p>La Alcald\u00eda prepara una variada programaci\u00f3n para grandes y chicos el viernes 5 de diciembre en el Parque Murillo Toro.: Con un montaje que reunir\u00e1 a m\u00e1s de 60 artistas, Ibagu\u00e9 se prepara para ofrecer un espect\u00e1culo navide\u00f1o dise\u00f1ado para alegrar a todas las familias. Circo, teatro, danza, coreograf\u00edas tem\u00e1ticas,<span class=\"more-link\"><a href=\"https:\/\/ciudadyregion.com.co\/index.php\/mas-de-60-artistas-tendra-el-espectaculo-gratuito-del-encendido-del-alumbrado-navideno-en-ibague\/ibague\/\">Continuar Leyendo<\/a><\/span><\/p>\n","protected":false},"author":2,"featured_media":50121,"comment_status":"open","ping_status":"open","sticky":false,"template":"","format":"standard","meta":{"_uf_show_specific_survey":0,"_uf_disable_surveys":false,"_jetpack_memberships_contains_paid_content":false,"footnotes":"","jetpack_publicize_message":"","jetpack_publicize_feature_enabled":true,"jetpack_social_post_already_shared":true,"jetpack_social_options":{"image_generator_settings":{"template":"highway","enabled":false},"version":2}},"categories":[31,14],"tags":[],"class_list":["entry","author-diegoaguirre","post-50118","post","type-post","status-publish","format-standard","has-post-thumbnail","category-entretenimiento","category-ibague"],"jetpack_publicize_connections":[],"yoast_head":"<!-- This site is optimized with the Yoast SEO plugin v24.3 - https:\/\/yoast.com\/wordpress\/plugins\/seo\/ -->\n<title>M\u00e1s de 60 artistas tendr\u00e1 el espect\u00e1culo gratuito del encendido del alumbrado navide\u00f1o en Ibagu\u00e9 - Ciudad y Region<\/title>\n<meta name=\"robots\" content=\"index, follow, max-snippet:-1, max-image-preview:large, max-video-preview:-1\" \/>\n<link rel=\"canonical\" href=\"https:\/\/ciudadyregion.com.co\/index.php\/mas-de-60-artistas-tendra-el-espectaculo-gratuito-del-encendido-del-alumbrado-navideno-en-ibague\/ibague\/\" \/>\n<meta property=\"og:locale\" content=\"es_ES\" \/>\n<meta property=\"og:type\" content=\"article\" \/>\n<meta property=\"og:title\" content=\"M\u00e1s de 60 artistas tendr\u00e1 el espect\u00e1culo gratuito del encendido del alumbrado navide\u00f1o en Ibagu\u00e9 - Ciudad y Region\" \/>\n<meta property=\"og:description\" content=\"La Alcald\u00eda prepara una variada programaci\u00f3n para grandes y chicos el viernes 5 de diciembre en el Parque Murillo Toro.: Con un montaje que reunir\u00e1 a m\u00e1s de 60 artistas, Ibagu\u00e9 se prepara para ofrecer un espect\u00e1culo navide\u00f1o dise\u00f1ado para alegrar a todas las familias. Circo, teatro, danza, coreograf\u00edas tem\u00e1ticas,Continuar Leyendo\" \/>\n<meta property=\"og:url\" content=\"https:\/\/ciudadyregion.com.co\/index.php\/mas-de-60-artistas-tendra-el-espectaculo-gratuito-del-encendido-del-alumbrado-navideno-en-ibague\/ibague\/\" \/>\n<meta property=\"og:site_name\" content=\"Ciudad y Region\" \/>\n<meta property=\"article:published_time\" content=\"2025-11-26T12:43:22+00:00\" \/>\n<meta property=\"og:image\" content=\"https:\/\/ciudadyregion.com.co\/wp-content\/uploads\/2025\/11\/IBAGUE-NAVIDAD.jpg\" \/>\n\t<meta property=\"og:image:width\" content=\"800\" \/>\n\t<meta property=\"og:image:height\" content=\"445\" \/>\n\t<meta property=\"og:image:type\" content=\"image\/jpeg\" \/>\n<meta name=\"author\" content=\"David Andr\u00e9s Aguirre\" \/>\n<meta name=\"twitter:card\" content=\"summary_large_image\" \/>\n<meta name=\"twitter:label1\" content=\"Escrito por\" \/>\n\t<meta name=\"twitter:data1\" content=\"David Andr\u00e9s Aguirre\" \/>\n\t<meta name=\"twitter:label2\" content=\"Tiempo de lectura\" \/>\n\t<meta name=\"twitter:data2\" content=\"2 minutos\" \/>\n<script type=\"application\/ld+json\" class=\"yoast-schema-graph\">{\"@context\":\"https:\/\/schema.org\",\"@graph\":[{\"@type\":\"WebPage\",\"@id\":\"https:\/\/ciudadyregion.com.co\/index.php\/mas-de-60-artistas-tendra-el-espectaculo-gratuito-del-encendido-del-alumbrado-navideno-en-ibague\/ibague\/\",\"url\":\"https:\/\/ciudadyregion.com.co\/index.php\/mas-de-60-artistas-tendra-el-espectaculo-gratuito-del-encendido-del-alumbrado-navideno-en-ibague\/ibague\/\",\"name\":\"M\u00e1s de 60 artistas tendr\u00e1 el espect\u00e1culo gratuito del encendido del alumbrado navide\u00f1o en Ibagu\u00e9 - Ciudad y Region\",\"isPartOf\":{\"@id\":\"https:\/\/ciudadyregion.com.co\/#website\"},\"primaryImageOfPage\":{\"@id\":\"https:\/\/ciudadyregion.com.co\/index.php\/mas-de-60-artistas-tendra-el-espectaculo-gratuito-del-encendido-del-alumbrado-navideno-en-ibague\/ibague\/#primaryimage\"},\"image\":{\"@id\":\"https:\/\/ciudadyregion.com.co\/index.php\/mas-de-60-artistas-tendra-el-espectaculo-gratuito-del-encendido-del-alumbrado-navideno-en-ibague\/ibague\/#primaryimage\"},\"thumbnailUrl\":\"https:\/\/i0.wp.com\/ciudadyregion.com.co\/wp-content\/uploads\/2025\/11\/IBAGUE-NAVIDAD.jpg?fit=800%2C445&ssl=1\",\"datePublished\":\"2025-11-26T12:43:22+00:00\",\"dateModified\":\"2025-11-26T12:43:22+00:00\",\"author\":{\"@id\":\"https:\/\/ciudadyregion.com.co\/#\/schema\/person\/04a4954373ebc4051f46e8c65ff78622\"},\"breadcrumb\":{\"@id\":\"https:\/\/ciudadyregion.com.co\/index.php\/mas-de-60-artistas-tendra-el-espectaculo-gratuito-del-encendido-del-alumbrado-navideno-en-ibague\/ibague\/#breadcrumb\"},\"inLanguage\":\"es\",\"potentialAction\":[{\"@type\":\"ReadAction\",\"target\":[\"https:\/\/ciudadyregion.com.co\/index.php\/mas-de-60-artistas-tendra-el-espectaculo-gratuito-del-encendido-del-alumbrado-navideno-en-ibague\/ibague\/\"]}]},{\"@type\":\"ImageObject\",\"inLanguage\":\"es\",\"@id\":\"https:\/\/ciudadyregion.com.co\/index.php\/mas-de-60-artistas-tendra-el-espectaculo-gratuito-del-encendido-del-alumbrado-navideno-en-ibague\/ibague\/#primaryimage\",\"url\":\"https:\/\/i0.wp.com\/ciudadyregion.com.co\/wp-content\/uploads\/2025\/11\/IBAGUE-NAVIDAD.jpg?fit=800%2C445&ssl=1\",\"contentUrl\":\"https:\/\/i0.wp.com\/ciudadyregion.com.co\/wp-content\/uploads\/2025\/11\/IBAGUE-NAVIDAD.jpg?fit=800%2C445&ssl=1\",\"width\":800,\"height\":445},{\"@type\":\"BreadcrumbList\",\"@id\":\"https:\/\/ciudadyregion.com.co\/index.php\/mas-de-60-artistas-tendra-el-espectaculo-gratuito-del-encendido-del-alumbrado-navideno-en-ibague\/ibague\/#breadcrumb\",\"itemListElement\":[{\"@type\":\"ListItem\",\"position\":1,\"name\":\"Portada\",\"item\":\"https:\/\/ciudadyregion.com.co\/\"},{\"@type\":\"ListItem\",\"position\":2,\"name\":\"M\u00e1s de 60 artistas tendr\u00e1 el espect\u00e1culo gratuito del encendido del alumbrado navide\u00f1o en Ibagu\u00e9\"}]},{\"@type\":\"WebSite\",\"@id\":\"https:\/\/ciudadyregion.com.co\/#website\",\"url\":\"https:\/\/ciudadyregion.com.co\/\",\"name\":\"Ciudad y Region\",\"description\":\"\",\"potentialAction\":[{\"@type\":\"SearchAction\",\"target\":{\"@type\":\"EntryPoint\",\"urlTemplate\":\"https:\/\/ciudadyregion.com.co\/?s={search_term_string}\"},\"query-input\":{\"@type\":\"PropertyValueSpecification\",\"valueRequired\":true,\"valueName\":\"search_term_string\"}}],\"inLanguage\":\"es\"},{\"@type\":\"Person\",\"@id\":\"https:\/\/ciudadyregion.com.co\/#\/schema\/person\/04a4954373ebc4051f46e8c65ff78622\",\"name\":\"David Andr\u00e9s Aguirre\",\"image\":{\"@type\":\"ImageObject\",\"inLanguage\":\"es\",\"@id\":\"https:\/\/ciudadyregion.com.co\/#\/schema\/person\/image\/\",\"url\":\"https:\/\/secure.gravatar.com\/avatar\/bc3c655860202182ee6d1b5edd042dbe?s=96&d=mm&r=g\",\"contentUrl\":\"https:\/\/secure.gravatar.com\/avatar\/bc3c655860202182ee6d1b5edd042dbe?s=96&d=mm&r=g\",\"caption\":\"David Andr\u00e9s Aguirre\"},\"url\":\"https:\/\/ciudadyregion.com.co\/index.php\/author\/diegoaguirre\/\"}]}<\/script>\n<!-- \/ Yoast SEO plugin. -->","yoast_head_json":{"title":"M\u00e1s de 60 artistas tendr\u00e1 el espect\u00e1culo gratuito del encendido del alumbrado navide\u00f1o en Ibagu\u00e9 - Ciudad y Region","robots":{"index":"index","follow":"follow","max-snippet":"max-snippet:-1","max-image-preview":"max-image-preview:large","max-video-preview":"max-video-preview:-1"},"canonical":"https:\/\/ciudadyregion.com.co\/index.php\/mas-de-60-artistas-tendra-el-espectaculo-gratuito-del-encendido-del-alumbrado-navideno-en-ibague\/ibague\/","og_locale":"es_ES","og_type":"article","og_title":"M\u00e1s de 60 artistas tendr\u00e1 el espect\u00e1culo gratuito del encendido del alumbrado navide\u00f1o en Ibagu\u00e9 - Ciudad y Region","og_description":"La Alcald\u00eda prepara una variada programaci\u00f3n para grandes y chicos el viernes 5 de diciembre en el Parque Murillo Toro.: Con un montaje que reunir\u00e1 a m\u00e1s de 60 artistas, Ibagu\u00e9 se prepara para ofrecer un espect\u00e1culo navide\u00f1o dise\u00f1ado para alegrar a todas las familias. Circo, teatro, danza, coreograf\u00edas tem\u00e1ticas,Continuar Leyendo","og_url":"https:\/\/ciudadyregion.com.co\/index.php\/mas-de-60-artistas-tendra-el-espectaculo-gratuito-del-encendido-del-alumbrado-navideno-en-ibague\/ibague\/","og_site_name":"Ciudad y Region","article_published_time":"2025-11-26T12:43:22+00:00","og_image":[{"width":800,"height":445,"url":"https:\/\/ciudadyregion.com.co\/wp-content\/uploads\/2025\/11\/IBAGUE-NAVIDAD.jpg","type":"image\/jpeg"}],"author":"David Andr\u00e9s Aguirre","twitter_card":"summary_large_image","twitter_misc":{"Escrito por":"David Andr\u00e9s Aguirre","Tiempo de lectura":"2 minutos"},"schema":{"@context":"https:\/\/schema.org","@graph":[{"@type":"WebPage","@id":"https:\/\/ciudadyregion.com.co\/index.php\/mas-de-60-artistas-tendra-el-espectaculo-gratuito-del-encendido-del-alumbrado-navideno-en-ibague\/ibague\/","url":"https:\/\/ciudadyregion.com.co\/index.php\/mas-de-60-artistas-tendra-el-espectaculo-gratuito-del-encendido-del-alumbrado-navideno-en-ibague\/ibague\/","name":"M\u00e1s de 60 artistas tendr\u00e1 el espect\u00e1culo gratuito del encendido del alumbrado navide\u00f1o en Ibagu\u00e9 - Ciudad y Region","isPartOf":{"@id":"https:\/\/ciudadyregion.com.co\/#website"},"primaryImageOfPage":{"@id":"https:\/\/ciudadyregion.com.co\/index.php\/mas-de-60-artistas-tendra-el-espectaculo-gratuito-del-encendido-del-alumbrado-navideno-en-ibague\/ibague\/#primaryimage"},"image":{"@id":"https:\/\/ciudadyregion.com.co\/index.php\/mas-de-60-artistas-tendra-el-espectaculo-gratuito-del-encendido-del-alumbrado-navideno-en-ibague\/ibague\/#primaryimage"},"thumbnailUrl":"https:\/\/i0.wp.com\/ciudadyregion.com.co\/wp-content\/uploads\/2025\/11\/IBAGUE-NAVIDAD.jpg?fit=800%2C445&ssl=1","datePublished":"2025-11-26T12:43:22+00:00","dateModified":"2025-11-26T12:43:22+00:00","author":{"@id":"https:\/\/ciudadyregion.com.co\/#\/schema\/person\/04a4954373ebc4051f46e8c65ff78622"},"breadcrumb":{"@id":"https:\/\/ciudadyregion.com.co\/index.php\/mas-de-60-artistas-tendra-el-espectaculo-gratuito-del-encendido-del-alumbrado-navideno-en-ibague\/ibague\/#breadcrumb"},"inLanguage":"es","potentialAction":[{"@type":"ReadAction","target":["https:\/\/ciudadyregion.com.co\/index.php\/mas-de-60-artistas-tendra-el-espectaculo-gratuito-del-encendido-del-alumbrado-navideno-en-ibague\/ibague\/"]}]},{"@type":"ImageObject","inLanguage":"es","@id":"https:\/\/ciudadyregion.com.co\/index.php\/mas-de-60-artistas-tendra-el-espectaculo-gratuito-del-encendido-del-alumbrado-navideno-en-ibague\/ibague\/#primaryimage","url":"https:\/\/i0.wp.com\/ciudadyregion.com.co\/wp-content\/uploads\/2025\/11\/IBAGUE-NAVIDAD.jpg?fit=800%2C445&ssl=1","contentUrl":"https:\/\/i0.wp.com\/ciudadyregion.com.co\/wp-content\/uploads\/2025\/11\/IBAGUE-NAVIDAD.jpg?fit=800%2C445&ssl=1","width":800,"height":445},{"@type":"BreadcrumbList","@id":"https:\/\/ciudadyregion.com.co\/index.php\/mas-de-60-artistas-tendra-el-espectaculo-gratuito-del-encendido-del-alumbrado-navideno-en-ibague\/ibague\/#breadcrumb","itemListElement":[{"@type":"ListItem","position":1,"name":"Portada","item":"https:\/\/ciudadyregion.com.co\/"},{"@type":"ListItem","position":2,"name":"M\u00e1s de 60 artistas tendr\u00e1 el espect\u00e1culo gratuito del encendido del alumbrado navide\u00f1o en Ibagu\u00e9"}]},{"@type":"WebSite","@id":"https:\/\/ciudadyregion.com.co\/#website","url":"https:\/\/ciudadyregion.com.co\/","name":"Ciudad y Region","description":"","potentialAction":[{"@type":"SearchAction","target":{"@type":"EntryPoint","urlTemplate":"https:\/\/ciudadyregion.com.co\/?s={search_term_string}"},"query-input":{"@type":"PropertyValueSpecification","valueRequired":true,"valueName":"search_term_string"}}],"inLanguage":"es"},{"@type":"Person","@id":"https:\/\/ciudadyregion.com.co\/#\/schema\/person\/04a4954373ebc4051f46e8c65ff78622","name":"David Andr\u00e9s Aguirre","image":{"@type":"ImageObject","inLanguage":"es","@id":"https:\/\/ciudadyregion.com.co\/#\/schema\/person\/image\/","url":"https:\/\/secure.gravatar.com\/avatar\/bc3c655860202182ee6d1b5edd042dbe?s=96&d=mm&r=g","contentUrl":"https:\/\/secure.gravatar.com\/avatar\/bc3c655860202182ee6d1b5edd042dbe?s=96&d=mm&r=g","caption":"David Andr\u00e9s Aguirre"},"url":"https:\/\/ciudadyregion.com.co\/index.php\/author\/diegoaguirre\/"}]}},"jetpack_featured_media_url":"https:\/\/i0.wp.com\/ciudadyregion.com.co\/wp-content\/uploads\/2025\/11\/IBAGUE-NAVIDAD.jpg?fit=800%2C445&ssl=1","jetpack_sharing_enabled":true,"jetpack_shortlink":"https:\/\/wp.me\/pbS7hh-d2m","jetpack-related-posts":[],"_links":{"self":[{"href":"https:\/\/ciudadyregion.com.co\/index.php\/wp-json\/wp\/v2\/posts\/50118"}],"collection":[{"href":"https:\/\/ciudadyregion.com.co\/index.php\/wp-json\/wp\/v2\/posts"}],"about":[{"href":"https:\/\/ciudadyregion.com.co\/index.php\/wp-json\/wp\/v2\/types\/post"}],"author":[{"embeddable":true,"href":"https:\/\/ciudadyregion.com.co\/index.php\/wp-json\/wp\/v2\/users\/2"}],"replies":[{"embeddable":true,"href":"https:\/\/ciudadyregion.com.co\/index.php\/wp-json\/wp\/v2\/comments?post=50118"}],"version-history":[{"count":1,"href":"https:\/\/ciudadyregion.com.co\/index.php\/wp-json\/wp\/v2\/posts\/50118\/revisions"}],"predecessor-version":[{"id":50122,"href":"https:\/\/ciudadyregion.com.co\/index.php\/wp-json\/wp\/v2\/posts\/50118\/revisions\/50122"}],"wp:featuredmedia":[{"embeddable":true,"href":"https:\/\/ciudadyregion.com.co\/index.php\/wp-json\/wp\/v2\/media\/50121"}],"wp:attachment":[{"href":"https:\/\/ciudadyregion.com.co\/index.php\/wp-json\/wp\/v2\/media?parent=50118"}],"wp:term":[{"taxonomy":"category","embeddable":true,"href":"https:\/\/ciudadyregion.com.co\/index.php\/wp-json\/wp\/v2\/categories?post=50118"},{"taxonomy":"post_tag","embeddable":true,"href":"https:\/\/ciudadyregion.com.co\/index.php\/wp-json\/wp\/v2\/tags?post=50118"}],"curies":[{"name":"wp","href":"https:\/\/api.w.org\/{rel}","templated":true}]}}