{"id":49604,"date":"2025-11-21T04:47:02","date_gmt":"2025-11-21T09:47:02","guid":{"rendered":"https:\/\/ciudadyregion.com.co\/?p=49604"},"modified":"2025-11-21T04:47:02","modified_gmt":"2025-11-21T09:47:02","slug":"listo-decreto-que-fortalece-el-sector-de-confecciones-en-colombia","status":"publish","type":"post","link":"https:\/\/ciudadyregion.com.co\/index.php\/listo-decreto-que-fortalece-el-sector-de-confecciones-en-colombia\/nacional\/","title":{"rendered":"Listo decreto que fortalece el sector de confecciones en Colombia"},"content":{"rendered":"<p>El Gobierno nacional expidi\u00f3 el decreto 1197 que establece cero arancel para 10 subpartidas de hilados\u00a0sint\u00e9ticos y de algod\u00f3n, que son materia prima para la producci\u00f3n\u00a0textil de confecciones.<\/p>\n<p>\u200bLa medida pretende fortalecer la industria nacional del sistema\u00a0Moda, dinamizar la generaci\u00f3n de empleo y promover la formalizaci\u00f3n en\u00a0este sector relevante de la econom\u00eda colombiana.<\/p>\n<p>La norma tiene vigencia por un a\u00f1o y aplicar\u00e1\u00a0\u00fanicamente para los pa\u00edses con los que Colombia no tiene un acuerdo\u00a0comercial vigente.<\/p>\n<p>Al respecto la ministra de Comercio, Industria y Turismo, Diana Marcela Morales, explic\u00f3: \u201cLa insuficiencia en el suministro de estos insumos, sumada a los efectos\u00a0de la competencia internacional y las distorsiones de precios en los\u00a0mercados externos, amenaza con trasladar mayores costos a la industria\u00a0nacional, reducir la producci\u00f3n e impactar los puestos de trabajo. Es por\u00a0esto que decidimos implementar esta medida temporal\u00bb.<\/p>\n<h2>\u200b\u200bMensaje positivo<\/h2>\n<p>La ministra indic\u00f3 que los sectores de textiles, confecciones y calzado se\u00a0caracterizan por su gran capacidad para generar empleo formal, especialmente para las mujeres. Por lo tanto, dijo, es imperativo que, a trav\u00e9s\u00a0de la pol\u00edtica p\u00fablica, se adopten mecanismos que apoyen la producci\u00f3n\u00a0nacional de manera permanente y que, adem\u00e1s, impulsen una\u00a0competencia en igualdad de condiciones frente al producto final\u00a0importado.<\/p>\n<p>\u201cEste decreto env\u00eda un mensaje claro y positivo a un sector que es\u00a0motor fundamental para la econom\u00eda popular y la generaci\u00f3n de empleo\u00a0local\u00bb, destac\u00f3.<\/p>\n<p>Tambi\u00e9n precis\u00f3 que medida beneficia a 72.000 empresas de confecciones del pa\u00eds y\u00a0protege aproximadamente 1,5 millones de empleos directos e indirectos,\u00a0cifra que asciende hasta 2,5 millones del sistema moda en toda su\u00a0estructura ampliada.<\/p>\n<h2>Impacto\u200b\u200bs<\/h2>\n<p>Los principales impactos de esta medida ser\u00e1n:<\/p>\n<p>\u2014Desincentivar\u00e1 el contrabando, creando un entorno de competencia m\u00e1s\u00a0equitativo para los productores nacionales.<\/p>\n<p>\u200b\u2014Permitir\u00e1 que el sector de\u00a0confecciones colombiano sea m\u00e1s competitivo frente a las\u00a0plataformas y el comercio electr\u00f3nico, facilitando la expansi\u00f3n y el\u00a0acceso a nuevos mercados para las empresas locales.<\/p>\n<p>\u2014Incrementar\u00e1 la formalizaci\u00f3n, la generaci\u00f3n de empleo y el ingreso de impuestos a las arcas estatales.<\/p>\n<p>\u2014Le devolver\u00e1 optimismo y confianza a la\u00a0inversi\u00f3n en el sector, atrayendo capital y fomentando el\u00a0crecimiento de nuevas iniciativas empresariales.<\/p>\n<p>\u201cAs\u00ed, el Gobierno del Cambio reafirma su compromiso con la\u00a0reactivaci\u00f3n econ\u00f3mica y la reindustrializaci\u00f3n, apostando por un sector\u00a0de confecciones robusto, innovador y con capacidad de generar valor\u00a0agregado en toda la cadena de producci\u00f3n\u00bb, puntualiz\u00f3 la ministra Diana Marcela Morales.<\/p>\n<p>&nbsp;<\/p>\n<p><em>Con informaci\u00f3n del ministerio de Comercio, Industria y Turismo<\/em><\/p>\n","protected":false},"excerpt":{"rendered":"<p>El Gobierno nacional expidi\u00f3 el decreto 1197 que establece cero arancel para 10 subpartidas de hilados\u00a0sint\u00e9ticos y de algod\u00f3n, que son materia prima para la producci\u00f3n\u00a0textil de confecciones. \u200bLa medida pretende fortalecer la industria nacional del sistema\u00a0Moda, dinamizar la generaci\u00f3n de empleo y promover la formalizaci\u00f3n en\u00a0este sector relevante de<span class=\"more-link\"><a href=\"https:\/\/ciudadyregion.com.co\/index.php\/listo-decreto-que-fortalece-el-sector-de-confecciones-en-colombia\/nacional\/\">Continuar Leyendo<\/a><\/span><\/p>\n","protected":false},"author":2,"featured_media":49605,"comment_status":"open","ping_status":"open","sticky":false,"template":"","format":"standard","meta":{"_uf_show_specific_survey":0,"_uf_disable_surveys":false,"_jetpack_memberships_contains_paid_content":false,"footnotes":"","jetpack_publicize_message":"","jetpack_publicize_feature_enabled":true,"jetpack_social_post_already_shared":true,"jetpack_social_options":{"image_generator_settings":{"template":"highway","enabled":false},"version":2}},"categories":[23],"tags":[],"class_list":["entry","author-diegoaguirre","post-49604","post","type-post","status-publish","format-standard","has-post-thumbnail","category-nacional"],"jetpack_publicize_connections":[],"yoast_head":"<!-- This site is optimized with the Yoast SEO plugin v24.3 - https:\/\/yoast.com\/wordpress\/plugins\/seo\/ -->\n<title>Listo decreto que fortalece el sector de confecciones en Colombia - Ciudad y Region<\/title>\n<meta name=\"robots\" content=\"index, follow, max-snippet:-1, max-image-preview:large, max-video-preview:-1\" \/>\n<link rel=\"canonical\" href=\"https:\/\/ciudadyregion.com.co\/index.php\/listo-decreto-que-fortalece-el-sector-de-confecciones-en-colombia\/nacional\/\" \/>\n<meta property=\"og:locale\" content=\"es_ES\" \/>\n<meta property=\"og:type\" content=\"article\" \/>\n<meta property=\"og:title\" content=\"Listo decreto que fortalece el sector de confecciones en Colombia - Ciudad y Region\" \/>\n<meta property=\"og:description\" content=\"El Gobierno nacional expidi\u00f3 el decreto 1197 que establece cero arancel para 10 subpartidas de hilados\u00a0sint\u00e9ticos y de algod\u00f3n, que son materia prima para la producci\u00f3n\u00a0textil de confecciones. \u200bLa medida pretende fortalecer la industria nacional del sistema\u00a0Moda, dinamizar la generaci\u00f3n de empleo y promover la formalizaci\u00f3n en\u00a0este sector relevante deContinuar Leyendo\" \/>\n<meta property=\"og:url\" content=\"https:\/\/ciudadyregion.com.co\/index.php\/listo-decreto-que-fortalece-el-sector-de-confecciones-en-colombia\/nacional\/\" \/>\n<meta property=\"og:site_name\" content=\"Ciudad y Region\" \/>\n<meta property=\"article:published_time\" content=\"2025-11-21T09:47:02+00:00\" \/>\n<meta property=\"og:image\" content=\"https:\/\/ciudadyregion.com.co\/wp-content\/uploads\/2025\/11\/a-20-1.jpg\" \/>\n\t<meta property=\"og:image:width\" content=\"800\" \/>\n\t<meta property=\"og:image:height\" content=\"445\" \/>\n\t<meta property=\"og:image:type\" content=\"image\/jpeg\" \/>\n<meta name=\"author\" content=\"David Andr\u00e9s Aguirre\" \/>\n<meta name=\"twitter:card\" content=\"summary_large_image\" \/>\n<meta name=\"twitter:label1\" content=\"Escrito por\" \/>\n\t<meta name=\"twitter:data1\" content=\"David Andr\u00e9s Aguirre\" \/>\n\t<meta name=\"twitter:label2\" content=\"Tiempo de lectura\" \/>\n\t<meta name=\"twitter:data2\" content=\"3 minutos\" \/>\n<script type=\"application\/ld+json\" class=\"yoast-schema-graph\">{\"@context\":\"https:\/\/schema.org\",\"@graph\":[{\"@type\":\"WebPage\",\"@id\":\"https:\/\/ciudadyregion.com.co\/index.php\/listo-decreto-que-fortalece-el-sector-de-confecciones-en-colombia\/nacional\/\",\"url\":\"https:\/\/ciudadyregion.com.co\/index.php\/listo-decreto-que-fortalece-el-sector-de-confecciones-en-colombia\/nacional\/\",\"name\":\"Listo decreto que fortalece el sector de confecciones en Colombia - Ciudad y Region\",\"isPartOf\":{\"@id\":\"https:\/\/ciudadyregion.com.co\/#website\"},\"primaryImageOfPage\":{\"@id\":\"https:\/\/ciudadyregion.com.co\/index.php\/listo-decreto-que-fortalece-el-sector-de-confecciones-en-colombia\/nacional\/#primaryimage\"},\"image\":{\"@id\":\"https:\/\/ciudadyregion.com.co\/index.php\/listo-decreto-que-fortalece-el-sector-de-confecciones-en-colombia\/nacional\/#primaryimage\"},\"thumbnailUrl\":\"https:\/\/i0.wp.com\/ciudadyregion.com.co\/wp-content\/uploads\/2025\/11\/a-20-1.jpg?fit=800%2C445&ssl=1\",\"datePublished\":\"2025-11-21T09:47:02+00:00\",\"dateModified\":\"2025-11-21T09:47:02+00:00\",\"author\":{\"@id\":\"https:\/\/ciudadyregion.com.co\/#\/schema\/person\/04a4954373ebc4051f46e8c65ff78622\"},\"breadcrumb\":{\"@id\":\"https:\/\/ciudadyregion.com.co\/index.php\/listo-decreto-que-fortalece-el-sector-de-confecciones-en-colombia\/nacional\/#breadcrumb\"},\"inLanguage\":\"es\",\"potentialAction\":[{\"@type\":\"ReadAction\",\"target\":[\"https:\/\/ciudadyregion.com.co\/index.php\/listo-decreto-que-fortalece-el-sector-de-confecciones-en-colombia\/nacional\/\"]}]},{\"@type\":\"ImageObject\",\"inLanguage\":\"es\",\"@id\":\"https:\/\/ciudadyregion.com.co\/index.php\/listo-decreto-que-fortalece-el-sector-de-confecciones-en-colombia\/nacional\/#primaryimage\",\"url\":\"https:\/\/i0.wp.com\/ciudadyregion.com.co\/wp-content\/uploads\/2025\/11\/a-20-1.jpg?fit=800%2C445&ssl=1\",\"contentUrl\":\"https:\/\/i0.wp.com\/ciudadyregion.com.co\/wp-content\/uploads\/2025\/11\/a-20-1.jpg?fit=800%2C445&ssl=1\",\"width\":800,\"height\":445},{\"@type\":\"BreadcrumbList\",\"@id\":\"https:\/\/ciudadyregion.com.co\/index.php\/listo-decreto-que-fortalece-el-sector-de-confecciones-en-colombia\/nacional\/#breadcrumb\",\"itemListElement\":[{\"@type\":\"ListItem\",\"position\":1,\"name\":\"Portada\",\"item\":\"https:\/\/ciudadyregion.com.co\/\"},{\"@type\":\"ListItem\",\"position\":2,\"name\":\"Listo decreto que fortalece el sector de confecciones en Colombia\"}]},{\"@type\":\"WebSite\",\"@id\":\"https:\/\/ciudadyregion.com.co\/#website\",\"url\":\"https:\/\/ciudadyregion.com.co\/\",\"name\":\"Ciudad y Region\",\"description\":\"\",\"potentialAction\":[{\"@type\":\"SearchAction\",\"target\":{\"@type\":\"EntryPoint\",\"urlTemplate\":\"https:\/\/ciudadyregion.com.co\/?s={search_term_string}\"},\"query-input\":{\"@type\":\"PropertyValueSpecification\",\"valueRequired\":true,\"valueName\":\"search_term_string\"}}],\"inLanguage\":\"es\"},{\"@type\":\"Person\",\"@id\":\"https:\/\/ciudadyregion.com.co\/#\/schema\/person\/04a4954373ebc4051f46e8c65ff78622\",\"name\":\"David Andr\u00e9s Aguirre\",\"image\":{\"@type\":\"ImageObject\",\"inLanguage\":\"es\",\"@id\":\"https:\/\/ciudadyregion.com.co\/#\/schema\/person\/image\/\",\"url\":\"https:\/\/secure.gravatar.com\/avatar\/bc3c655860202182ee6d1b5edd042dbe?s=96&d=mm&r=g\",\"contentUrl\":\"https:\/\/secure.gravatar.com\/avatar\/bc3c655860202182ee6d1b5edd042dbe?s=96&d=mm&r=g\",\"caption\":\"David Andr\u00e9s Aguirre\"},\"url\":\"https:\/\/ciudadyregion.com.co\/index.php\/author\/diegoaguirre\/\"}]}<\/script>\n<!-- \/ Yoast SEO plugin. -->","yoast_head_json":{"title":"Listo decreto que fortalece el sector de confecciones en Colombia - Ciudad y Region","robots":{"index":"index","follow":"follow","max-snippet":"max-snippet:-1","max-image-preview":"max-image-preview:large","max-video-preview":"max-video-preview:-1"},"canonical":"https:\/\/ciudadyregion.com.co\/index.php\/listo-decreto-que-fortalece-el-sector-de-confecciones-en-colombia\/nacional\/","og_locale":"es_ES","og_type":"article","og_title":"Listo decreto que fortalece el sector de confecciones en Colombia - Ciudad y Region","og_description":"El Gobierno nacional expidi\u00f3 el decreto 1197 que establece cero arancel para 10 subpartidas de hilados\u00a0sint\u00e9ticos y de algod\u00f3n, que son materia prima para la producci\u00f3n\u00a0textil de confecciones. \u200bLa medida pretende fortalecer la industria nacional del sistema\u00a0Moda, dinamizar la generaci\u00f3n de empleo y promover la formalizaci\u00f3n en\u00a0este sector relevante deContinuar Leyendo","og_url":"https:\/\/ciudadyregion.com.co\/index.php\/listo-decreto-que-fortalece-el-sector-de-confecciones-en-colombia\/nacional\/","og_site_name":"Ciudad y Region","article_published_time":"2025-11-21T09:47:02+00:00","og_image":[{"width":800,"height":445,"url":"https:\/\/ciudadyregion.com.co\/wp-content\/uploads\/2025\/11\/a-20-1.jpg","type":"image\/jpeg"}],"author":"David Andr\u00e9s Aguirre","twitter_card":"summary_large_image","twitter_misc":{"Escrito por":"David Andr\u00e9s Aguirre","Tiempo de lectura":"3 minutos"},"schema":{"@context":"https:\/\/schema.org","@graph":[{"@type":"WebPage","@id":"https:\/\/ciudadyregion.com.co\/index.php\/listo-decreto-que-fortalece-el-sector-de-confecciones-en-colombia\/nacional\/","url":"https:\/\/ciudadyregion.com.co\/index.php\/listo-decreto-que-fortalece-el-sector-de-confecciones-en-colombia\/nacional\/","name":"Listo decreto que fortalece el sector de confecciones en Colombia - Ciudad y Region","isPartOf":{"@id":"https:\/\/ciudadyregion.com.co\/#website"},"primaryImageOfPage":{"@id":"https:\/\/ciudadyregion.com.co\/index.php\/listo-decreto-que-fortalece-el-sector-de-confecciones-en-colombia\/nacional\/#primaryimage"},"image":{"@id":"https:\/\/ciudadyregion.com.co\/index.php\/listo-decreto-que-fortalece-el-sector-de-confecciones-en-colombia\/nacional\/#primaryimage"},"thumbnailUrl":"https:\/\/i0.wp.com\/ciudadyregion.com.co\/wp-content\/uploads\/2025\/11\/a-20-1.jpg?fit=800%2C445&ssl=1","datePublished":"2025-11-21T09:47:02+00:00","dateModified":"2025-11-21T09:47:02+00:00","author":{"@id":"https:\/\/ciudadyregion.com.co\/#\/schema\/person\/04a4954373ebc4051f46e8c65ff78622"},"breadcrumb":{"@id":"https:\/\/ciudadyregion.com.co\/index.php\/listo-decreto-que-fortalece-el-sector-de-confecciones-en-colombia\/nacional\/#breadcrumb"},"inLanguage":"es","potentialAction":[{"@type":"ReadAction","target":["https:\/\/ciudadyregion.com.co\/index.php\/listo-decreto-que-fortalece-el-sector-de-confecciones-en-colombia\/nacional\/"]}]},{"@type":"ImageObject","inLanguage":"es","@id":"https:\/\/ciudadyregion.com.co\/index.php\/listo-decreto-que-fortalece-el-sector-de-confecciones-en-colombia\/nacional\/#primaryimage","url":"https:\/\/i0.wp.com\/ciudadyregion.com.co\/wp-content\/uploads\/2025\/11\/a-20-1.jpg?fit=800%2C445&ssl=1","contentUrl":"https:\/\/i0.wp.com\/ciudadyregion.com.co\/wp-content\/uploads\/2025\/11\/a-20-1.jpg?fit=800%2C445&ssl=1","width":800,"height":445},{"@type":"BreadcrumbList","@id":"https:\/\/ciudadyregion.com.co\/index.php\/listo-decreto-que-fortalece-el-sector-de-confecciones-en-colombia\/nacional\/#breadcrumb","itemListElement":[{"@type":"ListItem","position":1,"name":"Portada","item":"https:\/\/ciudadyregion.com.co\/"},{"@type":"ListItem","position":2,"name":"Listo decreto que fortalece el sector de confecciones en Colombia"}]},{"@type":"WebSite","@id":"https:\/\/ciudadyregion.com.co\/#website","url":"https:\/\/ciudadyregion.com.co\/","name":"Ciudad y Region","description":"","potentialAction":[{"@type":"SearchAction","target":{"@type":"EntryPoint","urlTemplate":"https:\/\/ciudadyregion.com.co\/?s={search_term_string}"},"query-input":{"@type":"PropertyValueSpecification","valueRequired":true,"valueName":"search_term_string"}}],"inLanguage":"es"},{"@type":"Person","@id":"https:\/\/ciudadyregion.com.co\/#\/schema\/person\/04a4954373ebc4051f46e8c65ff78622","name":"David Andr\u00e9s Aguirre","image":{"@type":"ImageObject","inLanguage":"es","@id":"https:\/\/ciudadyregion.com.co\/#\/schema\/person\/image\/","url":"https:\/\/secure.gravatar.com\/avatar\/bc3c655860202182ee6d1b5edd042dbe?s=96&d=mm&r=g","contentUrl":"https:\/\/secure.gravatar.com\/avatar\/bc3c655860202182ee6d1b5edd042dbe?s=96&d=mm&r=g","caption":"David Andr\u00e9s Aguirre"},"url":"https:\/\/ciudadyregion.com.co\/index.php\/author\/diegoaguirre\/"}]}},"jetpack_featured_media_url":"https:\/\/i0.wp.com\/ciudadyregion.com.co\/wp-content\/uploads\/2025\/11\/a-20-1.jpg?fit=800%2C445&ssl=1","jetpack_sharing_enabled":true,"jetpack_shortlink":"https:\/\/wp.me\/pbS7hh-cU4","jetpack-related-posts":[],"_links":{"self":[{"href":"https:\/\/ciudadyregion.com.co\/index.php\/wp-json\/wp\/v2\/posts\/49604"}],"collection":[{"href":"https:\/\/ciudadyregion.com.co\/index.php\/wp-json\/wp\/v2\/posts"}],"about":[{"href":"https:\/\/ciudadyregion.com.co\/index.php\/wp-json\/wp\/v2\/types\/post"}],"author":[{"embeddable":true,"href":"https:\/\/ciudadyregion.com.co\/index.php\/wp-json\/wp\/v2\/users\/2"}],"replies":[{"embeddable":true,"href":"https:\/\/ciudadyregion.com.co\/index.php\/wp-json\/wp\/v2\/comments?post=49604"}],"version-history":[{"count":1,"href":"https:\/\/ciudadyregion.com.co\/index.php\/wp-json\/wp\/v2\/posts\/49604\/revisions"}],"predecessor-version":[{"id":49606,"href":"https:\/\/ciudadyregion.com.co\/index.php\/wp-json\/wp\/v2\/posts\/49604\/revisions\/49606"}],"wp:featuredmedia":[{"embeddable":true,"href":"https:\/\/ciudadyregion.com.co\/index.php\/wp-json\/wp\/v2\/media\/49605"}],"wp:attachment":[{"href":"https:\/\/ciudadyregion.com.co\/index.php\/wp-json\/wp\/v2\/media?parent=49604"}],"wp:term":[{"taxonomy":"category","embeddable":true,"href":"https:\/\/ciudadyregion.com.co\/index.php\/wp-json\/wp\/v2\/categories?post=49604"},{"taxonomy":"post_tag","embeddable":true,"href":"https:\/\/ciudadyregion.com.co\/index.php\/wp-json\/wp\/v2\/tags?post=49604"}],"curies":[{"name":"wp","href":"https:\/\/api.w.org\/{rel}","templated":true}]}}