{"id":49575,"date":"2025-11-21T03:57:17","date_gmt":"2025-11-21T08:57:17","guid":{"rendered":"https:\/\/ciudadyregion.com.co\/?p=49575"},"modified":"2025-11-20T18:00:32","modified_gmt":"2025-11-20T23:00:32","slug":"condenados-responsables-de-causarles-la-muerte-a-dos-perros-en-antioquia-y-santander","status":"publish","type":"post","link":"https:\/\/ciudadyregion.com.co\/index.php\/condenados-responsables-de-causarles-la-muerte-a-dos-perros-en-antioquia-y-santander\/judicial\/","title":{"rendered":"Condenados responsables de causarles la muerte a dos perros en Antioquia y Santander"},"content":{"rendered":"<blockquote>\n<h4 class=\"p1\"><span class=\"s1\">Uno de los casos est\u00e1 relacionado con las agresiones que recibi\u00f3 una canina en v\u00eda p\u00fablica de Barrancabermeja(Santander); mientras que en el otro un hombre que cuid\u00f3 a un bulldog franc\u00e9s se lo entreg\u00f3 a la due\u00f1a en estado agonizante.<\/span><\/h4>\n<\/blockquote>\n<figure id=\"attachment_327242\" class=\"wp-caption alignleft\" aria-describedby=\"caption-attachment-327242\"><img data-recalc-dims=\"1\" loading=\"lazy\" decoding=\"async\" class=\"wp-image-327242 size-medium td-animation-stack-type0-2\" src=\"https:\/\/i0.wp.com\/www.fiscalia.gov.co\/colombia\/wp-content\/uploads\/877c6182-0f0a-41be-93b0-9a96260caa37-300x170.jpeg?resize=300%2C170&#038;ssl=1\" sizes=\"(max-width: 300px) 100vw, 300px\" srcset=\"https:\/\/www.fiscalia.gov.co\/colombia\/wp-content\/uploads\/877c6182-0f0a-41be-93b0-9a96260caa37-300x170.jpeg 300w, https:\/\/www.fiscalia.gov.co\/colombia\/wp-content\/uploads\/877c6182-0f0a-41be-93b0-9a96260caa37-1024x580.jpeg 1024w, https:\/\/www.fiscalia.gov.co\/colombia\/wp-content\/uploads\/877c6182-0f0a-41be-93b0-9a96260caa37-768x435.jpeg 768w, https:\/\/www.fiscalia.gov.co\/colombia\/wp-content\/uploads\/877c6182-0f0a-41be-93b0-9a96260caa37-1536x871.jpeg 1536w, https:\/\/www.fiscalia.gov.co\/colombia\/wp-content\/uploads\/877c6182-0f0a-41be-93b0-9a96260caa37-741x420.jpeg 741w, https:\/\/www.fiscalia.gov.co\/colombia\/wp-content\/uploads\/877c6182-0f0a-41be-93b0-9a96260caa37-696x395.jpeg 696w, https:\/\/www.fiscalia.gov.co\/colombia\/wp-content\/uploads\/877c6182-0f0a-41be-93b0-9a96260caa37-1068x605.jpeg 1068w, https:\/\/www.fiscalia.gov.co\/colombia\/wp-content\/uploads\/877c6182-0f0a-41be-93b0-9a96260caa37.jpeg 1600w\" alt=\"Se observa a Kiara, una perrita que aparece acostada. \" width=\"300\" height=\"170\" \/><figcaption id=\"caption-attachment-327242\" class=\"wp-caption-text\">Kiara, la canina v\u00edctima de maltrato animal agravado en Barrancabermeja, cuyo agresor fue condenado a 20 meses de prisi\u00f3n tras las pruebas presentadas por la Fiscal\u00eda.En atenci\u00f3n a las pruebas aportadas por la\u00a0Fiscal\u00eda General de la Naci\u00f3n, una juez penal de conocimiento conden\u00f3 a 20 meses de prisi\u00f3n a Heradis de Jes\u00fas Salas Balmaceda y lo declar\u00f3 responsable del delito de\u00a0maltrato animal agravado.<\/p>\n<p>Los hechos que se le atribuyen sucedieron el 9 de julio de 2021, en v\u00eda p\u00fablica del barrio La Victoria de\u00a0Barrancabermeja (Santander). Una canina de nombre \u2018Kiara\u2019 fue hallada en un tanque con signos de agresiones sexuales y graves lesiones que ocasionaron su muerte.<\/p>\n<p>En el curso de la investigaci\u00f3n se conoci\u00f3 que Salas Balmaceda agredi\u00f3 a \u2018Kiara\u2019 y le caus\u00f3 traumatismos que comprometieron su vida.<\/p>\n<\/figcaption><\/figure>\n<p class=\"p1\"><strong><span class=\"s3\">Condena por la muerte de \u2018Od\u00edn\u2019<\/span><\/strong><\/p>\n<figure id=\"attachment_327243\" class=\"wp-caption alignleft\" aria-describedby=\"caption-attachment-327243\"><img data-recalc-dims=\"1\" loading=\"lazy\" decoding=\"async\" class=\"wp-image-327243 size-medium td-animation-stack-type0-2\" src=\"https:\/\/i0.wp.com\/www.fiscalia.gov.co\/colombia\/wp-content\/uploads\/ce79b82b-808b-4173-9d85-1d2edbed92ed-300x226.jpeg?resize=300%2C226&#038;ssl=1\" sizes=\"(max-width: 300px) 100vw, 300px\" srcset=\"https:\/\/www.fiscalia.gov.co\/colombia\/wp-content\/uploads\/ce79b82b-808b-4173-9d85-1d2edbed92ed-300x226.jpeg 300w, https:\/\/www.fiscalia.gov.co\/colombia\/wp-content\/uploads\/ce79b82b-808b-4173-9d85-1d2edbed92ed-1024x772.jpeg 1024w, https:\/\/www.fiscalia.gov.co\/colombia\/wp-content\/uploads\/ce79b82b-808b-4173-9d85-1d2edbed92ed-768x579.jpeg 768w, https:\/\/www.fiscalia.gov.co\/colombia\/wp-content\/uploads\/ce79b82b-808b-4173-9d85-1d2edbed92ed-557x420.jpeg 557w, https:\/\/www.fiscalia.gov.co\/colombia\/wp-content\/uploads\/ce79b82b-808b-4173-9d85-1d2edbed92ed-80x60.jpeg 80w, https:\/\/www.fiscalia.gov.co\/colombia\/wp-content\/uploads\/ce79b82b-808b-4173-9d85-1d2edbed92ed-696x525.jpeg 696w, https:\/\/www.fiscalia.gov.co\/colombia\/wp-content\/uploads\/ce79b82b-808b-4173-9d85-1d2edbed92ed-1068x805.jpeg 1068w, https:\/\/www.fiscalia.gov.co\/colombia\/wp-content\/uploads\/ce79b82b-808b-4173-9d85-1d2edbed92ed.jpeg 1194w\" alt=\"Se ve a Od\u00edn, un cachorro de bulldog franc\u00e9s de pocos meses. \" width=\"300\" height=\"226\" \/><figcaption id=\"caption-attachment-327243\" class=\"wp-caption-text\">Od\u00edn, el cachorro de bulldog franc\u00e9s maltratado en Itag\u00fc\u00ed, cuyo responsable fue sentenciado a 8 meses de prisi\u00f3n por las agresiones que terminaron con su vida.De otra parte, a 8 meses de prisi\u00f3n fue condenado David Pedraza Villegas por el delito de\u00a0maltrato animal.<\/p>\n<p>El 4 de octubre de 2024, este hombre le solicit\u00f3 a una vecina suya que le permitiera cuidar a un bulldog franc\u00e9s llamado \u2018Od\u00edn\u2019, que ten\u00eda dos meses de nacido, y lo llev\u00f3 a una vivienda de\u00a0Itag\u00fc\u00ed (Antioquia).<\/p>\n<p>Finalmente, el cachorro fue devuelto a su propietaria enprecarias condiciones de salud y estado agonizante. Inmediatamente fue auxiliado y llevado a una\u00a0veterinaria, donde muri\u00f3 debido a las agresiones f\u00edsicas que presentaba.<\/p>\n<\/figcaption><\/figure>\n","protected":false},"excerpt":{"rendered":"<p>Uno de los casos est\u00e1 relacionado con las agresiones que recibi\u00f3 una canina en v\u00eda p\u00fablica de Barrancabermeja(Santander); mientras que en el otro un hombre que cuid\u00f3 a un bulldog franc\u00e9s se lo entreg\u00f3 a la due\u00f1a en estado agonizante. Kiara, la canina v\u00edctima de maltrato animal agravado en Barrancabermeja,<span class=\"more-link\"><a href=\"https:\/\/ciudadyregion.com.co\/index.php\/condenados-responsables-de-causarles-la-muerte-a-dos-perros-en-antioquia-y-santander\/judicial\/\">Continuar Leyendo<\/a><\/span><\/p>\n","protected":false},"author":2,"featured_media":49577,"comment_status":"open","ping_status":"open","sticky":false,"template":"","format":"standard","meta":{"_uf_show_specific_survey":0,"_uf_disable_surveys":false,"_jetpack_memberships_contains_paid_content":false,"footnotes":"","jetpack_publicize_message":"","jetpack_publicize_feature_enabled":true,"jetpack_social_post_already_shared":true,"jetpack_social_options":{"image_generator_settings":{"template":"highway","enabled":false},"version":2}},"categories":[18],"tags":[],"class_list":["entry","author-diegoaguirre","post-49575","post","type-post","status-publish","format-standard","has-post-thumbnail","category-judicial"],"jetpack_publicize_connections":[],"yoast_head":"<!-- This site is optimized with the Yoast SEO plugin v24.3 - https:\/\/yoast.com\/wordpress\/plugins\/seo\/ -->\n<title>Condenados responsables de causarles la muerte a dos perros en Antioquia y Santander - Ciudad y Region<\/title>\n<meta name=\"robots\" content=\"index, follow, max-snippet:-1, max-image-preview:large, max-video-preview:-1\" \/>\n<link rel=\"canonical\" href=\"https:\/\/ciudadyregion.com.co\/index.php\/condenados-responsables-de-causarles-la-muerte-a-dos-perros-en-antioquia-y-santander\/judicial\/\" \/>\n<meta property=\"og:locale\" content=\"es_ES\" \/>\n<meta property=\"og:type\" content=\"article\" \/>\n<meta property=\"og:title\" content=\"Condenados responsables de causarles la muerte a dos perros en Antioquia y Santander - Ciudad y Region\" \/>\n<meta property=\"og:description\" content=\"Uno de los casos est\u00e1 relacionado con las agresiones que recibi\u00f3 una canina en v\u00eda p\u00fablica de Barrancabermeja(Santander); mientras que en el otro un hombre que cuid\u00f3 a un bulldog franc\u00e9s se lo entreg\u00f3 a la due\u00f1a en estado agonizante. Kiara, la canina v\u00edctima de maltrato animal agravado en Barrancabermeja,Continuar Leyendo\" \/>\n<meta property=\"og:url\" content=\"https:\/\/ciudadyregion.com.co\/index.php\/condenados-responsables-de-causarles-la-muerte-a-dos-perros-en-antioquia-y-santander\/judicial\/\" \/>\n<meta property=\"og:site_name\" content=\"Ciudad y Region\" \/>\n<meta property=\"article:published_time\" content=\"2025-11-21T08:57:17+00:00\" \/>\n<meta property=\"article:modified_time\" content=\"2025-11-20T23:00:32+00:00\" \/>\n<meta property=\"og:image\" content=\"https:\/\/i0.wp.com\/ciudadyregion.com.co\/wp-content\/uploads\/2025\/11\/a-13-1.jpg?fit=800%2C445&ssl=1\" \/>\n\t<meta property=\"og:image:width\" content=\"800\" \/>\n\t<meta property=\"og:image:height\" content=\"445\" \/>\n\t<meta property=\"og:image:type\" content=\"image\/jpeg\" \/>\n<meta name=\"author\" content=\"David Andr\u00e9s Aguirre\" \/>\n<meta name=\"twitter:card\" content=\"summary_large_image\" \/>\n<meta name=\"twitter:label1\" content=\"Escrito por\" \/>\n\t<meta name=\"twitter:data1\" content=\"David Andr\u00e9s Aguirre\" \/>\n\t<meta name=\"twitter:label2\" content=\"Tiempo de lectura\" \/>\n\t<meta name=\"twitter:data2\" content=\"2 minutos\" \/>\n<script type=\"application\/ld+json\" class=\"yoast-schema-graph\">{\"@context\":\"https:\/\/schema.org\",\"@graph\":[{\"@type\":\"WebPage\",\"@id\":\"https:\/\/ciudadyregion.com.co\/index.php\/condenados-responsables-de-causarles-la-muerte-a-dos-perros-en-antioquia-y-santander\/judicial\/\",\"url\":\"https:\/\/ciudadyregion.com.co\/index.php\/condenados-responsables-de-causarles-la-muerte-a-dos-perros-en-antioquia-y-santander\/judicial\/\",\"name\":\"Condenados responsables de causarles la muerte a dos perros en Antioquia y Santander - Ciudad y Region\",\"isPartOf\":{\"@id\":\"https:\/\/ciudadyregion.com.co\/#website\"},\"primaryImageOfPage\":{\"@id\":\"https:\/\/ciudadyregion.com.co\/index.php\/condenados-responsables-de-causarles-la-muerte-a-dos-perros-en-antioquia-y-santander\/judicial\/#primaryimage\"},\"image\":{\"@id\":\"https:\/\/ciudadyregion.com.co\/index.php\/condenados-responsables-de-causarles-la-muerte-a-dos-perros-en-antioquia-y-santander\/judicial\/#primaryimage\"},\"thumbnailUrl\":\"https:\/\/i0.wp.com\/ciudadyregion.com.co\/wp-content\/uploads\/2025\/11\/a-13-1.jpg?fit=800%2C445&ssl=1\",\"datePublished\":\"2025-11-21T08:57:17+00:00\",\"dateModified\":\"2025-11-20T23:00:32+00:00\",\"author\":{\"@id\":\"https:\/\/ciudadyregion.com.co\/#\/schema\/person\/04a4954373ebc4051f46e8c65ff78622\"},\"breadcrumb\":{\"@id\":\"https:\/\/ciudadyregion.com.co\/index.php\/condenados-responsables-de-causarles-la-muerte-a-dos-perros-en-antioquia-y-santander\/judicial\/#breadcrumb\"},\"inLanguage\":\"es\",\"potentialAction\":[{\"@type\":\"ReadAction\",\"target\":[\"https:\/\/ciudadyregion.com.co\/index.php\/condenados-responsables-de-causarles-la-muerte-a-dos-perros-en-antioquia-y-santander\/judicial\/\"]}]},{\"@type\":\"ImageObject\",\"inLanguage\":\"es\",\"@id\":\"https:\/\/ciudadyregion.com.co\/index.php\/condenados-responsables-de-causarles-la-muerte-a-dos-perros-en-antioquia-y-santander\/judicial\/#primaryimage\",\"url\":\"https:\/\/i0.wp.com\/ciudadyregion.com.co\/wp-content\/uploads\/2025\/11\/a-13-1.jpg?fit=800%2C445&ssl=1\",\"contentUrl\":\"https:\/\/i0.wp.com\/ciudadyregion.com.co\/wp-content\/uploads\/2025\/11\/a-13-1.jpg?fit=800%2C445&ssl=1\",\"width\":800,\"height\":445},{\"@type\":\"BreadcrumbList\",\"@id\":\"https:\/\/ciudadyregion.com.co\/index.php\/condenados-responsables-de-causarles-la-muerte-a-dos-perros-en-antioquia-y-santander\/judicial\/#breadcrumb\",\"itemListElement\":[{\"@type\":\"ListItem\",\"position\":1,\"name\":\"Portada\",\"item\":\"https:\/\/ciudadyregion.com.co\/\"},{\"@type\":\"ListItem\",\"position\":2,\"name\":\"Condenados responsables de causarles la muerte a dos perros en Antioquia y Santander\"}]},{\"@type\":\"WebSite\",\"@id\":\"https:\/\/ciudadyregion.com.co\/#website\",\"url\":\"https:\/\/ciudadyregion.com.co\/\",\"name\":\"Ciudad y Region\",\"description\":\"\",\"potentialAction\":[{\"@type\":\"SearchAction\",\"target\":{\"@type\":\"EntryPoint\",\"urlTemplate\":\"https:\/\/ciudadyregion.com.co\/?s={search_term_string}\"},\"query-input\":{\"@type\":\"PropertyValueSpecification\",\"valueRequired\":true,\"valueName\":\"search_term_string\"}}],\"inLanguage\":\"es\"},{\"@type\":\"Person\",\"@id\":\"https:\/\/ciudadyregion.com.co\/#\/schema\/person\/04a4954373ebc4051f46e8c65ff78622\",\"name\":\"David Andr\u00e9s Aguirre\",\"image\":{\"@type\":\"ImageObject\",\"inLanguage\":\"es\",\"@id\":\"https:\/\/ciudadyregion.com.co\/#\/schema\/person\/image\/\",\"url\":\"https:\/\/secure.gravatar.com\/avatar\/bc3c655860202182ee6d1b5edd042dbe?s=96&d=mm&r=g\",\"contentUrl\":\"https:\/\/secure.gravatar.com\/avatar\/bc3c655860202182ee6d1b5edd042dbe?s=96&d=mm&r=g\",\"caption\":\"David Andr\u00e9s Aguirre\"},\"url\":\"https:\/\/ciudadyregion.com.co\/index.php\/author\/diegoaguirre\/\"}]}<\/script>\n<!-- \/ Yoast SEO plugin. -->","yoast_head_json":{"title":"Condenados responsables de causarles la muerte a dos perros en Antioquia y Santander - Ciudad y Region","robots":{"index":"index","follow":"follow","max-snippet":"max-snippet:-1","max-image-preview":"max-image-preview:large","max-video-preview":"max-video-preview:-1"},"canonical":"https:\/\/ciudadyregion.com.co\/index.php\/condenados-responsables-de-causarles-la-muerte-a-dos-perros-en-antioquia-y-santander\/judicial\/","og_locale":"es_ES","og_type":"article","og_title":"Condenados responsables de causarles la muerte a dos perros en Antioquia y Santander - Ciudad y Region","og_description":"Uno de los casos est\u00e1 relacionado con las agresiones que recibi\u00f3 una canina en v\u00eda p\u00fablica de Barrancabermeja(Santander); mientras que en el otro un hombre que cuid\u00f3 a un bulldog franc\u00e9s se lo entreg\u00f3 a la due\u00f1a en estado agonizante. Kiara, la canina v\u00edctima de maltrato animal agravado en Barrancabermeja,Continuar Leyendo","og_url":"https:\/\/ciudadyregion.com.co\/index.php\/condenados-responsables-de-causarles-la-muerte-a-dos-perros-en-antioquia-y-santander\/judicial\/","og_site_name":"Ciudad y Region","article_published_time":"2025-11-21T08:57:17+00:00","article_modified_time":"2025-11-20T23:00:32+00:00","og_image":[{"width":800,"height":445,"url":"https:\/\/i0.wp.com\/ciudadyregion.com.co\/wp-content\/uploads\/2025\/11\/a-13-1.jpg?fit=800%2C445&ssl=1","type":"image\/jpeg"}],"author":"David Andr\u00e9s Aguirre","twitter_card":"summary_large_image","twitter_misc":{"Escrito por":"David Andr\u00e9s Aguirre","Tiempo de lectura":"2 minutos"},"schema":{"@context":"https:\/\/schema.org","@graph":[{"@type":"WebPage","@id":"https:\/\/ciudadyregion.com.co\/index.php\/condenados-responsables-de-causarles-la-muerte-a-dos-perros-en-antioquia-y-santander\/judicial\/","url":"https:\/\/ciudadyregion.com.co\/index.php\/condenados-responsables-de-causarles-la-muerte-a-dos-perros-en-antioquia-y-santander\/judicial\/","name":"Condenados responsables de causarles la muerte a dos perros en Antioquia y Santander - Ciudad y Region","isPartOf":{"@id":"https:\/\/ciudadyregion.com.co\/#website"},"primaryImageOfPage":{"@id":"https:\/\/ciudadyregion.com.co\/index.php\/condenados-responsables-de-causarles-la-muerte-a-dos-perros-en-antioquia-y-santander\/judicial\/#primaryimage"},"image":{"@id":"https:\/\/ciudadyregion.com.co\/index.php\/condenados-responsables-de-causarles-la-muerte-a-dos-perros-en-antioquia-y-santander\/judicial\/#primaryimage"},"thumbnailUrl":"https:\/\/i0.wp.com\/ciudadyregion.com.co\/wp-content\/uploads\/2025\/11\/a-13-1.jpg?fit=800%2C445&ssl=1","datePublished":"2025-11-21T08:57:17+00:00","dateModified":"2025-11-20T23:00:32+00:00","author":{"@id":"https:\/\/ciudadyregion.com.co\/#\/schema\/person\/04a4954373ebc4051f46e8c65ff78622"},"breadcrumb":{"@id":"https:\/\/ciudadyregion.com.co\/index.php\/condenados-responsables-de-causarles-la-muerte-a-dos-perros-en-antioquia-y-santander\/judicial\/#breadcrumb"},"inLanguage":"es","potentialAction":[{"@type":"ReadAction","target":["https:\/\/ciudadyregion.com.co\/index.php\/condenados-responsables-de-causarles-la-muerte-a-dos-perros-en-antioquia-y-santander\/judicial\/"]}]},{"@type":"ImageObject","inLanguage":"es","@id":"https:\/\/ciudadyregion.com.co\/index.php\/condenados-responsables-de-causarles-la-muerte-a-dos-perros-en-antioquia-y-santander\/judicial\/#primaryimage","url":"https:\/\/i0.wp.com\/ciudadyregion.com.co\/wp-content\/uploads\/2025\/11\/a-13-1.jpg?fit=800%2C445&ssl=1","contentUrl":"https:\/\/i0.wp.com\/ciudadyregion.com.co\/wp-content\/uploads\/2025\/11\/a-13-1.jpg?fit=800%2C445&ssl=1","width":800,"height":445},{"@type":"BreadcrumbList","@id":"https:\/\/ciudadyregion.com.co\/index.php\/condenados-responsables-de-causarles-la-muerte-a-dos-perros-en-antioquia-y-santander\/judicial\/#breadcrumb","itemListElement":[{"@type":"ListItem","position":1,"name":"Portada","item":"https:\/\/ciudadyregion.com.co\/"},{"@type":"ListItem","position":2,"name":"Condenados responsables de causarles la muerte a dos perros en Antioquia y Santander"}]},{"@type":"WebSite","@id":"https:\/\/ciudadyregion.com.co\/#website","url":"https:\/\/ciudadyregion.com.co\/","name":"Ciudad y Region","description":"","potentialAction":[{"@type":"SearchAction","target":{"@type":"EntryPoint","urlTemplate":"https:\/\/ciudadyregion.com.co\/?s={search_term_string}"},"query-input":{"@type":"PropertyValueSpecification","valueRequired":true,"valueName":"search_term_string"}}],"inLanguage":"es"},{"@type":"Person","@id":"https:\/\/ciudadyregion.com.co\/#\/schema\/person\/04a4954373ebc4051f46e8c65ff78622","name":"David Andr\u00e9s Aguirre","image":{"@type":"ImageObject","inLanguage":"es","@id":"https:\/\/ciudadyregion.com.co\/#\/schema\/person\/image\/","url":"https:\/\/secure.gravatar.com\/avatar\/bc3c655860202182ee6d1b5edd042dbe?s=96&d=mm&r=g","contentUrl":"https:\/\/secure.gravatar.com\/avatar\/bc3c655860202182ee6d1b5edd042dbe?s=96&d=mm&r=g","caption":"David Andr\u00e9s Aguirre"},"url":"https:\/\/ciudadyregion.com.co\/index.php\/author\/diegoaguirre\/"}]}},"jetpack_featured_media_url":"https:\/\/i0.wp.com\/ciudadyregion.com.co\/wp-content\/uploads\/2025\/11\/a-13-1.jpg?fit=800%2C445&ssl=1","jetpack_sharing_enabled":true,"jetpack_shortlink":"https:\/\/wp.me\/pbS7hh-cTB","jetpack-related-posts":[],"_links":{"self":[{"href":"https:\/\/ciudadyregion.com.co\/index.php\/wp-json\/wp\/v2\/posts\/49575"}],"collection":[{"href":"https:\/\/ciudadyregion.com.co\/index.php\/wp-json\/wp\/v2\/posts"}],"about":[{"href":"https:\/\/ciudadyregion.com.co\/index.php\/wp-json\/wp\/v2\/types\/post"}],"author":[{"embeddable":true,"href":"https:\/\/ciudadyregion.com.co\/index.php\/wp-json\/wp\/v2\/users\/2"}],"replies":[{"embeddable":true,"href":"https:\/\/ciudadyregion.com.co\/index.php\/wp-json\/wp\/v2\/comments?post=49575"}],"version-history":[{"count":2,"href":"https:\/\/ciudadyregion.com.co\/index.php\/wp-json\/wp\/v2\/posts\/49575\/revisions"}],"predecessor-version":[{"id":49581,"href":"https:\/\/ciudadyregion.com.co\/index.php\/wp-json\/wp\/v2\/posts\/49575\/revisions\/49581"}],"wp:featuredmedia":[{"embeddable":true,"href":"https:\/\/ciudadyregion.com.co\/index.php\/wp-json\/wp\/v2\/media\/49577"}],"wp:attachment":[{"href":"https:\/\/ciudadyregion.com.co\/index.php\/wp-json\/wp\/v2\/media?parent=49575"}],"wp:term":[{"taxonomy":"category","embeddable":true,"href":"https:\/\/ciudadyregion.com.co\/index.php\/wp-json\/wp\/v2\/categories?post=49575"},{"taxonomy":"post_tag","embeddable":true,"href":"https:\/\/ciudadyregion.com.co\/index.php\/wp-json\/wp\/v2\/tags?post=49575"}],"curies":[{"name":"wp","href":"https:\/\/api.w.org\/{rel}","templated":true}]}}