{"id":49566,"date":"2025-11-21T04:40:08","date_gmt":"2025-11-21T09:40:08","guid":{"rendered":"https:\/\/ciudadyregion.com.co\/?p=49566"},"modified":"2025-11-20T17:41:54","modified_gmt":"2025-11-20T22:41:54","slug":"acusados-formalmente-dos-de-los-presuntos-responsables-del-crimen-de-un-comerciante-mexicano-en-medellin","status":"publish","type":"post","link":"https:\/\/ciudadyregion.com.co\/index.php\/acusados-formalmente-dos-de-los-presuntos-responsables-del-crimen-de-un-comerciante-mexicano-en-medellin\/judicial\/","title":{"rendered":"Acusados formalmente dos de los presuntos responsables del crimen de un comerciante mexicano en Medell\u00edn"},"content":{"rendered":"<blockquote>\n<h4><strong><i>Uno de los vinculados,\u00a0<\/i>Elder Jos\u00e9 Arteaga Hern\u00e1ndez,\u00a0<i>tambi\u00e9n estar\u00eda implicado en la planeaci\u00f3n y ejecuci\u00f3n del magnicidio del senador y precandidato presidencial Miguel Uribe Turbay.<\/i>\u00a0<\/strong><\/h4>\n<\/blockquote>\n<p>La\u00a0Fiscal\u00eda General\u00a0de la Naci\u00f3n acus\u00f3 formalmente a Elder Jos\u00e9 Arteaga Hern\u00e1ndez, alias El Coste\u00f1o o Chipi; y\u00a0a\u00a0David Acosta D\u00edaz, como presuntos responsables del\u00a0crimen de un\u00a0ciudadano\u00a0mexicano\u00a0perpetrado\u00a0el 30 de junio de 2024, en\u00a0el sector El Poblado, en\u00a0Medell\u00edn (Antioquia).<\/p>\n<p>La v\u00edctima, un comerciante de productos tecnol\u00f3gicos de 54 a\u00f1os, fue atacada con arma de fuego cuando se encontraba en un establecimiento\u00a0de comercio.<\/p>\n<p>Las labores investigativas evidenciaron que,\u00a0d\u00edas\u00a0antes de los hechos,\u00a0Arteaga Hern\u00e1ndez y Acosta D\u00edaz se habr\u00edan desplazado desde Bogot\u00e1\u00a0hasta\u00a0la capital antioque\u00f1a para coordinar las acciones previas a\u00a0la acci\u00f3n\u00a0sicarial.\u00a0Finalmente, de acuerdo con lo planificado, la v\u00edctima recibi\u00f3 ocho disparos.<\/p>\n<p>Por estos hechos,\u00a0los dos hombres\u00a0responder\u00e1n en juicio por los delitos de homicidio y fabricaci\u00f3n, tr\u00e1fico, porte o tenencia de armas de fuego, accesorios, partes o municiones, las dos\u00a0conductas agravadas.<\/p>\n<p>Arteaga Hern\u00e1ndez actualmente\u00a0est\u00e1\u00a0privado de la libertad por\u00a0su posible\u00a0participaci\u00f3n en el\u00a0magnicidio\u00a0del\u00a0senador y precandidato presidencial, Miguel Uribe Turbay.\u00a0Por su parte, Acosta D\u00edaz se encuentra en la c\u00e1rcel de Acac\u00edas (Meta) por otro proceso que se adelanta en su contra.<\/p>\n<p>Por el asesinato del ciudadano mexicano\u00a0fueron condenados mediante preacuerdo Antonio Rafael Herrera Escobar\u00a0y\u00a0Jhon\u00a0Fabio Prada Rico\u00a0a\u00a025 a\u00f1os de prisi\u00f3n,\u00a0y Anthony Tobar\u00a0Poncele\u00f3n\u00a0a 18 a\u00f1os de prisi\u00f3n.<\/p>\n","protected":false},"excerpt":{"rendered":"<p>Uno de los vinculados,\u00a0Elder Jos\u00e9 Arteaga Hern\u00e1ndez,\u00a0tambi\u00e9n estar\u00eda implicado en la planeaci\u00f3n y ejecuci\u00f3n del magnicidio del senador y precandidato presidencial Miguel Uribe Turbay.\u00a0 La\u00a0Fiscal\u00eda General\u00a0de la Naci\u00f3n acus\u00f3 formalmente a Elder Jos\u00e9 Arteaga Hern\u00e1ndez, alias El Coste\u00f1o o Chipi; y\u00a0a\u00a0David Acosta D\u00edaz, como presuntos responsables del\u00a0crimen de un\u00a0ciudadano\u00a0mexicano\u00a0perpetrado\u00a0el 30<span class=\"more-link\"><a href=\"https:\/\/ciudadyregion.com.co\/index.php\/acusados-formalmente-dos-de-los-presuntos-responsables-del-crimen-de-un-comerciante-mexicano-en-medellin\/judicial\/\">Continuar Leyendo<\/a><\/span><\/p>\n","protected":false},"author":2,"featured_media":678,"comment_status":"open","ping_status":"open","sticky":false,"template":"","format":"standard","meta":{"_uf_show_specific_survey":0,"_uf_disable_surveys":false,"_jetpack_memberships_contains_paid_content":false,"footnotes":"","jetpack_publicize_message":"","jetpack_publicize_feature_enabled":true,"jetpack_social_post_already_shared":true,"jetpack_social_options":{"image_generator_settings":{"template":"highway","enabled":false},"version":2}},"categories":[18],"tags":[],"class_list":["entry","author-diegoaguirre","post-49566","post","type-post","status-publish","format-standard","has-post-thumbnail","category-judicial"],"jetpack_publicize_connections":[],"yoast_head":"<!-- This site is optimized with the Yoast SEO plugin v24.3 - https:\/\/yoast.com\/wordpress\/plugins\/seo\/ -->\n<title>Acusados formalmente dos de los presuntos responsables del crimen de un comerciante mexicano en Medell\u00edn - Ciudad y Region<\/title>\n<meta name=\"robots\" content=\"index, follow, max-snippet:-1, max-image-preview:large, max-video-preview:-1\" \/>\n<link rel=\"canonical\" href=\"https:\/\/ciudadyregion.com.co\/index.php\/acusados-formalmente-dos-de-los-presuntos-responsables-del-crimen-de-un-comerciante-mexicano-en-medellin\/judicial\/\" \/>\n<meta property=\"og:locale\" content=\"es_ES\" \/>\n<meta property=\"og:type\" content=\"article\" \/>\n<meta property=\"og:title\" content=\"Acusados formalmente dos de los presuntos responsables del crimen de un comerciante mexicano en Medell\u00edn - Ciudad y Region\" \/>\n<meta property=\"og:description\" content=\"Uno de los vinculados,\u00a0Elder Jos\u00e9 Arteaga Hern\u00e1ndez,\u00a0tambi\u00e9n estar\u00eda implicado en la planeaci\u00f3n y ejecuci\u00f3n del magnicidio del senador y precandidato presidencial Miguel Uribe Turbay.\u00a0 La\u00a0Fiscal\u00eda General\u00a0de la Naci\u00f3n acus\u00f3 formalmente a Elder Jos\u00e9 Arteaga Hern\u00e1ndez, alias El Coste\u00f1o o Chipi; y\u00a0a\u00a0David Acosta D\u00edaz, como presuntos responsables del\u00a0crimen de un\u00a0ciudadano\u00a0mexicano\u00a0perpetrado\u00a0el 30Continuar Leyendo\" \/>\n<meta property=\"og:url\" content=\"https:\/\/ciudadyregion.com.co\/index.php\/acusados-formalmente-dos-de-los-presuntos-responsables-del-crimen-de-un-comerciante-mexicano-en-medellin\/judicial\/\" \/>\n<meta property=\"og:site_name\" content=\"Ciudad y Region\" \/>\n<meta property=\"article:published_time\" content=\"2025-11-21T09:40:08+00:00\" \/>\n<meta property=\"article:modified_time\" content=\"2025-11-20T22:41:54+00:00\" \/>\n<meta property=\"og:image\" content=\"https:\/\/i0.wp.com\/ciudadyregion.com.co\/wp-content\/uploads\/2023\/10\/FISCALIA.jpg?fit=800%2C445&ssl=1\" \/>\n\t<meta property=\"og:image:width\" content=\"800\" \/>\n\t<meta property=\"og:image:height\" content=\"445\" \/>\n\t<meta property=\"og:image:type\" content=\"image\/jpeg\" \/>\n<meta name=\"author\" content=\"David Andr\u00e9s Aguirre\" \/>\n<meta name=\"twitter:card\" content=\"summary_large_image\" \/>\n<meta name=\"twitter:label1\" content=\"Escrito por\" \/>\n\t<meta name=\"twitter:data1\" content=\"David Andr\u00e9s Aguirre\" \/>\n\t<meta name=\"twitter:label2\" content=\"Tiempo de lectura\" \/>\n\t<meta name=\"twitter:data2\" content=\"2 minutos\" \/>\n<script type=\"application\/ld+json\" class=\"yoast-schema-graph\">{\"@context\":\"https:\/\/schema.org\",\"@graph\":[{\"@type\":\"WebPage\",\"@id\":\"https:\/\/ciudadyregion.com.co\/index.php\/acusados-formalmente-dos-de-los-presuntos-responsables-del-crimen-de-un-comerciante-mexicano-en-medellin\/judicial\/\",\"url\":\"https:\/\/ciudadyregion.com.co\/index.php\/acusados-formalmente-dos-de-los-presuntos-responsables-del-crimen-de-un-comerciante-mexicano-en-medellin\/judicial\/\",\"name\":\"Acusados formalmente dos de los presuntos responsables del crimen de un comerciante mexicano en Medell\u00edn - Ciudad y Region\",\"isPartOf\":{\"@id\":\"https:\/\/ciudadyregion.com.co\/#website\"},\"primaryImageOfPage\":{\"@id\":\"https:\/\/ciudadyregion.com.co\/index.php\/acusados-formalmente-dos-de-los-presuntos-responsables-del-crimen-de-un-comerciante-mexicano-en-medellin\/judicial\/#primaryimage\"},\"image\":{\"@id\":\"https:\/\/ciudadyregion.com.co\/index.php\/acusados-formalmente-dos-de-los-presuntos-responsables-del-crimen-de-un-comerciante-mexicano-en-medellin\/judicial\/#primaryimage\"},\"thumbnailUrl\":\"https:\/\/i0.wp.com\/ciudadyregion.com.co\/wp-content\/uploads\/2023\/10\/FISCALIA.jpg?fit=800%2C445&ssl=1\",\"datePublished\":\"2025-11-21T09:40:08+00:00\",\"dateModified\":\"2025-11-20T22:41:54+00:00\",\"author\":{\"@id\":\"https:\/\/ciudadyregion.com.co\/#\/schema\/person\/04a4954373ebc4051f46e8c65ff78622\"},\"breadcrumb\":{\"@id\":\"https:\/\/ciudadyregion.com.co\/index.php\/acusados-formalmente-dos-de-los-presuntos-responsables-del-crimen-de-un-comerciante-mexicano-en-medellin\/judicial\/#breadcrumb\"},\"inLanguage\":\"es\",\"potentialAction\":[{\"@type\":\"ReadAction\",\"target\":[\"https:\/\/ciudadyregion.com.co\/index.php\/acusados-formalmente-dos-de-los-presuntos-responsables-del-crimen-de-un-comerciante-mexicano-en-medellin\/judicial\/\"]}]},{\"@type\":\"ImageObject\",\"inLanguage\":\"es\",\"@id\":\"https:\/\/ciudadyregion.com.co\/index.php\/acusados-formalmente-dos-de-los-presuntos-responsables-del-crimen-de-un-comerciante-mexicano-en-medellin\/judicial\/#primaryimage\",\"url\":\"https:\/\/i0.wp.com\/ciudadyregion.com.co\/wp-content\/uploads\/2023\/10\/FISCALIA.jpg?fit=800%2C445&ssl=1\",\"contentUrl\":\"https:\/\/i0.wp.com\/ciudadyregion.com.co\/wp-content\/uploads\/2023\/10\/FISCALIA.jpg?fit=800%2C445&ssl=1\",\"width\":800,\"height\":445},{\"@type\":\"BreadcrumbList\",\"@id\":\"https:\/\/ciudadyregion.com.co\/index.php\/acusados-formalmente-dos-de-los-presuntos-responsables-del-crimen-de-un-comerciante-mexicano-en-medellin\/judicial\/#breadcrumb\",\"itemListElement\":[{\"@type\":\"ListItem\",\"position\":1,\"name\":\"Portada\",\"item\":\"https:\/\/ciudadyregion.com.co\/\"},{\"@type\":\"ListItem\",\"position\":2,\"name\":\"Acusados formalmente dos de los presuntos responsables del crimen de un comerciante mexicano en Medell\u00edn\"}]},{\"@type\":\"WebSite\",\"@id\":\"https:\/\/ciudadyregion.com.co\/#website\",\"url\":\"https:\/\/ciudadyregion.com.co\/\",\"name\":\"Ciudad y Region\",\"description\":\"\",\"potentialAction\":[{\"@type\":\"SearchAction\",\"target\":{\"@type\":\"EntryPoint\",\"urlTemplate\":\"https:\/\/ciudadyregion.com.co\/?s={search_term_string}\"},\"query-input\":{\"@type\":\"PropertyValueSpecification\",\"valueRequired\":true,\"valueName\":\"search_term_string\"}}],\"inLanguage\":\"es\"},{\"@type\":\"Person\",\"@id\":\"https:\/\/ciudadyregion.com.co\/#\/schema\/person\/04a4954373ebc4051f46e8c65ff78622\",\"name\":\"David Andr\u00e9s Aguirre\",\"image\":{\"@type\":\"ImageObject\",\"inLanguage\":\"es\",\"@id\":\"https:\/\/ciudadyregion.com.co\/#\/schema\/person\/image\/\",\"url\":\"https:\/\/secure.gravatar.com\/avatar\/bc3c655860202182ee6d1b5edd042dbe?s=96&d=mm&r=g\",\"contentUrl\":\"https:\/\/secure.gravatar.com\/avatar\/bc3c655860202182ee6d1b5edd042dbe?s=96&d=mm&r=g\",\"caption\":\"David Andr\u00e9s Aguirre\"},\"url\":\"https:\/\/ciudadyregion.com.co\/index.php\/author\/diegoaguirre\/\"}]}<\/script>\n<!-- \/ Yoast SEO plugin. -->","yoast_head_json":{"title":"Acusados formalmente dos de los presuntos responsables del crimen de un comerciante mexicano en Medell\u00edn - Ciudad y Region","robots":{"index":"index","follow":"follow","max-snippet":"max-snippet:-1","max-image-preview":"max-image-preview:large","max-video-preview":"max-video-preview:-1"},"canonical":"https:\/\/ciudadyregion.com.co\/index.php\/acusados-formalmente-dos-de-los-presuntos-responsables-del-crimen-de-un-comerciante-mexicano-en-medellin\/judicial\/","og_locale":"es_ES","og_type":"article","og_title":"Acusados formalmente dos de los presuntos responsables del crimen de un comerciante mexicano en Medell\u00edn - Ciudad y Region","og_description":"Uno de los vinculados,\u00a0Elder Jos\u00e9 Arteaga Hern\u00e1ndez,\u00a0tambi\u00e9n estar\u00eda implicado en la planeaci\u00f3n y ejecuci\u00f3n del magnicidio del senador y precandidato presidencial Miguel Uribe Turbay.\u00a0 La\u00a0Fiscal\u00eda General\u00a0de la Naci\u00f3n acus\u00f3 formalmente a Elder Jos\u00e9 Arteaga Hern\u00e1ndez, alias El Coste\u00f1o o Chipi; y\u00a0a\u00a0David Acosta D\u00edaz, como presuntos responsables del\u00a0crimen de un\u00a0ciudadano\u00a0mexicano\u00a0perpetrado\u00a0el 30Continuar Leyendo","og_url":"https:\/\/ciudadyregion.com.co\/index.php\/acusados-formalmente-dos-de-los-presuntos-responsables-del-crimen-de-un-comerciante-mexicano-en-medellin\/judicial\/","og_site_name":"Ciudad y Region","article_published_time":"2025-11-21T09:40:08+00:00","article_modified_time":"2025-11-20T22:41:54+00:00","og_image":[{"width":800,"height":445,"url":"https:\/\/i0.wp.com\/ciudadyregion.com.co\/wp-content\/uploads\/2023\/10\/FISCALIA.jpg?fit=800%2C445&ssl=1","type":"image\/jpeg"}],"author":"David Andr\u00e9s Aguirre","twitter_card":"summary_large_image","twitter_misc":{"Escrito por":"David Andr\u00e9s Aguirre","Tiempo de lectura":"2 minutos"},"schema":{"@context":"https:\/\/schema.org","@graph":[{"@type":"WebPage","@id":"https:\/\/ciudadyregion.com.co\/index.php\/acusados-formalmente-dos-de-los-presuntos-responsables-del-crimen-de-un-comerciante-mexicano-en-medellin\/judicial\/","url":"https:\/\/ciudadyregion.com.co\/index.php\/acusados-formalmente-dos-de-los-presuntos-responsables-del-crimen-de-un-comerciante-mexicano-en-medellin\/judicial\/","name":"Acusados formalmente dos de los presuntos responsables del crimen de un comerciante mexicano en Medell\u00edn - Ciudad y Region","isPartOf":{"@id":"https:\/\/ciudadyregion.com.co\/#website"},"primaryImageOfPage":{"@id":"https:\/\/ciudadyregion.com.co\/index.php\/acusados-formalmente-dos-de-los-presuntos-responsables-del-crimen-de-un-comerciante-mexicano-en-medellin\/judicial\/#primaryimage"},"image":{"@id":"https:\/\/ciudadyregion.com.co\/index.php\/acusados-formalmente-dos-de-los-presuntos-responsables-del-crimen-de-un-comerciante-mexicano-en-medellin\/judicial\/#primaryimage"},"thumbnailUrl":"https:\/\/i0.wp.com\/ciudadyregion.com.co\/wp-content\/uploads\/2023\/10\/FISCALIA.jpg?fit=800%2C445&ssl=1","datePublished":"2025-11-21T09:40:08+00:00","dateModified":"2025-11-20T22:41:54+00:00","author":{"@id":"https:\/\/ciudadyregion.com.co\/#\/schema\/person\/04a4954373ebc4051f46e8c65ff78622"},"breadcrumb":{"@id":"https:\/\/ciudadyregion.com.co\/index.php\/acusados-formalmente-dos-de-los-presuntos-responsables-del-crimen-de-un-comerciante-mexicano-en-medellin\/judicial\/#breadcrumb"},"inLanguage":"es","potentialAction":[{"@type":"ReadAction","target":["https:\/\/ciudadyregion.com.co\/index.php\/acusados-formalmente-dos-de-los-presuntos-responsables-del-crimen-de-un-comerciante-mexicano-en-medellin\/judicial\/"]}]},{"@type":"ImageObject","inLanguage":"es","@id":"https:\/\/ciudadyregion.com.co\/index.php\/acusados-formalmente-dos-de-los-presuntos-responsables-del-crimen-de-un-comerciante-mexicano-en-medellin\/judicial\/#primaryimage","url":"https:\/\/i0.wp.com\/ciudadyregion.com.co\/wp-content\/uploads\/2023\/10\/FISCALIA.jpg?fit=800%2C445&ssl=1","contentUrl":"https:\/\/i0.wp.com\/ciudadyregion.com.co\/wp-content\/uploads\/2023\/10\/FISCALIA.jpg?fit=800%2C445&ssl=1","width":800,"height":445},{"@type":"BreadcrumbList","@id":"https:\/\/ciudadyregion.com.co\/index.php\/acusados-formalmente-dos-de-los-presuntos-responsables-del-crimen-de-un-comerciante-mexicano-en-medellin\/judicial\/#breadcrumb","itemListElement":[{"@type":"ListItem","position":1,"name":"Portada","item":"https:\/\/ciudadyregion.com.co\/"},{"@type":"ListItem","position":2,"name":"Acusados formalmente dos de los presuntos responsables del crimen de un comerciante mexicano en Medell\u00edn"}]},{"@type":"WebSite","@id":"https:\/\/ciudadyregion.com.co\/#website","url":"https:\/\/ciudadyregion.com.co\/","name":"Ciudad y Region","description":"","potentialAction":[{"@type":"SearchAction","target":{"@type":"EntryPoint","urlTemplate":"https:\/\/ciudadyregion.com.co\/?s={search_term_string}"},"query-input":{"@type":"PropertyValueSpecification","valueRequired":true,"valueName":"search_term_string"}}],"inLanguage":"es"},{"@type":"Person","@id":"https:\/\/ciudadyregion.com.co\/#\/schema\/person\/04a4954373ebc4051f46e8c65ff78622","name":"David Andr\u00e9s Aguirre","image":{"@type":"ImageObject","inLanguage":"es","@id":"https:\/\/ciudadyregion.com.co\/#\/schema\/person\/image\/","url":"https:\/\/secure.gravatar.com\/avatar\/bc3c655860202182ee6d1b5edd042dbe?s=96&d=mm&r=g","contentUrl":"https:\/\/secure.gravatar.com\/avatar\/bc3c655860202182ee6d1b5edd042dbe?s=96&d=mm&r=g","caption":"David Andr\u00e9s Aguirre"},"url":"https:\/\/ciudadyregion.com.co\/index.php\/author\/diegoaguirre\/"}]}},"jetpack_featured_media_url":"https:\/\/i0.wp.com\/ciudadyregion.com.co\/wp-content\/uploads\/2023\/10\/FISCALIA.jpg?fit=800%2C445&ssl=1","jetpack_sharing_enabled":true,"jetpack_shortlink":"https:\/\/wp.me\/pbS7hh-cTs","jetpack-related-posts":[],"_links":{"self":[{"href":"https:\/\/ciudadyregion.com.co\/index.php\/wp-json\/wp\/v2\/posts\/49566"}],"collection":[{"href":"https:\/\/ciudadyregion.com.co\/index.php\/wp-json\/wp\/v2\/posts"}],"about":[{"href":"https:\/\/ciudadyregion.com.co\/index.php\/wp-json\/wp\/v2\/types\/post"}],"author":[{"embeddable":true,"href":"https:\/\/ciudadyregion.com.co\/index.php\/wp-json\/wp\/v2\/users\/2"}],"replies":[{"embeddable":true,"href":"https:\/\/ciudadyregion.com.co\/index.php\/wp-json\/wp\/v2\/comments?post=49566"}],"version-history":[{"count":1,"href":"https:\/\/ciudadyregion.com.co\/index.php\/wp-json\/wp\/v2\/posts\/49566\/revisions"}],"predecessor-version":[{"id":49569,"href":"https:\/\/ciudadyregion.com.co\/index.php\/wp-json\/wp\/v2\/posts\/49566\/revisions\/49569"}],"wp:featuredmedia":[{"embeddable":true,"href":"https:\/\/ciudadyregion.com.co\/index.php\/wp-json\/wp\/v2\/media\/678"}],"wp:attachment":[{"href":"https:\/\/ciudadyregion.com.co\/index.php\/wp-json\/wp\/v2\/media?parent=49566"}],"wp:term":[{"taxonomy":"category","embeddable":true,"href":"https:\/\/ciudadyregion.com.co\/index.php\/wp-json\/wp\/v2\/categories?post=49566"},{"taxonomy":"post_tag","embeddable":true,"href":"https:\/\/ciudadyregion.com.co\/index.php\/wp-json\/wp\/v2\/tags?post=49566"}],"curies":[{"name":"wp","href":"https:\/\/api.w.org\/{rel}","templated":true}]}}