{"id":49560,"date":"2025-11-21T04:33:50","date_gmt":"2025-11-21T09:33:50","guid":{"rendered":"https:\/\/ciudadyregion.com.co\/?p=49560"},"modified":"2025-11-20T17:35:29","modified_gmt":"2025-11-20T22:35:29","slug":"lo-mato-por-no-dejarse-robar-presunto-ladron-responsable-del-asesinato-de-un-hombre-en-medio-de-un-hurto-en-turbaco-bolivar-fue-enviado-a-la-carcel","status":"publish","type":"post","link":"https:\/\/ciudadyregion.com.co\/index.php\/lo-mato-por-no-dejarse-robar-presunto-ladron-responsable-del-asesinato-de-un-hombre-en-medio-de-un-hurto-en-turbaco-bolivar-fue-enviado-a-la-carcel\/judicial\/","title":{"rendered":"Lo mat\u00f3 por no dejarse robar: Presunto ladr\u00f3n responsable del asesinato de un hombre en medio de un hurto en Turbaco (Bol\u00edvar) fue enviado a la c\u00e1rcel"},"content":{"rendered":"<p>Los elementos materiales probatorios aportados la Fiscal\u00eda General de la Naci\u00f3n permitieron\u00a0que un juez de control de garant\u00edas impusiera medida de aseguramiento contra Wilfredo G\u00f3mez Franco, por su presunta responsabilidad en el asesinato de un hombre en Turbaco (Bol\u00edvar).<\/p>\n<p>Los hechos ocurrieron el pasado 8 de octubre en una estaci\u00f3n de servicio en el barrio Villagrande de Indias.\u00a0En el lugar se encontraba un hombre de 33 a\u00f1os suministrando combustible a su motocicleta cuando, al parecer, el procesado por hurtarle sus pertenencias le dispar\u00f3. La v\u00edctima fue trasladada hasta un centro asistencial donde falleci\u00f3 por la gravedad de las lesiones.<\/p>\n<p>En el desarrollo de las audiencias preliminares, un fiscal de la Seccional Bol\u00edvar le imput\u00f3 al procesado de 23 a\u00f1os los delitos de homicidio\u00a0y hurto calificado, ambas conductas agravadas. Adem\u00e1s de fabricaci\u00f3n, tr\u00e1fico, porte o tenencia de armas de fuego, accesorios, partes o municiones. Los cargos no fueron aceptados.<\/p>\n<p>El hombre fue capturado en cumplimiento de una orden judicial, por uniformados de la Polic\u00eda Nacional en el barrio Rinc\u00f3n Guapo Poz\u00f3n de Turbaco.<\/p>\n","protected":false},"excerpt":{"rendered":"<p>Los elementos materiales probatorios aportados la Fiscal\u00eda General de la Naci\u00f3n permitieron\u00a0que un juez de control de garant\u00edas impusiera medida de aseguramiento contra Wilfredo G\u00f3mez Franco, por su presunta responsabilidad en el asesinato de un hombre en Turbaco (Bol\u00edvar). Los hechos ocurrieron el pasado 8 de octubre en una estaci\u00f3n<span class=\"more-link\"><a href=\"https:\/\/ciudadyregion.com.co\/index.php\/lo-mato-por-no-dejarse-robar-presunto-ladron-responsable-del-asesinato-de-un-hombre-en-medio-de-un-hurto-en-turbaco-bolivar-fue-enviado-a-la-carcel\/judicial\/\">Continuar Leyendo<\/a><\/span><\/p>\n","protected":false},"author":2,"featured_media":49562,"comment_status":"open","ping_status":"open","sticky":false,"template":"","format":"standard","meta":{"_uf_show_specific_survey":0,"_uf_disable_surveys":false,"_jetpack_memberships_contains_paid_content":false,"footnotes":"","jetpack_publicize_message":"","jetpack_publicize_feature_enabled":true,"jetpack_social_post_already_shared":true,"jetpack_social_options":{"image_generator_settings":{"template":"highway","enabled":false},"version":2}},"categories":[18],"tags":[],"class_list":["entry","author-diegoaguirre","post-49560","post","type-post","status-publish","format-standard","has-post-thumbnail","category-judicial"],"jetpack_publicize_connections":[],"yoast_head":"<!-- This site is optimized with the Yoast SEO plugin v24.3 - https:\/\/yoast.com\/wordpress\/plugins\/seo\/ -->\n<title>Lo mat\u00f3 por no dejarse robar: Presunto ladr\u00f3n responsable del asesinato de un hombre en medio de un hurto en Turbaco (Bol\u00edvar) fue enviado a la c\u00e1rcel - Ciudad y Region<\/title>\n<meta name=\"robots\" content=\"index, follow, max-snippet:-1, max-image-preview:large, max-video-preview:-1\" \/>\n<link rel=\"canonical\" href=\"https:\/\/ciudadyregion.com.co\/index.php\/lo-mato-por-no-dejarse-robar-presunto-ladron-responsable-del-asesinato-de-un-hombre-en-medio-de-un-hurto-en-turbaco-bolivar-fue-enviado-a-la-carcel\/judicial\/\" \/>\n<meta property=\"og:locale\" content=\"es_ES\" \/>\n<meta property=\"og:type\" content=\"article\" \/>\n<meta property=\"og:title\" content=\"Lo mat\u00f3 por no dejarse robar: Presunto ladr\u00f3n responsable del asesinato de un hombre en medio de un hurto en Turbaco (Bol\u00edvar) fue enviado a la c\u00e1rcel - Ciudad y Region\" \/>\n<meta property=\"og:description\" content=\"Los elementos materiales probatorios aportados la Fiscal\u00eda General de la Naci\u00f3n permitieron\u00a0que un juez de control de garant\u00edas impusiera medida de aseguramiento contra Wilfredo G\u00f3mez Franco, por su presunta responsabilidad en el asesinato de un hombre en Turbaco (Bol\u00edvar). Los hechos ocurrieron el pasado 8 de octubre en una estaci\u00f3nContinuar Leyendo\" \/>\n<meta property=\"og:url\" content=\"https:\/\/ciudadyregion.com.co\/index.php\/lo-mato-por-no-dejarse-robar-presunto-ladron-responsable-del-asesinato-de-un-hombre-en-medio-de-un-hurto-en-turbaco-bolivar-fue-enviado-a-la-carcel\/judicial\/\" \/>\n<meta property=\"og:site_name\" content=\"Ciudad y Region\" \/>\n<meta property=\"article:published_time\" content=\"2025-11-21T09:33:50+00:00\" \/>\n<meta property=\"article:modified_time\" content=\"2025-11-20T22:35:29+00:00\" \/>\n<meta property=\"og:image\" content=\"https:\/\/i0.wp.com\/ciudadyregion.com.co\/wp-content\/uploads\/2025\/11\/a-10-1.jpg?fit=800%2C445&ssl=1\" \/>\n\t<meta property=\"og:image:width\" content=\"800\" \/>\n\t<meta property=\"og:image:height\" content=\"445\" \/>\n\t<meta property=\"og:image:type\" content=\"image\/jpeg\" \/>\n<meta name=\"author\" content=\"David Andr\u00e9s Aguirre\" \/>\n<meta name=\"twitter:card\" content=\"summary_large_image\" \/>\n<meta name=\"twitter:label1\" content=\"Escrito por\" \/>\n\t<meta name=\"twitter:data1\" content=\"David Andr\u00e9s Aguirre\" \/>\n\t<meta name=\"twitter:label2\" content=\"Tiempo de lectura\" \/>\n\t<meta name=\"twitter:data2\" content=\"2 minutos\" \/>\n<script type=\"application\/ld+json\" class=\"yoast-schema-graph\">{\"@context\":\"https:\/\/schema.org\",\"@graph\":[{\"@type\":\"WebPage\",\"@id\":\"https:\/\/ciudadyregion.com.co\/index.php\/lo-mato-por-no-dejarse-robar-presunto-ladron-responsable-del-asesinato-de-un-hombre-en-medio-de-un-hurto-en-turbaco-bolivar-fue-enviado-a-la-carcel\/judicial\/\",\"url\":\"https:\/\/ciudadyregion.com.co\/index.php\/lo-mato-por-no-dejarse-robar-presunto-ladron-responsable-del-asesinato-de-un-hombre-en-medio-de-un-hurto-en-turbaco-bolivar-fue-enviado-a-la-carcel\/judicial\/\",\"name\":\"Lo mat\u00f3 por no dejarse robar: Presunto ladr\u00f3n responsable del asesinato de un hombre en medio de un hurto en Turbaco (Bol\u00edvar) fue enviado a la c\u00e1rcel - Ciudad y Region\",\"isPartOf\":{\"@id\":\"https:\/\/ciudadyregion.com.co\/#website\"},\"primaryImageOfPage\":{\"@id\":\"https:\/\/ciudadyregion.com.co\/index.php\/lo-mato-por-no-dejarse-robar-presunto-ladron-responsable-del-asesinato-de-un-hombre-en-medio-de-un-hurto-en-turbaco-bolivar-fue-enviado-a-la-carcel\/judicial\/#primaryimage\"},\"image\":{\"@id\":\"https:\/\/ciudadyregion.com.co\/index.php\/lo-mato-por-no-dejarse-robar-presunto-ladron-responsable-del-asesinato-de-un-hombre-en-medio-de-un-hurto-en-turbaco-bolivar-fue-enviado-a-la-carcel\/judicial\/#primaryimage\"},\"thumbnailUrl\":\"https:\/\/i0.wp.com\/ciudadyregion.com.co\/wp-content\/uploads\/2025\/11\/a-10-1.jpg?fit=800%2C445&ssl=1\",\"datePublished\":\"2025-11-21T09:33:50+00:00\",\"dateModified\":\"2025-11-20T22:35:29+00:00\",\"author\":{\"@id\":\"https:\/\/ciudadyregion.com.co\/#\/schema\/person\/04a4954373ebc4051f46e8c65ff78622\"},\"breadcrumb\":{\"@id\":\"https:\/\/ciudadyregion.com.co\/index.php\/lo-mato-por-no-dejarse-robar-presunto-ladron-responsable-del-asesinato-de-un-hombre-en-medio-de-un-hurto-en-turbaco-bolivar-fue-enviado-a-la-carcel\/judicial\/#breadcrumb\"},\"inLanguage\":\"es\",\"potentialAction\":[{\"@type\":\"ReadAction\",\"target\":[\"https:\/\/ciudadyregion.com.co\/index.php\/lo-mato-por-no-dejarse-robar-presunto-ladron-responsable-del-asesinato-de-un-hombre-en-medio-de-un-hurto-en-turbaco-bolivar-fue-enviado-a-la-carcel\/judicial\/\"]}]},{\"@type\":\"ImageObject\",\"inLanguage\":\"es\",\"@id\":\"https:\/\/ciudadyregion.com.co\/index.php\/lo-mato-por-no-dejarse-robar-presunto-ladron-responsable-del-asesinato-de-un-hombre-en-medio-de-un-hurto-en-turbaco-bolivar-fue-enviado-a-la-carcel\/judicial\/#primaryimage\",\"url\":\"https:\/\/i0.wp.com\/ciudadyregion.com.co\/wp-content\/uploads\/2025\/11\/a-10-1.jpg?fit=800%2C445&ssl=1\",\"contentUrl\":\"https:\/\/i0.wp.com\/ciudadyregion.com.co\/wp-content\/uploads\/2025\/11\/a-10-1.jpg?fit=800%2C445&ssl=1\",\"width\":800,\"height\":445},{\"@type\":\"BreadcrumbList\",\"@id\":\"https:\/\/ciudadyregion.com.co\/index.php\/lo-mato-por-no-dejarse-robar-presunto-ladron-responsable-del-asesinato-de-un-hombre-en-medio-de-un-hurto-en-turbaco-bolivar-fue-enviado-a-la-carcel\/judicial\/#breadcrumb\",\"itemListElement\":[{\"@type\":\"ListItem\",\"position\":1,\"name\":\"Portada\",\"item\":\"https:\/\/ciudadyregion.com.co\/\"},{\"@type\":\"ListItem\",\"position\":2,\"name\":\"Lo mat\u00f3 por no dejarse robar: Presunto ladr\u00f3n responsable del asesinato de un hombre en medio de un hurto en Turbaco (Bol\u00edvar) fue enviado a la c\u00e1rcel\"}]},{\"@type\":\"WebSite\",\"@id\":\"https:\/\/ciudadyregion.com.co\/#website\",\"url\":\"https:\/\/ciudadyregion.com.co\/\",\"name\":\"Ciudad y Region\",\"description\":\"\",\"potentialAction\":[{\"@type\":\"SearchAction\",\"target\":{\"@type\":\"EntryPoint\",\"urlTemplate\":\"https:\/\/ciudadyregion.com.co\/?s={search_term_string}\"},\"query-input\":{\"@type\":\"PropertyValueSpecification\",\"valueRequired\":true,\"valueName\":\"search_term_string\"}}],\"inLanguage\":\"es\"},{\"@type\":\"Person\",\"@id\":\"https:\/\/ciudadyregion.com.co\/#\/schema\/person\/04a4954373ebc4051f46e8c65ff78622\",\"name\":\"David Andr\u00e9s Aguirre\",\"image\":{\"@type\":\"ImageObject\",\"inLanguage\":\"es\",\"@id\":\"https:\/\/ciudadyregion.com.co\/#\/schema\/person\/image\/\",\"url\":\"https:\/\/secure.gravatar.com\/avatar\/bc3c655860202182ee6d1b5edd042dbe?s=96&d=mm&r=g\",\"contentUrl\":\"https:\/\/secure.gravatar.com\/avatar\/bc3c655860202182ee6d1b5edd042dbe?s=96&d=mm&r=g\",\"caption\":\"David Andr\u00e9s Aguirre\"},\"url\":\"https:\/\/ciudadyregion.com.co\/index.php\/author\/diegoaguirre\/\"}]}<\/script>\n<!-- \/ Yoast SEO plugin. -->","yoast_head_json":{"title":"Lo mat\u00f3 por no dejarse robar: Presunto ladr\u00f3n responsable del asesinato de un hombre en medio de un hurto en Turbaco (Bol\u00edvar) fue enviado a la c\u00e1rcel - Ciudad y Region","robots":{"index":"index","follow":"follow","max-snippet":"max-snippet:-1","max-image-preview":"max-image-preview:large","max-video-preview":"max-video-preview:-1"},"canonical":"https:\/\/ciudadyregion.com.co\/index.php\/lo-mato-por-no-dejarse-robar-presunto-ladron-responsable-del-asesinato-de-un-hombre-en-medio-de-un-hurto-en-turbaco-bolivar-fue-enviado-a-la-carcel\/judicial\/","og_locale":"es_ES","og_type":"article","og_title":"Lo mat\u00f3 por no dejarse robar: Presunto ladr\u00f3n responsable del asesinato de un hombre en medio de un hurto en Turbaco (Bol\u00edvar) fue enviado a la c\u00e1rcel - Ciudad y Region","og_description":"Los elementos materiales probatorios aportados la Fiscal\u00eda General de la Naci\u00f3n permitieron\u00a0que un juez de control de garant\u00edas impusiera medida de aseguramiento contra Wilfredo G\u00f3mez Franco, por su presunta responsabilidad en el asesinato de un hombre en Turbaco (Bol\u00edvar). Los hechos ocurrieron el pasado 8 de octubre en una estaci\u00f3nContinuar Leyendo","og_url":"https:\/\/ciudadyregion.com.co\/index.php\/lo-mato-por-no-dejarse-robar-presunto-ladron-responsable-del-asesinato-de-un-hombre-en-medio-de-un-hurto-en-turbaco-bolivar-fue-enviado-a-la-carcel\/judicial\/","og_site_name":"Ciudad y Region","article_published_time":"2025-11-21T09:33:50+00:00","article_modified_time":"2025-11-20T22:35:29+00:00","og_image":[{"width":800,"height":445,"url":"https:\/\/i0.wp.com\/ciudadyregion.com.co\/wp-content\/uploads\/2025\/11\/a-10-1.jpg?fit=800%2C445&ssl=1","type":"image\/jpeg"}],"author":"David Andr\u00e9s Aguirre","twitter_card":"summary_large_image","twitter_misc":{"Escrito por":"David Andr\u00e9s Aguirre","Tiempo de lectura":"2 minutos"},"schema":{"@context":"https:\/\/schema.org","@graph":[{"@type":"WebPage","@id":"https:\/\/ciudadyregion.com.co\/index.php\/lo-mato-por-no-dejarse-robar-presunto-ladron-responsable-del-asesinato-de-un-hombre-en-medio-de-un-hurto-en-turbaco-bolivar-fue-enviado-a-la-carcel\/judicial\/","url":"https:\/\/ciudadyregion.com.co\/index.php\/lo-mato-por-no-dejarse-robar-presunto-ladron-responsable-del-asesinato-de-un-hombre-en-medio-de-un-hurto-en-turbaco-bolivar-fue-enviado-a-la-carcel\/judicial\/","name":"Lo mat\u00f3 por no dejarse robar: Presunto ladr\u00f3n responsable del asesinato de un hombre en medio de un hurto en Turbaco (Bol\u00edvar) fue enviado a la c\u00e1rcel - Ciudad y Region","isPartOf":{"@id":"https:\/\/ciudadyregion.com.co\/#website"},"primaryImageOfPage":{"@id":"https:\/\/ciudadyregion.com.co\/index.php\/lo-mato-por-no-dejarse-robar-presunto-ladron-responsable-del-asesinato-de-un-hombre-en-medio-de-un-hurto-en-turbaco-bolivar-fue-enviado-a-la-carcel\/judicial\/#primaryimage"},"image":{"@id":"https:\/\/ciudadyregion.com.co\/index.php\/lo-mato-por-no-dejarse-robar-presunto-ladron-responsable-del-asesinato-de-un-hombre-en-medio-de-un-hurto-en-turbaco-bolivar-fue-enviado-a-la-carcel\/judicial\/#primaryimage"},"thumbnailUrl":"https:\/\/i0.wp.com\/ciudadyregion.com.co\/wp-content\/uploads\/2025\/11\/a-10-1.jpg?fit=800%2C445&ssl=1","datePublished":"2025-11-21T09:33:50+00:00","dateModified":"2025-11-20T22:35:29+00:00","author":{"@id":"https:\/\/ciudadyregion.com.co\/#\/schema\/person\/04a4954373ebc4051f46e8c65ff78622"},"breadcrumb":{"@id":"https:\/\/ciudadyregion.com.co\/index.php\/lo-mato-por-no-dejarse-robar-presunto-ladron-responsable-del-asesinato-de-un-hombre-en-medio-de-un-hurto-en-turbaco-bolivar-fue-enviado-a-la-carcel\/judicial\/#breadcrumb"},"inLanguage":"es","potentialAction":[{"@type":"ReadAction","target":["https:\/\/ciudadyregion.com.co\/index.php\/lo-mato-por-no-dejarse-robar-presunto-ladron-responsable-del-asesinato-de-un-hombre-en-medio-de-un-hurto-en-turbaco-bolivar-fue-enviado-a-la-carcel\/judicial\/"]}]},{"@type":"ImageObject","inLanguage":"es","@id":"https:\/\/ciudadyregion.com.co\/index.php\/lo-mato-por-no-dejarse-robar-presunto-ladron-responsable-del-asesinato-de-un-hombre-en-medio-de-un-hurto-en-turbaco-bolivar-fue-enviado-a-la-carcel\/judicial\/#primaryimage","url":"https:\/\/i0.wp.com\/ciudadyregion.com.co\/wp-content\/uploads\/2025\/11\/a-10-1.jpg?fit=800%2C445&ssl=1","contentUrl":"https:\/\/i0.wp.com\/ciudadyregion.com.co\/wp-content\/uploads\/2025\/11\/a-10-1.jpg?fit=800%2C445&ssl=1","width":800,"height":445},{"@type":"BreadcrumbList","@id":"https:\/\/ciudadyregion.com.co\/index.php\/lo-mato-por-no-dejarse-robar-presunto-ladron-responsable-del-asesinato-de-un-hombre-en-medio-de-un-hurto-en-turbaco-bolivar-fue-enviado-a-la-carcel\/judicial\/#breadcrumb","itemListElement":[{"@type":"ListItem","position":1,"name":"Portada","item":"https:\/\/ciudadyregion.com.co\/"},{"@type":"ListItem","position":2,"name":"Lo mat\u00f3 por no dejarse robar: Presunto ladr\u00f3n responsable del asesinato de un hombre en medio de un hurto en Turbaco (Bol\u00edvar) fue enviado a la c\u00e1rcel"}]},{"@type":"WebSite","@id":"https:\/\/ciudadyregion.com.co\/#website","url":"https:\/\/ciudadyregion.com.co\/","name":"Ciudad y Region","description":"","potentialAction":[{"@type":"SearchAction","target":{"@type":"EntryPoint","urlTemplate":"https:\/\/ciudadyregion.com.co\/?s={search_term_string}"},"query-input":{"@type":"PropertyValueSpecification","valueRequired":true,"valueName":"search_term_string"}}],"inLanguage":"es"},{"@type":"Person","@id":"https:\/\/ciudadyregion.com.co\/#\/schema\/person\/04a4954373ebc4051f46e8c65ff78622","name":"David Andr\u00e9s Aguirre","image":{"@type":"ImageObject","inLanguage":"es","@id":"https:\/\/ciudadyregion.com.co\/#\/schema\/person\/image\/","url":"https:\/\/secure.gravatar.com\/avatar\/bc3c655860202182ee6d1b5edd042dbe?s=96&d=mm&r=g","contentUrl":"https:\/\/secure.gravatar.com\/avatar\/bc3c655860202182ee6d1b5edd042dbe?s=96&d=mm&r=g","caption":"David Andr\u00e9s Aguirre"},"url":"https:\/\/ciudadyregion.com.co\/index.php\/author\/diegoaguirre\/"}]}},"jetpack_featured_media_url":"https:\/\/i0.wp.com\/ciudadyregion.com.co\/wp-content\/uploads\/2025\/11\/a-10-1.jpg?fit=800%2C445&ssl=1","jetpack_sharing_enabled":true,"jetpack_shortlink":"https:\/\/wp.me\/pbS7hh-cTm","jetpack-related-posts":[],"_links":{"self":[{"href":"https:\/\/ciudadyregion.com.co\/index.php\/wp-json\/wp\/v2\/posts\/49560"}],"collection":[{"href":"https:\/\/ciudadyregion.com.co\/index.php\/wp-json\/wp\/v2\/posts"}],"about":[{"href":"https:\/\/ciudadyregion.com.co\/index.php\/wp-json\/wp\/v2\/types\/post"}],"author":[{"embeddable":true,"href":"https:\/\/ciudadyregion.com.co\/index.php\/wp-json\/wp\/v2\/users\/2"}],"replies":[{"embeddable":true,"href":"https:\/\/ciudadyregion.com.co\/index.php\/wp-json\/wp\/v2\/comments?post=49560"}],"version-history":[{"count":1,"href":"https:\/\/ciudadyregion.com.co\/index.php\/wp-json\/wp\/v2\/posts\/49560\/revisions"}],"predecessor-version":[{"id":49563,"href":"https:\/\/ciudadyregion.com.co\/index.php\/wp-json\/wp\/v2\/posts\/49560\/revisions\/49563"}],"wp:featuredmedia":[{"embeddable":true,"href":"https:\/\/ciudadyregion.com.co\/index.php\/wp-json\/wp\/v2\/media\/49562"}],"wp:attachment":[{"href":"https:\/\/ciudadyregion.com.co\/index.php\/wp-json\/wp\/v2\/media?parent=49560"}],"wp:term":[{"taxonomy":"category","embeddable":true,"href":"https:\/\/ciudadyregion.com.co\/index.php\/wp-json\/wp\/v2\/categories?post=49560"},{"taxonomy":"post_tag","embeddable":true,"href":"https:\/\/ciudadyregion.com.co\/index.php\/wp-json\/wp\/v2\/tags?post=49560"}],"curies":[{"name":"wp","href":"https:\/\/api.w.org\/{rel}","templated":true}]}}