{"id":49071,"date":"2025-11-12T04:33:51","date_gmt":"2025-11-12T09:33:51","guid":{"rendered":"https:\/\/ciudadyregion.com.co\/?p=49071"},"modified":"2025-11-12T05:45:41","modified_gmt":"2025-11-12T10:45:41","slug":"senador-fabian-diaz-interpone-tutela-para-exigir-que-se-agende-el-debate-de-la-reforma-a-la-salud-en-la-comision-septima-del-senado","status":"publish","type":"post","link":"https:\/\/ciudadyregion.com.co\/index.php\/senador-fabian-diaz-interpone-tutela-para-exigir-que-se-agende-el-debate-de-la-reforma-a-la-salud-en-la-comision-septima-del-senado\/politica\/","title":{"rendered":"Senador Fabi\u00e1n D\u00edaz interpone tutela para exigir que se agende el debate de la reforma a la salud en la Comisi\u00f3n S\u00e9ptima del Senado"},"content":{"rendered":"<p>La discusi\u00f3n por la reforma a la salud sigue generando tensiones en el Congreso. El senador de la Alianza Verde, Fabi\u00e1n D\u00edaz, present\u00f3 una acci\u00f3n de tutela contra la mesa directiva de la Comisi\u00f3n S\u00e9ptima del Senado, argumentando que esta ha incumplido su deber de agendar el debate del proyecto, pese al mensaje de urgencia y la reiterada insistencia del Gobierno Nacional.<\/p>\n<p>En el recurso, el congresista sostiene que la inactividad de la mesa directiva vulnera el derecho al debido proceso legislativo y la funci\u00f3n del Congreso de tramitar las iniciativas con celeridad, especialmente cuando el Ejecutivo ha solicitado tr\u00e1mite prioritario.<\/p>\n<p>D\u00edaz pidi\u00f3 al juez que imparta una medida cautelar que ordene incluir la discusi\u00f3n de la reforma como \u00fanico punto del orden del d\u00eda en la sesi\u00f3n prevista para este mi\u00e9rcoles y en las siguientes, hasta que el proyecto avance conforme al procedimiento constitucional.<\/p>\n<p>La tutela se presenta en medio de la creciente polarizaci\u00f3n pol\u00edtica alrededor de la reforma, uno de los ejes centrales de la agenda social del Gobierno. Mientras tanto, el tr\u00e1mite del proyecto contin\u00faa suspendido, a la espera de una decisi\u00f3n judicial o de una nueva convocatoria de la comisi\u00f3n.<\/p>\n","protected":false},"excerpt":{"rendered":"<p>La discusi\u00f3n por la reforma a la salud sigue generando tensiones en el Congreso. El senador de la Alianza Verde, Fabi\u00e1n D\u00edaz, present\u00f3 una acci\u00f3n de tutela contra la mesa directiva de la Comisi\u00f3n S\u00e9ptima del Senado, argumentando que esta ha incumplido su deber de agendar el debate del proyecto,<span class=\"more-link\"><a href=\"https:\/\/ciudadyregion.com.co\/index.php\/senador-fabian-diaz-interpone-tutela-para-exigir-que-se-agende-el-debate-de-la-reforma-a-la-salud-en-la-comision-septima-del-senado\/politica\/\">Continuar Leyendo<\/a><\/span><\/p>\n","protected":false},"author":2,"featured_media":49072,"comment_status":"open","ping_status":"open","sticky":false,"template":"","format":"standard","meta":{"_uf_show_specific_survey":0,"_uf_disable_surveys":false,"_jetpack_memberships_contains_paid_content":false,"footnotes":"","jetpack_publicize_message":"","jetpack_publicize_feature_enabled":true,"jetpack_social_post_already_shared":true,"jetpack_social_options":{"image_generator_settings":{"template":"highway","enabled":false},"version":2}},"categories":[17],"tags":[],"class_list":["entry","author-diegoaguirre","post-49071","post","type-post","status-publish","format-standard","has-post-thumbnail","category-politica"],"jetpack_publicize_connections":[],"yoast_head":"<!-- This site is optimized with the Yoast SEO plugin v24.3 - https:\/\/yoast.com\/wordpress\/plugins\/seo\/ -->\n<title>Senador Fabi\u00e1n D\u00edaz interpone tutela para exigir que se agende el debate de la reforma a la salud en la Comisi\u00f3n S\u00e9ptima del Senado - Ciudad y Region<\/title>\n<meta name=\"robots\" content=\"index, follow, max-snippet:-1, max-image-preview:large, max-video-preview:-1\" \/>\n<link rel=\"canonical\" href=\"https:\/\/ciudadyregion.com.co\/index.php\/senador-fabian-diaz-interpone-tutela-para-exigir-que-se-agende-el-debate-de-la-reforma-a-la-salud-en-la-comision-septima-del-senado\/politica\/\" \/>\n<meta property=\"og:locale\" content=\"es_ES\" \/>\n<meta property=\"og:type\" content=\"article\" \/>\n<meta property=\"og:title\" content=\"Senador Fabi\u00e1n D\u00edaz interpone tutela para exigir que se agende el debate de la reforma a la salud en la Comisi\u00f3n S\u00e9ptima del Senado - Ciudad y Region\" \/>\n<meta property=\"og:description\" content=\"La discusi\u00f3n por la reforma a la salud sigue generando tensiones en el Congreso. El senador de la Alianza Verde, Fabi\u00e1n D\u00edaz, present\u00f3 una acci\u00f3n de tutela contra la mesa directiva de la Comisi\u00f3n S\u00e9ptima del Senado, argumentando que esta ha incumplido su deber de agendar el debate del proyecto,Continuar Leyendo\" \/>\n<meta property=\"og:url\" content=\"https:\/\/ciudadyregion.com.co\/index.php\/senador-fabian-diaz-interpone-tutela-para-exigir-que-se-agende-el-debate-de-la-reforma-a-la-salud-en-la-comision-septima-del-senado\/politica\/\" \/>\n<meta property=\"og:site_name\" content=\"Ciudad y Region\" \/>\n<meta property=\"article:published_time\" content=\"2025-11-12T09:33:51+00:00\" \/>\n<meta property=\"article:modified_time\" content=\"2025-11-12T10:45:41+00:00\" \/>\n<meta property=\"og:image\" content=\"https:\/\/ciudadyregion.com.co\/wp-content\/uploads\/2025\/11\/Pag-2025-11-11T123214.906.jpg\" \/>\n\t<meta property=\"og:image:width\" content=\"800\" \/>\n\t<meta property=\"og:image:height\" content=\"445\" \/>\n\t<meta property=\"og:image:type\" content=\"image\/jpeg\" \/>\n<meta name=\"author\" content=\"David Andr\u00e9s Aguirre\" \/>\n<meta name=\"twitter:card\" content=\"summary_large_image\" \/>\n<meta name=\"twitter:label1\" content=\"Escrito por\" \/>\n\t<meta name=\"twitter:data1\" content=\"David Andr\u00e9s Aguirre\" \/>\n\t<meta name=\"twitter:label2\" content=\"Tiempo de lectura\" \/>\n\t<meta name=\"twitter:data2\" content=\"2 minutos\" \/>\n<script type=\"application\/ld+json\" class=\"yoast-schema-graph\">{\"@context\":\"https:\/\/schema.org\",\"@graph\":[{\"@type\":\"WebPage\",\"@id\":\"https:\/\/ciudadyregion.com.co\/index.php\/senador-fabian-diaz-interpone-tutela-para-exigir-que-se-agende-el-debate-de-la-reforma-a-la-salud-en-la-comision-septima-del-senado\/politica\/\",\"url\":\"https:\/\/ciudadyregion.com.co\/index.php\/senador-fabian-diaz-interpone-tutela-para-exigir-que-se-agende-el-debate-de-la-reforma-a-la-salud-en-la-comision-septima-del-senado\/politica\/\",\"name\":\"Senador Fabi\u00e1n D\u00edaz interpone tutela para exigir que se agende el debate de la reforma a la salud en la Comisi\u00f3n S\u00e9ptima del Senado - Ciudad y Region\",\"isPartOf\":{\"@id\":\"https:\/\/ciudadyregion.com.co\/#website\"},\"primaryImageOfPage\":{\"@id\":\"https:\/\/ciudadyregion.com.co\/index.php\/senador-fabian-diaz-interpone-tutela-para-exigir-que-se-agende-el-debate-de-la-reforma-a-la-salud-en-la-comision-septima-del-senado\/politica\/#primaryimage\"},\"image\":{\"@id\":\"https:\/\/ciudadyregion.com.co\/index.php\/senador-fabian-diaz-interpone-tutela-para-exigir-que-se-agende-el-debate-de-la-reforma-a-la-salud-en-la-comision-septima-del-senado\/politica\/#primaryimage\"},\"thumbnailUrl\":\"https:\/\/i0.wp.com\/ciudadyregion.com.co\/wp-content\/uploads\/2025\/11\/Pag-2025-11-11T123214.906.jpg?fit=800%2C445&ssl=1\",\"datePublished\":\"2025-11-12T09:33:51+00:00\",\"dateModified\":\"2025-11-12T10:45:41+00:00\",\"author\":{\"@id\":\"https:\/\/ciudadyregion.com.co\/#\/schema\/person\/04a4954373ebc4051f46e8c65ff78622\"},\"breadcrumb\":{\"@id\":\"https:\/\/ciudadyregion.com.co\/index.php\/senador-fabian-diaz-interpone-tutela-para-exigir-que-se-agende-el-debate-de-la-reforma-a-la-salud-en-la-comision-septima-del-senado\/politica\/#breadcrumb\"},\"inLanguage\":\"es\",\"potentialAction\":[{\"@type\":\"ReadAction\",\"target\":[\"https:\/\/ciudadyregion.com.co\/index.php\/senador-fabian-diaz-interpone-tutela-para-exigir-que-se-agende-el-debate-de-la-reforma-a-la-salud-en-la-comision-septima-del-senado\/politica\/\"]}]},{\"@type\":\"ImageObject\",\"inLanguage\":\"es\",\"@id\":\"https:\/\/ciudadyregion.com.co\/index.php\/senador-fabian-diaz-interpone-tutela-para-exigir-que-se-agende-el-debate-de-la-reforma-a-la-salud-en-la-comision-septima-del-senado\/politica\/#primaryimage\",\"url\":\"https:\/\/i0.wp.com\/ciudadyregion.com.co\/wp-content\/uploads\/2025\/11\/Pag-2025-11-11T123214.906.jpg?fit=800%2C445&ssl=1\",\"contentUrl\":\"https:\/\/i0.wp.com\/ciudadyregion.com.co\/wp-content\/uploads\/2025\/11\/Pag-2025-11-11T123214.906.jpg?fit=800%2C445&ssl=1\",\"width\":800,\"height\":445},{\"@type\":\"BreadcrumbList\",\"@id\":\"https:\/\/ciudadyregion.com.co\/index.php\/senador-fabian-diaz-interpone-tutela-para-exigir-que-se-agende-el-debate-de-la-reforma-a-la-salud-en-la-comision-septima-del-senado\/politica\/#breadcrumb\",\"itemListElement\":[{\"@type\":\"ListItem\",\"position\":1,\"name\":\"Portada\",\"item\":\"https:\/\/ciudadyregion.com.co\/\"},{\"@type\":\"ListItem\",\"position\":2,\"name\":\"Senador Fabi\u00e1n D\u00edaz interpone tutela para exigir que se agende el debate de la reforma a la salud en la Comisi\u00f3n S\u00e9ptima del Senado\"}]},{\"@type\":\"WebSite\",\"@id\":\"https:\/\/ciudadyregion.com.co\/#website\",\"url\":\"https:\/\/ciudadyregion.com.co\/\",\"name\":\"Ciudad y Region\",\"description\":\"\",\"potentialAction\":[{\"@type\":\"SearchAction\",\"target\":{\"@type\":\"EntryPoint\",\"urlTemplate\":\"https:\/\/ciudadyregion.com.co\/?s={search_term_string}\"},\"query-input\":{\"@type\":\"PropertyValueSpecification\",\"valueRequired\":true,\"valueName\":\"search_term_string\"}}],\"inLanguage\":\"es\"},{\"@type\":\"Person\",\"@id\":\"https:\/\/ciudadyregion.com.co\/#\/schema\/person\/04a4954373ebc4051f46e8c65ff78622\",\"name\":\"David Andr\u00e9s Aguirre\",\"image\":{\"@type\":\"ImageObject\",\"inLanguage\":\"es\",\"@id\":\"https:\/\/ciudadyregion.com.co\/#\/schema\/person\/image\/\",\"url\":\"https:\/\/secure.gravatar.com\/avatar\/bc3c655860202182ee6d1b5edd042dbe?s=96&d=mm&r=g\",\"contentUrl\":\"https:\/\/secure.gravatar.com\/avatar\/bc3c655860202182ee6d1b5edd042dbe?s=96&d=mm&r=g\",\"caption\":\"David Andr\u00e9s Aguirre\"},\"url\":\"https:\/\/ciudadyregion.com.co\/index.php\/author\/diegoaguirre\/\"}]}<\/script>\n<!-- \/ Yoast SEO plugin. -->","yoast_head_json":{"title":"Senador Fabi\u00e1n D\u00edaz interpone tutela para exigir que se agende el debate de la reforma a la salud en la Comisi\u00f3n S\u00e9ptima del Senado - Ciudad y Region","robots":{"index":"index","follow":"follow","max-snippet":"max-snippet:-1","max-image-preview":"max-image-preview:large","max-video-preview":"max-video-preview:-1"},"canonical":"https:\/\/ciudadyregion.com.co\/index.php\/senador-fabian-diaz-interpone-tutela-para-exigir-que-se-agende-el-debate-de-la-reforma-a-la-salud-en-la-comision-septima-del-senado\/politica\/","og_locale":"es_ES","og_type":"article","og_title":"Senador Fabi\u00e1n D\u00edaz interpone tutela para exigir que se agende el debate de la reforma a la salud en la Comisi\u00f3n S\u00e9ptima del Senado - Ciudad y Region","og_description":"La discusi\u00f3n por la reforma a la salud sigue generando tensiones en el Congreso. El senador de la Alianza Verde, Fabi\u00e1n D\u00edaz, present\u00f3 una acci\u00f3n de tutela contra la mesa directiva de la Comisi\u00f3n S\u00e9ptima del Senado, argumentando que esta ha incumplido su deber de agendar el debate del proyecto,Continuar Leyendo","og_url":"https:\/\/ciudadyregion.com.co\/index.php\/senador-fabian-diaz-interpone-tutela-para-exigir-que-se-agende-el-debate-de-la-reforma-a-la-salud-en-la-comision-septima-del-senado\/politica\/","og_site_name":"Ciudad y Region","article_published_time":"2025-11-12T09:33:51+00:00","article_modified_time":"2025-11-12T10:45:41+00:00","og_image":[{"width":800,"height":445,"url":"https:\/\/ciudadyregion.com.co\/wp-content\/uploads\/2025\/11\/Pag-2025-11-11T123214.906.jpg","type":"image\/jpeg"}],"author":"David Andr\u00e9s Aguirre","twitter_card":"summary_large_image","twitter_misc":{"Escrito por":"David Andr\u00e9s Aguirre","Tiempo de lectura":"2 minutos"},"schema":{"@context":"https:\/\/schema.org","@graph":[{"@type":"WebPage","@id":"https:\/\/ciudadyregion.com.co\/index.php\/senador-fabian-diaz-interpone-tutela-para-exigir-que-se-agende-el-debate-de-la-reforma-a-la-salud-en-la-comision-septima-del-senado\/politica\/","url":"https:\/\/ciudadyregion.com.co\/index.php\/senador-fabian-diaz-interpone-tutela-para-exigir-que-se-agende-el-debate-de-la-reforma-a-la-salud-en-la-comision-septima-del-senado\/politica\/","name":"Senador Fabi\u00e1n D\u00edaz interpone tutela para exigir que se agende el debate de la reforma a la salud en la Comisi\u00f3n S\u00e9ptima del Senado - Ciudad y Region","isPartOf":{"@id":"https:\/\/ciudadyregion.com.co\/#website"},"primaryImageOfPage":{"@id":"https:\/\/ciudadyregion.com.co\/index.php\/senador-fabian-diaz-interpone-tutela-para-exigir-que-se-agende-el-debate-de-la-reforma-a-la-salud-en-la-comision-septima-del-senado\/politica\/#primaryimage"},"image":{"@id":"https:\/\/ciudadyregion.com.co\/index.php\/senador-fabian-diaz-interpone-tutela-para-exigir-que-se-agende-el-debate-de-la-reforma-a-la-salud-en-la-comision-septima-del-senado\/politica\/#primaryimage"},"thumbnailUrl":"https:\/\/i0.wp.com\/ciudadyregion.com.co\/wp-content\/uploads\/2025\/11\/Pag-2025-11-11T123214.906.jpg?fit=800%2C445&ssl=1","datePublished":"2025-11-12T09:33:51+00:00","dateModified":"2025-11-12T10:45:41+00:00","author":{"@id":"https:\/\/ciudadyregion.com.co\/#\/schema\/person\/04a4954373ebc4051f46e8c65ff78622"},"breadcrumb":{"@id":"https:\/\/ciudadyregion.com.co\/index.php\/senador-fabian-diaz-interpone-tutela-para-exigir-que-se-agende-el-debate-de-la-reforma-a-la-salud-en-la-comision-septima-del-senado\/politica\/#breadcrumb"},"inLanguage":"es","potentialAction":[{"@type":"ReadAction","target":["https:\/\/ciudadyregion.com.co\/index.php\/senador-fabian-diaz-interpone-tutela-para-exigir-que-se-agende-el-debate-de-la-reforma-a-la-salud-en-la-comision-septima-del-senado\/politica\/"]}]},{"@type":"ImageObject","inLanguage":"es","@id":"https:\/\/ciudadyregion.com.co\/index.php\/senador-fabian-diaz-interpone-tutela-para-exigir-que-se-agende-el-debate-de-la-reforma-a-la-salud-en-la-comision-septima-del-senado\/politica\/#primaryimage","url":"https:\/\/i0.wp.com\/ciudadyregion.com.co\/wp-content\/uploads\/2025\/11\/Pag-2025-11-11T123214.906.jpg?fit=800%2C445&ssl=1","contentUrl":"https:\/\/i0.wp.com\/ciudadyregion.com.co\/wp-content\/uploads\/2025\/11\/Pag-2025-11-11T123214.906.jpg?fit=800%2C445&ssl=1","width":800,"height":445},{"@type":"BreadcrumbList","@id":"https:\/\/ciudadyregion.com.co\/index.php\/senador-fabian-diaz-interpone-tutela-para-exigir-que-se-agende-el-debate-de-la-reforma-a-la-salud-en-la-comision-septima-del-senado\/politica\/#breadcrumb","itemListElement":[{"@type":"ListItem","position":1,"name":"Portada","item":"https:\/\/ciudadyregion.com.co\/"},{"@type":"ListItem","position":2,"name":"Senador Fabi\u00e1n D\u00edaz interpone tutela para exigir que se agende el debate de la reforma a la salud en la Comisi\u00f3n S\u00e9ptima del Senado"}]},{"@type":"WebSite","@id":"https:\/\/ciudadyregion.com.co\/#website","url":"https:\/\/ciudadyregion.com.co\/","name":"Ciudad y Region","description":"","potentialAction":[{"@type":"SearchAction","target":{"@type":"EntryPoint","urlTemplate":"https:\/\/ciudadyregion.com.co\/?s={search_term_string}"},"query-input":{"@type":"PropertyValueSpecification","valueRequired":true,"valueName":"search_term_string"}}],"inLanguage":"es"},{"@type":"Person","@id":"https:\/\/ciudadyregion.com.co\/#\/schema\/person\/04a4954373ebc4051f46e8c65ff78622","name":"David Andr\u00e9s Aguirre","image":{"@type":"ImageObject","inLanguage":"es","@id":"https:\/\/ciudadyregion.com.co\/#\/schema\/person\/image\/","url":"https:\/\/secure.gravatar.com\/avatar\/bc3c655860202182ee6d1b5edd042dbe?s=96&d=mm&r=g","contentUrl":"https:\/\/secure.gravatar.com\/avatar\/bc3c655860202182ee6d1b5edd042dbe?s=96&d=mm&r=g","caption":"David Andr\u00e9s Aguirre"},"url":"https:\/\/ciudadyregion.com.co\/index.php\/author\/diegoaguirre\/"}]}},"jetpack_featured_media_url":"https:\/\/i0.wp.com\/ciudadyregion.com.co\/wp-content\/uploads\/2025\/11\/Pag-2025-11-11T123214.906.jpg?fit=800%2C445&ssl=1","jetpack_sharing_enabled":true,"jetpack_shortlink":"https:\/\/wp.me\/pbS7hh-cLt","jetpack-related-posts":[],"_links":{"self":[{"href":"https:\/\/ciudadyregion.com.co\/index.php\/wp-json\/wp\/v2\/posts\/49071"}],"collection":[{"href":"https:\/\/ciudadyregion.com.co\/index.php\/wp-json\/wp\/v2\/posts"}],"about":[{"href":"https:\/\/ciudadyregion.com.co\/index.php\/wp-json\/wp\/v2\/types\/post"}],"author":[{"embeddable":true,"href":"https:\/\/ciudadyregion.com.co\/index.php\/wp-json\/wp\/v2\/users\/2"}],"replies":[{"embeddable":true,"href":"https:\/\/ciudadyregion.com.co\/index.php\/wp-json\/wp\/v2\/comments?post=49071"}],"version-history":[{"count":1,"href":"https:\/\/ciudadyregion.com.co\/index.php\/wp-json\/wp\/v2\/posts\/49071\/revisions"}],"predecessor-version":[{"id":49074,"href":"https:\/\/ciudadyregion.com.co\/index.php\/wp-json\/wp\/v2\/posts\/49071\/revisions\/49074"}],"wp:featuredmedia":[{"embeddable":true,"href":"https:\/\/ciudadyregion.com.co\/index.php\/wp-json\/wp\/v2\/media\/49072"}],"wp:attachment":[{"href":"https:\/\/ciudadyregion.com.co\/index.php\/wp-json\/wp\/v2\/media?parent=49071"}],"wp:term":[{"taxonomy":"category","embeddable":true,"href":"https:\/\/ciudadyregion.com.co\/index.php\/wp-json\/wp\/v2\/categories?post=49071"},{"taxonomy":"post_tag","embeddable":true,"href":"https:\/\/ciudadyregion.com.co\/index.php\/wp-json\/wp\/v2\/tags?post=49071"}],"curies":[{"name":"wp","href":"https:\/\/api.w.org\/{rel}","templated":true}]}}