{"id":49068,"date":"2025-11-12T04:31:31","date_gmt":"2025-11-12T09:31:31","guid":{"rendered":"https:\/\/ciudadyregion.com.co\/?p=49068"},"modified":"2025-11-11T12:35:24","modified_gmt":"2025-11-11T17:35:24","slug":"corte-constitucional-ordena-a-la-alcaldia-de-bogota-reubicar-en-15-dias-a-la-comunidad-embera-asentada-en-la-upi-la-rioja","status":"publish","type":"post","link":"https:\/\/ciudadyregion.com.co\/index.php\/corte-constitucional-ordena-a-la-alcaldia-de-bogota-reubicar-en-15-dias-a-la-comunidad-embera-asentada-en-la-upi-la-rioja\/regional\/","title":{"rendered":"Corte Constitucional ordena a la Alcald\u00eda de Bogot\u00e1 reubicar en 15 d\u00edas a la comunidad Ember\u00e1 asentada en la UPI La Rioja"},"content":{"rendered":"<p>La Corte Constitucional orden\u00f3 a la Alcald\u00eda de Bogot\u00e1 realizar, en un plazo m\u00e1ximo de 15 d\u00edas, el traslado de la comunidad ind\u00edgena Ember\u00e1 que permanece asentada en la Unidad de Protecci\u00f3n Integral (UPI) La Rioja, en el barrio Eduardo Santos, al considerar que este espacio no cumple con las condiciones m\u00ednimas de salubridad, seguridad ni dignidad.<\/p>\n<p>La decisi\u00f3n, adoptada por la Sala Octava de Revisi\u00f3n mediante el Auto 1734 de 2025, se fundamenta en los informes del IDIGER, la Personer\u00eda de Bogot\u00e1 y el IDIPRON, que alertaron sobre el deterioro estructural del lugar, el hacinamiento, las filtraciones de agua, la acumulaci\u00f3n de residuos y las conexiones el\u00e9ctricas improvisadas que ponen en riesgo a las familias.<\/p>\n<p>Actualmente, en la UPI La Rioja residen alrededor de 400 personas de la comunidad Ember\u00e1, entre ellas ni\u00f1os, ni\u00f1as, adolescentes, adultos mayores y mujeres gestantes, que llegaron a la capital tras ser desplazados por el conflicto armado.<\/p>\n<p>La Corte advirti\u00f3 que mantenerlos en ese lugar representa un riesgo inminente para su vida e integridad y dispuso que las autoridades distritales eval\u00faen la posibilidad de trasladarlos a la UPI La Florida, siempre que dicha reubicaci\u00f3n no afecte los programas sociales que all\u00ed se adelantan. Si esta opci\u00f3n no resulta viable, la Sociedad de Activos Especiales (SAE) deber\u00e1 identificar en un plazo de cinco d\u00edas un predio que re\u00fana las condiciones adecuadas para su traslado temporal o definitivo.<\/p>\n<p>Adem\u00e1s, la Corte orden\u00f3 medidas urgentes mientras se concreta el proceso: el IDIGER deber\u00e1 dotar de extintores el espacio y capacitar a la comunidad en su uso, as\u00ed como garantizar la limpieza de \u00e1reas comunes, el manejo adecuado del agua y el despeje de salidas de emergencia.<\/p>\n<p>La Personer\u00eda de Bogot\u00e1 deber\u00e1 acompa\u00f1ar el proceso de comunicaci\u00f3n de las decisiones judiciales a los l\u00edderes Ember\u00e1, asegurando que las instrucciones se transmitan en su lengua propia para garantizar su comprensi\u00f3n.<\/p>\n<p>El alto tribunal se\u00f1al\u00f3 que, aunque la reubicaci\u00f3n puede generar dificultades log\u00edsticas y culturales, esta medida es necesaria para salvaguardar los derechos fundamentales de los integrantes de la comunidad, especialmente la vida, la salud y la integridad personal.<\/p>\n","protected":false},"excerpt":{"rendered":"<p>La Corte Constitucional orden\u00f3 a la Alcald\u00eda de Bogot\u00e1 realizar, en un plazo m\u00e1ximo de 15 d\u00edas, el traslado de la comunidad ind\u00edgena Ember\u00e1 que permanece asentada en la Unidad de Protecci\u00f3n Integral (UPI) La Rioja, en el barrio Eduardo Santos, al considerar que este espacio no cumple con las<span class=\"more-link\"><a href=\"https:\/\/ciudadyregion.com.co\/index.php\/corte-constitucional-ordena-a-la-alcaldia-de-bogota-reubicar-en-15-dias-a-la-comunidad-embera-asentada-en-la-upi-la-rioja\/regional\/\">Continuar Leyendo<\/a><\/span><\/p>\n","protected":false},"author":2,"featured_media":49069,"comment_status":"open","ping_status":"open","sticky":false,"template":"","format":"standard","meta":{"_uf_show_specific_survey":0,"_uf_disable_surveys":false,"_jetpack_memberships_contains_paid_content":false,"footnotes":"","jetpack_publicize_message":"","jetpack_publicize_feature_enabled":true,"jetpack_social_post_already_shared":true,"jetpack_social_options":{"image_generator_settings":{"template":"highway","enabled":false},"version":2}},"categories":[13],"tags":[],"class_list":["entry","author-diegoaguirre","post-49068","post","type-post","status-publish","format-standard","has-post-thumbnail","category-regional"],"jetpack_publicize_connections":[],"yoast_head":"<!-- This site is optimized with the Yoast SEO plugin v24.3 - https:\/\/yoast.com\/wordpress\/plugins\/seo\/ -->\n<title>Corte Constitucional ordena a la Alcald\u00eda de Bogot\u00e1 reubicar en 15 d\u00edas a la comunidad Ember\u00e1 asentada en la UPI La Rioja - Ciudad y Region<\/title>\n<meta name=\"robots\" content=\"index, follow, max-snippet:-1, max-image-preview:large, max-video-preview:-1\" \/>\n<link rel=\"canonical\" href=\"https:\/\/ciudadyregion.com.co\/index.php\/corte-constitucional-ordena-a-la-alcaldia-de-bogota-reubicar-en-15-dias-a-la-comunidad-embera-asentada-en-la-upi-la-rioja\/regional\/\" \/>\n<meta property=\"og:locale\" content=\"es_ES\" \/>\n<meta property=\"og:type\" content=\"article\" \/>\n<meta property=\"og:title\" content=\"Corte Constitucional ordena a la Alcald\u00eda de Bogot\u00e1 reubicar en 15 d\u00edas a la comunidad Ember\u00e1 asentada en la UPI La Rioja - Ciudad y Region\" \/>\n<meta property=\"og:description\" content=\"La Corte Constitucional orden\u00f3 a la Alcald\u00eda de Bogot\u00e1 realizar, en un plazo m\u00e1ximo de 15 d\u00edas, el traslado de la comunidad ind\u00edgena Ember\u00e1 que permanece asentada en la Unidad de Protecci\u00f3n Integral (UPI) La Rioja, en el barrio Eduardo Santos, al considerar que este espacio no cumple con lasContinuar Leyendo\" \/>\n<meta property=\"og:url\" content=\"https:\/\/ciudadyregion.com.co\/index.php\/corte-constitucional-ordena-a-la-alcaldia-de-bogota-reubicar-en-15-dias-a-la-comunidad-embera-asentada-en-la-upi-la-rioja\/regional\/\" \/>\n<meta property=\"og:site_name\" content=\"Ciudad y Region\" \/>\n<meta property=\"article:published_time\" content=\"2025-11-12T09:31:31+00:00\" \/>\n<meta property=\"article:modified_time\" content=\"2025-11-11T17:35:24+00:00\" \/>\n<meta property=\"og:image\" content=\"https:\/\/i0.wp.com\/ciudadyregion.com.co\/wp-content\/uploads\/2025\/11\/Pag-2025-11-11T123034.621.jpg?fit=800%2C445&ssl=1\" \/>\n\t<meta property=\"og:image:width\" content=\"800\" \/>\n\t<meta property=\"og:image:height\" content=\"445\" \/>\n\t<meta property=\"og:image:type\" content=\"image\/jpeg\" \/>\n<meta name=\"author\" content=\"David Andr\u00e9s Aguirre\" \/>\n<meta name=\"twitter:card\" content=\"summary_large_image\" \/>\n<meta name=\"twitter:label1\" content=\"Escrito por\" \/>\n\t<meta name=\"twitter:data1\" content=\"David Andr\u00e9s Aguirre\" \/>\n\t<meta name=\"twitter:label2\" content=\"Tiempo de lectura\" \/>\n\t<meta name=\"twitter:data2\" content=\"2 minutos\" \/>\n<script type=\"application\/ld+json\" class=\"yoast-schema-graph\">{\"@context\":\"https:\/\/schema.org\",\"@graph\":[{\"@type\":\"WebPage\",\"@id\":\"https:\/\/ciudadyregion.com.co\/index.php\/corte-constitucional-ordena-a-la-alcaldia-de-bogota-reubicar-en-15-dias-a-la-comunidad-embera-asentada-en-la-upi-la-rioja\/regional\/\",\"url\":\"https:\/\/ciudadyregion.com.co\/index.php\/corte-constitucional-ordena-a-la-alcaldia-de-bogota-reubicar-en-15-dias-a-la-comunidad-embera-asentada-en-la-upi-la-rioja\/regional\/\",\"name\":\"Corte Constitucional ordena a la Alcald\u00eda de Bogot\u00e1 reubicar en 15 d\u00edas a la comunidad Ember\u00e1 asentada en la UPI La Rioja - Ciudad y Region\",\"isPartOf\":{\"@id\":\"https:\/\/ciudadyregion.com.co\/#website\"},\"primaryImageOfPage\":{\"@id\":\"https:\/\/ciudadyregion.com.co\/index.php\/corte-constitucional-ordena-a-la-alcaldia-de-bogota-reubicar-en-15-dias-a-la-comunidad-embera-asentada-en-la-upi-la-rioja\/regional\/#primaryimage\"},\"image\":{\"@id\":\"https:\/\/ciudadyregion.com.co\/index.php\/corte-constitucional-ordena-a-la-alcaldia-de-bogota-reubicar-en-15-dias-a-la-comunidad-embera-asentada-en-la-upi-la-rioja\/regional\/#primaryimage\"},\"thumbnailUrl\":\"https:\/\/i0.wp.com\/ciudadyregion.com.co\/wp-content\/uploads\/2025\/11\/Pag-2025-11-11T123034.621.jpg?fit=800%2C445&ssl=1\",\"datePublished\":\"2025-11-12T09:31:31+00:00\",\"dateModified\":\"2025-11-11T17:35:24+00:00\",\"author\":{\"@id\":\"https:\/\/ciudadyregion.com.co\/#\/schema\/person\/04a4954373ebc4051f46e8c65ff78622\"},\"breadcrumb\":{\"@id\":\"https:\/\/ciudadyregion.com.co\/index.php\/corte-constitucional-ordena-a-la-alcaldia-de-bogota-reubicar-en-15-dias-a-la-comunidad-embera-asentada-en-la-upi-la-rioja\/regional\/#breadcrumb\"},\"inLanguage\":\"es\",\"potentialAction\":[{\"@type\":\"ReadAction\",\"target\":[\"https:\/\/ciudadyregion.com.co\/index.php\/corte-constitucional-ordena-a-la-alcaldia-de-bogota-reubicar-en-15-dias-a-la-comunidad-embera-asentada-en-la-upi-la-rioja\/regional\/\"]}]},{\"@type\":\"ImageObject\",\"inLanguage\":\"es\",\"@id\":\"https:\/\/ciudadyregion.com.co\/index.php\/corte-constitucional-ordena-a-la-alcaldia-de-bogota-reubicar-en-15-dias-a-la-comunidad-embera-asentada-en-la-upi-la-rioja\/regional\/#primaryimage\",\"url\":\"https:\/\/i0.wp.com\/ciudadyregion.com.co\/wp-content\/uploads\/2025\/11\/Pag-2025-11-11T123034.621.jpg?fit=800%2C445&ssl=1\",\"contentUrl\":\"https:\/\/i0.wp.com\/ciudadyregion.com.co\/wp-content\/uploads\/2025\/11\/Pag-2025-11-11T123034.621.jpg?fit=800%2C445&ssl=1\",\"width\":800,\"height\":445},{\"@type\":\"BreadcrumbList\",\"@id\":\"https:\/\/ciudadyregion.com.co\/index.php\/corte-constitucional-ordena-a-la-alcaldia-de-bogota-reubicar-en-15-dias-a-la-comunidad-embera-asentada-en-la-upi-la-rioja\/regional\/#breadcrumb\",\"itemListElement\":[{\"@type\":\"ListItem\",\"position\":1,\"name\":\"Portada\",\"item\":\"https:\/\/ciudadyregion.com.co\/\"},{\"@type\":\"ListItem\",\"position\":2,\"name\":\"Corte Constitucional ordena a la Alcald\u00eda de Bogot\u00e1 reubicar en 15 d\u00edas a la comunidad Ember\u00e1 asentada en la UPI La Rioja\"}]},{\"@type\":\"WebSite\",\"@id\":\"https:\/\/ciudadyregion.com.co\/#website\",\"url\":\"https:\/\/ciudadyregion.com.co\/\",\"name\":\"Ciudad y Region\",\"description\":\"\",\"potentialAction\":[{\"@type\":\"SearchAction\",\"target\":{\"@type\":\"EntryPoint\",\"urlTemplate\":\"https:\/\/ciudadyregion.com.co\/?s={search_term_string}\"},\"query-input\":{\"@type\":\"PropertyValueSpecification\",\"valueRequired\":true,\"valueName\":\"search_term_string\"}}],\"inLanguage\":\"es\"},{\"@type\":\"Person\",\"@id\":\"https:\/\/ciudadyregion.com.co\/#\/schema\/person\/04a4954373ebc4051f46e8c65ff78622\",\"name\":\"David Andr\u00e9s Aguirre\",\"image\":{\"@type\":\"ImageObject\",\"inLanguage\":\"es\",\"@id\":\"https:\/\/ciudadyregion.com.co\/#\/schema\/person\/image\/\",\"url\":\"https:\/\/secure.gravatar.com\/avatar\/bc3c655860202182ee6d1b5edd042dbe?s=96&d=mm&r=g\",\"contentUrl\":\"https:\/\/secure.gravatar.com\/avatar\/bc3c655860202182ee6d1b5edd042dbe?s=96&d=mm&r=g\",\"caption\":\"David Andr\u00e9s Aguirre\"},\"url\":\"https:\/\/ciudadyregion.com.co\/index.php\/author\/diegoaguirre\/\"}]}<\/script>\n<!-- \/ Yoast SEO plugin. -->","yoast_head_json":{"title":"Corte Constitucional ordena a la Alcald\u00eda de Bogot\u00e1 reubicar en 15 d\u00edas a la comunidad Ember\u00e1 asentada en la UPI La Rioja - Ciudad y Region","robots":{"index":"index","follow":"follow","max-snippet":"max-snippet:-1","max-image-preview":"max-image-preview:large","max-video-preview":"max-video-preview:-1"},"canonical":"https:\/\/ciudadyregion.com.co\/index.php\/corte-constitucional-ordena-a-la-alcaldia-de-bogota-reubicar-en-15-dias-a-la-comunidad-embera-asentada-en-la-upi-la-rioja\/regional\/","og_locale":"es_ES","og_type":"article","og_title":"Corte Constitucional ordena a la Alcald\u00eda de Bogot\u00e1 reubicar en 15 d\u00edas a la comunidad Ember\u00e1 asentada en la UPI La Rioja - Ciudad y Region","og_description":"La Corte Constitucional orden\u00f3 a la Alcald\u00eda de Bogot\u00e1 realizar, en un plazo m\u00e1ximo de 15 d\u00edas, el traslado de la comunidad ind\u00edgena Ember\u00e1 que permanece asentada en la Unidad de Protecci\u00f3n Integral (UPI) La Rioja, en el barrio Eduardo Santos, al considerar que este espacio no cumple con lasContinuar Leyendo","og_url":"https:\/\/ciudadyregion.com.co\/index.php\/corte-constitucional-ordena-a-la-alcaldia-de-bogota-reubicar-en-15-dias-a-la-comunidad-embera-asentada-en-la-upi-la-rioja\/regional\/","og_site_name":"Ciudad y Region","article_published_time":"2025-11-12T09:31:31+00:00","article_modified_time":"2025-11-11T17:35:24+00:00","og_image":[{"width":800,"height":445,"url":"https:\/\/i0.wp.com\/ciudadyregion.com.co\/wp-content\/uploads\/2025\/11\/Pag-2025-11-11T123034.621.jpg?fit=800%2C445&ssl=1","type":"image\/jpeg"}],"author":"David Andr\u00e9s Aguirre","twitter_card":"summary_large_image","twitter_misc":{"Escrito por":"David Andr\u00e9s Aguirre","Tiempo de lectura":"2 minutos"},"schema":{"@context":"https:\/\/schema.org","@graph":[{"@type":"WebPage","@id":"https:\/\/ciudadyregion.com.co\/index.php\/corte-constitucional-ordena-a-la-alcaldia-de-bogota-reubicar-en-15-dias-a-la-comunidad-embera-asentada-en-la-upi-la-rioja\/regional\/","url":"https:\/\/ciudadyregion.com.co\/index.php\/corte-constitucional-ordena-a-la-alcaldia-de-bogota-reubicar-en-15-dias-a-la-comunidad-embera-asentada-en-la-upi-la-rioja\/regional\/","name":"Corte Constitucional ordena a la Alcald\u00eda de Bogot\u00e1 reubicar en 15 d\u00edas a la comunidad Ember\u00e1 asentada en la UPI La Rioja - Ciudad y Region","isPartOf":{"@id":"https:\/\/ciudadyregion.com.co\/#website"},"primaryImageOfPage":{"@id":"https:\/\/ciudadyregion.com.co\/index.php\/corte-constitucional-ordena-a-la-alcaldia-de-bogota-reubicar-en-15-dias-a-la-comunidad-embera-asentada-en-la-upi-la-rioja\/regional\/#primaryimage"},"image":{"@id":"https:\/\/ciudadyregion.com.co\/index.php\/corte-constitucional-ordena-a-la-alcaldia-de-bogota-reubicar-en-15-dias-a-la-comunidad-embera-asentada-en-la-upi-la-rioja\/regional\/#primaryimage"},"thumbnailUrl":"https:\/\/i0.wp.com\/ciudadyregion.com.co\/wp-content\/uploads\/2025\/11\/Pag-2025-11-11T123034.621.jpg?fit=800%2C445&ssl=1","datePublished":"2025-11-12T09:31:31+00:00","dateModified":"2025-11-11T17:35:24+00:00","author":{"@id":"https:\/\/ciudadyregion.com.co\/#\/schema\/person\/04a4954373ebc4051f46e8c65ff78622"},"breadcrumb":{"@id":"https:\/\/ciudadyregion.com.co\/index.php\/corte-constitucional-ordena-a-la-alcaldia-de-bogota-reubicar-en-15-dias-a-la-comunidad-embera-asentada-en-la-upi-la-rioja\/regional\/#breadcrumb"},"inLanguage":"es","potentialAction":[{"@type":"ReadAction","target":["https:\/\/ciudadyregion.com.co\/index.php\/corte-constitucional-ordena-a-la-alcaldia-de-bogota-reubicar-en-15-dias-a-la-comunidad-embera-asentada-en-la-upi-la-rioja\/regional\/"]}]},{"@type":"ImageObject","inLanguage":"es","@id":"https:\/\/ciudadyregion.com.co\/index.php\/corte-constitucional-ordena-a-la-alcaldia-de-bogota-reubicar-en-15-dias-a-la-comunidad-embera-asentada-en-la-upi-la-rioja\/regional\/#primaryimage","url":"https:\/\/i0.wp.com\/ciudadyregion.com.co\/wp-content\/uploads\/2025\/11\/Pag-2025-11-11T123034.621.jpg?fit=800%2C445&ssl=1","contentUrl":"https:\/\/i0.wp.com\/ciudadyregion.com.co\/wp-content\/uploads\/2025\/11\/Pag-2025-11-11T123034.621.jpg?fit=800%2C445&ssl=1","width":800,"height":445},{"@type":"BreadcrumbList","@id":"https:\/\/ciudadyregion.com.co\/index.php\/corte-constitucional-ordena-a-la-alcaldia-de-bogota-reubicar-en-15-dias-a-la-comunidad-embera-asentada-en-la-upi-la-rioja\/regional\/#breadcrumb","itemListElement":[{"@type":"ListItem","position":1,"name":"Portada","item":"https:\/\/ciudadyregion.com.co\/"},{"@type":"ListItem","position":2,"name":"Corte Constitucional ordena a la Alcald\u00eda de Bogot\u00e1 reubicar en 15 d\u00edas a la comunidad Ember\u00e1 asentada en la UPI La Rioja"}]},{"@type":"WebSite","@id":"https:\/\/ciudadyregion.com.co\/#website","url":"https:\/\/ciudadyregion.com.co\/","name":"Ciudad y Region","description":"","potentialAction":[{"@type":"SearchAction","target":{"@type":"EntryPoint","urlTemplate":"https:\/\/ciudadyregion.com.co\/?s={search_term_string}"},"query-input":{"@type":"PropertyValueSpecification","valueRequired":true,"valueName":"search_term_string"}}],"inLanguage":"es"},{"@type":"Person","@id":"https:\/\/ciudadyregion.com.co\/#\/schema\/person\/04a4954373ebc4051f46e8c65ff78622","name":"David Andr\u00e9s Aguirre","image":{"@type":"ImageObject","inLanguage":"es","@id":"https:\/\/ciudadyregion.com.co\/#\/schema\/person\/image\/","url":"https:\/\/secure.gravatar.com\/avatar\/bc3c655860202182ee6d1b5edd042dbe?s=96&d=mm&r=g","contentUrl":"https:\/\/secure.gravatar.com\/avatar\/bc3c655860202182ee6d1b5edd042dbe?s=96&d=mm&r=g","caption":"David Andr\u00e9s Aguirre"},"url":"https:\/\/ciudadyregion.com.co\/index.php\/author\/diegoaguirre\/"}]}},"jetpack_featured_media_url":"https:\/\/i0.wp.com\/ciudadyregion.com.co\/wp-content\/uploads\/2025\/11\/Pag-2025-11-11T123034.621.jpg?fit=800%2C445&ssl=1","jetpack_sharing_enabled":true,"jetpack_shortlink":"https:\/\/wp.me\/pbS7hh-cLq","jetpack-related-posts":[],"_links":{"self":[{"href":"https:\/\/ciudadyregion.com.co\/index.php\/wp-json\/wp\/v2\/posts\/49068"}],"collection":[{"href":"https:\/\/ciudadyregion.com.co\/index.php\/wp-json\/wp\/v2\/posts"}],"about":[{"href":"https:\/\/ciudadyregion.com.co\/index.php\/wp-json\/wp\/v2\/types\/post"}],"author":[{"embeddable":true,"href":"https:\/\/ciudadyregion.com.co\/index.php\/wp-json\/wp\/v2\/users\/2"}],"replies":[{"embeddable":true,"href":"https:\/\/ciudadyregion.com.co\/index.php\/wp-json\/wp\/v2\/comments?post=49068"}],"version-history":[{"count":1,"href":"https:\/\/ciudadyregion.com.co\/index.php\/wp-json\/wp\/v2\/posts\/49068\/revisions"}],"predecessor-version":[{"id":49070,"href":"https:\/\/ciudadyregion.com.co\/index.php\/wp-json\/wp\/v2\/posts\/49068\/revisions\/49070"}],"wp:featuredmedia":[{"embeddable":true,"href":"https:\/\/ciudadyregion.com.co\/index.php\/wp-json\/wp\/v2\/media\/49069"}],"wp:attachment":[{"href":"https:\/\/ciudadyregion.com.co\/index.php\/wp-json\/wp\/v2\/media?parent=49068"}],"wp:term":[{"taxonomy":"category","embeddable":true,"href":"https:\/\/ciudadyregion.com.co\/index.php\/wp-json\/wp\/v2\/categories?post=49068"},{"taxonomy":"post_tag","embeddable":true,"href":"https:\/\/ciudadyregion.com.co\/index.php\/wp-json\/wp\/v2\/tags?post=49068"}],"curies":[{"name":"wp","href":"https:\/\/api.w.org\/{rel}","templated":true}]}}