{"id":49046,"date":"2025-11-12T04:21:12","date_gmt":"2025-11-12T09:21:12","guid":{"rendered":"https:\/\/ciudadyregion.com.co\/?p=49046"},"modified":"2025-11-11T12:38:29","modified_gmt":"2025-11-11T17:38:29","slug":"tragedia-aerea-en-vaupes-deja-tres-funcionarios-de-la-registraduria-muertos","status":"publish","type":"post","link":"https:\/\/ciudadyregion.com.co\/index.php\/tragedia-aerea-en-vaupes-deja-tres-funcionarios-de-la-registraduria-muertos\/nacional\/","title":{"rendered":"Tragedia a\u00e9rea en Vaup\u00e9s deja tres funcionarios de la Registradur\u00eda muertos"},"content":{"rendered":"<p>Una avioneta de la Registradur\u00eda Nacional del Estado Civil se estrell\u00f3 en zona rural del departamento de Vaup\u00e9s, dejando como saldo tres funcionarios fallecidos, identificados como Gabriel, Jos\u00e9 y Nadia, quienes cumpl\u00edan labores log\u00edsticas relacionadas con el proceso electoral.<\/p>\n<p>El siniestro ocurri\u00f3 poco despu\u00e9s del despegue, cuando la aeronave \u2014de matr\u00edcula a\u00fan no revelada\u2014 perdi\u00f3 contacto con la torre de control. Autoridades aeron\u00e1uticas y organismos de socorro llegaron al lugar para adelantar las labores de b\u00fasqueda, rescate y recuperaci\u00f3n de los cuerpos.<\/p>\n<p>La Registradur\u00eda Nacional lament\u00f3 profundamente la p\u00e9rdida de sus trabajadores y expres\u00f3 su solidaridad con las familias de las v\u00edctimas. En un comunicado, la entidad destac\u00f3 que los funcionarios \u201ccumpl\u00edan con su deber de garantizar los derechos democr\u00e1ticos de los ciudadanos en zonas de dif\u00edcil acceso\u201d.<\/p>\n<p>El hecho ha reabierto el debate sobre las condiciones de seguridad a\u00e9rea en regiones apartadas del pa\u00eds, donde las operaciones log\u00edsticas del Estado suelen enfrentarse a limitaciones t\u00e9cnicas y clim\u00e1ticas.<\/p>\n<p>La Unidad Administrativa Especial de Aeron\u00e1utica Civil investiga las causas del accidente, mientras se mantiene el llamado a reforzar los protocolos de seguridad en los vuelos institucionales que operan en la Amazon\u00eda colombiana.<\/p>\n","protected":false},"excerpt":{"rendered":"<p>Una avioneta de la Registradur\u00eda Nacional del Estado Civil se estrell\u00f3 en zona rural del departamento de Vaup\u00e9s, dejando como saldo tres funcionarios fallecidos, identificados como Gabriel, Jos\u00e9 y Nadia, quienes cumpl\u00edan labores log\u00edsticas relacionadas con el proceso electoral. El siniestro ocurri\u00f3 poco despu\u00e9s del despegue, cuando la aeronave \u2014de<span class=\"more-link\"><a href=\"https:\/\/ciudadyregion.com.co\/index.php\/tragedia-aerea-en-vaupes-deja-tres-funcionarios-de-la-registraduria-muertos\/nacional\/\">Continuar Leyendo<\/a><\/span><\/p>\n","protected":false},"author":2,"featured_media":49061,"comment_status":"open","ping_status":"open","sticky":false,"template":"","format":"standard","meta":{"_uf_show_specific_survey":0,"_uf_disable_surveys":false,"_jetpack_memberships_contains_paid_content":false,"footnotes":"","jetpack_publicize_message":"","jetpack_publicize_feature_enabled":true,"jetpack_social_post_already_shared":true,"jetpack_social_options":{"image_generator_settings":{"template":"highway","enabled":false},"version":2}},"categories":[23],"tags":[],"class_list":["entry","author-diegoaguirre","post-49046","post","type-post","status-publish","format-standard","has-post-thumbnail","category-nacional"],"jetpack_publicize_connections":[],"yoast_head":"<!-- This site is optimized with the Yoast SEO plugin v24.3 - https:\/\/yoast.com\/wordpress\/plugins\/seo\/ -->\n<title>Tragedia a\u00e9rea en Vaup\u00e9s deja tres funcionarios de la Registradur\u00eda muertos - Ciudad y Region<\/title>\n<meta name=\"robots\" content=\"index, follow, max-snippet:-1, max-image-preview:large, max-video-preview:-1\" \/>\n<link rel=\"canonical\" href=\"https:\/\/ciudadyregion.com.co\/index.php\/tragedia-aerea-en-vaupes-deja-tres-funcionarios-de-la-registraduria-muertos\/nacional\/\" \/>\n<meta property=\"og:locale\" content=\"es_ES\" \/>\n<meta property=\"og:type\" content=\"article\" \/>\n<meta property=\"og:title\" content=\"Tragedia a\u00e9rea en Vaup\u00e9s deja tres funcionarios de la Registradur\u00eda muertos - Ciudad y Region\" \/>\n<meta property=\"og:description\" content=\"Una avioneta de la Registradur\u00eda Nacional del Estado Civil se estrell\u00f3 en zona rural del departamento de Vaup\u00e9s, dejando como saldo tres funcionarios fallecidos, identificados como Gabriel, Jos\u00e9 y Nadia, quienes cumpl\u00edan labores log\u00edsticas relacionadas con el proceso electoral. El siniestro ocurri\u00f3 poco despu\u00e9s del despegue, cuando la aeronave \u2014deContinuar Leyendo\" \/>\n<meta property=\"og:url\" content=\"https:\/\/ciudadyregion.com.co\/index.php\/tragedia-aerea-en-vaupes-deja-tres-funcionarios-de-la-registraduria-muertos\/nacional\/\" \/>\n<meta property=\"og:site_name\" content=\"Ciudad y Region\" \/>\n<meta property=\"article:published_time\" content=\"2025-11-12T09:21:12+00:00\" \/>\n<meta property=\"article:modified_time\" content=\"2025-11-11T17:38:29+00:00\" \/>\n<meta property=\"og:image\" content=\"https:\/\/i0.wp.com\/ciudadyregion.com.co\/wp-content\/uploads\/2025\/11\/Pag-2025-11-11T121954.721.jpg?fit=800%2C445&ssl=1\" \/>\n\t<meta property=\"og:image:width\" content=\"800\" \/>\n\t<meta property=\"og:image:height\" content=\"445\" \/>\n\t<meta property=\"og:image:type\" content=\"image\/jpeg\" \/>\n<meta name=\"author\" content=\"David Andr\u00e9s Aguirre\" \/>\n<meta name=\"twitter:card\" content=\"summary_large_image\" \/>\n<meta name=\"twitter:label1\" content=\"Escrito por\" \/>\n\t<meta name=\"twitter:data1\" content=\"David Andr\u00e9s Aguirre\" \/>\n\t<meta name=\"twitter:label2\" content=\"Tiempo de lectura\" \/>\n\t<meta name=\"twitter:data2\" content=\"2 minutos\" \/>\n<script type=\"application\/ld+json\" class=\"yoast-schema-graph\">{\"@context\":\"https:\/\/schema.org\",\"@graph\":[{\"@type\":\"WebPage\",\"@id\":\"https:\/\/ciudadyregion.com.co\/index.php\/tragedia-aerea-en-vaupes-deja-tres-funcionarios-de-la-registraduria-muertos\/nacional\/\",\"url\":\"https:\/\/ciudadyregion.com.co\/index.php\/tragedia-aerea-en-vaupes-deja-tres-funcionarios-de-la-registraduria-muertos\/nacional\/\",\"name\":\"Tragedia a\u00e9rea en Vaup\u00e9s deja tres funcionarios de la Registradur\u00eda muertos - Ciudad y Region\",\"isPartOf\":{\"@id\":\"https:\/\/ciudadyregion.com.co\/#website\"},\"primaryImageOfPage\":{\"@id\":\"https:\/\/ciudadyregion.com.co\/index.php\/tragedia-aerea-en-vaupes-deja-tres-funcionarios-de-la-registraduria-muertos\/nacional\/#primaryimage\"},\"image\":{\"@id\":\"https:\/\/ciudadyregion.com.co\/index.php\/tragedia-aerea-en-vaupes-deja-tres-funcionarios-de-la-registraduria-muertos\/nacional\/#primaryimage\"},\"thumbnailUrl\":\"https:\/\/i0.wp.com\/ciudadyregion.com.co\/wp-content\/uploads\/2025\/11\/Pag-2025-11-11T121954.721.jpg?fit=800%2C445&ssl=1\",\"datePublished\":\"2025-11-12T09:21:12+00:00\",\"dateModified\":\"2025-11-11T17:38:29+00:00\",\"author\":{\"@id\":\"https:\/\/ciudadyregion.com.co\/#\/schema\/person\/04a4954373ebc4051f46e8c65ff78622\"},\"breadcrumb\":{\"@id\":\"https:\/\/ciudadyregion.com.co\/index.php\/tragedia-aerea-en-vaupes-deja-tres-funcionarios-de-la-registraduria-muertos\/nacional\/#breadcrumb\"},\"inLanguage\":\"es\",\"potentialAction\":[{\"@type\":\"ReadAction\",\"target\":[\"https:\/\/ciudadyregion.com.co\/index.php\/tragedia-aerea-en-vaupes-deja-tres-funcionarios-de-la-registraduria-muertos\/nacional\/\"]}]},{\"@type\":\"ImageObject\",\"inLanguage\":\"es\",\"@id\":\"https:\/\/ciudadyregion.com.co\/index.php\/tragedia-aerea-en-vaupes-deja-tres-funcionarios-de-la-registraduria-muertos\/nacional\/#primaryimage\",\"url\":\"https:\/\/i0.wp.com\/ciudadyregion.com.co\/wp-content\/uploads\/2025\/11\/Pag-2025-11-11T121954.721.jpg?fit=800%2C445&ssl=1\",\"contentUrl\":\"https:\/\/i0.wp.com\/ciudadyregion.com.co\/wp-content\/uploads\/2025\/11\/Pag-2025-11-11T121954.721.jpg?fit=800%2C445&ssl=1\",\"width\":800,\"height\":445},{\"@type\":\"BreadcrumbList\",\"@id\":\"https:\/\/ciudadyregion.com.co\/index.php\/tragedia-aerea-en-vaupes-deja-tres-funcionarios-de-la-registraduria-muertos\/nacional\/#breadcrumb\",\"itemListElement\":[{\"@type\":\"ListItem\",\"position\":1,\"name\":\"Portada\",\"item\":\"https:\/\/ciudadyregion.com.co\/\"},{\"@type\":\"ListItem\",\"position\":2,\"name\":\"Tragedia a\u00e9rea en Vaup\u00e9s deja tres funcionarios de la Registradur\u00eda muertos\"}]},{\"@type\":\"WebSite\",\"@id\":\"https:\/\/ciudadyregion.com.co\/#website\",\"url\":\"https:\/\/ciudadyregion.com.co\/\",\"name\":\"Ciudad y Region\",\"description\":\"\",\"potentialAction\":[{\"@type\":\"SearchAction\",\"target\":{\"@type\":\"EntryPoint\",\"urlTemplate\":\"https:\/\/ciudadyregion.com.co\/?s={search_term_string}\"},\"query-input\":{\"@type\":\"PropertyValueSpecification\",\"valueRequired\":true,\"valueName\":\"search_term_string\"}}],\"inLanguage\":\"es\"},{\"@type\":\"Person\",\"@id\":\"https:\/\/ciudadyregion.com.co\/#\/schema\/person\/04a4954373ebc4051f46e8c65ff78622\",\"name\":\"David Andr\u00e9s Aguirre\",\"image\":{\"@type\":\"ImageObject\",\"inLanguage\":\"es\",\"@id\":\"https:\/\/ciudadyregion.com.co\/#\/schema\/person\/image\/\",\"url\":\"https:\/\/secure.gravatar.com\/avatar\/bc3c655860202182ee6d1b5edd042dbe?s=96&d=mm&r=g\",\"contentUrl\":\"https:\/\/secure.gravatar.com\/avatar\/bc3c655860202182ee6d1b5edd042dbe?s=96&d=mm&r=g\",\"caption\":\"David Andr\u00e9s Aguirre\"},\"url\":\"https:\/\/ciudadyregion.com.co\/index.php\/author\/diegoaguirre\/\"}]}<\/script>\n<!-- \/ Yoast SEO plugin. -->","yoast_head_json":{"title":"Tragedia a\u00e9rea en Vaup\u00e9s deja tres funcionarios de la Registradur\u00eda muertos - Ciudad y Region","robots":{"index":"index","follow":"follow","max-snippet":"max-snippet:-1","max-image-preview":"max-image-preview:large","max-video-preview":"max-video-preview:-1"},"canonical":"https:\/\/ciudadyregion.com.co\/index.php\/tragedia-aerea-en-vaupes-deja-tres-funcionarios-de-la-registraduria-muertos\/nacional\/","og_locale":"es_ES","og_type":"article","og_title":"Tragedia a\u00e9rea en Vaup\u00e9s deja tres funcionarios de la Registradur\u00eda muertos - Ciudad y Region","og_description":"Una avioneta de la Registradur\u00eda Nacional del Estado Civil se estrell\u00f3 en zona rural del departamento de Vaup\u00e9s, dejando como saldo tres funcionarios fallecidos, identificados como Gabriel, Jos\u00e9 y Nadia, quienes cumpl\u00edan labores log\u00edsticas relacionadas con el proceso electoral. El siniestro ocurri\u00f3 poco despu\u00e9s del despegue, cuando la aeronave \u2014deContinuar Leyendo","og_url":"https:\/\/ciudadyregion.com.co\/index.php\/tragedia-aerea-en-vaupes-deja-tres-funcionarios-de-la-registraduria-muertos\/nacional\/","og_site_name":"Ciudad y Region","article_published_time":"2025-11-12T09:21:12+00:00","article_modified_time":"2025-11-11T17:38:29+00:00","og_image":[{"width":800,"height":445,"url":"https:\/\/i0.wp.com\/ciudadyregion.com.co\/wp-content\/uploads\/2025\/11\/Pag-2025-11-11T121954.721.jpg?fit=800%2C445&ssl=1","type":"image\/jpeg"}],"author":"David Andr\u00e9s Aguirre","twitter_card":"summary_large_image","twitter_misc":{"Escrito por":"David Andr\u00e9s Aguirre","Tiempo de lectura":"2 minutos"},"schema":{"@context":"https:\/\/schema.org","@graph":[{"@type":"WebPage","@id":"https:\/\/ciudadyregion.com.co\/index.php\/tragedia-aerea-en-vaupes-deja-tres-funcionarios-de-la-registraduria-muertos\/nacional\/","url":"https:\/\/ciudadyregion.com.co\/index.php\/tragedia-aerea-en-vaupes-deja-tres-funcionarios-de-la-registraduria-muertos\/nacional\/","name":"Tragedia a\u00e9rea en Vaup\u00e9s deja tres funcionarios de la Registradur\u00eda muertos - Ciudad y Region","isPartOf":{"@id":"https:\/\/ciudadyregion.com.co\/#website"},"primaryImageOfPage":{"@id":"https:\/\/ciudadyregion.com.co\/index.php\/tragedia-aerea-en-vaupes-deja-tres-funcionarios-de-la-registraduria-muertos\/nacional\/#primaryimage"},"image":{"@id":"https:\/\/ciudadyregion.com.co\/index.php\/tragedia-aerea-en-vaupes-deja-tres-funcionarios-de-la-registraduria-muertos\/nacional\/#primaryimage"},"thumbnailUrl":"https:\/\/i0.wp.com\/ciudadyregion.com.co\/wp-content\/uploads\/2025\/11\/Pag-2025-11-11T121954.721.jpg?fit=800%2C445&ssl=1","datePublished":"2025-11-12T09:21:12+00:00","dateModified":"2025-11-11T17:38:29+00:00","author":{"@id":"https:\/\/ciudadyregion.com.co\/#\/schema\/person\/04a4954373ebc4051f46e8c65ff78622"},"breadcrumb":{"@id":"https:\/\/ciudadyregion.com.co\/index.php\/tragedia-aerea-en-vaupes-deja-tres-funcionarios-de-la-registraduria-muertos\/nacional\/#breadcrumb"},"inLanguage":"es","potentialAction":[{"@type":"ReadAction","target":["https:\/\/ciudadyregion.com.co\/index.php\/tragedia-aerea-en-vaupes-deja-tres-funcionarios-de-la-registraduria-muertos\/nacional\/"]}]},{"@type":"ImageObject","inLanguage":"es","@id":"https:\/\/ciudadyregion.com.co\/index.php\/tragedia-aerea-en-vaupes-deja-tres-funcionarios-de-la-registraduria-muertos\/nacional\/#primaryimage","url":"https:\/\/i0.wp.com\/ciudadyregion.com.co\/wp-content\/uploads\/2025\/11\/Pag-2025-11-11T121954.721.jpg?fit=800%2C445&ssl=1","contentUrl":"https:\/\/i0.wp.com\/ciudadyregion.com.co\/wp-content\/uploads\/2025\/11\/Pag-2025-11-11T121954.721.jpg?fit=800%2C445&ssl=1","width":800,"height":445},{"@type":"BreadcrumbList","@id":"https:\/\/ciudadyregion.com.co\/index.php\/tragedia-aerea-en-vaupes-deja-tres-funcionarios-de-la-registraduria-muertos\/nacional\/#breadcrumb","itemListElement":[{"@type":"ListItem","position":1,"name":"Portada","item":"https:\/\/ciudadyregion.com.co\/"},{"@type":"ListItem","position":2,"name":"Tragedia a\u00e9rea en Vaup\u00e9s deja tres funcionarios de la Registradur\u00eda muertos"}]},{"@type":"WebSite","@id":"https:\/\/ciudadyregion.com.co\/#website","url":"https:\/\/ciudadyregion.com.co\/","name":"Ciudad y Region","description":"","potentialAction":[{"@type":"SearchAction","target":{"@type":"EntryPoint","urlTemplate":"https:\/\/ciudadyregion.com.co\/?s={search_term_string}"},"query-input":{"@type":"PropertyValueSpecification","valueRequired":true,"valueName":"search_term_string"}}],"inLanguage":"es"},{"@type":"Person","@id":"https:\/\/ciudadyregion.com.co\/#\/schema\/person\/04a4954373ebc4051f46e8c65ff78622","name":"David Andr\u00e9s Aguirre","image":{"@type":"ImageObject","inLanguage":"es","@id":"https:\/\/ciudadyregion.com.co\/#\/schema\/person\/image\/","url":"https:\/\/secure.gravatar.com\/avatar\/bc3c655860202182ee6d1b5edd042dbe?s=96&d=mm&r=g","contentUrl":"https:\/\/secure.gravatar.com\/avatar\/bc3c655860202182ee6d1b5edd042dbe?s=96&d=mm&r=g","caption":"David Andr\u00e9s Aguirre"},"url":"https:\/\/ciudadyregion.com.co\/index.php\/author\/diegoaguirre\/"}]}},"jetpack_featured_media_url":"https:\/\/i0.wp.com\/ciudadyregion.com.co\/wp-content\/uploads\/2025\/11\/Pag-2025-11-11T121954.721.jpg?fit=800%2C445&ssl=1","jetpack_sharing_enabled":true,"jetpack_shortlink":"https:\/\/wp.me\/pbS7hh-cL4","jetpack-related-posts":[],"_links":{"self":[{"href":"https:\/\/ciudadyregion.com.co\/index.php\/wp-json\/wp\/v2\/posts\/49046"}],"collection":[{"href":"https:\/\/ciudadyregion.com.co\/index.php\/wp-json\/wp\/v2\/posts"}],"about":[{"href":"https:\/\/ciudadyregion.com.co\/index.php\/wp-json\/wp\/v2\/types\/post"}],"author":[{"embeddable":true,"href":"https:\/\/ciudadyregion.com.co\/index.php\/wp-json\/wp\/v2\/users\/2"}],"replies":[{"embeddable":true,"href":"https:\/\/ciudadyregion.com.co\/index.php\/wp-json\/wp\/v2\/comments?post=49046"}],"version-history":[{"count":1,"href":"https:\/\/ciudadyregion.com.co\/index.php\/wp-json\/wp\/v2\/posts\/49046\/revisions"}],"predecessor-version":[{"id":49062,"href":"https:\/\/ciudadyregion.com.co\/index.php\/wp-json\/wp\/v2\/posts\/49046\/revisions\/49062"}],"wp:featuredmedia":[{"embeddable":true,"href":"https:\/\/ciudadyregion.com.co\/index.php\/wp-json\/wp\/v2\/media\/49061"}],"wp:attachment":[{"href":"https:\/\/ciudadyregion.com.co\/index.php\/wp-json\/wp\/v2\/media?parent=49046"}],"wp:term":[{"taxonomy":"category","embeddable":true,"href":"https:\/\/ciudadyregion.com.co\/index.php\/wp-json\/wp\/v2\/categories?post=49046"},{"taxonomy":"post_tag","embeddable":true,"href":"https:\/\/ciudadyregion.com.co\/index.php\/wp-json\/wp\/v2\/tags?post=49046"}],"curies":[{"name":"wp","href":"https:\/\/api.w.org\/{rel}","templated":true}]}}