{"id":49044,"date":"2025-11-12T04:15:41","date_gmt":"2025-11-12T09:15:41","guid":{"rendered":"https:\/\/ciudadyregion.com.co\/?p=49044"},"modified":"2025-11-11T12:38:00","modified_gmt":"2025-11-11T17:38:00","slug":"juzgado-de-cartagena-estudia-tutela-de-la-uso-contra-la-dian-por-cobro-del-iva-a-reficar","status":"publish","type":"post","link":"https:\/\/ciudadyregion.com.co\/index.php\/juzgado-de-cartagena-estudia-tutela-de-la-uso-contra-la-dian-por-cobro-del-iva-a-reficar\/nacional\/","title":{"rendered":"Juzgado de Cartagena estudia tutela de la USO contra la DIAN por cobro del IVA a Reficar"},"content":{"rendered":"<p>El Juzgado Segundo Laboral del Circuito de Cartagena admiti\u00f3 para estudio una acci\u00f3n de tutela interpuesta por la Uni\u00f3n Sindical Obrera (USO) contra la Direcci\u00f3n de Impuestos y Aduanas Nacionales (DIAN), relacionada con el cobro del IVA en la importaci\u00f3n de combustibles a la Refiner\u00eda de Cartagena (Reficar).<\/p>\n<p>De acuerdo con la demanda, la organizaci\u00f3n sindical advierte que la medida podr\u00eda afectar gravemente la estabilidad financiera y operativa de la refiner\u00eda, debido a la posibilidad de embargos sobre sus cuentas y una eventual paralizaci\u00f3n de sus actividades.<\/p>\n<p>La jueza \u00c1ngela Martelo, encargada del caso, otorg\u00f3 un plazo de dos d\u00edas h\u00e1biles a la DIAN para explicar los hechos y entregar la informaci\u00f3n pertinente al proceso, con el fin de determinar si la actuaci\u00f3n de la entidad vulnera los derechos fundamentales invocados por la USO.<\/p>\n<p>La tutela busca que se garantice la continuidad de la operaci\u00f3n de Reficar, considerada una infraestructura estrat\u00e9gica para la refinaci\u00f3n de combustibles en el pa\u00eds, mientras se define de fondo la controversia tributaria entre las partes.<\/p>\n<p>El caso ha despertado atenci\u00f3n en los sectores econ\u00f3mico y energ\u00e9tico, dado que una eventual suspensi\u00f3n de las operaciones podr\u00eda tener repercusiones en la producci\u00f3n y abastecimiento nacional de combustibles.<\/p>\n","protected":false},"excerpt":{"rendered":"<p>El Juzgado Segundo Laboral del Circuito de Cartagena admiti\u00f3 para estudio una acci\u00f3n de tutela interpuesta por la Uni\u00f3n Sindical Obrera (USO) contra la Direcci\u00f3n de Impuestos y Aduanas Nacionales (DIAN), relacionada con el cobro del IVA en la importaci\u00f3n de combustibles a la Refiner\u00eda de Cartagena (Reficar). De acuerdo<span class=\"more-link\"><a href=\"https:\/\/ciudadyregion.com.co\/index.php\/juzgado-de-cartagena-estudia-tutela-de-la-uso-contra-la-dian-por-cobro-del-iva-a-reficar\/nacional\/\">Continuar Leyendo<\/a><\/span><\/p>\n","protected":false},"author":2,"featured_media":49057,"comment_status":"open","ping_status":"open","sticky":false,"template":"","format":"standard","meta":{"_uf_show_specific_survey":0,"_uf_disable_surveys":false,"_jetpack_memberships_contains_paid_content":false,"footnotes":"","jetpack_publicize_message":"","jetpack_publicize_feature_enabled":true,"jetpack_social_post_already_shared":true,"jetpack_social_options":{"image_generator_settings":{"template":"highway","enabled":false},"version":2}},"categories":[23],"tags":[],"class_list":["entry","author-diegoaguirre","post-49044","post","type-post","status-publish","format-standard","has-post-thumbnail","category-nacional"],"jetpack_publicize_connections":[],"yoast_head":"<!-- This site is optimized with the Yoast SEO plugin v24.3 - https:\/\/yoast.com\/wordpress\/plugins\/seo\/ -->\n<title>Juzgado de Cartagena estudia tutela de la USO contra la DIAN por cobro del IVA a Reficar - Ciudad y Region<\/title>\n<meta name=\"robots\" content=\"index, follow, max-snippet:-1, max-image-preview:large, max-video-preview:-1\" \/>\n<link rel=\"canonical\" href=\"https:\/\/ciudadyregion.com.co\/index.php\/juzgado-de-cartagena-estudia-tutela-de-la-uso-contra-la-dian-por-cobro-del-iva-a-reficar\/nacional\/\" \/>\n<meta property=\"og:locale\" content=\"es_ES\" \/>\n<meta property=\"og:type\" content=\"article\" \/>\n<meta property=\"og:title\" content=\"Juzgado de Cartagena estudia tutela de la USO contra la DIAN por cobro del IVA a Reficar - Ciudad y Region\" \/>\n<meta property=\"og:description\" content=\"El Juzgado Segundo Laboral del Circuito de Cartagena admiti\u00f3 para estudio una acci\u00f3n de tutela interpuesta por la Uni\u00f3n Sindical Obrera (USO) contra la Direcci\u00f3n de Impuestos y Aduanas Nacionales (DIAN), relacionada con el cobro del IVA en la importaci\u00f3n de combustibles a la Refiner\u00eda de Cartagena (Reficar). De acuerdoContinuar Leyendo\" \/>\n<meta property=\"og:url\" content=\"https:\/\/ciudadyregion.com.co\/index.php\/juzgado-de-cartagena-estudia-tutela-de-la-uso-contra-la-dian-por-cobro-del-iva-a-reficar\/nacional\/\" \/>\n<meta property=\"og:site_name\" content=\"Ciudad y Region\" \/>\n<meta property=\"article:published_time\" content=\"2025-11-12T09:15:41+00:00\" \/>\n<meta property=\"article:modified_time\" content=\"2025-11-11T17:38:00+00:00\" \/>\n<meta property=\"og:image\" content=\"https:\/\/i0.wp.com\/ciudadyregion.com.co\/wp-content\/uploads\/2025\/11\/Pag-2025-11-11T121421.098.jpg?fit=800%2C445&ssl=1\" \/>\n\t<meta property=\"og:image:width\" content=\"800\" \/>\n\t<meta property=\"og:image:height\" content=\"445\" \/>\n\t<meta property=\"og:image:type\" content=\"image\/jpeg\" \/>\n<meta name=\"author\" content=\"David Andr\u00e9s Aguirre\" \/>\n<meta name=\"twitter:card\" content=\"summary_large_image\" \/>\n<meta name=\"twitter:label1\" content=\"Escrito por\" \/>\n\t<meta name=\"twitter:data1\" content=\"David Andr\u00e9s Aguirre\" \/>\n\t<meta name=\"twitter:label2\" content=\"Tiempo de lectura\" \/>\n\t<meta name=\"twitter:data2\" content=\"2 minutos\" \/>\n<script type=\"application\/ld+json\" class=\"yoast-schema-graph\">{\"@context\":\"https:\/\/schema.org\",\"@graph\":[{\"@type\":\"WebPage\",\"@id\":\"https:\/\/ciudadyregion.com.co\/index.php\/juzgado-de-cartagena-estudia-tutela-de-la-uso-contra-la-dian-por-cobro-del-iva-a-reficar\/nacional\/\",\"url\":\"https:\/\/ciudadyregion.com.co\/index.php\/juzgado-de-cartagena-estudia-tutela-de-la-uso-contra-la-dian-por-cobro-del-iva-a-reficar\/nacional\/\",\"name\":\"Juzgado de Cartagena estudia tutela de la USO contra la DIAN por cobro del IVA a Reficar - Ciudad y Region\",\"isPartOf\":{\"@id\":\"https:\/\/ciudadyregion.com.co\/#website\"},\"primaryImageOfPage\":{\"@id\":\"https:\/\/ciudadyregion.com.co\/index.php\/juzgado-de-cartagena-estudia-tutela-de-la-uso-contra-la-dian-por-cobro-del-iva-a-reficar\/nacional\/#primaryimage\"},\"image\":{\"@id\":\"https:\/\/ciudadyregion.com.co\/index.php\/juzgado-de-cartagena-estudia-tutela-de-la-uso-contra-la-dian-por-cobro-del-iva-a-reficar\/nacional\/#primaryimage\"},\"thumbnailUrl\":\"https:\/\/i0.wp.com\/ciudadyregion.com.co\/wp-content\/uploads\/2025\/11\/Pag-2025-11-11T121421.098.jpg?fit=800%2C445&ssl=1\",\"datePublished\":\"2025-11-12T09:15:41+00:00\",\"dateModified\":\"2025-11-11T17:38:00+00:00\",\"author\":{\"@id\":\"https:\/\/ciudadyregion.com.co\/#\/schema\/person\/04a4954373ebc4051f46e8c65ff78622\"},\"breadcrumb\":{\"@id\":\"https:\/\/ciudadyregion.com.co\/index.php\/juzgado-de-cartagena-estudia-tutela-de-la-uso-contra-la-dian-por-cobro-del-iva-a-reficar\/nacional\/#breadcrumb\"},\"inLanguage\":\"es\",\"potentialAction\":[{\"@type\":\"ReadAction\",\"target\":[\"https:\/\/ciudadyregion.com.co\/index.php\/juzgado-de-cartagena-estudia-tutela-de-la-uso-contra-la-dian-por-cobro-del-iva-a-reficar\/nacional\/\"]}]},{\"@type\":\"ImageObject\",\"inLanguage\":\"es\",\"@id\":\"https:\/\/ciudadyregion.com.co\/index.php\/juzgado-de-cartagena-estudia-tutela-de-la-uso-contra-la-dian-por-cobro-del-iva-a-reficar\/nacional\/#primaryimage\",\"url\":\"https:\/\/i0.wp.com\/ciudadyregion.com.co\/wp-content\/uploads\/2025\/11\/Pag-2025-11-11T121421.098.jpg?fit=800%2C445&ssl=1\",\"contentUrl\":\"https:\/\/i0.wp.com\/ciudadyregion.com.co\/wp-content\/uploads\/2025\/11\/Pag-2025-11-11T121421.098.jpg?fit=800%2C445&ssl=1\",\"width\":800,\"height\":445},{\"@type\":\"BreadcrumbList\",\"@id\":\"https:\/\/ciudadyregion.com.co\/index.php\/juzgado-de-cartagena-estudia-tutela-de-la-uso-contra-la-dian-por-cobro-del-iva-a-reficar\/nacional\/#breadcrumb\",\"itemListElement\":[{\"@type\":\"ListItem\",\"position\":1,\"name\":\"Portada\",\"item\":\"https:\/\/ciudadyregion.com.co\/\"},{\"@type\":\"ListItem\",\"position\":2,\"name\":\"Juzgado de Cartagena estudia tutela de la USO contra la DIAN por cobro del IVA a Reficar\"}]},{\"@type\":\"WebSite\",\"@id\":\"https:\/\/ciudadyregion.com.co\/#website\",\"url\":\"https:\/\/ciudadyregion.com.co\/\",\"name\":\"Ciudad y Region\",\"description\":\"\",\"potentialAction\":[{\"@type\":\"SearchAction\",\"target\":{\"@type\":\"EntryPoint\",\"urlTemplate\":\"https:\/\/ciudadyregion.com.co\/?s={search_term_string}\"},\"query-input\":{\"@type\":\"PropertyValueSpecification\",\"valueRequired\":true,\"valueName\":\"search_term_string\"}}],\"inLanguage\":\"es\"},{\"@type\":\"Person\",\"@id\":\"https:\/\/ciudadyregion.com.co\/#\/schema\/person\/04a4954373ebc4051f46e8c65ff78622\",\"name\":\"David Andr\u00e9s Aguirre\",\"image\":{\"@type\":\"ImageObject\",\"inLanguage\":\"es\",\"@id\":\"https:\/\/ciudadyregion.com.co\/#\/schema\/person\/image\/\",\"url\":\"https:\/\/secure.gravatar.com\/avatar\/bc3c655860202182ee6d1b5edd042dbe?s=96&d=mm&r=g\",\"contentUrl\":\"https:\/\/secure.gravatar.com\/avatar\/bc3c655860202182ee6d1b5edd042dbe?s=96&d=mm&r=g\",\"caption\":\"David Andr\u00e9s Aguirre\"},\"url\":\"https:\/\/ciudadyregion.com.co\/index.php\/author\/diegoaguirre\/\"}]}<\/script>\n<!-- \/ Yoast SEO plugin. -->","yoast_head_json":{"title":"Juzgado de Cartagena estudia tutela de la USO contra la DIAN por cobro del IVA a Reficar - Ciudad y Region","robots":{"index":"index","follow":"follow","max-snippet":"max-snippet:-1","max-image-preview":"max-image-preview:large","max-video-preview":"max-video-preview:-1"},"canonical":"https:\/\/ciudadyregion.com.co\/index.php\/juzgado-de-cartagena-estudia-tutela-de-la-uso-contra-la-dian-por-cobro-del-iva-a-reficar\/nacional\/","og_locale":"es_ES","og_type":"article","og_title":"Juzgado de Cartagena estudia tutela de la USO contra la DIAN por cobro del IVA a Reficar - Ciudad y Region","og_description":"El Juzgado Segundo Laboral del Circuito de Cartagena admiti\u00f3 para estudio una acci\u00f3n de tutela interpuesta por la Uni\u00f3n Sindical Obrera (USO) contra la Direcci\u00f3n de Impuestos y Aduanas Nacionales (DIAN), relacionada con el cobro del IVA en la importaci\u00f3n de combustibles a la Refiner\u00eda de Cartagena (Reficar). De acuerdoContinuar Leyendo","og_url":"https:\/\/ciudadyregion.com.co\/index.php\/juzgado-de-cartagena-estudia-tutela-de-la-uso-contra-la-dian-por-cobro-del-iva-a-reficar\/nacional\/","og_site_name":"Ciudad y Region","article_published_time":"2025-11-12T09:15:41+00:00","article_modified_time":"2025-11-11T17:38:00+00:00","og_image":[{"width":800,"height":445,"url":"https:\/\/i0.wp.com\/ciudadyregion.com.co\/wp-content\/uploads\/2025\/11\/Pag-2025-11-11T121421.098.jpg?fit=800%2C445&ssl=1","type":"image\/jpeg"}],"author":"David Andr\u00e9s Aguirre","twitter_card":"summary_large_image","twitter_misc":{"Escrito por":"David Andr\u00e9s Aguirre","Tiempo de lectura":"2 minutos"},"schema":{"@context":"https:\/\/schema.org","@graph":[{"@type":"WebPage","@id":"https:\/\/ciudadyregion.com.co\/index.php\/juzgado-de-cartagena-estudia-tutela-de-la-uso-contra-la-dian-por-cobro-del-iva-a-reficar\/nacional\/","url":"https:\/\/ciudadyregion.com.co\/index.php\/juzgado-de-cartagena-estudia-tutela-de-la-uso-contra-la-dian-por-cobro-del-iva-a-reficar\/nacional\/","name":"Juzgado de Cartagena estudia tutela de la USO contra la DIAN por cobro del IVA a Reficar - Ciudad y Region","isPartOf":{"@id":"https:\/\/ciudadyregion.com.co\/#website"},"primaryImageOfPage":{"@id":"https:\/\/ciudadyregion.com.co\/index.php\/juzgado-de-cartagena-estudia-tutela-de-la-uso-contra-la-dian-por-cobro-del-iva-a-reficar\/nacional\/#primaryimage"},"image":{"@id":"https:\/\/ciudadyregion.com.co\/index.php\/juzgado-de-cartagena-estudia-tutela-de-la-uso-contra-la-dian-por-cobro-del-iva-a-reficar\/nacional\/#primaryimage"},"thumbnailUrl":"https:\/\/i0.wp.com\/ciudadyregion.com.co\/wp-content\/uploads\/2025\/11\/Pag-2025-11-11T121421.098.jpg?fit=800%2C445&ssl=1","datePublished":"2025-11-12T09:15:41+00:00","dateModified":"2025-11-11T17:38:00+00:00","author":{"@id":"https:\/\/ciudadyregion.com.co\/#\/schema\/person\/04a4954373ebc4051f46e8c65ff78622"},"breadcrumb":{"@id":"https:\/\/ciudadyregion.com.co\/index.php\/juzgado-de-cartagena-estudia-tutela-de-la-uso-contra-la-dian-por-cobro-del-iva-a-reficar\/nacional\/#breadcrumb"},"inLanguage":"es","potentialAction":[{"@type":"ReadAction","target":["https:\/\/ciudadyregion.com.co\/index.php\/juzgado-de-cartagena-estudia-tutela-de-la-uso-contra-la-dian-por-cobro-del-iva-a-reficar\/nacional\/"]}]},{"@type":"ImageObject","inLanguage":"es","@id":"https:\/\/ciudadyregion.com.co\/index.php\/juzgado-de-cartagena-estudia-tutela-de-la-uso-contra-la-dian-por-cobro-del-iva-a-reficar\/nacional\/#primaryimage","url":"https:\/\/i0.wp.com\/ciudadyregion.com.co\/wp-content\/uploads\/2025\/11\/Pag-2025-11-11T121421.098.jpg?fit=800%2C445&ssl=1","contentUrl":"https:\/\/i0.wp.com\/ciudadyregion.com.co\/wp-content\/uploads\/2025\/11\/Pag-2025-11-11T121421.098.jpg?fit=800%2C445&ssl=1","width":800,"height":445},{"@type":"BreadcrumbList","@id":"https:\/\/ciudadyregion.com.co\/index.php\/juzgado-de-cartagena-estudia-tutela-de-la-uso-contra-la-dian-por-cobro-del-iva-a-reficar\/nacional\/#breadcrumb","itemListElement":[{"@type":"ListItem","position":1,"name":"Portada","item":"https:\/\/ciudadyregion.com.co\/"},{"@type":"ListItem","position":2,"name":"Juzgado de Cartagena estudia tutela de la USO contra la DIAN por cobro del IVA a Reficar"}]},{"@type":"WebSite","@id":"https:\/\/ciudadyregion.com.co\/#website","url":"https:\/\/ciudadyregion.com.co\/","name":"Ciudad y Region","description":"","potentialAction":[{"@type":"SearchAction","target":{"@type":"EntryPoint","urlTemplate":"https:\/\/ciudadyregion.com.co\/?s={search_term_string}"},"query-input":{"@type":"PropertyValueSpecification","valueRequired":true,"valueName":"search_term_string"}}],"inLanguage":"es"},{"@type":"Person","@id":"https:\/\/ciudadyregion.com.co\/#\/schema\/person\/04a4954373ebc4051f46e8c65ff78622","name":"David Andr\u00e9s Aguirre","image":{"@type":"ImageObject","inLanguage":"es","@id":"https:\/\/ciudadyregion.com.co\/#\/schema\/person\/image\/","url":"https:\/\/secure.gravatar.com\/avatar\/bc3c655860202182ee6d1b5edd042dbe?s=96&d=mm&r=g","contentUrl":"https:\/\/secure.gravatar.com\/avatar\/bc3c655860202182ee6d1b5edd042dbe?s=96&d=mm&r=g","caption":"David Andr\u00e9s Aguirre"},"url":"https:\/\/ciudadyregion.com.co\/index.php\/author\/diegoaguirre\/"}]}},"jetpack_featured_media_url":"https:\/\/i0.wp.com\/ciudadyregion.com.co\/wp-content\/uploads\/2025\/11\/Pag-2025-11-11T121421.098.jpg?fit=800%2C445&ssl=1","jetpack_sharing_enabled":true,"jetpack_shortlink":"https:\/\/wp.me\/pbS7hh-cL2","jetpack-related-posts":[],"_links":{"self":[{"href":"https:\/\/ciudadyregion.com.co\/index.php\/wp-json\/wp\/v2\/posts\/49044"}],"collection":[{"href":"https:\/\/ciudadyregion.com.co\/index.php\/wp-json\/wp\/v2\/posts"}],"about":[{"href":"https:\/\/ciudadyregion.com.co\/index.php\/wp-json\/wp\/v2\/types\/post"}],"author":[{"embeddable":true,"href":"https:\/\/ciudadyregion.com.co\/index.php\/wp-json\/wp\/v2\/users\/2"}],"replies":[{"embeddable":true,"href":"https:\/\/ciudadyregion.com.co\/index.php\/wp-json\/wp\/v2\/comments?post=49044"}],"version-history":[{"count":1,"href":"https:\/\/ciudadyregion.com.co\/index.php\/wp-json\/wp\/v2\/posts\/49044\/revisions"}],"predecessor-version":[{"id":49058,"href":"https:\/\/ciudadyregion.com.co\/index.php\/wp-json\/wp\/v2\/posts\/49044\/revisions\/49058"}],"wp:featuredmedia":[{"embeddable":true,"href":"https:\/\/ciudadyregion.com.co\/index.php\/wp-json\/wp\/v2\/media\/49057"}],"wp:attachment":[{"href":"https:\/\/ciudadyregion.com.co\/index.php\/wp-json\/wp\/v2\/media?parent=49044"}],"wp:term":[{"taxonomy":"category","embeddable":true,"href":"https:\/\/ciudadyregion.com.co\/index.php\/wp-json\/wp\/v2\/categories?post=49044"},{"taxonomy":"post_tag","embeddable":true,"href":"https:\/\/ciudadyregion.com.co\/index.php\/wp-json\/wp\/v2\/tags?post=49044"}],"curies":[{"name":"wp","href":"https:\/\/api.w.org\/{rel}","templated":true}]}}