{"id":49035,"date":"2025-11-12T04:14:47","date_gmt":"2025-11-12T09:14:47","guid":{"rendered":"https:\/\/ciudadyregion.com.co\/?p=49035"},"modified":"2025-11-11T11:16:20","modified_gmt":"2025-11-11T16:16:20","slug":"el-ministerio-de-salud-y-proteccion-social-te-invita-a-participar-en-el-ix-foro-nacional-de-la-calidad-en-sel-sector-salud","status":"publish","type":"post","link":"https:\/\/ciudadyregion.com.co\/index.php\/el-ministerio-de-salud-y-proteccion-social-te-invita-a-participar-en-el-ix-foro-nacional-de-la-calidad-en-sel-sector-salud\/salud\/","title":{"rendered":"El Ministerio de Salud y Protecci\u00f3n Social te invita a participar en el IX Foro Nacional de la Calidad en sel Sector Salud"},"content":{"rendered":"<div class=\"\" data-block=\"true\" data-editor=\"5gthc\" data-offset-key=\"9g7o3-0-0\">\n<div class=\"_1mf _1mj\" data-offset-key=\"9g7o3-0-0\">Participa en la socializaci\u00f3n de los avances en la construcci\u00f3n del Ecosistema de Calidad en Salud\u201d: Pol\u00edtica Nacional de Calidad en Salud, Pol\u00edtica Nacional de Humanizaci\u00f3n en Salud, Plan Nacional de Mejoramiento de la Calidad, Sistema Integrado de Calidad en Salud \u2013 SICS y Modelo Nacional de Anal\u00edtica a la Calidad de Salud.<\/div>\n<\/div>\n<div class=\"\" data-block=\"true\" data-editor=\"5gthc\" data-offset-key=\"cucfn-0-0\">\n<div class=\"_1mf _1mj\" data-offset-key=\"cucfn-0-0\"><span data-offset-key=\"cucfn-0-0\">\u00a0<\/span><\/div>\n<\/div>\n<div class=\"\" data-block=\"true\" data-editor=\"5gthc\" data-offset-key=\"8hgak-0-0\">\n<div class=\"_1mf _1mj\" data-offset-key=\"8hgak-0-0\"><span data-offset-key=\"8hgak-0-0\">Dirigido a: entidades que agremian prestadores de servicios de salud, organizaciones de EPS, entidades que administran planes de beneficios en el sector salud, academia, asociaciones que representan usuarios, Gestores farmac\u00e9uticos y operadores log\u00edsticos e investigadores interesados en conocer los avances del Ecosistema de Calidad en Salud para fortalecer la atenci\u00f3n en el sistema.<\/span><\/div>\n<\/div>\n<div class=\"\" data-block=\"true\" data-editor=\"5gthc\" data-offset-key=\"54f26-0-0\">\n<div class=\"_1mf _1mj\" data-offset-key=\"54f26-0-0\"><span data-offset-key=\"54f26-0-0\">\u00a0<\/span><\/div>\n<\/div>\n<div class=\"\" data-block=\"true\" data-editor=\"5gthc\" data-offset-key=\"b2ec5-0-0\">\n<div class=\"_1mf _1mj\" data-offset-key=\"b2ec5-0-0\"><span data-offset-key=\"b2ec5-0-0\"> \u00a1Avancemos juntos hacia un ecosistema de calidad en salud para todos!<\/span><\/div>\n<\/div>\n<div class=\"\" data-block=\"true\" data-editor=\"5gthc\" data-offset-key=\"81dkj-0-0\">\n<div class=\"_1mf _1mj\" data-offset-key=\"81dkj-0-0\"><span data-offset-key=\"81dkj-0-0\">\ud83d\udd17Inscripciones: <a href=\"https:\/\/forms.office.com\/r\/5SHX9QH3t1\">https:\/\/forms.office.com\/r\/5SHX9QH3t1<\/a><\/span><\/div>\n<\/div>\n<p>&nbsp;<\/p>\n<p>&nbsp;<\/p>\n<p><img decoding=\"async\" src=\"https:\/\/scontent-bog2-1.xx.fbcdn.net\/v\/t39.30808-6\/580565082_1146492260945339_4275477879984292335_n.jpg?_nc_cat=102&amp;ccb=1-7&amp;_nc_sid=833d8c&amp;_nc_eui2=AeGbiU6I-ORWXEo9CZEr1iZigsH_A4dLkhqCwf8Dh0uSGoCfr8myBWEtxLDimxRiFzhwJnWXRVV7sJ8gTZK68v-E&amp;_nc_ohc=qh7Ab-TdUZEQ7kNvwHyOWct&amp;_nc_oc=Adm9Uw3u1MWyZkyciUldZviv44Mt3AUEos3gxqhY0zPHmPgtrpa-eRmnQQ716zRimynssNGEFrgj1ViYfHu-3I1h&amp;_nc_zt=23&amp;_nc_ht=scontent-bog2-1.xx&amp;_nc_gid=fxRmXmkDTzAzHt2yCwhp9Q&amp;oh=00_AfhHo0Gx0Q4725C2V6m3g54H7n_TW81B_MpWMVJ8F1z_FA&amp;oe=69194059\" alt=\"Puede ser una imagen de una o varias personas, hospital y texto que dice &quot;Salud IX Calidad en el Sector Salud: Foro Nacional de &quot;Forjando un Ecosistema de Calidad para todos&quot; \u51fa\u30fb 12 Nov 2025 Auditorio 1 2, Ministerio de Salud y Protecci\u00f3n Social Carrera 13 No. No.32-76, 32-76,Bogot\u00e1 Bogot\u00e1 7:30 a. m. a 5\uff1a00 p. m. Inscripciones:&quot;\" \/><\/p>\n","protected":false},"excerpt":{"rendered":"<p>Participa en la socializaci\u00f3n de los avances en la construcci\u00f3n del Ecosistema de Calidad en Salud\u201d: Pol\u00edtica Nacional de Calidad en Salud, Pol\u00edtica Nacional de Humanizaci\u00f3n en Salud, Plan Nacional de Mejoramiento de la Calidad, Sistema Integrado de Calidad en Salud \u2013 SICS y Modelo Nacional de Anal\u00edtica a la<span class=\"more-link\"><a href=\"https:\/\/ciudadyregion.com.co\/index.php\/el-ministerio-de-salud-y-proteccion-social-te-invita-a-participar-en-el-ix-foro-nacional-de-la-calidad-en-sel-sector-salud\/salud\/\">Continuar Leyendo<\/a><\/span><\/p>\n","protected":false},"author":2,"featured_media":44057,"comment_status":"open","ping_status":"open","sticky":false,"template":"","format":"standard","meta":{"_uf_show_specific_survey":0,"_uf_disable_surveys":false,"_jetpack_memberships_contains_paid_content":false,"footnotes":"","jetpack_publicize_message":"","jetpack_publicize_feature_enabled":true,"jetpack_social_post_already_shared":true,"jetpack_social_options":{"image_generator_settings":{"template":"highway","enabled":false},"version":2}},"categories":[29],"tags":[],"class_list":["entry","author-diegoaguirre","post-49035","post","type-post","status-publish","format-standard","has-post-thumbnail","category-salud"],"jetpack_publicize_connections":[],"yoast_head":"<!-- This site is optimized with the Yoast SEO plugin v24.3 - https:\/\/yoast.com\/wordpress\/plugins\/seo\/ -->\n<title>El Ministerio de Salud y Protecci\u00f3n Social te invita a participar en el IX Foro Nacional de la Calidad en sel Sector Salud - Ciudad y Region<\/title>\n<meta name=\"robots\" content=\"index, follow, max-snippet:-1, max-image-preview:large, max-video-preview:-1\" \/>\n<link rel=\"canonical\" href=\"https:\/\/ciudadyregion.com.co\/index.php\/el-ministerio-de-salud-y-proteccion-social-te-invita-a-participar-en-el-ix-foro-nacional-de-la-calidad-en-sel-sector-salud\/salud\/\" \/>\n<meta property=\"og:locale\" content=\"es_ES\" \/>\n<meta property=\"og:type\" content=\"article\" \/>\n<meta property=\"og:title\" content=\"El Ministerio de Salud y Protecci\u00f3n Social te invita a participar en el IX Foro Nacional de la Calidad en sel Sector Salud - Ciudad y Region\" \/>\n<meta property=\"og:description\" content=\"Participa en la socializaci\u00f3n de los avances en la construcci\u00f3n del Ecosistema de Calidad en Salud\u201d: Pol\u00edtica Nacional de Calidad en Salud, Pol\u00edtica Nacional de Humanizaci\u00f3n en Salud, Plan Nacional de Mejoramiento de la Calidad, Sistema Integrado de Calidad en Salud \u2013 SICS y Modelo Nacional de Anal\u00edtica a laContinuar Leyendo\" \/>\n<meta property=\"og:url\" content=\"https:\/\/ciudadyregion.com.co\/index.php\/el-ministerio-de-salud-y-proteccion-social-te-invita-a-participar-en-el-ix-foro-nacional-de-la-calidad-en-sel-sector-salud\/salud\/\" \/>\n<meta property=\"og:site_name\" content=\"Ciudad y Region\" \/>\n<meta property=\"article:published_time\" content=\"2025-11-12T09:14:47+00:00\" \/>\n<meta property=\"article:modified_time\" content=\"2025-11-11T16:16:20+00:00\" \/>\n<meta property=\"og:image\" content=\"https:\/\/i0.wp.com\/ciudadyregion.com.co\/wp-content\/uploads\/2025\/09\/Minsalud-ministerio-de-salud.jpg?fit=800%2C445&ssl=1\" \/>\n\t<meta property=\"og:image:width\" content=\"800\" \/>\n\t<meta property=\"og:image:height\" content=\"445\" \/>\n\t<meta property=\"og:image:type\" content=\"image\/jpeg\" \/>\n<meta name=\"author\" content=\"David Andr\u00e9s Aguirre\" \/>\n<meta name=\"twitter:card\" content=\"summary_large_image\" \/>\n<meta name=\"twitter:label1\" content=\"Escrito por\" \/>\n\t<meta name=\"twitter:data1\" content=\"David Andr\u00e9s Aguirre\" \/>\n\t<meta name=\"twitter:label2\" content=\"Tiempo de lectura\" \/>\n\t<meta name=\"twitter:data2\" content=\"1 minuto\" \/>\n<script type=\"application\/ld+json\" class=\"yoast-schema-graph\">{\"@context\":\"https:\/\/schema.org\",\"@graph\":[{\"@type\":\"WebPage\",\"@id\":\"https:\/\/ciudadyregion.com.co\/index.php\/el-ministerio-de-salud-y-proteccion-social-te-invita-a-participar-en-el-ix-foro-nacional-de-la-calidad-en-sel-sector-salud\/salud\/\",\"url\":\"https:\/\/ciudadyregion.com.co\/index.php\/el-ministerio-de-salud-y-proteccion-social-te-invita-a-participar-en-el-ix-foro-nacional-de-la-calidad-en-sel-sector-salud\/salud\/\",\"name\":\"El Ministerio de Salud y Protecci\u00f3n Social te invita a participar en el IX Foro Nacional de la Calidad en sel Sector Salud - Ciudad y Region\",\"isPartOf\":{\"@id\":\"https:\/\/ciudadyregion.com.co\/#website\"},\"primaryImageOfPage\":{\"@id\":\"https:\/\/ciudadyregion.com.co\/index.php\/el-ministerio-de-salud-y-proteccion-social-te-invita-a-participar-en-el-ix-foro-nacional-de-la-calidad-en-sel-sector-salud\/salud\/#primaryimage\"},\"image\":{\"@id\":\"https:\/\/ciudadyregion.com.co\/index.php\/el-ministerio-de-salud-y-proteccion-social-te-invita-a-participar-en-el-ix-foro-nacional-de-la-calidad-en-sel-sector-salud\/salud\/#primaryimage\"},\"thumbnailUrl\":\"https:\/\/i0.wp.com\/ciudadyregion.com.co\/wp-content\/uploads\/2025\/09\/Minsalud-ministerio-de-salud.jpg?fit=800%2C445&ssl=1\",\"datePublished\":\"2025-11-12T09:14:47+00:00\",\"dateModified\":\"2025-11-11T16:16:20+00:00\",\"author\":{\"@id\":\"https:\/\/ciudadyregion.com.co\/#\/schema\/person\/04a4954373ebc4051f46e8c65ff78622\"},\"breadcrumb\":{\"@id\":\"https:\/\/ciudadyregion.com.co\/index.php\/el-ministerio-de-salud-y-proteccion-social-te-invita-a-participar-en-el-ix-foro-nacional-de-la-calidad-en-sel-sector-salud\/salud\/#breadcrumb\"},\"inLanguage\":\"es\",\"potentialAction\":[{\"@type\":\"ReadAction\",\"target\":[\"https:\/\/ciudadyregion.com.co\/index.php\/el-ministerio-de-salud-y-proteccion-social-te-invita-a-participar-en-el-ix-foro-nacional-de-la-calidad-en-sel-sector-salud\/salud\/\"]}]},{\"@type\":\"ImageObject\",\"inLanguage\":\"es\",\"@id\":\"https:\/\/ciudadyregion.com.co\/index.php\/el-ministerio-de-salud-y-proteccion-social-te-invita-a-participar-en-el-ix-foro-nacional-de-la-calidad-en-sel-sector-salud\/salud\/#primaryimage\",\"url\":\"https:\/\/i0.wp.com\/ciudadyregion.com.co\/wp-content\/uploads\/2025\/09\/Minsalud-ministerio-de-salud.jpg?fit=800%2C445&ssl=1\",\"contentUrl\":\"https:\/\/i0.wp.com\/ciudadyregion.com.co\/wp-content\/uploads\/2025\/09\/Minsalud-ministerio-de-salud.jpg?fit=800%2C445&ssl=1\",\"width\":800,\"height\":445},{\"@type\":\"BreadcrumbList\",\"@id\":\"https:\/\/ciudadyregion.com.co\/index.php\/el-ministerio-de-salud-y-proteccion-social-te-invita-a-participar-en-el-ix-foro-nacional-de-la-calidad-en-sel-sector-salud\/salud\/#breadcrumb\",\"itemListElement\":[{\"@type\":\"ListItem\",\"position\":1,\"name\":\"Portada\",\"item\":\"https:\/\/ciudadyregion.com.co\/\"},{\"@type\":\"ListItem\",\"position\":2,\"name\":\"El Ministerio de Salud y Protecci\u00f3n Social te invita a participar en el IX Foro Nacional de la Calidad en sel Sector Salud\"}]},{\"@type\":\"WebSite\",\"@id\":\"https:\/\/ciudadyregion.com.co\/#website\",\"url\":\"https:\/\/ciudadyregion.com.co\/\",\"name\":\"Ciudad y Region\",\"description\":\"\",\"potentialAction\":[{\"@type\":\"SearchAction\",\"target\":{\"@type\":\"EntryPoint\",\"urlTemplate\":\"https:\/\/ciudadyregion.com.co\/?s={search_term_string}\"},\"query-input\":{\"@type\":\"PropertyValueSpecification\",\"valueRequired\":true,\"valueName\":\"search_term_string\"}}],\"inLanguage\":\"es\"},{\"@type\":\"Person\",\"@id\":\"https:\/\/ciudadyregion.com.co\/#\/schema\/person\/04a4954373ebc4051f46e8c65ff78622\",\"name\":\"David Andr\u00e9s Aguirre\",\"image\":{\"@type\":\"ImageObject\",\"inLanguage\":\"es\",\"@id\":\"https:\/\/ciudadyregion.com.co\/#\/schema\/person\/image\/\",\"url\":\"https:\/\/secure.gravatar.com\/avatar\/bc3c655860202182ee6d1b5edd042dbe?s=96&d=mm&r=g\",\"contentUrl\":\"https:\/\/secure.gravatar.com\/avatar\/bc3c655860202182ee6d1b5edd042dbe?s=96&d=mm&r=g\",\"caption\":\"David Andr\u00e9s Aguirre\"},\"url\":\"https:\/\/ciudadyregion.com.co\/index.php\/author\/diegoaguirre\/\"}]}<\/script>\n<!-- \/ Yoast SEO plugin. -->","yoast_head_json":{"title":"El Ministerio de Salud y Protecci\u00f3n Social te invita a participar en el IX Foro Nacional de la Calidad en sel Sector Salud - Ciudad y Region","robots":{"index":"index","follow":"follow","max-snippet":"max-snippet:-1","max-image-preview":"max-image-preview:large","max-video-preview":"max-video-preview:-1"},"canonical":"https:\/\/ciudadyregion.com.co\/index.php\/el-ministerio-de-salud-y-proteccion-social-te-invita-a-participar-en-el-ix-foro-nacional-de-la-calidad-en-sel-sector-salud\/salud\/","og_locale":"es_ES","og_type":"article","og_title":"El Ministerio de Salud y Protecci\u00f3n Social te invita a participar en el IX Foro Nacional de la Calidad en sel Sector Salud - Ciudad y Region","og_description":"Participa en la socializaci\u00f3n de los avances en la construcci\u00f3n del Ecosistema de Calidad en Salud\u201d: Pol\u00edtica Nacional de Calidad en Salud, Pol\u00edtica Nacional de Humanizaci\u00f3n en Salud, Plan Nacional de Mejoramiento de la Calidad, Sistema Integrado de Calidad en Salud \u2013 SICS y Modelo Nacional de Anal\u00edtica a laContinuar Leyendo","og_url":"https:\/\/ciudadyregion.com.co\/index.php\/el-ministerio-de-salud-y-proteccion-social-te-invita-a-participar-en-el-ix-foro-nacional-de-la-calidad-en-sel-sector-salud\/salud\/","og_site_name":"Ciudad y Region","article_published_time":"2025-11-12T09:14:47+00:00","article_modified_time":"2025-11-11T16:16:20+00:00","og_image":[{"width":800,"height":445,"url":"https:\/\/i0.wp.com\/ciudadyregion.com.co\/wp-content\/uploads\/2025\/09\/Minsalud-ministerio-de-salud.jpg?fit=800%2C445&ssl=1","type":"image\/jpeg"}],"author":"David Andr\u00e9s Aguirre","twitter_card":"summary_large_image","twitter_misc":{"Escrito por":"David Andr\u00e9s Aguirre","Tiempo de lectura":"1 minuto"},"schema":{"@context":"https:\/\/schema.org","@graph":[{"@type":"WebPage","@id":"https:\/\/ciudadyregion.com.co\/index.php\/el-ministerio-de-salud-y-proteccion-social-te-invita-a-participar-en-el-ix-foro-nacional-de-la-calidad-en-sel-sector-salud\/salud\/","url":"https:\/\/ciudadyregion.com.co\/index.php\/el-ministerio-de-salud-y-proteccion-social-te-invita-a-participar-en-el-ix-foro-nacional-de-la-calidad-en-sel-sector-salud\/salud\/","name":"El Ministerio de Salud y Protecci\u00f3n Social te invita a participar en el IX Foro Nacional de la Calidad en sel Sector Salud - Ciudad y Region","isPartOf":{"@id":"https:\/\/ciudadyregion.com.co\/#website"},"primaryImageOfPage":{"@id":"https:\/\/ciudadyregion.com.co\/index.php\/el-ministerio-de-salud-y-proteccion-social-te-invita-a-participar-en-el-ix-foro-nacional-de-la-calidad-en-sel-sector-salud\/salud\/#primaryimage"},"image":{"@id":"https:\/\/ciudadyregion.com.co\/index.php\/el-ministerio-de-salud-y-proteccion-social-te-invita-a-participar-en-el-ix-foro-nacional-de-la-calidad-en-sel-sector-salud\/salud\/#primaryimage"},"thumbnailUrl":"https:\/\/i0.wp.com\/ciudadyregion.com.co\/wp-content\/uploads\/2025\/09\/Minsalud-ministerio-de-salud.jpg?fit=800%2C445&ssl=1","datePublished":"2025-11-12T09:14:47+00:00","dateModified":"2025-11-11T16:16:20+00:00","author":{"@id":"https:\/\/ciudadyregion.com.co\/#\/schema\/person\/04a4954373ebc4051f46e8c65ff78622"},"breadcrumb":{"@id":"https:\/\/ciudadyregion.com.co\/index.php\/el-ministerio-de-salud-y-proteccion-social-te-invita-a-participar-en-el-ix-foro-nacional-de-la-calidad-en-sel-sector-salud\/salud\/#breadcrumb"},"inLanguage":"es","potentialAction":[{"@type":"ReadAction","target":["https:\/\/ciudadyregion.com.co\/index.php\/el-ministerio-de-salud-y-proteccion-social-te-invita-a-participar-en-el-ix-foro-nacional-de-la-calidad-en-sel-sector-salud\/salud\/"]}]},{"@type":"ImageObject","inLanguage":"es","@id":"https:\/\/ciudadyregion.com.co\/index.php\/el-ministerio-de-salud-y-proteccion-social-te-invita-a-participar-en-el-ix-foro-nacional-de-la-calidad-en-sel-sector-salud\/salud\/#primaryimage","url":"https:\/\/i0.wp.com\/ciudadyregion.com.co\/wp-content\/uploads\/2025\/09\/Minsalud-ministerio-de-salud.jpg?fit=800%2C445&ssl=1","contentUrl":"https:\/\/i0.wp.com\/ciudadyregion.com.co\/wp-content\/uploads\/2025\/09\/Minsalud-ministerio-de-salud.jpg?fit=800%2C445&ssl=1","width":800,"height":445},{"@type":"BreadcrumbList","@id":"https:\/\/ciudadyregion.com.co\/index.php\/el-ministerio-de-salud-y-proteccion-social-te-invita-a-participar-en-el-ix-foro-nacional-de-la-calidad-en-sel-sector-salud\/salud\/#breadcrumb","itemListElement":[{"@type":"ListItem","position":1,"name":"Portada","item":"https:\/\/ciudadyregion.com.co\/"},{"@type":"ListItem","position":2,"name":"El Ministerio de Salud y Protecci\u00f3n Social te invita a participar en el IX Foro Nacional de la Calidad en sel Sector Salud"}]},{"@type":"WebSite","@id":"https:\/\/ciudadyregion.com.co\/#website","url":"https:\/\/ciudadyregion.com.co\/","name":"Ciudad y Region","description":"","potentialAction":[{"@type":"SearchAction","target":{"@type":"EntryPoint","urlTemplate":"https:\/\/ciudadyregion.com.co\/?s={search_term_string}"},"query-input":{"@type":"PropertyValueSpecification","valueRequired":true,"valueName":"search_term_string"}}],"inLanguage":"es"},{"@type":"Person","@id":"https:\/\/ciudadyregion.com.co\/#\/schema\/person\/04a4954373ebc4051f46e8c65ff78622","name":"David Andr\u00e9s Aguirre","image":{"@type":"ImageObject","inLanguage":"es","@id":"https:\/\/ciudadyregion.com.co\/#\/schema\/person\/image\/","url":"https:\/\/secure.gravatar.com\/avatar\/bc3c655860202182ee6d1b5edd042dbe?s=96&d=mm&r=g","contentUrl":"https:\/\/secure.gravatar.com\/avatar\/bc3c655860202182ee6d1b5edd042dbe?s=96&d=mm&r=g","caption":"David Andr\u00e9s Aguirre"},"url":"https:\/\/ciudadyregion.com.co\/index.php\/author\/diegoaguirre\/"}]}},"jetpack_featured_media_url":"https:\/\/i0.wp.com\/ciudadyregion.com.co\/wp-content\/uploads\/2025\/09\/Minsalud-ministerio-de-salud.jpg?fit=800%2C445&ssl=1","jetpack_sharing_enabled":true,"jetpack_shortlink":"https:\/\/wp.me\/pbS7hh-cKT","jetpack-related-posts":[],"_links":{"self":[{"href":"https:\/\/ciudadyregion.com.co\/index.php\/wp-json\/wp\/v2\/posts\/49035"}],"collection":[{"href":"https:\/\/ciudadyregion.com.co\/index.php\/wp-json\/wp\/v2\/posts"}],"about":[{"href":"https:\/\/ciudadyregion.com.co\/index.php\/wp-json\/wp\/v2\/types\/post"}],"author":[{"embeddable":true,"href":"https:\/\/ciudadyregion.com.co\/index.php\/wp-json\/wp\/v2\/users\/2"}],"replies":[{"embeddable":true,"href":"https:\/\/ciudadyregion.com.co\/index.php\/wp-json\/wp\/v2\/comments?post=49035"}],"version-history":[{"count":1,"href":"https:\/\/ciudadyregion.com.co\/index.php\/wp-json\/wp\/v2\/posts\/49035\/revisions"}],"predecessor-version":[{"id":49037,"href":"https:\/\/ciudadyregion.com.co\/index.php\/wp-json\/wp\/v2\/posts\/49035\/revisions\/49037"}],"wp:featuredmedia":[{"embeddable":true,"href":"https:\/\/ciudadyregion.com.co\/index.php\/wp-json\/wp\/v2\/media\/44057"}],"wp:attachment":[{"href":"https:\/\/ciudadyregion.com.co\/index.php\/wp-json\/wp\/v2\/media?parent=49035"}],"wp:term":[{"taxonomy":"category","embeddable":true,"href":"https:\/\/ciudadyregion.com.co\/index.php\/wp-json\/wp\/v2\/categories?post=49035"},{"taxonomy":"post_tag","embeddable":true,"href":"https:\/\/ciudadyregion.com.co\/index.php\/wp-json\/wp\/v2\/tags?post=49035"}],"curies":[{"name":"wp","href":"https:\/\/api.w.org\/{rel}","templated":true}]}}