{"id":49028,"date":"2025-11-12T04:26:11","date_gmt":"2025-11-12T09:26:11","guid":{"rendered":"https:\/\/ciudadyregion.com.co\/?p=49028"},"modified":"2025-11-11T12:38:44","modified_gmt":"2025-11-11T17:38:44","slug":"hector-olimpo-espinosa-propone-aplazar-encuesta-interna-de-la-fuerza-de-las-regiones-para-definir-candidato-presidencial","status":"publish","type":"post","link":"https:\/\/ciudadyregion.com.co\/index.php\/hector-olimpo-espinosa-propone-aplazar-encuesta-interna-de-la-fuerza-de-las-regiones-para-definir-candidato-presidencial\/politica\/","title":{"rendered":"H\u00e9ctor Olimpo Espinosa propone aplazar encuesta interna de la Fuerza de las Regiones para definir candidato presidencial"},"content":{"rendered":"<p>El precandidato presidencial H\u00e9ctor Olimpo Espinosa, exgobernador de Sucre, propuso aplazar la encuesta interna de la Fuerza de las Regiones, con la que se elegir\u00e1 al candidato \u00fanico de la coalici\u00f3n para las elecciones presidenciales de 2026.<\/p>\n<p>En una comunicaci\u00f3n dirigida a sus compa\u00f1eros de movimiento \u2014Juan Guillermo Zuluaga, An\u00edbal Gaviria y Juan Carlos C\u00e1rdenas\u2014, Espinosa plante\u00f3 que el proceso se realice el 30 de enero de 2026, con el prop\u00f3sito de \u201cgarantizar una mayor participaci\u00f3n y representatividad de las regiones\u201d.<\/p>\n<p>El exmandatario sostuvo que la Fuerza de las Regiones debe consolidar un proyecto pol\u00edtico basado en la unidad territorial, la descentralizaci\u00f3n y el di\u00e1logo con los sectores sociales, por lo que insisti\u00f3 en que los tiempos deben permitir una construcci\u00f3n colectiva del programa.<\/p>\n<p>La propuesta ser\u00e1 analizada por los dem\u00e1s integrantes de la coalici\u00f3n en los pr\u00f3ximos d\u00edas, mientras avanzan las conversaciones para definir la metodolog\u00eda y el cronograma de selecci\u00f3n del aspirante presidencial.<\/p>\n","protected":false},"excerpt":{"rendered":"<p>El precandidato presidencial H\u00e9ctor Olimpo Espinosa, exgobernador de Sucre, propuso aplazar la encuesta interna de la Fuerza de las Regiones, con la que se elegir\u00e1 al candidato \u00fanico de la coalici\u00f3n para las elecciones presidenciales de 2026. En una comunicaci\u00f3n dirigida a sus compa\u00f1eros de movimiento \u2014Juan Guillermo Zuluaga, An\u00edbal<span class=\"more-link\"><a href=\"https:\/\/ciudadyregion.com.co\/index.php\/hector-olimpo-espinosa-propone-aplazar-encuesta-interna-de-la-fuerza-de-las-regiones-para-definir-candidato-presidencial\/politica\/\">Continuar Leyendo<\/a><\/span><\/p>\n","protected":false},"author":2,"featured_media":49063,"comment_status":"open","ping_status":"open","sticky":false,"template":"","format":"standard","meta":{"_uf_show_specific_survey":0,"_uf_disable_surveys":false,"_jetpack_memberships_contains_paid_content":false,"footnotes":"","jetpack_publicize_message":"","jetpack_publicize_feature_enabled":true,"jetpack_social_post_already_shared":true,"jetpack_social_options":{"image_generator_settings":{"template":"highway","enabled":false},"version":2}},"categories":[17],"tags":[],"class_list":["entry","author-diegoaguirre","post-49028","post","type-post","status-publish","format-standard","has-post-thumbnail","category-politica"],"jetpack_publicize_connections":[],"yoast_head":"<!-- This site is optimized with the Yoast SEO plugin v24.3 - https:\/\/yoast.com\/wordpress\/plugins\/seo\/ -->\n<title>H\u00e9ctor Olimpo Espinosa propone aplazar encuesta interna de la Fuerza de las Regiones para definir candidato presidencial - Ciudad y Region<\/title>\n<meta name=\"robots\" content=\"index, follow, max-snippet:-1, max-image-preview:large, max-video-preview:-1\" \/>\n<link rel=\"canonical\" href=\"https:\/\/ciudadyregion.com.co\/index.php\/hector-olimpo-espinosa-propone-aplazar-encuesta-interna-de-la-fuerza-de-las-regiones-para-definir-candidato-presidencial\/politica\/\" \/>\n<meta property=\"og:locale\" content=\"es_ES\" \/>\n<meta property=\"og:type\" content=\"article\" \/>\n<meta property=\"og:title\" content=\"H\u00e9ctor Olimpo Espinosa propone aplazar encuesta interna de la Fuerza de las Regiones para definir candidato presidencial - Ciudad y Region\" \/>\n<meta property=\"og:description\" content=\"El precandidato presidencial H\u00e9ctor Olimpo Espinosa, exgobernador de Sucre, propuso aplazar la encuesta interna de la Fuerza de las Regiones, con la que se elegir\u00e1 al candidato \u00fanico de la coalici\u00f3n para las elecciones presidenciales de 2026. En una comunicaci\u00f3n dirigida a sus compa\u00f1eros de movimiento \u2014Juan Guillermo Zuluaga, An\u00edbalContinuar Leyendo\" \/>\n<meta property=\"og:url\" content=\"https:\/\/ciudadyregion.com.co\/index.php\/hector-olimpo-espinosa-propone-aplazar-encuesta-interna-de-la-fuerza-de-las-regiones-para-definir-candidato-presidencial\/politica\/\" \/>\n<meta property=\"og:site_name\" content=\"Ciudad y Region\" \/>\n<meta property=\"article:published_time\" content=\"2025-11-12T09:26:11+00:00\" \/>\n<meta property=\"article:modified_time\" content=\"2025-11-11T17:38:44+00:00\" \/>\n<meta property=\"og:image\" content=\"https:\/\/i0.wp.com\/ciudadyregion.com.co\/wp-content\/uploads\/2025\/11\/Pag-2025-11-11T122504.178.jpg?fit=800%2C445&ssl=1\" \/>\n\t<meta property=\"og:image:width\" content=\"800\" \/>\n\t<meta property=\"og:image:height\" content=\"445\" \/>\n\t<meta property=\"og:image:type\" content=\"image\/jpeg\" \/>\n<meta name=\"author\" content=\"David Andr\u00e9s Aguirre\" \/>\n<meta name=\"twitter:card\" content=\"summary_large_image\" \/>\n<meta name=\"twitter:label1\" content=\"Escrito por\" \/>\n\t<meta name=\"twitter:data1\" content=\"David Andr\u00e9s Aguirre\" \/>\n\t<meta name=\"twitter:label2\" content=\"Tiempo de lectura\" \/>\n\t<meta name=\"twitter:data2\" content=\"1 minuto\" \/>\n<script type=\"application\/ld+json\" class=\"yoast-schema-graph\">{\"@context\":\"https:\/\/schema.org\",\"@graph\":[{\"@type\":\"WebPage\",\"@id\":\"https:\/\/ciudadyregion.com.co\/index.php\/hector-olimpo-espinosa-propone-aplazar-encuesta-interna-de-la-fuerza-de-las-regiones-para-definir-candidato-presidencial\/politica\/\",\"url\":\"https:\/\/ciudadyregion.com.co\/index.php\/hector-olimpo-espinosa-propone-aplazar-encuesta-interna-de-la-fuerza-de-las-regiones-para-definir-candidato-presidencial\/politica\/\",\"name\":\"H\u00e9ctor Olimpo Espinosa propone aplazar encuesta interna de la Fuerza de las Regiones para definir candidato presidencial - Ciudad y Region\",\"isPartOf\":{\"@id\":\"https:\/\/ciudadyregion.com.co\/#website\"},\"primaryImageOfPage\":{\"@id\":\"https:\/\/ciudadyregion.com.co\/index.php\/hector-olimpo-espinosa-propone-aplazar-encuesta-interna-de-la-fuerza-de-las-regiones-para-definir-candidato-presidencial\/politica\/#primaryimage\"},\"image\":{\"@id\":\"https:\/\/ciudadyregion.com.co\/index.php\/hector-olimpo-espinosa-propone-aplazar-encuesta-interna-de-la-fuerza-de-las-regiones-para-definir-candidato-presidencial\/politica\/#primaryimage\"},\"thumbnailUrl\":\"https:\/\/i0.wp.com\/ciudadyregion.com.co\/wp-content\/uploads\/2025\/11\/Pag-2025-11-11T122504.178.jpg?fit=800%2C445&ssl=1\",\"datePublished\":\"2025-11-12T09:26:11+00:00\",\"dateModified\":\"2025-11-11T17:38:44+00:00\",\"author\":{\"@id\":\"https:\/\/ciudadyregion.com.co\/#\/schema\/person\/04a4954373ebc4051f46e8c65ff78622\"},\"breadcrumb\":{\"@id\":\"https:\/\/ciudadyregion.com.co\/index.php\/hector-olimpo-espinosa-propone-aplazar-encuesta-interna-de-la-fuerza-de-las-regiones-para-definir-candidato-presidencial\/politica\/#breadcrumb\"},\"inLanguage\":\"es\",\"potentialAction\":[{\"@type\":\"ReadAction\",\"target\":[\"https:\/\/ciudadyregion.com.co\/index.php\/hector-olimpo-espinosa-propone-aplazar-encuesta-interna-de-la-fuerza-de-las-regiones-para-definir-candidato-presidencial\/politica\/\"]}]},{\"@type\":\"ImageObject\",\"inLanguage\":\"es\",\"@id\":\"https:\/\/ciudadyregion.com.co\/index.php\/hector-olimpo-espinosa-propone-aplazar-encuesta-interna-de-la-fuerza-de-las-regiones-para-definir-candidato-presidencial\/politica\/#primaryimage\",\"url\":\"https:\/\/i0.wp.com\/ciudadyregion.com.co\/wp-content\/uploads\/2025\/11\/Pag-2025-11-11T122504.178.jpg?fit=800%2C445&ssl=1\",\"contentUrl\":\"https:\/\/i0.wp.com\/ciudadyregion.com.co\/wp-content\/uploads\/2025\/11\/Pag-2025-11-11T122504.178.jpg?fit=800%2C445&ssl=1\",\"width\":800,\"height\":445},{\"@type\":\"BreadcrumbList\",\"@id\":\"https:\/\/ciudadyregion.com.co\/index.php\/hector-olimpo-espinosa-propone-aplazar-encuesta-interna-de-la-fuerza-de-las-regiones-para-definir-candidato-presidencial\/politica\/#breadcrumb\",\"itemListElement\":[{\"@type\":\"ListItem\",\"position\":1,\"name\":\"Portada\",\"item\":\"https:\/\/ciudadyregion.com.co\/\"},{\"@type\":\"ListItem\",\"position\":2,\"name\":\"H\u00e9ctor Olimpo Espinosa propone aplazar encuesta interna de la Fuerza de las Regiones para definir candidato presidencial\"}]},{\"@type\":\"WebSite\",\"@id\":\"https:\/\/ciudadyregion.com.co\/#website\",\"url\":\"https:\/\/ciudadyregion.com.co\/\",\"name\":\"Ciudad y Region\",\"description\":\"\",\"potentialAction\":[{\"@type\":\"SearchAction\",\"target\":{\"@type\":\"EntryPoint\",\"urlTemplate\":\"https:\/\/ciudadyregion.com.co\/?s={search_term_string}\"},\"query-input\":{\"@type\":\"PropertyValueSpecification\",\"valueRequired\":true,\"valueName\":\"search_term_string\"}}],\"inLanguage\":\"es\"},{\"@type\":\"Person\",\"@id\":\"https:\/\/ciudadyregion.com.co\/#\/schema\/person\/04a4954373ebc4051f46e8c65ff78622\",\"name\":\"David Andr\u00e9s Aguirre\",\"image\":{\"@type\":\"ImageObject\",\"inLanguage\":\"es\",\"@id\":\"https:\/\/ciudadyregion.com.co\/#\/schema\/person\/image\/\",\"url\":\"https:\/\/secure.gravatar.com\/avatar\/bc3c655860202182ee6d1b5edd042dbe?s=96&d=mm&r=g\",\"contentUrl\":\"https:\/\/secure.gravatar.com\/avatar\/bc3c655860202182ee6d1b5edd042dbe?s=96&d=mm&r=g\",\"caption\":\"David Andr\u00e9s Aguirre\"},\"url\":\"https:\/\/ciudadyregion.com.co\/index.php\/author\/diegoaguirre\/\"}]}<\/script>\n<!-- \/ Yoast SEO plugin. -->","yoast_head_json":{"title":"H\u00e9ctor Olimpo Espinosa propone aplazar encuesta interna de la Fuerza de las Regiones para definir candidato presidencial - Ciudad y Region","robots":{"index":"index","follow":"follow","max-snippet":"max-snippet:-1","max-image-preview":"max-image-preview:large","max-video-preview":"max-video-preview:-1"},"canonical":"https:\/\/ciudadyregion.com.co\/index.php\/hector-olimpo-espinosa-propone-aplazar-encuesta-interna-de-la-fuerza-de-las-regiones-para-definir-candidato-presidencial\/politica\/","og_locale":"es_ES","og_type":"article","og_title":"H\u00e9ctor Olimpo Espinosa propone aplazar encuesta interna de la Fuerza de las Regiones para definir candidato presidencial - Ciudad y Region","og_description":"El precandidato presidencial H\u00e9ctor Olimpo Espinosa, exgobernador de Sucre, propuso aplazar la encuesta interna de la Fuerza de las Regiones, con la que se elegir\u00e1 al candidato \u00fanico de la coalici\u00f3n para las elecciones presidenciales de 2026. En una comunicaci\u00f3n dirigida a sus compa\u00f1eros de movimiento \u2014Juan Guillermo Zuluaga, An\u00edbalContinuar Leyendo","og_url":"https:\/\/ciudadyregion.com.co\/index.php\/hector-olimpo-espinosa-propone-aplazar-encuesta-interna-de-la-fuerza-de-las-regiones-para-definir-candidato-presidencial\/politica\/","og_site_name":"Ciudad y Region","article_published_time":"2025-11-12T09:26:11+00:00","article_modified_time":"2025-11-11T17:38:44+00:00","og_image":[{"width":800,"height":445,"url":"https:\/\/i0.wp.com\/ciudadyregion.com.co\/wp-content\/uploads\/2025\/11\/Pag-2025-11-11T122504.178.jpg?fit=800%2C445&ssl=1","type":"image\/jpeg"}],"author":"David Andr\u00e9s Aguirre","twitter_card":"summary_large_image","twitter_misc":{"Escrito por":"David Andr\u00e9s Aguirre","Tiempo de lectura":"1 minuto"},"schema":{"@context":"https:\/\/schema.org","@graph":[{"@type":"WebPage","@id":"https:\/\/ciudadyregion.com.co\/index.php\/hector-olimpo-espinosa-propone-aplazar-encuesta-interna-de-la-fuerza-de-las-regiones-para-definir-candidato-presidencial\/politica\/","url":"https:\/\/ciudadyregion.com.co\/index.php\/hector-olimpo-espinosa-propone-aplazar-encuesta-interna-de-la-fuerza-de-las-regiones-para-definir-candidato-presidencial\/politica\/","name":"H\u00e9ctor Olimpo Espinosa propone aplazar encuesta interna de la Fuerza de las Regiones para definir candidato presidencial - Ciudad y Region","isPartOf":{"@id":"https:\/\/ciudadyregion.com.co\/#website"},"primaryImageOfPage":{"@id":"https:\/\/ciudadyregion.com.co\/index.php\/hector-olimpo-espinosa-propone-aplazar-encuesta-interna-de-la-fuerza-de-las-regiones-para-definir-candidato-presidencial\/politica\/#primaryimage"},"image":{"@id":"https:\/\/ciudadyregion.com.co\/index.php\/hector-olimpo-espinosa-propone-aplazar-encuesta-interna-de-la-fuerza-de-las-regiones-para-definir-candidato-presidencial\/politica\/#primaryimage"},"thumbnailUrl":"https:\/\/i0.wp.com\/ciudadyregion.com.co\/wp-content\/uploads\/2025\/11\/Pag-2025-11-11T122504.178.jpg?fit=800%2C445&ssl=1","datePublished":"2025-11-12T09:26:11+00:00","dateModified":"2025-11-11T17:38:44+00:00","author":{"@id":"https:\/\/ciudadyregion.com.co\/#\/schema\/person\/04a4954373ebc4051f46e8c65ff78622"},"breadcrumb":{"@id":"https:\/\/ciudadyregion.com.co\/index.php\/hector-olimpo-espinosa-propone-aplazar-encuesta-interna-de-la-fuerza-de-las-regiones-para-definir-candidato-presidencial\/politica\/#breadcrumb"},"inLanguage":"es","potentialAction":[{"@type":"ReadAction","target":["https:\/\/ciudadyregion.com.co\/index.php\/hector-olimpo-espinosa-propone-aplazar-encuesta-interna-de-la-fuerza-de-las-regiones-para-definir-candidato-presidencial\/politica\/"]}]},{"@type":"ImageObject","inLanguage":"es","@id":"https:\/\/ciudadyregion.com.co\/index.php\/hector-olimpo-espinosa-propone-aplazar-encuesta-interna-de-la-fuerza-de-las-regiones-para-definir-candidato-presidencial\/politica\/#primaryimage","url":"https:\/\/i0.wp.com\/ciudadyregion.com.co\/wp-content\/uploads\/2025\/11\/Pag-2025-11-11T122504.178.jpg?fit=800%2C445&ssl=1","contentUrl":"https:\/\/i0.wp.com\/ciudadyregion.com.co\/wp-content\/uploads\/2025\/11\/Pag-2025-11-11T122504.178.jpg?fit=800%2C445&ssl=1","width":800,"height":445},{"@type":"BreadcrumbList","@id":"https:\/\/ciudadyregion.com.co\/index.php\/hector-olimpo-espinosa-propone-aplazar-encuesta-interna-de-la-fuerza-de-las-regiones-para-definir-candidato-presidencial\/politica\/#breadcrumb","itemListElement":[{"@type":"ListItem","position":1,"name":"Portada","item":"https:\/\/ciudadyregion.com.co\/"},{"@type":"ListItem","position":2,"name":"H\u00e9ctor Olimpo Espinosa propone aplazar encuesta interna de la Fuerza de las Regiones para definir candidato presidencial"}]},{"@type":"WebSite","@id":"https:\/\/ciudadyregion.com.co\/#website","url":"https:\/\/ciudadyregion.com.co\/","name":"Ciudad y Region","description":"","potentialAction":[{"@type":"SearchAction","target":{"@type":"EntryPoint","urlTemplate":"https:\/\/ciudadyregion.com.co\/?s={search_term_string}"},"query-input":{"@type":"PropertyValueSpecification","valueRequired":true,"valueName":"search_term_string"}}],"inLanguage":"es"},{"@type":"Person","@id":"https:\/\/ciudadyregion.com.co\/#\/schema\/person\/04a4954373ebc4051f46e8c65ff78622","name":"David Andr\u00e9s Aguirre","image":{"@type":"ImageObject","inLanguage":"es","@id":"https:\/\/ciudadyregion.com.co\/#\/schema\/person\/image\/","url":"https:\/\/secure.gravatar.com\/avatar\/bc3c655860202182ee6d1b5edd042dbe?s=96&d=mm&r=g","contentUrl":"https:\/\/secure.gravatar.com\/avatar\/bc3c655860202182ee6d1b5edd042dbe?s=96&d=mm&r=g","caption":"David Andr\u00e9s Aguirre"},"url":"https:\/\/ciudadyregion.com.co\/index.php\/author\/diegoaguirre\/"}]}},"jetpack_featured_media_url":"https:\/\/i0.wp.com\/ciudadyregion.com.co\/wp-content\/uploads\/2025\/11\/Pag-2025-11-11T122504.178.jpg?fit=800%2C445&ssl=1","jetpack_sharing_enabled":true,"jetpack_shortlink":"https:\/\/wp.me\/pbS7hh-cKM","jetpack-related-posts":[],"_links":{"self":[{"href":"https:\/\/ciudadyregion.com.co\/index.php\/wp-json\/wp\/v2\/posts\/49028"}],"collection":[{"href":"https:\/\/ciudadyregion.com.co\/index.php\/wp-json\/wp\/v2\/posts"}],"about":[{"href":"https:\/\/ciudadyregion.com.co\/index.php\/wp-json\/wp\/v2\/types\/post"}],"author":[{"embeddable":true,"href":"https:\/\/ciudadyregion.com.co\/index.php\/wp-json\/wp\/v2\/users\/2"}],"replies":[{"embeddable":true,"href":"https:\/\/ciudadyregion.com.co\/index.php\/wp-json\/wp\/v2\/comments?post=49028"}],"version-history":[{"count":1,"href":"https:\/\/ciudadyregion.com.co\/index.php\/wp-json\/wp\/v2\/posts\/49028\/revisions"}],"predecessor-version":[{"id":49064,"href":"https:\/\/ciudadyregion.com.co\/index.php\/wp-json\/wp\/v2\/posts\/49028\/revisions\/49064"}],"wp:featuredmedia":[{"embeddable":true,"href":"https:\/\/ciudadyregion.com.co\/index.php\/wp-json\/wp\/v2\/media\/49063"}],"wp:attachment":[{"href":"https:\/\/ciudadyregion.com.co\/index.php\/wp-json\/wp\/v2\/media?parent=49028"}],"wp:term":[{"taxonomy":"category","embeddable":true,"href":"https:\/\/ciudadyregion.com.co\/index.php\/wp-json\/wp\/v2\/categories?post=49028"},{"taxonomy":"post_tag","embeddable":true,"href":"https:\/\/ciudadyregion.com.co\/index.php\/wp-json\/wp\/v2\/tags?post=49028"}],"curies":[{"name":"wp","href":"https:\/\/api.w.org\/{rel}","templated":true}]}}