{"id":48990,"date":"2025-11-12T04:32:58","date_gmt":"2025-11-12T09:32:58","guid":{"rendered":"https:\/\/ciudadyregion.com.co\/?p=48990"},"modified":"2025-11-12T05:45:43","modified_gmt":"2025-11-12T10:45:43","slug":"bienestar-universitario-en-el-curdn-granja-de-armero-un-compromiso-con-todas-las-sedes-de-la-ut","status":"publish","type":"post","link":"https:\/\/ciudadyregion.com.co\/index.php\/bienestar-universitario-en-el-curdn-granja-de-armero-un-compromiso-con-todas-las-sedes-de-la-ut\/educacion\/","title":{"rendered":"Bienestar Universitario en el CURDN \u2013 Granja de Armero: un compromiso con todas las sedes de la UT"},"content":{"rendered":"<p data-wahfont=\"14\">En la Universidad del Tolima nos preocupamos por el bienestar de todas y todos. Por este motivo, desde la Vicerrector\u00eda de Desarrollo Humano hemos adelan\u00adtado, a lo largo del a\u00f1o, diversas actividades l\u00fadicas, recreativas y pedag\u00f3gicas orientadas a descentralizar los servicios de la Vicerrector\u00eda y llevar el Bienestar Universitario a las distintas sedes donde la instituci\u00f3n hace presencia.<\/p>\n<p data-wahfont=\"14\">Entre las acciones m\u00e1s destacadas se encuentran las desarrolladas en el Centro Universitario Regional del Norte CURDN \u2013 Granja de Armero, donde los estu\u00addiantes de los programas de Medicina Veterinaria y Zootecnia, Ingenier\u00eda Agron\u00f3mica e Ingenier\u00eda Fores\u00adtal han participado en espacios de defensa personal, Wu Shu Kung Fu, actividades l\u00fadicas recreativas y musicalizadas, celebraciones de integraci\u00f3n como Ha\u00adlloween, as\u00ed como visitas t\u00e9cnicas en seguridad y salud en el trabajo, la Coordinaci\u00f3n de Gesti\u00f3n Ambiental, jornadas de bienestar con la prestadora de servicios de salud, trabajo social, la secci\u00f3n de deportes y re\u00adcreaci\u00f3n y los Gestores de Convivencia de Bienestar Universitario con actividades de educaci\u00f3n ambiental, talleres de fortalecimiento a la convivencia y sociali\u00adzaci\u00f3n de las pol\u00edticas institucionales lideradas desde la VDH.<\/p>\n<p data-wahfont=\"14\">Actividades que articuladas con la direcci\u00f3n de las granjas buscan que el bienestar integral que brinda la universidad sea del disfrute de toda la comunidad uni\u00adversitaria en el territorio siendo acogidas de la mejor manera por parte de los estudiantes; como lo expresa Laura Sof\u00eda Camelo, estudiante de s\u00e9ptimo semestre de Ingenier\u00eda Agron\u00f3mica, quien vive su primer perio\u00addo acad\u00e9mico en La Granja de Armero \u201cEsto nos ayuda a mantenernos unidos y a que no se sienta tan dif\u00edcil la ausencia de nuestro hogar; esperamos que este tipo de actividades se sigan repitiendo por parte de la univer\u00adsidad, ya que vamos a estar parte de diciembre ac\u00e1 y es dif\u00edcil estar lejos de nuestras casas\u201d.<\/p>\n<p data-wahfont=\"14\">Por su parte, Valeria Conde Ram\u00edrez, tambi\u00e9n estu\u00addiante de Ingenier\u00eda Agron\u00f3mica, destac\u00f3 que \u201cestas actividades son muy importantes, primero porque fo\u00admentan la integraci\u00f3n y segundo porque muchas veces es dif\u00edcil celebrar fechas especiales que para nosotros, los j\u00f3venes, significan mucho\u201d. De esta manera, resalt\u00f3 la importancia de la descentralizaci\u00f3n de los servicios de bienestar, que garantizan el acompa\u00f1amiento uni\u00adversitario sin importar la sede donde se encuentren.<\/p>\n<p data-wahfont=\"14\">Es importante resaltar que en estas actividades tam\u00adbi\u00e9n participa el personal docente y administrativo de la granja, como lo indica la profesora Diana Cami\u00adla Mogoll\u00f3n, de la Facultad de Medicina Veterinaria y Zootecnia, sugiri\u00f3 que podr\u00edan realizarse otras activi\u00addades como deportes, cine al aire libre y din\u00e1micas que aprovechen los espacios naturales de la granja, fomen\u00adtando la convivencia sana entre los miembros de la co\u00admunidad. En este escenario, tambi\u00e9n se ha realizado la dotaci\u00f3n de implementos deportivos para promover el buen uso del tiempo libre y la actividad f\u00edsica.<\/p>\n<p data-wahfont=\"14\">Estas estrategias hacen parte de la Pol\u00edtica Integral de Bienestar Universitario, la cual busca extender sus ser\u00advicios y programas a todas las sedes de la Universidad del Tolima, reafirmando el compromiso de construir, entre todas y todos, la universidad que so\u00f1amos.<\/p>\n","protected":false},"excerpt":{"rendered":"<p>En la Universidad del Tolima nos preocupamos por el bienestar de todas y todos. Por este motivo, desde la Vicerrector\u00eda de Desarrollo Humano hemos adelan\u00adtado, a lo largo del a\u00f1o, diversas actividades l\u00fadicas, recreativas y pedag\u00f3gicas orientadas a descentralizar los servicios de la Vicerrector\u00eda y llevar el Bienestar Universitario a<span class=\"more-link\"><a href=\"https:\/\/ciudadyregion.com.co\/index.php\/bienestar-universitario-en-el-curdn-granja-de-armero-un-compromiso-con-todas-las-sedes-de-la-ut\/educacion\/\">Continuar Leyendo<\/a><\/span><\/p>\n","protected":false},"author":2,"featured_media":48991,"comment_status":"open","ping_status":"open","sticky":false,"template":"","format":"standard","meta":{"_uf_show_specific_survey":0,"_uf_disable_surveys":false,"_jetpack_memberships_contains_paid_content":false,"footnotes":"","jetpack_publicize_message":"","jetpack_publicize_feature_enabled":true,"jetpack_social_post_already_shared":true,"jetpack_social_options":{"image_generator_settings":{"template":"highway","enabled":false},"version":2}},"categories":[22],"tags":[],"class_list":["entry","author-diegoaguirre","post-48990","post","type-post","status-publish","format-standard","has-post-thumbnail","category-educacion"],"jetpack_publicize_connections":[],"yoast_head":"<!-- This site is optimized with the Yoast SEO plugin v24.3 - https:\/\/yoast.com\/wordpress\/plugins\/seo\/ -->\n<title>Bienestar Universitario en el CURDN \u2013 Granja de Armero: un compromiso con todas las sedes de la UT - Ciudad y Region<\/title>\n<meta name=\"robots\" content=\"index, follow, max-snippet:-1, max-image-preview:large, max-video-preview:-1\" \/>\n<link rel=\"canonical\" href=\"https:\/\/ciudadyregion.com.co\/index.php\/bienestar-universitario-en-el-curdn-granja-de-armero-un-compromiso-con-todas-las-sedes-de-la-ut\/educacion\/\" \/>\n<meta property=\"og:locale\" content=\"es_ES\" \/>\n<meta property=\"og:type\" content=\"article\" \/>\n<meta property=\"og:title\" content=\"Bienestar Universitario en el CURDN \u2013 Granja de Armero: un compromiso con todas las sedes de la UT - Ciudad y Region\" \/>\n<meta property=\"og:description\" content=\"En la Universidad del Tolima nos preocupamos por el bienestar de todas y todos. Por este motivo, desde la Vicerrector\u00eda de Desarrollo Humano hemos adelan\u00adtado, a lo largo del a\u00f1o, diversas actividades l\u00fadicas, recreativas y pedag\u00f3gicas orientadas a descentralizar los servicios de la Vicerrector\u00eda y llevar el Bienestar Universitario aContinuar Leyendo\" \/>\n<meta property=\"og:url\" content=\"https:\/\/ciudadyregion.com.co\/index.php\/bienestar-universitario-en-el-curdn-granja-de-armero-un-compromiso-con-todas-las-sedes-de-la-ut\/educacion\/\" \/>\n<meta property=\"og:site_name\" content=\"Ciudad y Region\" \/>\n<meta property=\"article:published_time\" content=\"2025-11-12T09:32:58+00:00\" \/>\n<meta property=\"article:modified_time\" content=\"2025-11-12T10:45:43+00:00\" \/>\n<meta property=\"og:image\" content=\"https:\/\/ciudadyregion.com.co\/wp-content\/uploads\/2025\/11\/Pag-2025-11-11T083131.686.jpg\" \/>\n\t<meta property=\"og:image:width\" content=\"800\" \/>\n\t<meta property=\"og:image:height\" content=\"445\" \/>\n\t<meta property=\"og:image:type\" content=\"image\/jpeg\" \/>\n<meta name=\"author\" content=\"David Andr\u00e9s Aguirre\" \/>\n<meta name=\"twitter:card\" content=\"summary_large_image\" \/>\n<meta name=\"twitter:label1\" content=\"Escrito por\" \/>\n\t<meta name=\"twitter:data1\" content=\"David Andr\u00e9s Aguirre\" \/>\n\t<meta name=\"twitter:label2\" content=\"Tiempo de lectura\" \/>\n\t<meta name=\"twitter:data2\" content=\"3 minutos\" \/>\n<script type=\"application\/ld+json\" class=\"yoast-schema-graph\">{\"@context\":\"https:\/\/schema.org\",\"@graph\":[{\"@type\":\"WebPage\",\"@id\":\"https:\/\/ciudadyregion.com.co\/index.php\/bienestar-universitario-en-el-curdn-granja-de-armero-un-compromiso-con-todas-las-sedes-de-la-ut\/educacion\/\",\"url\":\"https:\/\/ciudadyregion.com.co\/index.php\/bienestar-universitario-en-el-curdn-granja-de-armero-un-compromiso-con-todas-las-sedes-de-la-ut\/educacion\/\",\"name\":\"Bienestar Universitario en el CURDN \u2013 Granja de Armero: un compromiso con todas las sedes de la UT - Ciudad y Region\",\"isPartOf\":{\"@id\":\"https:\/\/ciudadyregion.com.co\/#website\"},\"primaryImageOfPage\":{\"@id\":\"https:\/\/ciudadyregion.com.co\/index.php\/bienestar-universitario-en-el-curdn-granja-de-armero-un-compromiso-con-todas-las-sedes-de-la-ut\/educacion\/#primaryimage\"},\"image\":{\"@id\":\"https:\/\/ciudadyregion.com.co\/index.php\/bienestar-universitario-en-el-curdn-granja-de-armero-un-compromiso-con-todas-las-sedes-de-la-ut\/educacion\/#primaryimage\"},\"thumbnailUrl\":\"https:\/\/i0.wp.com\/ciudadyregion.com.co\/wp-content\/uploads\/2025\/11\/Pag-2025-11-11T083131.686.jpg?fit=800%2C445&ssl=1\",\"datePublished\":\"2025-11-12T09:32:58+00:00\",\"dateModified\":\"2025-11-12T10:45:43+00:00\",\"author\":{\"@id\":\"https:\/\/ciudadyregion.com.co\/#\/schema\/person\/04a4954373ebc4051f46e8c65ff78622\"},\"breadcrumb\":{\"@id\":\"https:\/\/ciudadyregion.com.co\/index.php\/bienestar-universitario-en-el-curdn-granja-de-armero-un-compromiso-con-todas-las-sedes-de-la-ut\/educacion\/#breadcrumb\"},\"inLanguage\":\"es\",\"potentialAction\":[{\"@type\":\"ReadAction\",\"target\":[\"https:\/\/ciudadyregion.com.co\/index.php\/bienestar-universitario-en-el-curdn-granja-de-armero-un-compromiso-con-todas-las-sedes-de-la-ut\/educacion\/\"]}]},{\"@type\":\"ImageObject\",\"inLanguage\":\"es\",\"@id\":\"https:\/\/ciudadyregion.com.co\/index.php\/bienestar-universitario-en-el-curdn-granja-de-armero-un-compromiso-con-todas-las-sedes-de-la-ut\/educacion\/#primaryimage\",\"url\":\"https:\/\/i0.wp.com\/ciudadyregion.com.co\/wp-content\/uploads\/2025\/11\/Pag-2025-11-11T083131.686.jpg?fit=800%2C445&ssl=1\",\"contentUrl\":\"https:\/\/i0.wp.com\/ciudadyregion.com.co\/wp-content\/uploads\/2025\/11\/Pag-2025-11-11T083131.686.jpg?fit=800%2C445&ssl=1\",\"width\":800,\"height\":445},{\"@type\":\"BreadcrumbList\",\"@id\":\"https:\/\/ciudadyregion.com.co\/index.php\/bienestar-universitario-en-el-curdn-granja-de-armero-un-compromiso-con-todas-las-sedes-de-la-ut\/educacion\/#breadcrumb\",\"itemListElement\":[{\"@type\":\"ListItem\",\"position\":1,\"name\":\"Portada\",\"item\":\"https:\/\/ciudadyregion.com.co\/\"},{\"@type\":\"ListItem\",\"position\":2,\"name\":\"Bienestar Universitario en el CURDN \u2013 Granja de Armero: un compromiso con todas las sedes de la UT\"}]},{\"@type\":\"WebSite\",\"@id\":\"https:\/\/ciudadyregion.com.co\/#website\",\"url\":\"https:\/\/ciudadyregion.com.co\/\",\"name\":\"Ciudad y Region\",\"description\":\"\",\"potentialAction\":[{\"@type\":\"SearchAction\",\"target\":{\"@type\":\"EntryPoint\",\"urlTemplate\":\"https:\/\/ciudadyregion.com.co\/?s={search_term_string}\"},\"query-input\":{\"@type\":\"PropertyValueSpecification\",\"valueRequired\":true,\"valueName\":\"search_term_string\"}}],\"inLanguage\":\"es\"},{\"@type\":\"Person\",\"@id\":\"https:\/\/ciudadyregion.com.co\/#\/schema\/person\/04a4954373ebc4051f46e8c65ff78622\",\"name\":\"David Andr\u00e9s Aguirre\",\"image\":{\"@type\":\"ImageObject\",\"inLanguage\":\"es\",\"@id\":\"https:\/\/ciudadyregion.com.co\/#\/schema\/person\/image\/\",\"url\":\"https:\/\/secure.gravatar.com\/avatar\/bc3c655860202182ee6d1b5edd042dbe?s=96&d=mm&r=g\",\"contentUrl\":\"https:\/\/secure.gravatar.com\/avatar\/bc3c655860202182ee6d1b5edd042dbe?s=96&d=mm&r=g\",\"caption\":\"David Andr\u00e9s Aguirre\"},\"url\":\"https:\/\/ciudadyregion.com.co\/index.php\/author\/diegoaguirre\/\"}]}<\/script>\n<!-- \/ Yoast SEO plugin. -->","yoast_head_json":{"title":"Bienestar Universitario en el CURDN \u2013 Granja de Armero: un compromiso con todas las sedes de la UT - Ciudad y Region","robots":{"index":"index","follow":"follow","max-snippet":"max-snippet:-1","max-image-preview":"max-image-preview:large","max-video-preview":"max-video-preview:-1"},"canonical":"https:\/\/ciudadyregion.com.co\/index.php\/bienestar-universitario-en-el-curdn-granja-de-armero-un-compromiso-con-todas-las-sedes-de-la-ut\/educacion\/","og_locale":"es_ES","og_type":"article","og_title":"Bienestar Universitario en el CURDN \u2013 Granja de Armero: un compromiso con todas las sedes de la UT - Ciudad y Region","og_description":"En la Universidad del Tolima nos preocupamos por el bienestar de todas y todos. Por este motivo, desde la Vicerrector\u00eda de Desarrollo Humano hemos adelan\u00adtado, a lo largo del a\u00f1o, diversas actividades l\u00fadicas, recreativas y pedag\u00f3gicas orientadas a descentralizar los servicios de la Vicerrector\u00eda y llevar el Bienestar Universitario aContinuar Leyendo","og_url":"https:\/\/ciudadyregion.com.co\/index.php\/bienestar-universitario-en-el-curdn-granja-de-armero-un-compromiso-con-todas-las-sedes-de-la-ut\/educacion\/","og_site_name":"Ciudad y Region","article_published_time":"2025-11-12T09:32:58+00:00","article_modified_time":"2025-11-12T10:45:43+00:00","og_image":[{"width":800,"height":445,"url":"https:\/\/ciudadyregion.com.co\/wp-content\/uploads\/2025\/11\/Pag-2025-11-11T083131.686.jpg","type":"image\/jpeg"}],"author":"David Andr\u00e9s Aguirre","twitter_card":"summary_large_image","twitter_misc":{"Escrito por":"David Andr\u00e9s Aguirre","Tiempo de lectura":"3 minutos"},"schema":{"@context":"https:\/\/schema.org","@graph":[{"@type":"WebPage","@id":"https:\/\/ciudadyregion.com.co\/index.php\/bienestar-universitario-en-el-curdn-granja-de-armero-un-compromiso-con-todas-las-sedes-de-la-ut\/educacion\/","url":"https:\/\/ciudadyregion.com.co\/index.php\/bienestar-universitario-en-el-curdn-granja-de-armero-un-compromiso-con-todas-las-sedes-de-la-ut\/educacion\/","name":"Bienestar Universitario en el CURDN \u2013 Granja de Armero: un compromiso con todas las sedes de la UT - Ciudad y Region","isPartOf":{"@id":"https:\/\/ciudadyregion.com.co\/#website"},"primaryImageOfPage":{"@id":"https:\/\/ciudadyregion.com.co\/index.php\/bienestar-universitario-en-el-curdn-granja-de-armero-un-compromiso-con-todas-las-sedes-de-la-ut\/educacion\/#primaryimage"},"image":{"@id":"https:\/\/ciudadyregion.com.co\/index.php\/bienestar-universitario-en-el-curdn-granja-de-armero-un-compromiso-con-todas-las-sedes-de-la-ut\/educacion\/#primaryimage"},"thumbnailUrl":"https:\/\/i0.wp.com\/ciudadyregion.com.co\/wp-content\/uploads\/2025\/11\/Pag-2025-11-11T083131.686.jpg?fit=800%2C445&ssl=1","datePublished":"2025-11-12T09:32:58+00:00","dateModified":"2025-11-12T10:45:43+00:00","author":{"@id":"https:\/\/ciudadyregion.com.co\/#\/schema\/person\/04a4954373ebc4051f46e8c65ff78622"},"breadcrumb":{"@id":"https:\/\/ciudadyregion.com.co\/index.php\/bienestar-universitario-en-el-curdn-granja-de-armero-un-compromiso-con-todas-las-sedes-de-la-ut\/educacion\/#breadcrumb"},"inLanguage":"es","potentialAction":[{"@type":"ReadAction","target":["https:\/\/ciudadyregion.com.co\/index.php\/bienestar-universitario-en-el-curdn-granja-de-armero-un-compromiso-con-todas-las-sedes-de-la-ut\/educacion\/"]}]},{"@type":"ImageObject","inLanguage":"es","@id":"https:\/\/ciudadyregion.com.co\/index.php\/bienestar-universitario-en-el-curdn-granja-de-armero-un-compromiso-con-todas-las-sedes-de-la-ut\/educacion\/#primaryimage","url":"https:\/\/i0.wp.com\/ciudadyregion.com.co\/wp-content\/uploads\/2025\/11\/Pag-2025-11-11T083131.686.jpg?fit=800%2C445&ssl=1","contentUrl":"https:\/\/i0.wp.com\/ciudadyregion.com.co\/wp-content\/uploads\/2025\/11\/Pag-2025-11-11T083131.686.jpg?fit=800%2C445&ssl=1","width":800,"height":445},{"@type":"BreadcrumbList","@id":"https:\/\/ciudadyregion.com.co\/index.php\/bienestar-universitario-en-el-curdn-granja-de-armero-un-compromiso-con-todas-las-sedes-de-la-ut\/educacion\/#breadcrumb","itemListElement":[{"@type":"ListItem","position":1,"name":"Portada","item":"https:\/\/ciudadyregion.com.co\/"},{"@type":"ListItem","position":2,"name":"Bienestar Universitario en el CURDN \u2013 Granja de Armero: un compromiso con todas las sedes de la UT"}]},{"@type":"WebSite","@id":"https:\/\/ciudadyregion.com.co\/#website","url":"https:\/\/ciudadyregion.com.co\/","name":"Ciudad y Region","description":"","potentialAction":[{"@type":"SearchAction","target":{"@type":"EntryPoint","urlTemplate":"https:\/\/ciudadyregion.com.co\/?s={search_term_string}"},"query-input":{"@type":"PropertyValueSpecification","valueRequired":true,"valueName":"search_term_string"}}],"inLanguage":"es"},{"@type":"Person","@id":"https:\/\/ciudadyregion.com.co\/#\/schema\/person\/04a4954373ebc4051f46e8c65ff78622","name":"David Andr\u00e9s Aguirre","image":{"@type":"ImageObject","inLanguage":"es","@id":"https:\/\/ciudadyregion.com.co\/#\/schema\/person\/image\/","url":"https:\/\/secure.gravatar.com\/avatar\/bc3c655860202182ee6d1b5edd042dbe?s=96&d=mm&r=g","contentUrl":"https:\/\/secure.gravatar.com\/avatar\/bc3c655860202182ee6d1b5edd042dbe?s=96&d=mm&r=g","caption":"David Andr\u00e9s Aguirre"},"url":"https:\/\/ciudadyregion.com.co\/index.php\/author\/diegoaguirre\/"}]}},"jetpack_featured_media_url":"https:\/\/i0.wp.com\/ciudadyregion.com.co\/wp-content\/uploads\/2025\/11\/Pag-2025-11-11T083131.686.jpg?fit=800%2C445&ssl=1","jetpack_sharing_enabled":true,"jetpack_shortlink":"https:\/\/wp.me\/pbS7hh-cKa","jetpack-related-posts":[],"_links":{"self":[{"href":"https:\/\/ciudadyregion.com.co\/index.php\/wp-json\/wp\/v2\/posts\/48990"}],"collection":[{"href":"https:\/\/ciudadyregion.com.co\/index.php\/wp-json\/wp\/v2\/posts"}],"about":[{"href":"https:\/\/ciudadyregion.com.co\/index.php\/wp-json\/wp\/v2\/types\/post"}],"author":[{"embeddable":true,"href":"https:\/\/ciudadyregion.com.co\/index.php\/wp-json\/wp\/v2\/users\/2"}],"replies":[{"embeddable":true,"href":"https:\/\/ciudadyregion.com.co\/index.php\/wp-json\/wp\/v2\/comments?post=48990"}],"version-history":[{"count":1,"href":"https:\/\/ciudadyregion.com.co\/index.php\/wp-json\/wp\/v2\/posts\/48990\/revisions"}],"predecessor-version":[{"id":48992,"href":"https:\/\/ciudadyregion.com.co\/index.php\/wp-json\/wp\/v2\/posts\/48990\/revisions\/48992"}],"wp:featuredmedia":[{"embeddable":true,"href":"https:\/\/ciudadyregion.com.co\/index.php\/wp-json\/wp\/v2\/media\/48991"}],"wp:attachment":[{"href":"https:\/\/ciudadyregion.com.co\/index.php\/wp-json\/wp\/v2\/media?parent=48990"}],"wp:term":[{"taxonomy":"category","embeddable":true,"href":"https:\/\/ciudadyregion.com.co\/index.php\/wp-json\/wp\/v2\/categories?post=48990"},{"taxonomy":"post_tag","embeddable":true,"href":"https:\/\/ciudadyregion.com.co\/index.php\/wp-json\/wp\/v2\/tags?post=48990"}],"curies":[{"name":"wp","href":"https:\/\/api.w.org\/{rel}","templated":true}]}}