{"id":48984,"date":"2025-11-12T04:27:31","date_gmt":"2025-11-12T09:27:31","guid":{"rendered":"https:\/\/ciudadyregion.com.co\/?p=48984"},"modified":"2025-11-12T18:48:33","modified_gmt":"2025-11-12T23:48:33","slug":"aseguran-en-centro-carcelario-a-un-hombre-que-habria-abusado-sexualmente-de-su-ahijado-menor-de-edad","status":"publish","type":"post","link":"https:\/\/ciudadyregion.com.co\/index.php\/aseguran-en-centro-carcelario-a-un-hombre-que-habria-abusado-sexualmente-de-su-ahijado-menor-de-edad\/judicial\/","title":{"rendered":"Aseguran en centro carcelario a un hombre que habr\u00eda abusado sexualmente de su ahijado, menor de edad"},"content":{"rendered":"<p>La Fiscal\u00eda General de la Naci\u00f3n present\u00f3 ante un juez con funci\u00f3n de control de garant\u00edas de Bucaramanga (Santander)\u00a0a un hombre, presuntamente, implicado en las agresiones sexuales de las que fue v\u00edctima un menor de 12 a\u00f1os,\u00a0ahijado del se\u00f1alado abusador.<\/p>\n<p>Los hechos ocurrieron en la vivienda del procesado, y se habr\u00edan presentado de manera reiterada\u00a0durante las noches y madrugadas de los d\u00edas viernes, s\u00e1bado y domingo\u00a0de los meses de enero a junio del presente a\u00f1o.<\/p>\n<p>La Fiscal\u00eda determin\u00f3 que los abusos suced\u00edan cuando la abuela materna del menor, quien ten\u00eda su custodia,\u00a0lo dejaba al cuidado del ahora procesado, quien ostenta la calidad de padrino de la v\u00edctima.<\/p>\n<p>Una fiscal de la Unidad Especial de Investigaci\u00f3n de Delitos contra Ni\u00f1os, Ni\u00f1as y Adolescentes (UENNA)\u00a0imput\u00f3 como posible responsable de actos sexuales\u00a0con menor de 14 a\u00f1os y acceso carnal abusivo con menor de 14 a\u00f1os, ambas conductas agravadas.<\/p>\n<p>El procesado neg\u00f3 su responsabilidad en cuanto a los delitos en su contra. El juez de control de garant\u00edas le impuso medida de aseguramiento en centro carcelario<\/p>\n","protected":false},"excerpt":{"rendered":"<p>La Fiscal\u00eda General de la Naci\u00f3n present\u00f3 ante un juez con funci\u00f3n de control de garant\u00edas de Bucaramanga (Santander)\u00a0a un hombre, presuntamente, implicado en las agresiones sexuales de las que fue v\u00edctima un menor de 12 a\u00f1os,\u00a0ahijado del se\u00f1alado abusador. Los hechos ocurrieron en la vivienda del procesado, y se<span class=\"more-link\"><a href=\"https:\/\/ciudadyregion.com.co\/index.php\/aseguran-en-centro-carcelario-a-un-hombre-que-habria-abusado-sexualmente-de-su-ahijado-menor-de-edad\/judicial\/\">Continuar Leyendo<\/a><\/span><\/p>\n","protected":false},"author":2,"featured_media":48985,"comment_status":"open","ping_status":"open","sticky":false,"template":"","format":"standard","meta":{"_uf_show_specific_survey":0,"_uf_disable_surveys":false,"_jetpack_memberships_contains_paid_content":false,"footnotes":"","jetpack_publicize_message":"","jetpack_publicize_feature_enabled":true,"jetpack_social_post_already_shared":true,"jetpack_social_options":{"image_generator_settings":{"template":"highway","enabled":false},"version":2}},"categories":[18],"tags":[],"class_list":["entry","author-diegoaguirre","post-48984","post","type-post","status-publish","format-standard","has-post-thumbnail","category-judicial"],"jetpack_publicize_connections":[],"yoast_head":"<!-- This site is optimized with the Yoast SEO plugin v24.3 - https:\/\/yoast.com\/wordpress\/plugins\/seo\/ -->\n<title>Aseguran en centro carcelario a un hombre que habr\u00eda abusado sexualmente de su ahijado, menor de edad - Ciudad y Region<\/title>\n<meta name=\"robots\" content=\"index, follow, max-snippet:-1, max-image-preview:large, max-video-preview:-1\" \/>\n<link rel=\"canonical\" href=\"https:\/\/ciudadyregion.com.co\/index.php\/aseguran-en-centro-carcelario-a-un-hombre-que-habria-abusado-sexualmente-de-su-ahijado-menor-de-edad\/judicial\/\" \/>\n<meta property=\"og:locale\" content=\"es_ES\" \/>\n<meta property=\"og:type\" content=\"article\" \/>\n<meta property=\"og:title\" content=\"Aseguran en centro carcelario a un hombre que habr\u00eda abusado sexualmente de su ahijado, menor de edad - Ciudad y Region\" \/>\n<meta property=\"og:description\" content=\"La Fiscal\u00eda General de la Naci\u00f3n present\u00f3 ante un juez con funci\u00f3n de control de garant\u00edas de Bucaramanga (Santander)\u00a0a un hombre, presuntamente, implicado en las agresiones sexuales de las que fue v\u00edctima un menor de 12 a\u00f1os,\u00a0ahijado del se\u00f1alado abusador. Los hechos ocurrieron en la vivienda del procesado, y seContinuar Leyendo\" \/>\n<meta property=\"og:url\" content=\"https:\/\/ciudadyregion.com.co\/index.php\/aseguran-en-centro-carcelario-a-un-hombre-que-habria-abusado-sexualmente-de-su-ahijado-menor-de-edad\/judicial\/\" \/>\n<meta property=\"og:site_name\" content=\"Ciudad y Region\" \/>\n<meta property=\"article:published_time\" content=\"2025-11-12T09:27:31+00:00\" \/>\n<meta property=\"article:modified_time\" content=\"2025-11-12T23:48:33+00:00\" \/>\n<meta property=\"og:image\" content=\"https:\/\/ciudadyregion.com.co\/wp-content\/uploads\/2025\/11\/Pag-2025-11-11T082549.876.jpg\" \/>\n\t<meta property=\"og:image:width\" content=\"800\" \/>\n\t<meta property=\"og:image:height\" content=\"445\" \/>\n\t<meta property=\"og:image:type\" content=\"image\/jpeg\" \/>\n<meta name=\"author\" content=\"David Andr\u00e9s Aguirre\" \/>\n<meta name=\"twitter:card\" content=\"summary_large_image\" \/>\n<meta name=\"twitter:label1\" content=\"Escrito por\" \/>\n\t<meta name=\"twitter:data1\" content=\"David Andr\u00e9s Aguirre\" \/>\n\t<meta name=\"twitter:label2\" content=\"Tiempo de lectura\" \/>\n\t<meta name=\"twitter:data2\" content=\"2 minutos\" \/>\n<script type=\"application\/ld+json\" class=\"yoast-schema-graph\">{\"@context\":\"https:\/\/schema.org\",\"@graph\":[{\"@type\":\"WebPage\",\"@id\":\"https:\/\/ciudadyregion.com.co\/index.php\/aseguran-en-centro-carcelario-a-un-hombre-que-habria-abusado-sexualmente-de-su-ahijado-menor-de-edad\/judicial\/\",\"url\":\"https:\/\/ciudadyregion.com.co\/index.php\/aseguran-en-centro-carcelario-a-un-hombre-que-habria-abusado-sexualmente-de-su-ahijado-menor-de-edad\/judicial\/\",\"name\":\"Aseguran en centro carcelario a un hombre que habr\u00eda abusado sexualmente de su ahijado, menor de edad - Ciudad y Region\",\"isPartOf\":{\"@id\":\"https:\/\/ciudadyregion.com.co\/#website\"},\"primaryImageOfPage\":{\"@id\":\"https:\/\/ciudadyregion.com.co\/index.php\/aseguran-en-centro-carcelario-a-un-hombre-que-habria-abusado-sexualmente-de-su-ahijado-menor-de-edad\/judicial\/#primaryimage\"},\"image\":{\"@id\":\"https:\/\/ciudadyregion.com.co\/index.php\/aseguran-en-centro-carcelario-a-un-hombre-que-habria-abusado-sexualmente-de-su-ahijado-menor-de-edad\/judicial\/#primaryimage\"},\"thumbnailUrl\":\"https:\/\/i0.wp.com\/ciudadyregion.com.co\/wp-content\/uploads\/2025\/11\/Pag-2025-11-11T082549.876.jpg?fit=800%2C445&ssl=1\",\"datePublished\":\"2025-11-12T09:27:31+00:00\",\"dateModified\":\"2025-11-12T23:48:33+00:00\",\"author\":{\"@id\":\"https:\/\/ciudadyregion.com.co\/#\/schema\/person\/04a4954373ebc4051f46e8c65ff78622\"},\"breadcrumb\":{\"@id\":\"https:\/\/ciudadyregion.com.co\/index.php\/aseguran-en-centro-carcelario-a-un-hombre-que-habria-abusado-sexualmente-de-su-ahijado-menor-de-edad\/judicial\/#breadcrumb\"},\"inLanguage\":\"es\",\"potentialAction\":[{\"@type\":\"ReadAction\",\"target\":[\"https:\/\/ciudadyregion.com.co\/index.php\/aseguran-en-centro-carcelario-a-un-hombre-que-habria-abusado-sexualmente-de-su-ahijado-menor-de-edad\/judicial\/\"]}]},{\"@type\":\"ImageObject\",\"inLanguage\":\"es\",\"@id\":\"https:\/\/ciudadyregion.com.co\/index.php\/aseguran-en-centro-carcelario-a-un-hombre-que-habria-abusado-sexualmente-de-su-ahijado-menor-de-edad\/judicial\/#primaryimage\",\"url\":\"https:\/\/i0.wp.com\/ciudadyregion.com.co\/wp-content\/uploads\/2025\/11\/Pag-2025-11-11T082549.876.jpg?fit=800%2C445&ssl=1\",\"contentUrl\":\"https:\/\/i0.wp.com\/ciudadyregion.com.co\/wp-content\/uploads\/2025\/11\/Pag-2025-11-11T082549.876.jpg?fit=800%2C445&ssl=1\",\"width\":800,\"height\":445},{\"@type\":\"BreadcrumbList\",\"@id\":\"https:\/\/ciudadyregion.com.co\/index.php\/aseguran-en-centro-carcelario-a-un-hombre-que-habria-abusado-sexualmente-de-su-ahijado-menor-de-edad\/judicial\/#breadcrumb\",\"itemListElement\":[{\"@type\":\"ListItem\",\"position\":1,\"name\":\"Portada\",\"item\":\"https:\/\/ciudadyregion.com.co\/\"},{\"@type\":\"ListItem\",\"position\":2,\"name\":\"Aseguran en centro carcelario a un hombre que habr\u00eda abusado sexualmente de su ahijado, menor de edad\"}]},{\"@type\":\"WebSite\",\"@id\":\"https:\/\/ciudadyregion.com.co\/#website\",\"url\":\"https:\/\/ciudadyregion.com.co\/\",\"name\":\"Ciudad y Region\",\"description\":\"\",\"potentialAction\":[{\"@type\":\"SearchAction\",\"target\":{\"@type\":\"EntryPoint\",\"urlTemplate\":\"https:\/\/ciudadyregion.com.co\/?s={search_term_string}\"},\"query-input\":{\"@type\":\"PropertyValueSpecification\",\"valueRequired\":true,\"valueName\":\"search_term_string\"}}],\"inLanguage\":\"es\"},{\"@type\":\"Person\",\"@id\":\"https:\/\/ciudadyregion.com.co\/#\/schema\/person\/04a4954373ebc4051f46e8c65ff78622\",\"name\":\"David Andr\u00e9s Aguirre\",\"image\":{\"@type\":\"ImageObject\",\"inLanguage\":\"es\",\"@id\":\"https:\/\/ciudadyregion.com.co\/#\/schema\/person\/image\/\",\"url\":\"https:\/\/secure.gravatar.com\/avatar\/bc3c655860202182ee6d1b5edd042dbe?s=96&d=mm&r=g\",\"contentUrl\":\"https:\/\/secure.gravatar.com\/avatar\/bc3c655860202182ee6d1b5edd042dbe?s=96&d=mm&r=g\",\"caption\":\"David Andr\u00e9s Aguirre\"},\"url\":\"https:\/\/ciudadyregion.com.co\/index.php\/author\/diegoaguirre\/\"}]}<\/script>\n<!-- \/ Yoast SEO plugin. -->","yoast_head_json":{"title":"Aseguran en centro carcelario a un hombre que habr\u00eda abusado sexualmente de su ahijado, menor de edad - Ciudad y Region","robots":{"index":"index","follow":"follow","max-snippet":"max-snippet:-1","max-image-preview":"max-image-preview:large","max-video-preview":"max-video-preview:-1"},"canonical":"https:\/\/ciudadyregion.com.co\/index.php\/aseguran-en-centro-carcelario-a-un-hombre-que-habria-abusado-sexualmente-de-su-ahijado-menor-de-edad\/judicial\/","og_locale":"es_ES","og_type":"article","og_title":"Aseguran en centro carcelario a un hombre que habr\u00eda abusado sexualmente de su ahijado, menor de edad - Ciudad y Region","og_description":"La Fiscal\u00eda General de la Naci\u00f3n present\u00f3 ante un juez con funci\u00f3n de control de garant\u00edas de Bucaramanga (Santander)\u00a0a un hombre, presuntamente, implicado en las agresiones sexuales de las que fue v\u00edctima un menor de 12 a\u00f1os,\u00a0ahijado del se\u00f1alado abusador. Los hechos ocurrieron en la vivienda del procesado, y seContinuar Leyendo","og_url":"https:\/\/ciudadyregion.com.co\/index.php\/aseguran-en-centro-carcelario-a-un-hombre-que-habria-abusado-sexualmente-de-su-ahijado-menor-de-edad\/judicial\/","og_site_name":"Ciudad y Region","article_published_time":"2025-11-12T09:27:31+00:00","article_modified_time":"2025-11-12T23:48:33+00:00","og_image":[{"width":800,"height":445,"url":"https:\/\/ciudadyregion.com.co\/wp-content\/uploads\/2025\/11\/Pag-2025-11-11T082549.876.jpg","type":"image\/jpeg"}],"author":"David Andr\u00e9s Aguirre","twitter_card":"summary_large_image","twitter_misc":{"Escrito por":"David Andr\u00e9s Aguirre","Tiempo de lectura":"2 minutos"},"schema":{"@context":"https:\/\/schema.org","@graph":[{"@type":"WebPage","@id":"https:\/\/ciudadyregion.com.co\/index.php\/aseguran-en-centro-carcelario-a-un-hombre-que-habria-abusado-sexualmente-de-su-ahijado-menor-de-edad\/judicial\/","url":"https:\/\/ciudadyregion.com.co\/index.php\/aseguran-en-centro-carcelario-a-un-hombre-que-habria-abusado-sexualmente-de-su-ahijado-menor-de-edad\/judicial\/","name":"Aseguran en centro carcelario a un hombre que habr\u00eda abusado sexualmente de su ahijado, menor de edad - Ciudad y Region","isPartOf":{"@id":"https:\/\/ciudadyregion.com.co\/#website"},"primaryImageOfPage":{"@id":"https:\/\/ciudadyregion.com.co\/index.php\/aseguran-en-centro-carcelario-a-un-hombre-que-habria-abusado-sexualmente-de-su-ahijado-menor-de-edad\/judicial\/#primaryimage"},"image":{"@id":"https:\/\/ciudadyregion.com.co\/index.php\/aseguran-en-centro-carcelario-a-un-hombre-que-habria-abusado-sexualmente-de-su-ahijado-menor-de-edad\/judicial\/#primaryimage"},"thumbnailUrl":"https:\/\/i0.wp.com\/ciudadyregion.com.co\/wp-content\/uploads\/2025\/11\/Pag-2025-11-11T082549.876.jpg?fit=800%2C445&ssl=1","datePublished":"2025-11-12T09:27:31+00:00","dateModified":"2025-11-12T23:48:33+00:00","author":{"@id":"https:\/\/ciudadyregion.com.co\/#\/schema\/person\/04a4954373ebc4051f46e8c65ff78622"},"breadcrumb":{"@id":"https:\/\/ciudadyregion.com.co\/index.php\/aseguran-en-centro-carcelario-a-un-hombre-que-habria-abusado-sexualmente-de-su-ahijado-menor-de-edad\/judicial\/#breadcrumb"},"inLanguage":"es","potentialAction":[{"@type":"ReadAction","target":["https:\/\/ciudadyregion.com.co\/index.php\/aseguran-en-centro-carcelario-a-un-hombre-que-habria-abusado-sexualmente-de-su-ahijado-menor-de-edad\/judicial\/"]}]},{"@type":"ImageObject","inLanguage":"es","@id":"https:\/\/ciudadyregion.com.co\/index.php\/aseguran-en-centro-carcelario-a-un-hombre-que-habria-abusado-sexualmente-de-su-ahijado-menor-de-edad\/judicial\/#primaryimage","url":"https:\/\/i0.wp.com\/ciudadyregion.com.co\/wp-content\/uploads\/2025\/11\/Pag-2025-11-11T082549.876.jpg?fit=800%2C445&ssl=1","contentUrl":"https:\/\/i0.wp.com\/ciudadyregion.com.co\/wp-content\/uploads\/2025\/11\/Pag-2025-11-11T082549.876.jpg?fit=800%2C445&ssl=1","width":800,"height":445},{"@type":"BreadcrumbList","@id":"https:\/\/ciudadyregion.com.co\/index.php\/aseguran-en-centro-carcelario-a-un-hombre-que-habria-abusado-sexualmente-de-su-ahijado-menor-de-edad\/judicial\/#breadcrumb","itemListElement":[{"@type":"ListItem","position":1,"name":"Portada","item":"https:\/\/ciudadyregion.com.co\/"},{"@type":"ListItem","position":2,"name":"Aseguran en centro carcelario a un hombre que habr\u00eda abusado sexualmente de su ahijado, menor de edad"}]},{"@type":"WebSite","@id":"https:\/\/ciudadyregion.com.co\/#website","url":"https:\/\/ciudadyregion.com.co\/","name":"Ciudad y Region","description":"","potentialAction":[{"@type":"SearchAction","target":{"@type":"EntryPoint","urlTemplate":"https:\/\/ciudadyregion.com.co\/?s={search_term_string}"},"query-input":{"@type":"PropertyValueSpecification","valueRequired":true,"valueName":"search_term_string"}}],"inLanguage":"es"},{"@type":"Person","@id":"https:\/\/ciudadyregion.com.co\/#\/schema\/person\/04a4954373ebc4051f46e8c65ff78622","name":"David Andr\u00e9s Aguirre","image":{"@type":"ImageObject","inLanguage":"es","@id":"https:\/\/ciudadyregion.com.co\/#\/schema\/person\/image\/","url":"https:\/\/secure.gravatar.com\/avatar\/bc3c655860202182ee6d1b5edd042dbe?s=96&d=mm&r=g","contentUrl":"https:\/\/secure.gravatar.com\/avatar\/bc3c655860202182ee6d1b5edd042dbe?s=96&d=mm&r=g","caption":"David Andr\u00e9s Aguirre"},"url":"https:\/\/ciudadyregion.com.co\/index.php\/author\/diegoaguirre\/"}]}},"jetpack_featured_media_url":"https:\/\/i0.wp.com\/ciudadyregion.com.co\/wp-content\/uploads\/2025\/11\/Pag-2025-11-11T082549.876.jpg?fit=800%2C445&ssl=1","jetpack_sharing_enabled":true,"jetpack_shortlink":"https:\/\/wp.me\/pbS7hh-cK4","jetpack-related-posts":[],"_links":{"self":[{"href":"https:\/\/ciudadyregion.com.co\/index.php\/wp-json\/wp\/v2\/posts\/48984"}],"collection":[{"href":"https:\/\/ciudadyregion.com.co\/index.php\/wp-json\/wp\/v2\/posts"}],"about":[{"href":"https:\/\/ciudadyregion.com.co\/index.php\/wp-json\/wp\/v2\/types\/post"}],"author":[{"embeddable":true,"href":"https:\/\/ciudadyregion.com.co\/index.php\/wp-json\/wp\/v2\/users\/2"}],"replies":[{"embeddable":true,"href":"https:\/\/ciudadyregion.com.co\/index.php\/wp-json\/wp\/v2\/comments?post=48984"}],"version-history":[{"count":1,"href":"https:\/\/ciudadyregion.com.co\/index.php\/wp-json\/wp\/v2\/posts\/48984\/revisions"}],"predecessor-version":[{"id":48986,"href":"https:\/\/ciudadyregion.com.co\/index.php\/wp-json\/wp\/v2\/posts\/48984\/revisions\/48986"}],"wp:featuredmedia":[{"embeddable":true,"href":"https:\/\/ciudadyregion.com.co\/index.php\/wp-json\/wp\/v2\/media\/48985"}],"wp:attachment":[{"href":"https:\/\/ciudadyregion.com.co\/index.php\/wp-json\/wp\/v2\/media?parent=48984"}],"wp:term":[{"taxonomy":"category","embeddable":true,"href":"https:\/\/ciudadyregion.com.co\/index.php\/wp-json\/wp\/v2\/categories?post=48984"},{"taxonomy":"post_tag","embeddable":true,"href":"https:\/\/ciudadyregion.com.co\/index.php\/wp-json\/wp\/v2\/tags?post=48984"}],"curies":[{"name":"wp","href":"https:\/\/api.w.org\/{rel}","templated":true}]}}