{"id":48981,"date":"2025-11-12T04:20:30","date_gmt":"2025-11-12T09:20:30","guid":{"rendered":"https:\/\/ciudadyregion.com.co\/?p=48981"},"modified":"2025-11-11T08:25:42","modified_gmt":"2025-11-11T13:25:42","slug":"en-cartagena-envian-a-la-carcel-a-samuelito-senalado-sicario-del-clan-del-golfo","status":"publish","type":"post","link":"https:\/\/ciudadyregion.com.co\/index.php\/en-cartagena-envian-a-la-carcel-a-samuelito-senalado-sicario-del-clan-del-golfo\/judicial\/","title":{"rendered":"En Cartagena env\u00edan a la c\u00e1rcel a \u2018Samuelito\u2019, se\u00f1alado sicario del Clan del Golfo"},"content":{"rendered":"<p>Por petici\u00f3n de una fiscal especializada de la Seccional Bol\u00edvar, un juez de control de garant\u00edas\u00a0impuso medida de aseguramiento en centro carcelario en contra de Samuel David\u00a0Paternostro Mercado, alias Samuelito o Jhon Deivis, presuntamente implicado en varios cr\u00edmenes ocurridos en Cartagena.<\/p>\n<p>La Fiscal\u00eda General de la Naci\u00f3n cuenta con elementos materiales probatorios en los que se evidencia que el procesado, de 21 a\u00f1os, cumplir\u00eda el rol de sicario para el Clan del Golfo.\u00a0Uno de los crimines que se le atribuyen a \u2018Samuelito\u2019, se registr\u00f3 el 7 de junio de 2023 cuando, en compa\u00f1\u00eda de otras personas,\u00a0habr\u00eda disparado contra un hombre\u00a0y una mujer, en el barrio Chiquinquir\u00e1. En el ataque result\u00f3 herida una tercera persona quien depart\u00eda con la pareja.<\/p>\n<p>Por estos hechos, el procesado fue imputado como posible responsable de los delitos de concierto para delinquir, homicidio y tentativa de homicidio, ambas conductas agravadas. Tambi\u00e9n deber\u00e1 responder\u00a0por su eventual participaci\u00f3n en fabricaci\u00f3n, tr\u00e1fico, porte o tenencia de armas de fuego, accesorios, partes o municiones. Cargos que fueron rechazados.<\/p>\n<p>En cumplimiento de una orden judicial la Polic\u00eda Nacional captur\u00f3 a\u00a0alias Samuelito\u00a0el pasado 23 de octubre en la localidad de Suba (Bogot\u00e1).<\/p>\n","protected":false},"excerpt":{"rendered":"<p>Por petici\u00f3n de una fiscal especializada de la Seccional Bol\u00edvar, un juez de control de garant\u00edas\u00a0impuso medida de aseguramiento en centro carcelario en contra de Samuel David\u00a0Paternostro Mercado, alias Samuelito o Jhon Deivis, presuntamente implicado en varios cr\u00edmenes ocurridos en Cartagena. La Fiscal\u00eda General de la Naci\u00f3n cuenta con elementos<span class=\"more-link\"><a href=\"https:\/\/ciudadyregion.com.co\/index.php\/en-cartagena-envian-a-la-carcel-a-samuelito-senalado-sicario-del-clan-del-golfo\/judicial\/\">Continuar Leyendo<\/a><\/span><\/p>\n","protected":false},"author":2,"featured_media":48982,"comment_status":"open","ping_status":"open","sticky":false,"template":"","format":"standard","meta":{"_uf_show_specific_survey":0,"_uf_disable_surveys":false,"_jetpack_memberships_contains_paid_content":false,"footnotes":"","jetpack_publicize_message":"","jetpack_publicize_feature_enabled":true,"jetpack_social_post_already_shared":true,"jetpack_social_options":{"image_generator_settings":{"template":"highway","enabled":false},"version":2}},"categories":[18],"tags":[],"class_list":["entry","author-diegoaguirre","post-48981","post","type-post","status-publish","format-standard","has-post-thumbnail","category-judicial"],"jetpack_publicize_connections":[],"yoast_head":"<!-- This site is optimized with the Yoast SEO plugin v24.3 - https:\/\/yoast.com\/wordpress\/plugins\/seo\/ -->\n<title>En Cartagena env\u00edan a la c\u00e1rcel a \u2018Samuelito\u2019, se\u00f1alado sicario del Clan del Golfo - Ciudad y Region<\/title>\n<meta name=\"robots\" content=\"index, follow, max-snippet:-1, max-image-preview:large, max-video-preview:-1\" \/>\n<link rel=\"canonical\" href=\"https:\/\/ciudadyregion.com.co\/index.php\/en-cartagena-envian-a-la-carcel-a-samuelito-senalado-sicario-del-clan-del-golfo\/judicial\/\" \/>\n<meta property=\"og:locale\" content=\"es_ES\" \/>\n<meta property=\"og:type\" content=\"article\" \/>\n<meta property=\"og:title\" content=\"En Cartagena env\u00edan a la c\u00e1rcel a \u2018Samuelito\u2019, se\u00f1alado sicario del Clan del Golfo - Ciudad y Region\" \/>\n<meta property=\"og:description\" content=\"Por petici\u00f3n de una fiscal especializada de la Seccional Bol\u00edvar, un juez de control de garant\u00edas\u00a0impuso medida de aseguramiento en centro carcelario en contra de Samuel David\u00a0Paternostro Mercado, alias Samuelito o Jhon Deivis, presuntamente implicado en varios cr\u00edmenes ocurridos en Cartagena. La Fiscal\u00eda General de la Naci\u00f3n cuenta con elementosContinuar Leyendo\" \/>\n<meta property=\"og:url\" content=\"https:\/\/ciudadyregion.com.co\/index.php\/en-cartagena-envian-a-la-carcel-a-samuelito-senalado-sicario-del-clan-del-golfo\/judicial\/\" \/>\n<meta property=\"og:site_name\" content=\"Ciudad y Region\" \/>\n<meta property=\"article:published_time\" content=\"2025-11-12T09:20:30+00:00\" \/>\n<meta property=\"article:modified_time\" content=\"2025-11-11T13:25:42+00:00\" \/>\n<meta property=\"og:image\" content=\"https:\/\/i0.wp.com\/ciudadyregion.com.co\/wp-content\/uploads\/2025\/11\/Pag-2025-11-11T081923.362.jpg?fit=800%2C445&ssl=1\" \/>\n\t<meta property=\"og:image:width\" content=\"800\" \/>\n\t<meta property=\"og:image:height\" content=\"445\" \/>\n\t<meta property=\"og:image:type\" content=\"image\/jpeg\" \/>\n<meta name=\"author\" content=\"David Andr\u00e9s Aguirre\" \/>\n<meta name=\"twitter:card\" content=\"summary_large_image\" \/>\n<meta name=\"twitter:label1\" content=\"Escrito por\" \/>\n\t<meta name=\"twitter:data1\" content=\"David Andr\u00e9s Aguirre\" \/>\n\t<meta name=\"twitter:label2\" content=\"Tiempo de lectura\" \/>\n\t<meta name=\"twitter:data2\" content=\"2 minutos\" \/>\n<script type=\"application\/ld+json\" class=\"yoast-schema-graph\">{\"@context\":\"https:\/\/schema.org\",\"@graph\":[{\"@type\":\"WebPage\",\"@id\":\"https:\/\/ciudadyregion.com.co\/index.php\/en-cartagena-envian-a-la-carcel-a-samuelito-senalado-sicario-del-clan-del-golfo\/judicial\/\",\"url\":\"https:\/\/ciudadyregion.com.co\/index.php\/en-cartagena-envian-a-la-carcel-a-samuelito-senalado-sicario-del-clan-del-golfo\/judicial\/\",\"name\":\"En Cartagena env\u00edan a la c\u00e1rcel a \u2018Samuelito\u2019, se\u00f1alado sicario del Clan del Golfo - Ciudad y Region\",\"isPartOf\":{\"@id\":\"https:\/\/ciudadyregion.com.co\/#website\"},\"primaryImageOfPage\":{\"@id\":\"https:\/\/ciudadyregion.com.co\/index.php\/en-cartagena-envian-a-la-carcel-a-samuelito-senalado-sicario-del-clan-del-golfo\/judicial\/#primaryimage\"},\"image\":{\"@id\":\"https:\/\/ciudadyregion.com.co\/index.php\/en-cartagena-envian-a-la-carcel-a-samuelito-senalado-sicario-del-clan-del-golfo\/judicial\/#primaryimage\"},\"thumbnailUrl\":\"https:\/\/i0.wp.com\/ciudadyregion.com.co\/wp-content\/uploads\/2025\/11\/Pag-2025-11-11T081923.362.jpg?fit=800%2C445&ssl=1\",\"datePublished\":\"2025-11-12T09:20:30+00:00\",\"dateModified\":\"2025-11-11T13:25:42+00:00\",\"author\":{\"@id\":\"https:\/\/ciudadyregion.com.co\/#\/schema\/person\/04a4954373ebc4051f46e8c65ff78622\"},\"breadcrumb\":{\"@id\":\"https:\/\/ciudadyregion.com.co\/index.php\/en-cartagena-envian-a-la-carcel-a-samuelito-senalado-sicario-del-clan-del-golfo\/judicial\/#breadcrumb\"},\"inLanguage\":\"es\",\"potentialAction\":[{\"@type\":\"ReadAction\",\"target\":[\"https:\/\/ciudadyregion.com.co\/index.php\/en-cartagena-envian-a-la-carcel-a-samuelito-senalado-sicario-del-clan-del-golfo\/judicial\/\"]}]},{\"@type\":\"ImageObject\",\"inLanguage\":\"es\",\"@id\":\"https:\/\/ciudadyregion.com.co\/index.php\/en-cartagena-envian-a-la-carcel-a-samuelito-senalado-sicario-del-clan-del-golfo\/judicial\/#primaryimage\",\"url\":\"https:\/\/i0.wp.com\/ciudadyregion.com.co\/wp-content\/uploads\/2025\/11\/Pag-2025-11-11T081923.362.jpg?fit=800%2C445&ssl=1\",\"contentUrl\":\"https:\/\/i0.wp.com\/ciudadyregion.com.co\/wp-content\/uploads\/2025\/11\/Pag-2025-11-11T081923.362.jpg?fit=800%2C445&ssl=1\",\"width\":800,\"height\":445},{\"@type\":\"BreadcrumbList\",\"@id\":\"https:\/\/ciudadyregion.com.co\/index.php\/en-cartagena-envian-a-la-carcel-a-samuelito-senalado-sicario-del-clan-del-golfo\/judicial\/#breadcrumb\",\"itemListElement\":[{\"@type\":\"ListItem\",\"position\":1,\"name\":\"Portada\",\"item\":\"https:\/\/ciudadyregion.com.co\/\"},{\"@type\":\"ListItem\",\"position\":2,\"name\":\"En Cartagena env\u00edan a la c\u00e1rcel a \u2018Samuelito\u2019, se\u00f1alado sicario del Clan del Golfo\"}]},{\"@type\":\"WebSite\",\"@id\":\"https:\/\/ciudadyregion.com.co\/#website\",\"url\":\"https:\/\/ciudadyregion.com.co\/\",\"name\":\"Ciudad y Region\",\"description\":\"\",\"potentialAction\":[{\"@type\":\"SearchAction\",\"target\":{\"@type\":\"EntryPoint\",\"urlTemplate\":\"https:\/\/ciudadyregion.com.co\/?s={search_term_string}\"},\"query-input\":{\"@type\":\"PropertyValueSpecification\",\"valueRequired\":true,\"valueName\":\"search_term_string\"}}],\"inLanguage\":\"es\"},{\"@type\":\"Person\",\"@id\":\"https:\/\/ciudadyregion.com.co\/#\/schema\/person\/04a4954373ebc4051f46e8c65ff78622\",\"name\":\"David Andr\u00e9s Aguirre\",\"image\":{\"@type\":\"ImageObject\",\"inLanguage\":\"es\",\"@id\":\"https:\/\/ciudadyregion.com.co\/#\/schema\/person\/image\/\",\"url\":\"https:\/\/secure.gravatar.com\/avatar\/bc3c655860202182ee6d1b5edd042dbe?s=96&d=mm&r=g\",\"contentUrl\":\"https:\/\/secure.gravatar.com\/avatar\/bc3c655860202182ee6d1b5edd042dbe?s=96&d=mm&r=g\",\"caption\":\"David Andr\u00e9s Aguirre\"},\"url\":\"https:\/\/ciudadyregion.com.co\/index.php\/author\/diegoaguirre\/\"}]}<\/script>\n<!-- \/ Yoast SEO plugin. -->","yoast_head_json":{"title":"En Cartagena env\u00edan a la c\u00e1rcel a \u2018Samuelito\u2019, se\u00f1alado sicario del Clan del Golfo - Ciudad y Region","robots":{"index":"index","follow":"follow","max-snippet":"max-snippet:-1","max-image-preview":"max-image-preview:large","max-video-preview":"max-video-preview:-1"},"canonical":"https:\/\/ciudadyregion.com.co\/index.php\/en-cartagena-envian-a-la-carcel-a-samuelito-senalado-sicario-del-clan-del-golfo\/judicial\/","og_locale":"es_ES","og_type":"article","og_title":"En Cartagena env\u00edan a la c\u00e1rcel a \u2018Samuelito\u2019, se\u00f1alado sicario del Clan del Golfo - Ciudad y Region","og_description":"Por petici\u00f3n de una fiscal especializada de la Seccional Bol\u00edvar, un juez de control de garant\u00edas\u00a0impuso medida de aseguramiento en centro carcelario en contra de Samuel David\u00a0Paternostro Mercado, alias Samuelito o Jhon Deivis, presuntamente implicado en varios cr\u00edmenes ocurridos en Cartagena. La Fiscal\u00eda General de la Naci\u00f3n cuenta con elementosContinuar Leyendo","og_url":"https:\/\/ciudadyregion.com.co\/index.php\/en-cartagena-envian-a-la-carcel-a-samuelito-senalado-sicario-del-clan-del-golfo\/judicial\/","og_site_name":"Ciudad y Region","article_published_time":"2025-11-12T09:20:30+00:00","article_modified_time":"2025-11-11T13:25:42+00:00","og_image":[{"width":800,"height":445,"url":"https:\/\/i0.wp.com\/ciudadyregion.com.co\/wp-content\/uploads\/2025\/11\/Pag-2025-11-11T081923.362.jpg?fit=800%2C445&ssl=1","type":"image\/jpeg"}],"author":"David Andr\u00e9s Aguirre","twitter_card":"summary_large_image","twitter_misc":{"Escrito por":"David Andr\u00e9s Aguirre","Tiempo de lectura":"2 minutos"},"schema":{"@context":"https:\/\/schema.org","@graph":[{"@type":"WebPage","@id":"https:\/\/ciudadyregion.com.co\/index.php\/en-cartagena-envian-a-la-carcel-a-samuelito-senalado-sicario-del-clan-del-golfo\/judicial\/","url":"https:\/\/ciudadyregion.com.co\/index.php\/en-cartagena-envian-a-la-carcel-a-samuelito-senalado-sicario-del-clan-del-golfo\/judicial\/","name":"En Cartagena env\u00edan a la c\u00e1rcel a \u2018Samuelito\u2019, se\u00f1alado sicario del Clan del Golfo - Ciudad y Region","isPartOf":{"@id":"https:\/\/ciudadyregion.com.co\/#website"},"primaryImageOfPage":{"@id":"https:\/\/ciudadyregion.com.co\/index.php\/en-cartagena-envian-a-la-carcel-a-samuelito-senalado-sicario-del-clan-del-golfo\/judicial\/#primaryimage"},"image":{"@id":"https:\/\/ciudadyregion.com.co\/index.php\/en-cartagena-envian-a-la-carcel-a-samuelito-senalado-sicario-del-clan-del-golfo\/judicial\/#primaryimage"},"thumbnailUrl":"https:\/\/i0.wp.com\/ciudadyregion.com.co\/wp-content\/uploads\/2025\/11\/Pag-2025-11-11T081923.362.jpg?fit=800%2C445&ssl=1","datePublished":"2025-11-12T09:20:30+00:00","dateModified":"2025-11-11T13:25:42+00:00","author":{"@id":"https:\/\/ciudadyregion.com.co\/#\/schema\/person\/04a4954373ebc4051f46e8c65ff78622"},"breadcrumb":{"@id":"https:\/\/ciudadyregion.com.co\/index.php\/en-cartagena-envian-a-la-carcel-a-samuelito-senalado-sicario-del-clan-del-golfo\/judicial\/#breadcrumb"},"inLanguage":"es","potentialAction":[{"@type":"ReadAction","target":["https:\/\/ciudadyregion.com.co\/index.php\/en-cartagena-envian-a-la-carcel-a-samuelito-senalado-sicario-del-clan-del-golfo\/judicial\/"]}]},{"@type":"ImageObject","inLanguage":"es","@id":"https:\/\/ciudadyregion.com.co\/index.php\/en-cartagena-envian-a-la-carcel-a-samuelito-senalado-sicario-del-clan-del-golfo\/judicial\/#primaryimage","url":"https:\/\/i0.wp.com\/ciudadyregion.com.co\/wp-content\/uploads\/2025\/11\/Pag-2025-11-11T081923.362.jpg?fit=800%2C445&ssl=1","contentUrl":"https:\/\/i0.wp.com\/ciudadyregion.com.co\/wp-content\/uploads\/2025\/11\/Pag-2025-11-11T081923.362.jpg?fit=800%2C445&ssl=1","width":800,"height":445},{"@type":"BreadcrumbList","@id":"https:\/\/ciudadyregion.com.co\/index.php\/en-cartagena-envian-a-la-carcel-a-samuelito-senalado-sicario-del-clan-del-golfo\/judicial\/#breadcrumb","itemListElement":[{"@type":"ListItem","position":1,"name":"Portada","item":"https:\/\/ciudadyregion.com.co\/"},{"@type":"ListItem","position":2,"name":"En Cartagena env\u00edan a la c\u00e1rcel a \u2018Samuelito\u2019, se\u00f1alado sicario del Clan del Golfo"}]},{"@type":"WebSite","@id":"https:\/\/ciudadyregion.com.co\/#website","url":"https:\/\/ciudadyregion.com.co\/","name":"Ciudad y Region","description":"","potentialAction":[{"@type":"SearchAction","target":{"@type":"EntryPoint","urlTemplate":"https:\/\/ciudadyregion.com.co\/?s={search_term_string}"},"query-input":{"@type":"PropertyValueSpecification","valueRequired":true,"valueName":"search_term_string"}}],"inLanguage":"es"},{"@type":"Person","@id":"https:\/\/ciudadyregion.com.co\/#\/schema\/person\/04a4954373ebc4051f46e8c65ff78622","name":"David Andr\u00e9s Aguirre","image":{"@type":"ImageObject","inLanguage":"es","@id":"https:\/\/ciudadyregion.com.co\/#\/schema\/person\/image\/","url":"https:\/\/secure.gravatar.com\/avatar\/bc3c655860202182ee6d1b5edd042dbe?s=96&d=mm&r=g","contentUrl":"https:\/\/secure.gravatar.com\/avatar\/bc3c655860202182ee6d1b5edd042dbe?s=96&d=mm&r=g","caption":"David Andr\u00e9s Aguirre"},"url":"https:\/\/ciudadyregion.com.co\/index.php\/author\/diegoaguirre\/"}]}},"jetpack_featured_media_url":"https:\/\/i0.wp.com\/ciudadyregion.com.co\/wp-content\/uploads\/2025\/11\/Pag-2025-11-11T081923.362.jpg?fit=800%2C445&ssl=1","jetpack_sharing_enabled":true,"jetpack_shortlink":"https:\/\/wp.me\/pbS7hh-cK1","jetpack-related-posts":[],"_links":{"self":[{"href":"https:\/\/ciudadyregion.com.co\/index.php\/wp-json\/wp\/v2\/posts\/48981"}],"collection":[{"href":"https:\/\/ciudadyregion.com.co\/index.php\/wp-json\/wp\/v2\/posts"}],"about":[{"href":"https:\/\/ciudadyregion.com.co\/index.php\/wp-json\/wp\/v2\/types\/post"}],"author":[{"embeddable":true,"href":"https:\/\/ciudadyregion.com.co\/index.php\/wp-json\/wp\/v2\/users\/2"}],"replies":[{"embeddable":true,"href":"https:\/\/ciudadyregion.com.co\/index.php\/wp-json\/wp\/v2\/comments?post=48981"}],"version-history":[{"count":1,"href":"https:\/\/ciudadyregion.com.co\/index.php\/wp-json\/wp\/v2\/posts\/48981\/revisions"}],"predecessor-version":[{"id":48983,"href":"https:\/\/ciudadyregion.com.co\/index.php\/wp-json\/wp\/v2\/posts\/48981\/revisions\/48983"}],"wp:featuredmedia":[{"embeddable":true,"href":"https:\/\/ciudadyregion.com.co\/index.php\/wp-json\/wp\/v2\/media\/48982"}],"wp:attachment":[{"href":"https:\/\/ciudadyregion.com.co\/index.php\/wp-json\/wp\/v2\/media?parent=48981"}],"wp:term":[{"taxonomy":"category","embeddable":true,"href":"https:\/\/ciudadyregion.com.co\/index.php\/wp-json\/wp\/v2\/categories?post=48981"},{"taxonomy":"post_tag","embeddable":true,"href":"https:\/\/ciudadyregion.com.co\/index.php\/wp-json\/wp\/v2\/tags?post=48981"}],"curies":[{"name":"wp","href":"https:\/\/api.w.org\/{rel}","templated":true}]}}