{"id":48978,"date":"2025-11-12T04:18:14","date_gmt":"2025-11-12T09:18:14","guid":{"rendered":"https:\/\/ciudadyregion.com.co\/?p=48978"},"modified":"2025-11-11T08:20:00","modified_gmt":"2025-11-11T13:20:00","slug":"iba-bien-cargado-judicializado-hombre-que-habria-sido-sorprendido-con-mas-de-700-kilos-de-marihuana-en-zona-metropolitana-de-cucuta","status":"publish","type":"post","link":"https:\/\/ciudadyregion.com.co\/index.php\/iba-bien-cargado-judicializado-hombre-que-habria-sido-sorprendido-con-mas-de-700-kilos-de-marihuana-en-zona-metropolitana-de-cucuta\/judicial\/","title":{"rendered":"&#8216;Iba bien cargado&#8217;: Judicializado hombre que habr\u00eda sido sorprendido con m\u00e1s de 700 kilos de marihuana en zona metropolitana de C\u00facuta"},"content":{"rendered":"<p>La Fiscal\u00eda General de la Naci\u00f3n judicializ\u00f3 a James Dayan Jim\u00e9nez Carvallido, quien fue capturado en flagrancia, cuando habr\u00eda sido sorprendido transportando estupefacientes en el sector de Los Patios, en el \u00e1rea metropolitana de C\u00facuta (Norte de Santander), el pasado 31 de octubre.<\/p>\n<p>De acuerdo con la investigaci\u00f3n, uniformados de la Sij\u00edn de la Polic\u00eda Metropolitana de C\u00facuta acudieron al lugar tras recibir una alerta de la comunidad, que se\u00f1alaba que un hombre estaba introduciendo varios paquetes sospechosos al interior de un veh\u00edculo.<\/p>\n<p>Durante el procedimiento de registro e inspecci\u00f3n, los funcionarios hallaron m\u00e1s de 206 kilos de marihuana distribuidos en varios paquetes ocultos dentro del automotor.<\/p>\n<p>Posteriormente, en el marco de la misma actuaci\u00f3n judicial, se llev\u00f3 a cabo un allanamiento y registro en la residencia del procesado, donde fueron encontrados otros paquetes con un peso total de 500 kilos adicionales de marihuana, dos armas de fuego y un veh\u00edculo reportado como hurtado.<\/p>\n<p>Por lo anterior, la Fiscal\u00eda le imput\u00f3 los delitos de tr\u00e1fico, fabricaci\u00f3n o porte de estupefacientes; fabricaci\u00f3n, tr\u00e1fico y porte de armas, municiones de uso restringido, de uso privativo de las Fuerzas Armadas o explosivos; fabricaci\u00f3n, tr\u00e1fico, porte o tenencia de armas de fuego, accesorios, partes o municiones, receptaci\u00f3n y falsedad marcaria.<\/p>\n<p>Un juez con funci\u00f3n de control de garant\u00edas le impuso medida de aseguramiento en centro carcelario.<\/p>\n","protected":false},"excerpt":{"rendered":"<p>La Fiscal\u00eda General de la Naci\u00f3n judicializ\u00f3 a James Dayan Jim\u00e9nez Carvallido, quien fue capturado en flagrancia, cuando habr\u00eda sido sorprendido transportando estupefacientes en el sector de Los Patios, en el \u00e1rea metropolitana de C\u00facuta (Norte de Santander), el pasado 31 de octubre. De acuerdo con la investigaci\u00f3n, uniformados de<span class=\"more-link\"><a href=\"https:\/\/ciudadyregion.com.co\/index.php\/iba-bien-cargado-judicializado-hombre-que-habria-sido-sorprendido-con-mas-de-700-kilos-de-marihuana-en-zona-metropolitana-de-cucuta\/judicial\/\">Continuar Leyendo<\/a><\/span><\/p>\n","protected":false},"author":2,"featured_media":48979,"comment_status":"open","ping_status":"open","sticky":false,"template":"","format":"standard","meta":{"_uf_show_specific_survey":0,"_uf_disable_surveys":false,"_jetpack_memberships_contains_paid_content":false,"footnotes":"","jetpack_publicize_message":"","jetpack_publicize_feature_enabled":true,"jetpack_social_post_already_shared":true,"jetpack_social_options":{"image_generator_settings":{"template":"highway","enabled":false},"version":2}},"categories":[18],"tags":[],"class_list":["entry","author-diegoaguirre","post-48978","post","type-post","status-publish","format-standard","has-post-thumbnail","category-judicial"],"jetpack_publicize_connections":[],"yoast_head":"<!-- This site is optimized with the Yoast SEO plugin v24.3 - https:\/\/yoast.com\/wordpress\/plugins\/seo\/ -->\n<title>&#039;Iba bien cargado&#039;: Judicializado hombre que habr\u00eda sido sorprendido con m\u00e1s de 700 kilos de marihuana en zona metropolitana de C\u00facuta - Ciudad y Region<\/title>\n<meta name=\"robots\" content=\"index, follow, max-snippet:-1, max-image-preview:large, max-video-preview:-1\" \/>\n<link rel=\"canonical\" href=\"https:\/\/ciudadyregion.com.co\/index.php\/iba-bien-cargado-judicializado-hombre-que-habria-sido-sorprendido-con-mas-de-700-kilos-de-marihuana-en-zona-metropolitana-de-cucuta\/judicial\/\" \/>\n<meta property=\"og:locale\" content=\"es_ES\" \/>\n<meta property=\"og:type\" content=\"article\" \/>\n<meta property=\"og:title\" content=\"&#039;Iba bien cargado&#039;: Judicializado hombre que habr\u00eda sido sorprendido con m\u00e1s de 700 kilos de marihuana en zona metropolitana de C\u00facuta - Ciudad y Region\" \/>\n<meta property=\"og:description\" content=\"La Fiscal\u00eda General de la Naci\u00f3n judicializ\u00f3 a James Dayan Jim\u00e9nez Carvallido, quien fue capturado en flagrancia, cuando habr\u00eda sido sorprendido transportando estupefacientes en el sector de Los Patios, en el \u00e1rea metropolitana de C\u00facuta (Norte de Santander), el pasado 31 de octubre. De acuerdo con la investigaci\u00f3n, uniformados deContinuar Leyendo\" \/>\n<meta property=\"og:url\" content=\"https:\/\/ciudadyregion.com.co\/index.php\/iba-bien-cargado-judicializado-hombre-que-habria-sido-sorprendido-con-mas-de-700-kilos-de-marihuana-en-zona-metropolitana-de-cucuta\/judicial\/\" \/>\n<meta property=\"og:site_name\" content=\"Ciudad y Region\" \/>\n<meta property=\"article:published_time\" content=\"2025-11-12T09:18:14+00:00\" \/>\n<meta property=\"article:modified_time\" content=\"2025-11-11T13:20:00+00:00\" \/>\n<meta property=\"og:image\" content=\"https:\/\/i0.wp.com\/ciudadyregion.com.co\/wp-content\/uploads\/2025\/11\/Pag-2025-11-11T081653.819.jpg?fit=800%2C445&ssl=1\" \/>\n\t<meta property=\"og:image:width\" content=\"800\" \/>\n\t<meta property=\"og:image:height\" content=\"445\" \/>\n\t<meta property=\"og:image:type\" content=\"image\/jpeg\" \/>\n<meta name=\"author\" content=\"David Andr\u00e9s Aguirre\" \/>\n<meta name=\"twitter:card\" content=\"summary_large_image\" \/>\n<meta name=\"twitter:label1\" content=\"Escrito por\" \/>\n\t<meta name=\"twitter:data1\" content=\"David Andr\u00e9s Aguirre\" \/>\n\t<meta name=\"twitter:label2\" content=\"Tiempo de lectura\" \/>\n\t<meta name=\"twitter:data2\" content=\"2 minutos\" \/>\n<script type=\"application\/ld+json\" class=\"yoast-schema-graph\">{\"@context\":\"https:\/\/schema.org\",\"@graph\":[{\"@type\":\"WebPage\",\"@id\":\"https:\/\/ciudadyregion.com.co\/index.php\/iba-bien-cargado-judicializado-hombre-que-habria-sido-sorprendido-con-mas-de-700-kilos-de-marihuana-en-zona-metropolitana-de-cucuta\/judicial\/\",\"url\":\"https:\/\/ciudadyregion.com.co\/index.php\/iba-bien-cargado-judicializado-hombre-que-habria-sido-sorprendido-con-mas-de-700-kilos-de-marihuana-en-zona-metropolitana-de-cucuta\/judicial\/\",\"name\":\"'Iba bien cargado': Judicializado hombre que habr\u00eda sido sorprendido con m\u00e1s de 700 kilos de marihuana en zona metropolitana de C\u00facuta - Ciudad y Region\",\"isPartOf\":{\"@id\":\"https:\/\/ciudadyregion.com.co\/#website\"},\"primaryImageOfPage\":{\"@id\":\"https:\/\/ciudadyregion.com.co\/index.php\/iba-bien-cargado-judicializado-hombre-que-habria-sido-sorprendido-con-mas-de-700-kilos-de-marihuana-en-zona-metropolitana-de-cucuta\/judicial\/#primaryimage\"},\"image\":{\"@id\":\"https:\/\/ciudadyregion.com.co\/index.php\/iba-bien-cargado-judicializado-hombre-que-habria-sido-sorprendido-con-mas-de-700-kilos-de-marihuana-en-zona-metropolitana-de-cucuta\/judicial\/#primaryimage\"},\"thumbnailUrl\":\"https:\/\/i0.wp.com\/ciudadyregion.com.co\/wp-content\/uploads\/2025\/11\/Pag-2025-11-11T081653.819.jpg?fit=800%2C445&ssl=1\",\"datePublished\":\"2025-11-12T09:18:14+00:00\",\"dateModified\":\"2025-11-11T13:20:00+00:00\",\"author\":{\"@id\":\"https:\/\/ciudadyregion.com.co\/#\/schema\/person\/04a4954373ebc4051f46e8c65ff78622\"},\"breadcrumb\":{\"@id\":\"https:\/\/ciudadyregion.com.co\/index.php\/iba-bien-cargado-judicializado-hombre-que-habria-sido-sorprendido-con-mas-de-700-kilos-de-marihuana-en-zona-metropolitana-de-cucuta\/judicial\/#breadcrumb\"},\"inLanguage\":\"es\",\"potentialAction\":[{\"@type\":\"ReadAction\",\"target\":[\"https:\/\/ciudadyregion.com.co\/index.php\/iba-bien-cargado-judicializado-hombre-que-habria-sido-sorprendido-con-mas-de-700-kilos-de-marihuana-en-zona-metropolitana-de-cucuta\/judicial\/\"]}]},{\"@type\":\"ImageObject\",\"inLanguage\":\"es\",\"@id\":\"https:\/\/ciudadyregion.com.co\/index.php\/iba-bien-cargado-judicializado-hombre-que-habria-sido-sorprendido-con-mas-de-700-kilos-de-marihuana-en-zona-metropolitana-de-cucuta\/judicial\/#primaryimage\",\"url\":\"https:\/\/i0.wp.com\/ciudadyregion.com.co\/wp-content\/uploads\/2025\/11\/Pag-2025-11-11T081653.819.jpg?fit=800%2C445&ssl=1\",\"contentUrl\":\"https:\/\/i0.wp.com\/ciudadyregion.com.co\/wp-content\/uploads\/2025\/11\/Pag-2025-11-11T081653.819.jpg?fit=800%2C445&ssl=1\",\"width\":800,\"height\":445},{\"@type\":\"BreadcrumbList\",\"@id\":\"https:\/\/ciudadyregion.com.co\/index.php\/iba-bien-cargado-judicializado-hombre-que-habria-sido-sorprendido-con-mas-de-700-kilos-de-marihuana-en-zona-metropolitana-de-cucuta\/judicial\/#breadcrumb\",\"itemListElement\":[{\"@type\":\"ListItem\",\"position\":1,\"name\":\"Portada\",\"item\":\"https:\/\/ciudadyregion.com.co\/\"},{\"@type\":\"ListItem\",\"position\":2,\"name\":\"&#8216;Iba bien cargado&#8217;: Judicializado hombre que habr\u00eda sido sorprendido con m\u00e1s de 700 kilos de marihuana en zona metropolitana de C\u00facuta\"}]},{\"@type\":\"WebSite\",\"@id\":\"https:\/\/ciudadyregion.com.co\/#website\",\"url\":\"https:\/\/ciudadyregion.com.co\/\",\"name\":\"Ciudad y Region\",\"description\":\"\",\"potentialAction\":[{\"@type\":\"SearchAction\",\"target\":{\"@type\":\"EntryPoint\",\"urlTemplate\":\"https:\/\/ciudadyregion.com.co\/?s={search_term_string}\"},\"query-input\":{\"@type\":\"PropertyValueSpecification\",\"valueRequired\":true,\"valueName\":\"search_term_string\"}}],\"inLanguage\":\"es\"},{\"@type\":\"Person\",\"@id\":\"https:\/\/ciudadyregion.com.co\/#\/schema\/person\/04a4954373ebc4051f46e8c65ff78622\",\"name\":\"David Andr\u00e9s Aguirre\",\"image\":{\"@type\":\"ImageObject\",\"inLanguage\":\"es\",\"@id\":\"https:\/\/ciudadyregion.com.co\/#\/schema\/person\/image\/\",\"url\":\"https:\/\/secure.gravatar.com\/avatar\/bc3c655860202182ee6d1b5edd042dbe?s=96&d=mm&r=g\",\"contentUrl\":\"https:\/\/secure.gravatar.com\/avatar\/bc3c655860202182ee6d1b5edd042dbe?s=96&d=mm&r=g\",\"caption\":\"David Andr\u00e9s Aguirre\"},\"url\":\"https:\/\/ciudadyregion.com.co\/index.php\/author\/diegoaguirre\/\"}]}<\/script>\n<!-- \/ Yoast SEO plugin. -->","yoast_head_json":{"title":"'Iba bien cargado': Judicializado hombre que habr\u00eda sido sorprendido con m\u00e1s de 700 kilos de marihuana en zona metropolitana de C\u00facuta - Ciudad y Region","robots":{"index":"index","follow":"follow","max-snippet":"max-snippet:-1","max-image-preview":"max-image-preview:large","max-video-preview":"max-video-preview:-1"},"canonical":"https:\/\/ciudadyregion.com.co\/index.php\/iba-bien-cargado-judicializado-hombre-que-habria-sido-sorprendido-con-mas-de-700-kilos-de-marihuana-en-zona-metropolitana-de-cucuta\/judicial\/","og_locale":"es_ES","og_type":"article","og_title":"'Iba bien cargado': Judicializado hombre que habr\u00eda sido sorprendido con m\u00e1s de 700 kilos de marihuana en zona metropolitana de C\u00facuta - Ciudad y Region","og_description":"La Fiscal\u00eda General de la Naci\u00f3n judicializ\u00f3 a James Dayan Jim\u00e9nez Carvallido, quien fue capturado en flagrancia, cuando habr\u00eda sido sorprendido transportando estupefacientes en el sector de Los Patios, en el \u00e1rea metropolitana de C\u00facuta (Norte de Santander), el pasado 31 de octubre. De acuerdo con la investigaci\u00f3n, uniformados deContinuar Leyendo","og_url":"https:\/\/ciudadyregion.com.co\/index.php\/iba-bien-cargado-judicializado-hombre-que-habria-sido-sorprendido-con-mas-de-700-kilos-de-marihuana-en-zona-metropolitana-de-cucuta\/judicial\/","og_site_name":"Ciudad y Region","article_published_time":"2025-11-12T09:18:14+00:00","article_modified_time":"2025-11-11T13:20:00+00:00","og_image":[{"width":800,"height":445,"url":"https:\/\/i0.wp.com\/ciudadyregion.com.co\/wp-content\/uploads\/2025\/11\/Pag-2025-11-11T081653.819.jpg?fit=800%2C445&ssl=1","type":"image\/jpeg"}],"author":"David Andr\u00e9s Aguirre","twitter_card":"summary_large_image","twitter_misc":{"Escrito por":"David Andr\u00e9s Aguirre","Tiempo de lectura":"2 minutos"},"schema":{"@context":"https:\/\/schema.org","@graph":[{"@type":"WebPage","@id":"https:\/\/ciudadyregion.com.co\/index.php\/iba-bien-cargado-judicializado-hombre-que-habria-sido-sorprendido-con-mas-de-700-kilos-de-marihuana-en-zona-metropolitana-de-cucuta\/judicial\/","url":"https:\/\/ciudadyregion.com.co\/index.php\/iba-bien-cargado-judicializado-hombre-que-habria-sido-sorprendido-con-mas-de-700-kilos-de-marihuana-en-zona-metropolitana-de-cucuta\/judicial\/","name":"'Iba bien cargado': Judicializado hombre que habr\u00eda sido sorprendido con m\u00e1s de 700 kilos de marihuana en zona metropolitana de C\u00facuta - Ciudad y Region","isPartOf":{"@id":"https:\/\/ciudadyregion.com.co\/#website"},"primaryImageOfPage":{"@id":"https:\/\/ciudadyregion.com.co\/index.php\/iba-bien-cargado-judicializado-hombre-que-habria-sido-sorprendido-con-mas-de-700-kilos-de-marihuana-en-zona-metropolitana-de-cucuta\/judicial\/#primaryimage"},"image":{"@id":"https:\/\/ciudadyregion.com.co\/index.php\/iba-bien-cargado-judicializado-hombre-que-habria-sido-sorprendido-con-mas-de-700-kilos-de-marihuana-en-zona-metropolitana-de-cucuta\/judicial\/#primaryimage"},"thumbnailUrl":"https:\/\/i0.wp.com\/ciudadyregion.com.co\/wp-content\/uploads\/2025\/11\/Pag-2025-11-11T081653.819.jpg?fit=800%2C445&ssl=1","datePublished":"2025-11-12T09:18:14+00:00","dateModified":"2025-11-11T13:20:00+00:00","author":{"@id":"https:\/\/ciudadyregion.com.co\/#\/schema\/person\/04a4954373ebc4051f46e8c65ff78622"},"breadcrumb":{"@id":"https:\/\/ciudadyregion.com.co\/index.php\/iba-bien-cargado-judicializado-hombre-que-habria-sido-sorprendido-con-mas-de-700-kilos-de-marihuana-en-zona-metropolitana-de-cucuta\/judicial\/#breadcrumb"},"inLanguage":"es","potentialAction":[{"@type":"ReadAction","target":["https:\/\/ciudadyregion.com.co\/index.php\/iba-bien-cargado-judicializado-hombre-que-habria-sido-sorprendido-con-mas-de-700-kilos-de-marihuana-en-zona-metropolitana-de-cucuta\/judicial\/"]}]},{"@type":"ImageObject","inLanguage":"es","@id":"https:\/\/ciudadyregion.com.co\/index.php\/iba-bien-cargado-judicializado-hombre-que-habria-sido-sorprendido-con-mas-de-700-kilos-de-marihuana-en-zona-metropolitana-de-cucuta\/judicial\/#primaryimage","url":"https:\/\/i0.wp.com\/ciudadyregion.com.co\/wp-content\/uploads\/2025\/11\/Pag-2025-11-11T081653.819.jpg?fit=800%2C445&ssl=1","contentUrl":"https:\/\/i0.wp.com\/ciudadyregion.com.co\/wp-content\/uploads\/2025\/11\/Pag-2025-11-11T081653.819.jpg?fit=800%2C445&ssl=1","width":800,"height":445},{"@type":"BreadcrumbList","@id":"https:\/\/ciudadyregion.com.co\/index.php\/iba-bien-cargado-judicializado-hombre-que-habria-sido-sorprendido-con-mas-de-700-kilos-de-marihuana-en-zona-metropolitana-de-cucuta\/judicial\/#breadcrumb","itemListElement":[{"@type":"ListItem","position":1,"name":"Portada","item":"https:\/\/ciudadyregion.com.co\/"},{"@type":"ListItem","position":2,"name":"&#8216;Iba bien cargado&#8217;: Judicializado hombre que habr\u00eda sido sorprendido con m\u00e1s de 700 kilos de marihuana en zona metropolitana de C\u00facuta"}]},{"@type":"WebSite","@id":"https:\/\/ciudadyregion.com.co\/#website","url":"https:\/\/ciudadyregion.com.co\/","name":"Ciudad y Region","description":"","potentialAction":[{"@type":"SearchAction","target":{"@type":"EntryPoint","urlTemplate":"https:\/\/ciudadyregion.com.co\/?s={search_term_string}"},"query-input":{"@type":"PropertyValueSpecification","valueRequired":true,"valueName":"search_term_string"}}],"inLanguage":"es"},{"@type":"Person","@id":"https:\/\/ciudadyregion.com.co\/#\/schema\/person\/04a4954373ebc4051f46e8c65ff78622","name":"David Andr\u00e9s Aguirre","image":{"@type":"ImageObject","inLanguage":"es","@id":"https:\/\/ciudadyregion.com.co\/#\/schema\/person\/image\/","url":"https:\/\/secure.gravatar.com\/avatar\/bc3c655860202182ee6d1b5edd042dbe?s=96&d=mm&r=g","contentUrl":"https:\/\/secure.gravatar.com\/avatar\/bc3c655860202182ee6d1b5edd042dbe?s=96&d=mm&r=g","caption":"David Andr\u00e9s Aguirre"},"url":"https:\/\/ciudadyregion.com.co\/index.php\/author\/diegoaguirre\/"}]}},"jetpack_featured_media_url":"https:\/\/i0.wp.com\/ciudadyregion.com.co\/wp-content\/uploads\/2025\/11\/Pag-2025-11-11T081653.819.jpg?fit=800%2C445&ssl=1","jetpack_sharing_enabled":true,"jetpack_shortlink":"https:\/\/wp.me\/pbS7hh-cJY","jetpack-related-posts":[],"_links":{"self":[{"href":"https:\/\/ciudadyregion.com.co\/index.php\/wp-json\/wp\/v2\/posts\/48978"}],"collection":[{"href":"https:\/\/ciudadyregion.com.co\/index.php\/wp-json\/wp\/v2\/posts"}],"about":[{"href":"https:\/\/ciudadyregion.com.co\/index.php\/wp-json\/wp\/v2\/types\/post"}],"author":[{"embeddable":true,"href":"https:\/\/ciudadyregion.com.co\/index.php\/wp-json\/wp\/v2\/users\/2"}],"replies":[{"embeddable":true,"href":"https:\/\/ciudadyregion.com.co\/index.php\/wp-json\/wp\/v2\/comments?post=48978"}],"version-history":[{"count":1,"href":"https:\/\/ciudadyregion.com.co\/index.php\/wp-json\/wp\/v2\/posts\/48978\/revisions"}],"predecessor-version":[{"id":48980,"href":"https:\/\/ciudadyregion.com.co\/index.php\/wp-json\/wp\/v2\/posts\/48978\/revisions\/48980"}],"wp:featuredmedia":[{"embeddable":true,"href":"https:\/\/ciudadyregion.com.co\/index.php\/wp-json\/wp\/v2\/media\/48979"}],"wp:attachment":[{"href":"https:\/\/ciudadyregion.com.co\/index.php\/wp-json\/wp\/v2\/media?parent=48978"}],"wp:term":[{"taxonomy":"category","embeddable":true,"href":"https:\/\/ciudadyregion.com.co\/index.php\/wp-json\/wp\/v2\/categories?post=48978"},{"taxonomy":"post_tag","embeddable":true,"href":"https:\/\/ciudadyregion.com.co\/index.php\/wp-json\/wp\/v2\/tags?post=48978"}],"curies":[{"name":"wp","href":"https:\/\/api.w.org\/{rel}","templated":true}]}}