{"id":48947,"date":"2025-11-12T04:29:52","date_gmt":"2025-11-12T09:29:52","guid":{"rendered":"https:\/\/ciudadyregion.com.co\/?p=48947"},"modified":"2025-11-11T07:30:20","modified_gmt":"2025-11-11T12:30:20","slug":"desalmados-en-medellin-dos-extranjeros-habrian-asesinado-con-arma-blanca-a-un-habitante-de-calle-mientras-dormia","status":"publish","type":"post","link":"https:\/\/ciudadyregion.com.co\/index.php\/desalmados-en-medellin-dos-extranjeros-habrian-asesinado-con-arma-blanca-a-un-habitante-de-calle-mientras-dormia\/judicial\/","title":{"rendered":"Desalmados en Medell\u00edn: Dos extranjeros habr\u00edan asesinado con arma blanca a un habitante de calle mientras dorm\u00eda"},"content":{"rendered":"<blockquote>\n<h4><em>La v\u00edctima de 61 a\u00f1os fue atacada con arma blanca mientras dorm\u00eda.<\/em><\/h4>\n<\/blockquote>\n<p>Por solicitud de la\u00a0Fiscal\u00eda General de la Naci\u00f3n, un juez de control de garant\u00edas impuso medidas de aseguramiento en centro de reclusi\u00f3n en contra de los ciudadanos extranjeros Alexander Jos\u00e9 Odosgoite Rangel y Dani Jes\u00fas Contreras Urdaneta, como presuntos responsables de asesinar a un habitante de calle en el centro de la capital antioque\u00f1a.<\/p>\n<p>Los hechos investigados ocurrieron en el\u00a0barrio Prado Centro de Medell\u00edn\u00a0la tarde del pasado 8 de noviembre cuando, al parecer, los procesados atacaron con arma blanca a la v\u00edctima mientras dorm\u00eda bajo el viaducto de metro.\u00a0 El habitante de calle recibi\u00f3 una herida en el coraz\u00f3n que le caus\u00f3 la muerte casi de manera inmediata.<\/p>\n<p>Los presuntos responsables huyeron a pie del lugar y posteriormente fueron capturados por la\u00a0Polic\u00eda Nacional\u00a0en el barrio Manrique, mientras se movilizaban en un taxi. Al momento de su captura les fueron incautados un cuchillo y una navaja impregnada de una sustancia similar a la sangre.<\/p>\n<p>Ninguno de los investigados se allan\u00f3 a los cargos imputados por un\u00a0fiscal de la URI, por el delito de homicidio agravado.<\/p>\n","protected":false},"excerpt":{"rendered":"<p>La v\u00edctima de 61 a\u00f1os fue atacada con arma blanca mientras dorm\u00eda. Por solicitud de la\u00a0Fiscal\u00eda General de la Naci\u00f3n, un juez de control de garant\u00edas impuso medidas de aseguramiento en centro de reclusi\u00f3n en contra de los ciudadanos extranjeros Alexander Jos\u00e9 Odosgoite Rangel y Dani Jes\u00fas Contreras Urdaneta, como<span class=\"more-link\"><a href=\"https:\/\/ciudadyregion.com.co\/index.php\/desalmados-en-medellin-dos-extranjeros-habrian-asesinado-con-arma-blanca-a-un-habitante-de-calle-mientras-dormia\/judicial\/\">Continuar Leyendo<\/a><\/span><\/p>\n","protected":false},"author":2,"featured_media":48948,"comment_status":"open","ping_status":"open","sticky":false,"template":"","format":"standard","meta":{"_uf_show_specific_survey":0,"_uf_disable_surveys":false,"_jetpack_memberships_contains_paid_content":false,"footnotes":"","jetpack_publicize_message":"","jetpack_publicize_feature_enabled":true,"jetpack_social_post_already_shared":true,"jetpack_social_options":{"image_generator_settings":{"template":"highway","enabled":false},"version":2}},"categories":[18],"tags":[],"class_list":["entry","author-diegoaguirre","post-48947","post","type-post","status-publish","format-standard","has-post-thumbnail","category-judicial"],"jetpack_publicize_connections":[],"yoast_head":"<!-- This site is optimized with the Yoast SEO plugin v24.3 - https:\/\/yoast.com\/wordpress\/plugins\/seo\/ -->\n<title>Desalmados en Medell\u00edn: Dos extranjeros habr\u00edan asesinado con arma blanca a un habitante de calle mientras dorm\u00eda - Ciudad y Region<\/title>\n<meta name=\"robots\" content=\"index, follow, max-snippet:-1, max-image-preview:large, max-video-preview:-1\" \/>\n<link rel=\"canonical\" href=\"https:\/\/ciudadyregion.com.co\/index.php\/desalmados-en-medellin-dos-extranjeros-habrian-asesinado-con-arma-blanca-a-un-habitante-de-calle-mientras-dormia\/judicial\/\" \/>\n<meta property=\"og:locale\" content=\"es_ES\" \/>\n<meta property=\"og:type\" content=\"article\" \/>\n<meta property=\"og:title\" content=\"Desalmados en Medell\u00edn: Dos extranjeros habr\u00edan asesinado con arma blanca a un habitante de calle mientras dorm\u00eda - Ciudad y Region\" \/>\n<meta property=\"og:description\" content=\"La v\u00edctima de 61 a\u00f1os fue atacada con arma blanca mientras dorm\u00eda. Por solicitud de la\u00a0Fiscal\u00eda General de la Naci\u00f3n, un juez de control de garant\u00edas impuso medidas de aseguramiento en centro de reclusi\u00f3n en contra de los ciudadanos extranjeros Alexander Jos\u00e9 Odosgoite Rangel y Dani Jes\u00fas Contreras Urdaneta, comoContinuar Leyendo\" \/>\n<meta property=\"og:url\" content=\"https:\/\/ciudadyregion.com.co\/index.php\/desalmados-en-medellin-dos-extranjeros-habrian-asesinado-con-arma-blanca-a-un-habitante-de-calle-mientras-dormia\/judicial\/\" \/>\n<meta property=\"og:site_name\" content=\"Ciudad y Region\" \/>\n<meta property=\"article:published_time\" content=\"2025-11-12T09:29:52+00:00\" \/>\n<meta property=\"article:modified_time\" content=\"2025-11-11T12:30:20+00:00\" \/>\n<meta property=\"og:image\" content=\"https:\/\/i0.wp.com\/ciudadyregion.com.co\/wp-content\/uploads\/2025\/11\/habitante-de-calle.jpg?fit=800%2C445&ssl=1\" \/>\n\t<meta property=\"og:image:width\" content=\"800\" \/>\n\t<meta property=\"og:image:height\" content=\"445\" \/>\n\t<meta property=\"og:image:type\" content=\"image\/jpeg\" \/>\n<meta name=\"author\" content=\"David Andr\u00e9s Aguirre\" \/>\n<meta name=\"twitter:card\" content=\"summary_large_image\" \/>\n<meta name=\"twitter:label1\" content=\"Escrito por\" \/>\n\t<meta name=\"twitter:data1\" content=\"David Andr\u00e9s Aguirre\" \/>\n\t<meta name=\"twitter:label2\" content=\"Tiempo de lectura\" \/>\n\t<meta name=\"twitter:data2\" content=\"2 minutos\" \/>\n<script type=\"application\/ld+json\" class=\"yoast-schema-graph\">{\"@context\":\"https:\/\/schema.org\",\"@graph\":[{\"@type\":\"WebPage\",\"@id\":\"https:\/\/ciudadyregion.com.co\/index.php\/desalmados-en-medellin-dos-extranjeros-habrian-asesinado-con-arma-blanca-a-un-habitante-de-calle-mientras-dormia\/judicial\/\",\"url\":\"https:\/\/ciudadyregion.com.co\/index.php\/desalmados-en-medellin-dos-extranjeros-habrian-asesinado-con-arma-blanca-a-un-habitante-de-calle-mientras-dormia\/judicial\/\",\"name\":\"Desalmados en Medell\u00edn: Dos extranjeros habr\u00edan asesinado con arma blanca a un habitante de calle mientras dorm\u00eda - Ciudad y Region\",\"isPartOf\":{\"@id\":\"https:\/\/ciudadyregion.com.co\/#website\"},\"primaryImageOfPage\":{\"@id\":\"https:\/\/ciudadyregion.com.co\/index.php\/desalmados-en-medellin-dos-extranjeros-habrian-asesinado-con-arma-blanca-a-un-habitante-de-calle-mientras-dormia\/judicial\/#primaryimage\"},\"image\":{\"@id\":\"https:\/\/ciudadyregion.com.co\/index.php\/desalmados-en-medellin-dos-extranjeros-habrian-asesinado-con-arma-blanca-a-un-habitante-de-calle-mientras-dormia\/judicial\/#primaryimage\"},\"thumbnailUrl\":\"https:\/\/i0.wp.com\/ciudadyregion.com.co\/wp-content\/uploads\/2025\/11\/habitante-de-calle.jpg?fit=800%2C445&ssl=1\",\"datePublished\":\"2025-11-12T09:29:52+00:00\",\"dateModified\":\"2025-11-11T12:30:20+00:00\",\"author\":{\"@id\":\"https:\/\/ciudadyregion.com.co\/#\/schema\/person\/04a4954373ebc4051f46e8c65ff78622\"},\"breadcrumb\":{\"@id\":\"https:\/\/ciudadyregion.com.co\/index.php\/desalmados-en-medellin-dos-extranjeros-habrian-asesinado-con-arma-blanca-a-un-habitante-de-calle-mientras-dormia\/judicial\/#breadcrumb\"},\"inLanguage\":\"es\",\"potentialAction\":[{\"@type\":\"ReadAction\",\"target\":[\"https:\/\/ciudadyregion.com.co\/index.php\/desalmados-en-medellin-dos-extranjeros-habrian-asesinado-con-arma-blanca-a-un-habitante-de-calle-mientras-dormia\/judicial\/\"]}]},{\"@type\":\"ImageObject\",\"inLanguage\":\"es\",\"@id\":\"https:\/\/ciudadyregion.com.co\/index.php\/desalmados-en-medellin-dos-extranjeros-habrian-asesinado-con-arma-blanca-a-un-habitante-de-calle-mientras-dormia\/judicial\/#primaryimage\",\"url\":\"https:\/\/i0.wp.com\/ciudadyregion.com.co\/wp-content\/uploads\/2025\/11\/habitante-de-calle.jpg?fit=800%2C445&ssl=1\",\"contentUrl\":\"https:\/\/i0.wp.com\/ciudadyregion.com.co\/wp-content\/uploads\/2025\/11\/habitante-de-calle.jpg?fit=800%2C445&ssl=1\",\"width\":800,\"height\":445},{\"@type\":\"BreadcrumbList\",\"@id\":\"https:\/\/ciudadyregion.com.co\/index.php\/desalmados-en-medellin-dos-extranjeros-habrian-asesinado-con-arma-blanca-a-un-habitante-de-calle-mientras-dormia\/judicial\/#breadcrumb\",\"itemListElement\":[{\"@type\":\"ListItem\",\"position\":1,\"name\":\"Portada\",\"item\":\"https:\/\/ciudadyregion.com.co\/\"},{\"@type\":\"ListItem\",\"position\":2,\"name\":\"Desalmados en Medell\u00edn: Dos extranjeros habr\u00edan asesinado con arma blanca a un habitante de calle mientras dorm\u00eda\"}]},{\"@type\":\"WebSite\",\"@id\":\"https:\/\/ciudadyregion.com.co\/#website\",\"url\":\"https:\/\/ciudadyregion.com.co\/\",\"name\":\"Ciudad y Region\",\"description\":\"\",\"potentialAction\":[{\"@type\":\"SearchAction\",\"target\":{\"@type\":\"EntryPoint\",\"urlTemplate\":\"https:\/\/ciudadyregion.com.co\/?s={search_term_string}\"},\"query-input\":{\"@type\":\"PropertyValueSpecification\",\"valueRequired\":true,\"valueName\":\"search_term_string\"}}],\"inLanguage\":\"es\"},{\"@type\":\"Person\",\"@id\":\"https:\/\/ciudadyregion.com.co\/#\/schema\/person\/04a4954373ebc4051f46e8c65ff78622\",\"name\":\"David Andr\u00e9s Aguirre\",\"image\":{\"@type\":\"ImageObject\",\"inLanguage\":\"es\",\"@id\":\"https:\/\/ciudadyregion.com.co\/#\/schema\/person\/image\/\",\"url\":\"https:\/\/secure.gravatar.com\/avatar\/bc3c655860202182ee6d1b5edd042dbe?s=96&d=mm&r=g\",\"contentUrl\":\"https:\/\/secure.gravatar.com\/avatar\/bc3c655860202182ee6d1b5edd042dbe?s=96&d=mm&r=g\",\"caption\":\"David Andr\u00e9s Aguirre\"},\"url\":\"https:\/\/ciudadyregion.com.co\/index.php\/author\/diegoaguirre\/\"}]}<\/script>\n<!-- \/ Yoast SEO plugin. -->","yoast_head_json":{"title":"Desalmados en Medell\u00edn: Dos extranjeros habr\u00edan asesinado con arma blanca a un habitante de calle mientras dorm\u00eda - Ciudad y Region","robots":{"index":"index","follow":"follow","max-snippet":"max-snippet:-1","max-image-preview":"max-image-preview:large","max-video-preview":"max-video-preview:-1"},"canonical":"https:\/\/ciudadyregion.com.co\/index.php\/desalmados-en-medellin-dos-extranjeros-habrian-asesinado-con-arma-blanca-a-un-habitante-de-calle-mientras-dormia\/judicial\/","og_locale":"es_ES","og_type":"article","og_title":"Desalmados en Medell\u00edn: Dos extranjeros habr\u00edan asesinado con arma blanca a un habitante de calle mientras dorm\u00eda - Ciudad y Region","og_description":"La v\u00edctima de 61 a\u00f1os fue atacada con arma blanca mientras dorm\u00eda. Por solicitud de la\u00a0Fiscal\u00eda General de la Naci\u00f3n, un juez de control de garant\u00edas impuso medidas de aseguramiento en centro de reclusi\u00f3n en contra de los ciudadanos extranjeros Alexander Jos\u00e9 Odosgoite Rangel y Dani Jes\u00fas Contreras Urdaneta, comoContinuar Leyendo","og_url":"https:\/\/ciudadyregion.com.co\/index.php\/desalmados-en-medellin-dos-extranjeros-habrian-asesinado-con-arma-blanca-a-un-habitante-de-calle-mientras-dormia\/judicial\/","og_site_name":"Ciudad y Region","article_published_time":"2025-11-12T09:29:52+00:00","article_modified_time":"2025-11-11T12:30:20+00:00","og_image":[{"width":800,"height":445,"url":"https:\/\/i0.wp.com\/ciudadyregion.com.co\/wp-content\/uploads\/2025\/11\/habitante-de-calle.jpg?fit=800%2C445&ssl=1","type":"image\/jpeg"}],"author":"David Andr\u00e9s Aguirre","twitter_card":"summary_large_image","twitter_misc":{"Escrito por":"David Andr\u00e9s Aguirre","Tiempo de lectura":"2 minutos"},"schema":{"@context":"https:\/\/schema.org","@graph":[{"@type":"WebPage","@id":"https:\/\/ciudadyregion.com.co\/index.php\/desalmados-en-medellin-dos-extranjeros-habrian-asesinado-con-arma-blanca-a-un-habitante-de-calle-mientras-dormia\/judicial\/","url":"https:\/\/ciudadyregion.com.co\/index.php\/desalmados-en-medellin-dos-extranjeros-habrian-asesinado-con-arma-blanca-a-un-habitante-de-calle-mientras-dormia\/judicial\/","name":"Desalmados en Medell\u00edn: Dos extranjeros habr\u00edan asesinado con arma blanca a un habitante de calle mientras dorm\u00eda - Ciudad y Region","isPartOf":{"@id":"https:\/\/ciudadyregion.com.co\/#website"},"primaryImageOfPage":{"@id":"https:\/\/ciudadyregion.com.co\/index.php\/desalmados-en-medellin-dos-extranjeros-habrian-asesinado-con-arma-blanca-a-un-habitante-de-calle-mientras-dormia\/judicial\/#primaryimage"},"image":{"@id":"https:\/\/ciudadyregion.com.co\/index.php\/desalmados-en-medellin-dos-extranjeros-habrian-asesinado-con-arma-blanca-a-un-habitante-de-calle-mientras-dormia\/judicial\/#primaryimage"},"thumbnailUrl":"https:\/\/i0.wp.com\/ciudadyregion.com.co\/wp-content\/uploads\/2025\/11\/habitante-de-calle.jpg?fit=800%2C445&ssl=1","datePublished":"2025-11-12T09:29:52+00:00","dateModified":"2025-11-11T12:30:20+00:00","author":{"@id":"https:\/\/ciudadyregion.com.co\/#\/schema\/person\/04a4954373ebc4051f46e8c65ff78622"},"breadcrumb":{"@id":"https:\/\/ciudadyregion.com.co\/index.php\/desalmados-en-medellin-dos-extranjeros-habrian-asesinado-con-arma-blanca-a-un-habitante-de-calle-mientras-dormia\/judicial\/#breadcrumb"},"inLanguage":"es","potentialAction":[{"@type":"ReadAction","target":["https:\/\/ciudadyregion.com.co\/index.php\/desalmados-en-medellin-dos-extranjeros-habrian-asesinado-con-arma-blanca-a-un-habitante-de-calle-mientras-dormia\/judicial\/"]}]},{"@type":"ImageObject","inLanguage":"es","@id":"https:\/\/ciudadyregion.com.co\/index.php\/desalmados-en-medellin-dos-extranjeros-habrian-asesinado-con-arma-blanca-a-un-habitante-de-calle-mientras-dormia\/judicial\/#primaryimage","url":"https:\/\/i0.wp.com\/ciudadyregion.com.co\/wp-content\/uploads\/2025\/11\/habitante-de-calle.jpg?fit=800%2C445&ssl=1","contentUrl":"https:\/\/i0.wp.com\/ciudadyregion.com.co\/wp-content\/uploads\/2025\/11\/habitante-de-calle.jpg?fit=800%2C445&ssl=1","width":800,"height":445},{"@type":"BreadcrumbList","@id":"https:\/\/ciudadyregion.com.co\/index.php\/desalmados-en-medellin-dos-extranjeros-habrian-asesinado-con-arma-blanca-a-un-habitante-de-calle-mientras-dormia\/judicial\/#breadcrumb","itemListElement":[{"@type":"ListItem","position":1,"name":"Portada","item":"https:\/\/ciudadyregion.com.co\/"},{"@type":"ListItem","position":2,"name":"Desalmados en Medell\u00edn: Dos extranjeros habr\u00edan asesinado con arma blanca a un habitante de calle mientras dorm\u00eda"}]},{"@type":"WebSite","@id":"https:\/\/ciudadyregion.com.co\/#website","url":"https:\/\/ciudadyregion.com.co\/","name":"Ciudad y Region","description":"","potentialAction":[{"@type":"SearchAction","target":{"@type":"EntryPoint","urlTemplate":"https:\/\/ciudadyregion.com.co\/?s={search_term_string}"},"query-input":{"@type":"PropertyValueSpecification","valueRequired":true,"valueName":"search_term_string"}}],"inLanguage":"es"},{"@type":"Person","@id":"https:\/\/ciudadyregion.com.co\/#\/schema\/person\/04a4954373ebc4051f46e8c65ff78622","name":"David Andr\u00e9s Aguirre","image":{"@type":"ImageObject","inLanguage":"es","@id":"https:\/\/ciudadyregion.com.co\/#\/schema\/person\/image\/","url":"https:\/\/secure.gravatar.com\/avatar\/bc3c655860202182ee6d1b5edd042dbe?s=96&d=mm&r=g","contentUrl":"https:\/\/secure.gravatar.com\/avatar\/bc3c655860202182ee6d1b5edd042dbe?s=96&d=mm&r=g","caption":"David Andr\u00e9s Aguirre"},"url":"https:\/\/ciudadyregion.com.co\/index.php\/author\/diegoaguirre\/"}]}},"jetpack_featured_media_url":"https:\/\/i0.wp.com\/ciudadyregion.com.co\/wp-content\/uploads\/2025\/11\/habitante-de-calle.jpg?fit=800%2C445&ssl=1","jetpack_sharing_enabled":true,"jetpack_shortlink":"https:\/\/wp.me\/pbS7hh-cJt","jetpack-related-posts":[],"_links":{"self":[{"href":"https:\/\/ciudadyregion.com.co\/index.php\/wp-json\/wp\/v2\/posts\/48947"}],"collection":[{"href":"https:\/\/ciudadyregion.com.co\/index.php\/wp-json\/wp\/v2\/posts"}],"about":[{"href":"https:\/\/ciudadyregion.com.co\/index.php\/wp-json\/wp\/v2\/types\/post"}],"author":[{"embeddable":true,"href":"https:\/\/ciudadyregion.com.co\/index.php\/wp-json\/wp\/v2\/users\/2"}],"replies":[{"embeddable":true,"href":"https:\/\/ciudadyregion.com.co\/index.php\/wp-json\/wp\/v2\/comments?post=48947"}],"version-history":[{"count":2,"href":"https:\/\/ciudadyregion.com.co\/index.php\/wp-json\/wp\/v2\/posts\/48947\/revisions"}],"predecessor-version":[{"id":48950,"href":"https:\/\/ciudadyregion.com.co\/index.php\/wp-json\/wp\/v2\/posts\/48947\/revisions\/48950"}],"wp:featuredmedia":[{"embeddable":true,"href":"https:\/\/ciudadyregion.com.co\/index.php\/wp-json\/wp\/v2\/media\/48948"}],"wp:attachment":[{"href":"https:\/\/ciudadyregion.com.co\/index.php\/wp-json\/wp\/v2\/media?parent=48947"}],"wp:term":[{"taxonomy":"category","embeddable":true,"href":"https:\/\/ciudadyregion.com.co\/index.php\/wp-json\/wp\/v2\/categories?post=48947"},{"taxonomy":"post_tag","embeddable":true,"href":"https:\/\/ciudadyregion.com.co\/index.php\/wp-json\/wp\/v2\/tags?post=48947"}],"curies":[{"name":"wp","href":"https:\/\/api.w.org\/{rel}","templated":true}]}}