{"id":48315,"date":"2025-11-06T04:23:19","date_gmt":"2025-11-06T09:23:19","guid":{"rendered":"https:\/\/ciudadyregion.com.co\/?p=48315"},"modified":"2025-11-05T14:25:25","modified_gmt":"2025-11-05T19:25:25","slug":"imputan-por-maltrato-animal-a-hombre-que-albergaba-a-14-perros-en-precarias-condiciones","status":"publish","type":"post","link":"https:\/\/ciudadyregion.com.co\/index.php\/imputan-por-maltrato-animal-a-hombre-que-albergaba-a-14-perros-en-precarias-condiciones\/judicial\/","title":{"rendered":"Imputan por maltrato animal a hombre que albergaba a 14 perros en precarias condiciones"},"content":{"rendered":"<blockquote>\n<h4><strong><i>Los caninos permanec\u00edan hacinados en un inmueble de Cali (Valle del Cauca). No ten\u00edan comida ni agua a disposici\u00f3n, y presentaban mal estado de salud.<\/i>\u00a0<\/strong><\/h4>\n<\/blockquote>\n<p>La comunidad del barrio Trinidad, en Cali (Valle del Cauca), alert\u00f3 sobre una situaci\u00f3n que se estar\u00eda presentando en una vivienda del sector. Una manada de perros se estar\u00eda devorando unos a otros.<\/p>\n<p>El 26 de marzo de 2024, las autoridades acudieron para verificar lo que suced\u00eda. Al ingresar al inmueble encontraron a 14 perros criollos (una canina muerta, 10 en precarias condiciones de higiene y sin alimento, y tres en estado esquel\u00e9tico). Todos fueron recuperados y trasladados a un centro especializado. Los animales vivos recibieron atenci\u00f3n veterinaria para avanzar en su posterior rehabilitaci\u00f3n.<\/p>\n<p>Por estos hechos, la Fiscal\u00eda General de la Naci\u00f3n, a trav\u00e9s del Grupo para la Lucha contra el Maltrato Animal (Gelma), cit\u00f3 a Eduardo Rodr\u00edguez Madri\u00f1\u00e1n, el tenedor de los caninos, y le imput\u00f3 el delito de maltrato animal. El cargo no fue aceptado.<\/p>\n","protected":false},"excerpt":{"rendered":"<p>Los caninos permanec\u00edan hacinados en un inmueble de Cali (Valle del Cauca). No ten\u00edan comida ni agua a disposici\u00f3n, y presentaban mal estado de salud.\u00a0 La comunidad del barrio Trinidad, en Cali (Valle del Cauca), alert\u00f3 sobre una situaci\u00f3n que se estar\u00eda presentando en una vivienda del sector. Una manada<span class=\"more-link\"><a href=\"https:\/\/ciudadyregion.com.co\/index.php\/imputan-por-maltrato-animal-a-hombre-que-albergaba-a-14-perros-en-precarias-condiciones\/judicial\/\">Continuar Leyendo<\/a><\/span><\/p>\n","protected":false},"author":2,"featured_media":48316,"comment_status":"open","ping_status":"open","sticky":false,"template":"","format":"standard","meta":{"_uf_show_specific_survey":0,"_uf_disable_surveys":false,"_jetpack_memberships_contains_paid_content":false,"footnotes":"","jetpack_publicize_message":"","jetpack_publicize_feature_enabled":true,"jetpack_social_post_already_shared":true,"jetpack_social_options":{"image_generator_settings":{"template":"highway","enabled":false},"version":2}},"categories":[18],"tags":[],"class_list":["entry","author-diegoaguirre","post-48315","post","type-post","status-publish","format-standard","has-post-thumbnail","category-judicial"],"jetpack_publicize_connections":[],"yoast_head":"<!-- This site is optimized with the Yoast SEO plugin v24.3 - https:\/\/yoast.com\/wordpress\/plugins\/seo\/ -->\n<title>Imputan por maltrato animal a hombre que albergaba a 14 perros en precarias condiciones - Ciudad y Region<\/title>\n<meta name=\"robots\" content=\"index, follow, max-snippet:-1, max-image-preview:large, max-video-preview:-1\" \/>\n<link rel=\"canonical\" href=\"https:\/\/ciudadyregion.com.co\/index.php\/imputan-por-maltrato-animal-a-hombre-que-albergaba-a-14-perros-en-precarias-condiciones\/judicial\/\" \/>\n<meta property=\"og:locale\" content=\"es_ES\" \/>\n<meta property=\"og:type\" content=\"article\" \/>\n<meta property=\"og:title\" content=\"Imputan por maltrato animal a hombre que albergaba a 14 perros en precarias condiciones - Ciudad y Region\" \/>\n<meta property=\"og:description\" content=\"Los caninos permanec\u00edan hacinados en un inmueble de Cali (Valle del Cauca). No ten\u00edan comida ni agua a disposici\u00f3n, y presentaban mal estado de salud.\u00a0 La comunidad del barrio Trinidad, en Cali (Valle del Cauca), alert\u00f3 sobre una situaci\u00f3n que se estar\u00eda presentando en una vivienda del sector. Una manadaContinuar Leyendo\" \/>\n<meta property=\"og:url\" content=\"https:\/\/ciudadyregion.com.co\/index.php\/imputan-por-maltrato-animal-a-hombre-que-albergaba-a-14-perros-en-precarias-condiciones\/judicial\/\" \/>\n<meta property=\"og:site_name\" content=\"Ciudad y Region\" \/>\n<meta property=\"article:published_time\" content=\"2025-11-06T09:23:19+00:00\" \/>\n<meta property=\"article:modified_time\" content=\"2025-11-05T19:25:25+00:00\" \/>\n<meta property=\"og:image\" content=\"https:\/\/i0.wp.com\/ciudadyregion.com.co\/wp-content\/uploads\/2025\/11\/a-48.jpg?fit=800%2C445&ssl=1\" \/>\n\t<meta property=\"og:image:width\" content=\"800\" \/>\n\t<meta property=\"og:image:height\" content=\"445\" \/>\n\t<meta property=\"og:image:type\" content=\"image\/jpeg\" \/>\n<meta name=\"author\" content=\"David Andr\u00e9s Aguirre\" \/>\n<meta name=\"twitter:card\" content=\"summary_large_image\" \/>\n<meta name=\"twitter:label1\" content=\"Escrito por\" \/>\n\t<meta name=\"twitter:data1\" content=\"David Andr\u00e9s Aguirre\" \/>\n\t<meta name=\"twitter:label2\" content=\"Tiempo de lectura\" \/>\n\t<meta name=\"twitter:data2\" content=\"1 minuto\" \/>\n<script type=\"application\/ld+json\" class=\"yoast-schema-graph\">{\"@context\":\"https:\/\/schema.org\",\"@graph\":[{\"@type\":\"WebPage\",\"@id\":\"https:\/\/ciudadyregion.com.co\/index.php\/imputan-por-maltrato-animal-a-hombre-que-albergaba-a-14-perros-en-precarias-condiciones\/judicial\/\",\"url\":\"https:\/\/ciudadyregion.com.co\/index.php\/imputan-por-maltrato-animal-a-hombre-que-albergaba-a-14-perros-en-precarias-condiciones\/judicial\/\",\"name\":\"Imputan por maltrato animal a hombre que albergaba a 14 perros en precarias condiciones - Ciudad y Region\",\"isPartOf\":{\"@id\":\"https:\/\/ciudadyregion.com.co\/#website\"},\"primaryImageOfPage\":{\"@id\":\"https:\/\/ciudadyregion.com.co\/index.php\/imputan-por-maltrato-animal-a-hombre-que-albergaba-a-14-perros-en-precarias-condiciones\/judicial\/#primaryimage\"},\"image\":{\"@id\":\"https:\/\/ciudadyregion.com.co\/index.php\/imputan-por-maltrato-animal-a-hombre-que-albergaba-a-14-perros-en-precarias-condiciones\/judicial\/#primaryimage\"},\"thumbnailUrl\":\"https:\/\/i0.wp.com\/ciudadyregion.com.co\/wp-content\/uploads\/2025\/11\/a-48.jpg?fit=800%2C445&ssl=1\",\"datePublished\":\"2025-11-06T09:23:19+00:00\",\"dateModified\":\"2025-11-05T19:25:25+00:00\",\"author\":{\"@id\":\"https:\/\/ciudadyregion.com.co\/#\/schema\/person\/04a4954373ebc4051f46e8c65ff78622\"},\"breadcrumb\":{\"@id\":\"https:\/\/ciudadyregion.com.co\/index.php\/imputan-por-maltrato-animal-a-hombre-que-albergaba-a-14-perros-en-precarias-condiciones\/judicial\/#breadcrumb\"},\"inLanguage\":\"es\",\"potentialAction\":[{\"@type\":\"ReadAction\",\"target\":[\"https:\/\/ciudadyregion.com.co\/index.php\/imputan-por-maltrato-animal-a-hombre-que-albergaba-a-14-perros-en-precarias-condiciones\/judicial\/\"]}]},{\"@type\":\"ImageObject\",\"inLanguage\":\"es\",\"@id\":\"https:\/\/ciudadyregion.com.co\/index.php\/imputan-por-maltrato-animal-a-hombre-que-albergaba-a-14-perros-en-precarias-condiciones\/judicial\/#primaryimage\",\"url\":\"https:\/\/i0.wp.com\/ciudadyregion.com.co\/wp-content\/uploads\/2025\/11\/a-48.jpg?fit=800%2C445&ssl=1\",\"contentUrl\":\"https:\/\/i0.wp.com\/ciudadyregion.com.co\/wp-content\/uploads\/2025\/11\/a-48.jpg?fit=800%2C445&ssl=1\",\"width\":800,\"height\":445},{\"@type\":\"BreadcrumbList\",\"@id\":\"https:\/\/ciudadyregion.com.co\/index.php\/imputan-por-maltrato-animal-a-hombre-que-albergaba-a-14-perros-en-precarias-condiciones\/judicial\/#breadcrumb\",\"itemListElement\":[{\"@type\":\"ListItem\",\"position\":1,\"name\":\"Portada\",\"item\":\"https:\/\/ciudadyregion.com.co\/\"},{\"@type\":\"ListItem\",\"position\":2,\"name\":\"Imputan por maltrato animal a hombre que albergaba a 14 perros en precarias condiciones\"}]},{\"@type\":\"WebSite\",\"@id\":\"https:\/\/ciudadyregion.com.co\/#website\",\"url\":\"https:\/\/ciudadyregion.com.co\/\",\"name\":\"Ciudad y Region\",\"description\":\"\",\"potentialAction\":[{\"@type\":\"SearchAction\",\"target\":{\"@type\":\"EntryPoint\",\"urlTemplate\":\"https:\/\/ciudadyregion.com.co\/?s={search_term_string}\"},\"query-input\":{\"@type\":\"PropertyValueSpecification\",\"valueRequired\":true,\"valueName\":\"search_term_string\"}}],\"inLanguage\":\"es\"},{\"@type\":\"Person\",\"@id\":\"https:\/\/ciudadyregion.com.co\/#\/schema\/person\/04a4954373ebc4051f46e8c65ff78622\",\"name\":\"David Andr\u00e9s Aguirre\",\"image\":{\"@type\":\"ImageObject\",\"inLanguage\":\"es\",\"@id\":\"https:\/\/ciudadyregion.com.co\/#\/schema\/person\/image\/\",\"url\":\"https:\/\/secure.gravatar.com\/avatar\/bc3c655860202182ee6d1b5edd042dbe?s=96&d=mm&r=g\",\"contentUrl\":\"https:\/\/secure.gravatar.com\/avatar\/bc3c655860202182ee6d1b5edd042dbe?s=96&d=mm&r=g\",\"caption\":\"David Andr\u00e9s Aguirre\"},\"url\":\"https:\/\/ciudadyregion.com.co\/index.php\/author\/diegoaguirre\/\"}]}<\/script>\n<!-- \/ Yoast SEO plugin. -->","yoast_head_json":{"title":"Imputan por maltrato animal a hombre que albergaba a 14 perros en precarias condiciones - Ciudad y Region","robots":{"index":"index","follow":"follow","max-snippet":"max-snippet:-1","max-image-preview":"max-image-preview:large","max-video-preview":"max-video-preview:-1"},"canonical":"https:\/\/ciudadyregion.com.co\/index.php\/imputan-por-maltrato-animal-a-hombre-que-albergaba-a-14-perros-en-precarias-condiciones\/judicial\/","og_locale":"es_ES","og_type":"article","og_title":"Imputan por maltrato animal a hombre que albergaba a 14 perros en precarias condiciones - Ciudad y Region","og_description":"Los caninos permanec\u00edan hacinados en un inmueble de Cali (Valle del Cauca). No ten\u00edan comida ni agua a disposici\u00f3n, y presentaban mal estado de salud.\u00a0 La comunidad del barrio Trinidad, en Cali (Valle del Cauca), alert\u00f3 sobre una situaci\u00f3n que se estar\u00eda presentando en una vivienda del sector. Una manadaContinuar Leyendo","og_url":"https:\/\/ciudadyregion.com.co\/index.php\/imputan-por-maltrato-animal-a-hombre-que-albergaba-a-14-perros-en-precarias-condiciones\/judicial\/","og_site_name":"Ciudad y Region","article_published_time":"2025-11-06T09:23:19+00:00","article_modified_time":"2025-11-05T19:25:25+00:00","og_image":[{"width":800,"height":445,"url":"https:\/\/i0.wp.com\/ciudadyregion.com.co\/wp-content\/uploads\/2025\/11\/a-48.jpg?fit=800%2C445&ssl=1","type":"image\/jpeg"}],"author":"David Andr\u00e9s Aguirre","twitter_card":"summary_large_image","twitter_misc":{"Escrito por":"David Andr\u00e9s Aguirre","Tiempo de lectura":"1 minuto"},"schema":{"@context":"https:\/\/schema.org","@graph":[{"@type":"WebPage","@id":"https:\/\/ciudadyregion.com.co\/index.php\/imputan-por-maltrato-animal-a-hombre-que-albergaba-a-14-perros-en-precarias-condiciones\/judicial\/","url":"https:\/\/ciudadyregion.com.co\/index.php\/imputan-por-maltrato-animal-a-hombre-que-albergaba-a-14-perros-en-precarias-condiciones\/judicial\/","name":"Imputan por maltrato animal a hombre que albergaba a 14 perros en precarias condiciones - Ciudad y Region","isPartOf":{"@id":"https:\/\/ciudadyregion.com.co\/#website"},"primaryImageOfPage":{"@id":"https:\/\/ciudadyregion.com.co\/index.php\/imputan-por-maltrato-animal-a-hombre-que-albergaba-a-14-perros-en-precarias-condiciones\/judicial\/#primaryimage"},"image":{"@id":"https:\/\/ciudadyregion.com.co\/index.php\/imputan-por-maltrato-animal-a-hombre-que-albergaba-a-14-perros-en-precarias-condiciones\/judicial\/#primaryimage"},"thumbnailUrl":"https:\/\/i0.wp.com\/ciudadyregion.com.co\/wp-content\/uploads\/2025\/11\/a-48.jpg?fit=800%2C445&ssl=1","datePublished":"2025-11-06T09:23:19+00:00","dateModified":"2025-11-05T19:25:25+00:00","author":{"@id":"https:\/\/ciudadyregion.com.co\/#\/schema\/person\/04a4954373ebc4051f46e8c65ff78622"},"breadcrumb":{"@id":"https:\/\/ciudadyregion.com.co\/index.php\/imputan-por-maltrato-animal-a-hombre-que-albergaba-a-14-perros-en-precarias-condiciones\/judicial\/#breadcrumb"},"inLanguage":"es","potentialAction":[{"@type":"ReadAction","target":["https:\/\/ciudadyregion.com.co\/index.php\/imputan-por-maltrato-animal-a-hombre-que-albergaba-a-14-perros-en-precarias-condiciones\/judicial\/"]}]},{"@type":"ImageObject","inLanguage":"es","@id":"https:\/\/ciudadyregion.com.co\/index.php\/imputan-por-maltrato-animal-a-hombre-que-albergaba-a-14-perros-en-precarias-condiciones\/judicial\/#primaryimage","url":"https:\/\/i0.wp.com\/ciudadyregion.com.co\/wp-content\/uploads\/2025\/11\/a-48.jpg?fit=800%2C445&ssl=1","contentUrl":"https:\/\/i0.wp.com\/ciudadyregion.com.co\/wp-content\/uploads\/2025\/11\/a-48.jpg?fit=800%2C445&ssl=1","width":800,"height":445},{"@type":"BreadcrumbList","@id":"https:\/\/ciudadyregion.com.co\/index.php\/imputan-por-maltrato-animal-a-hombre-que-albergaba-a-14-perros-en-precarias-condiciones\/judicial\/#breadcrumb","itemListElement":[{"@type":"ListItem","position":1,"name":"Portada","item":"https:\/\/ciudadyregion.com.co\/"},{"@type":"ListItem","position":2,"name":"Imputan por maltrato animal a hombre que albergaba a 14 perros en precarias condiciones"}]},{"@type":"WebSite","@id":"https:\/\/ciudadyregion.com.co\/#website","url":"https:\/\/ciudadyregion.com.co\/","name":"Ciudad y Region","description":"","potentialAction":[{"@type":"SearchAction","target":{"@type":"EntryPoint","urlTemplate":"https:\/\/ciudadyregion.com.co\/?s={search_term_string}"},"query-input":{"@type":"PropertyValueSpecification","valueRequired":true,"valueName":"search_term_string"}}],"inLanguage":"es"},{"@type":"Person","@id":"https:\/\/ciudadyregion.com.co\/#\/schema\/person\/04a4954373ebc4051f46e8c65ff78622","name":"David Andr\u00e9s Aguirre","image":{"@type":"ImageObject","inLanguage":"es","@id":"https:\/\/ciudadyregion.com.co\/#\/schema\/person\/image\/","url":"https:\/\/secure.gravatar.com\/avatar\/bc3c655860202182ee6d1b5edd042dbe?s=96&d=mm&r=g","contentUrl":"https:\/\/secure.gravatar.com\/avatar\/bc3c655860202182ee6d1b5edd042dbe?s=96&d=mm&r=g","caption":"David Andr\u00e9s Aguirre"},"url":"https:\/\/ciudadyregion.com.co\/index.php\/author\/diegoaguirre\/"}]}},"jetpack_featured_media_url":"https:\/\/i0.wp.com\/ciudadyregion.com.co\/wp-content\/uploads\/2025\/11\/a-48.jpg?fit=800%2C445&ssl=1","jetpack_sharing_enabled":true,"jetpack_shortlink":"https:\/\/wp.me\/pbS7hh-czh","jetpack-related-posts":[],"_links":{"self":[{"href":"https:\/\/ciudadyregion.com.co\/index.php\/wp-json\/wp\/v2\/posts\/48315"}],"collection":[{"href":"https:\/\/ciudadyregion.com.co\/index.php\/wp-json\/wp\/v2\/posts"}],"about":[{"href":"https:\/\/ciudadyregion.com.co\/index.php\/wp-json\/wp\/v2\/types\/post"}],"author":[{"embeddable":true,"href":"https:\/\/ciudadyregion.com.co\/index.php\/wp-json\/wp\/v2\/users\/2"}],"replies":[{"embeddable":true,"href":"https:\/\/ciudadyregion.com.co\/index.php\/wp-json\/wp\/v2\/comments?post=48315"}],"version-history":[{"count":1,"href":"https:\/\/ciudadyregion.com.co\/index.php\/wp-json\/wp\/v2\/posts\/48315\/revisions"}],"predecessor-version":[{"id":48317,"href":"https:\/\/ciudadyregion.com.co\/index.php\/wp-json\/wp\/v2\/posts\/48315\/revisions\/48317"}],"wp:featuredmedia":[{"embeddable":true,"href":"https:\/\/ciudadyregion.com.co\/index.php\/wp-json\/wp\/v2\/media\/48316"}],"wp:attachment":[{"href":"https:\/\/ciudadyregion.com.co\/index.php\/wp-json\/wp\/v2\/media?parent=48315"}],"wp:term":[{"taxonomy":"category","embeddable":true,"href":"https:\/\/ciudadyregion.com.co\/index.php\/wp-json\/wp\/v2\/categories?post=48315"},{"taxonomy":"post_tag","embeddable":true,"href":"https:\/\/ciudadyregion.com.co\/index.php\/wp-json\/wp\/v2\/tags?post=48315"}],"curies":[{"name":"wp","href":"https:\/\/api.w.org\/{rel}","templated":true}]}}