{"id":48302,"date":"2025-11-06T04:07:57","date_gmt":"2025-11-06T09:07:57","guid":{"rendered":"https:\/\/ciudadyregion.com.co\/?p=48302"},"modified":"2025-11-05T14:09:16","modified_gmt":"2025-11-05T19:09:16","slug":"responsable-del-abuso-sexual-de-su-hijastra-en-caqueta-fue-condenado-a-10-anos-de-prision","status":"publish","type":"post","link":"https:\/\/ciudadyregion.com.co\/index.php\/responsable-del-abuso-sexual-de-su-hijastra-en-caqueta-fue-condenado-a-10-anos-de-prision\/judicial\/","title":{"rendered":"Responsable del abuso sexual de su hijastra en Caquet\u00e1 fue condenado a 10 a\u00f1os de prisi\u00f3n"},"content":{"rendered":"<p>Las pruebas presentadas por la Fiscal\u00eda General de la Naci\u00f3n, permitieron que un juez de conocimiento condenara a 10 a\u00f1os de prisi\u00f3n a un hombre se\u00f1alado de la agresi\u00f3n sexual de su hijastra menor de edad, en hechos ocurridos en febrero de 2021.<\/p>\n<p>En ese sentido fue declarado responsable del delito de acto sexual abusivo con incapaz de resistir agravado.<\/p>\n<p>La Fiscal\u00eda demostr\u00f3 que la v\u00edctima de 17 a\u00f1os para el momento de los hechos, fue agredida en una vivienda del barrio el Guamal de Florencia (Caquet\u00e1). El hoy condenado ingres\u00f3 de forma abusiva al cuarto de la adolescente y le realiz\u00f3 tocamientos inapropiados en sus partes \u00edntimas cuando dorm\u00eda.<\/p>\n<p>El padrastro aprovech\u00f3 que la madre de la afectada no se encontraba cerca para atacarla.<\/p>\n<p>Al t\u00e9rmino de la lectura de sentencia el juez emiti\u00f3 orden de captura en su contra.<\/p>\n<p>Esta decisi\u00f3n es de primera instancia y sobre ella proceden los recursos de ley.<\/p>\n","protected":false},"excerpt":{"rendered":"<p>Las pruebas presentadas por la Fiscal\u00eda General de la Naci\u00f3n, permitieron que un juez de conocimiento condenara a 10 a\u00f1os de prisi\u00f3n a un hombre se\u00f1alado de la agresi\u00f3n sexual de su hijastra menor de edad, en hechos ocurridos en febrero de 2021. En ese sentido fue declarado responsable del<span class=\"more-link\"><a href=\"https:\/\/ciudadyregion.com.co\/index.php\/responsable-del-abuso-sexual-de-su-hijastra-en-caqueta-fue-condenado-a-10-anos-de-prision\/judicial\/\">Continuar Leyendo<\/a><\/span><\/p>\n","protected":false},"author":2,"featured_media":48303,"comment_status":"open","ping_status":"open","sticky":false,"template":"","format":"standard","meta":{"_uf_show_specific_survey":0,"_uf_disable_surveys":false,"_jetpack_memberships_contains_paid_content":false,"footnotes":"","jetpack_publicize_message":"","jetpack_publicize_feature_enabled":true,"jetpack_social_post_already_shared":true,"jetpack_social_options":{"image_generator_settings":{"template":"highway","enabled":false},"version":2}},"categories":[18],"tags":[],"class_list":["entry","author-diegoaguirre","post-48302","post","type-post","status-publish","format-standard","has-post-thumbnail","category-judicial"],"jetpack_publicize_connections":[],"yoast_head":"<!-- This site is optimized with the Yoast SEO plugin v24.3 - https:\/\/yoast.com\/wordpress\/plugins\/seo\/ -->\n<title>Responsable del abuso sexual de su hijastra en Caquet\u00e1 fue condenado a 10 a\u00f1os de prisi\u00f3n - Ciudad y Region<\/title>\n<meta name=\"robots\" content=\"index, follow, max-snippet:-1, max-image-preview:large, max-video-preview:-1\" \/>\n<link rel=\"canonical\" href=\"https:\/\/ciudadyregion.com.co\/index.php\/responsable-del-abuso-sexual-de-su-hijastra-en-caqueta-fue-condenado-a-10-anos-de-prision\/judicial\/\" \/>\n<meta property=\"og:locale\" content=\"es_ES\" \/>\n<meta property=\"og:type\" content=\"article\" \/>\n<meta property=\"og:title\" content=\"Responsable del abuso sexual de su hijastra en Caquet\u00e1 fue condenado a 10 a\u00f1os de prisi\u00f3n - Ciudad y Region\" \/>\n<meta property=\"og:description\" content=\"Las pruebas presentadas por la Fiscal\u00eda General de la Naci\u00f3n, permitieron que un juez de conocimiento condenara a 10 a\u00f1os de prisi\u00f3n a un hombre se\u00f1alado de la agresi\u00f3n sexual de su hijastra menor de edad, en hechos ocurridos en febrero de 2021. En ese sentido fue declarado responsable delContinuar Leyendo\" \/>\n<meta property=\"og:url\" content=\"https:\/\/ciudadyregion.com.co\/index.php\/responsable-del-abuso-sexual-de-su-hijastra-en-caqueta-fue-condenado-a-10-anos-de-prision\/judicial\/\" \/>\n<meta property=\"og:site_name\" content=\"Ciudad y Region\" \/>\n<meta property=\"article:published_time\" content=\"2025-11-06T09:07:57+00:00\" \/>\n<meta property=\"article:modified_time\" content=\"2025-11-05T19:09:16+00:00\" \/>\n<meta property=\"og:image\" content=\"https:\/\/i0.wp.com\/ciudadyregion.com.co\/wp-content\/uploads\/2025\/11\/a-45.jpg?fit=800%2C445&ssl=1\" \/>\n\t<meta property=\"og:image:width\" content=\"800\" \/>\n\t<meta property=\"og:image:height\" content=\"445\" \/>\n\t<meta property=\"og:image:type\" content=\"image\/jpeg\" \/>\n<meta name=\"author\" content=\"David Andr\u00e9s Aguirre\" \/>\n<meta name=\"twitter:card\" content=\"summary_large_image\" \/>\n<meta name=\"twitter:label1\" content=\"Escrito por\" \/>\n\t<meta name=\"twitter:data1\" content=\"David Andr\u00e9s Aguirre\" \/>\n\t<meta name=\"twitter:label2\" content=\"Tiempo de lectura\" \/>\n\t<meta name=\"twitter:data2\" content=\"1 minuto\" \/>\n<script type=\"application\/ld+json\" class=\"yoast-schema-graph\">{\"@context\":\"https:\/\/schema.org\",\"@graph\":[{\"@type\":\"WebPage\",\"@id\":\"https:\/\/ciudadyregion.com.co\/index.php\/responsable-del-abuso-sexual-de-su-hijastra-en-caqueta-fue-condenado-a-10-anos-de-prision\/judicial\/\",\"url\":\"https:\/\/ciudadyregion.com.co\/index.php\/responsable-del-abuso-sexual-de-su-hijastra-en-caqueta-fue-condenado-a-10-anos-de-prision\/judicial\/\",\"name\":\"Responsable del abuso sexual de su hijastra en Caquet\u00e1 fue condenado a 10 a\u00f1os de prisi\u00f3n - Ciudad y Region\",\"isPartOf\":{\"@id\":\"https:\/\/ciudadyregion.com.co\/#website\"},\"primaryImageOfPage\":{\"@id\":\"https:\/\/ciudadyregion.com.co\/index.php\/responsable-del-abuso-sexual-de-su-hijastra-en-caqueta-fue-condenado-a-10-anos-de-prision\/judicial\/#primaryimage\"},\"image\":{\"@id\":\"https:\/\/ciudadyregion.com.co\/index.php\/responsable-del-abuso-sexual-de-su-hijastra-en-caqueta-fue-condenado-a-10-anos-de-prision\/judicial\/#primaryimage\"},\"thumbnailUrl\":\"https:\/\/i0.wp.com\/ciudadyregion.com.co\/wp-content\/uploads\/2025\/11\/a-45.jpg?fit=800%2C445&ssl=1\",\"datePublished\":\"2025-11-06T09:07:57+00:00\",\"dateModified\":\"2025-11-05T19:09:16+00:00\",\"author\":{\"@id\":\"https:\/\/ciudadyregion.com.co\/#\/schema\/person\/04a4954373ebc4051f46e8c65ff78622\"},\"breadcrumb\":{\"@id\":\"https:\/\/ciudadyregion.com.co\/index.php\/responsable-del-abuso-sexual-de-su-hijastra-en-caqueta-fue-condenado-a-10-anos-de-prision\/judicial\/#breadcrumb\"},\"inLanguage\":\"es\",\"potentialAction\":[{\"@type\":\"ReadAction\",\"target\":[\"https:\/\/ciudadyregion.com.co\/index.php\/responsable-del-abuso-sexual-de-su-hijastra-en-caqueta-fue-condenado-a-10-anos-de-prision\/judicial\/\"]}]},{\"@type\":\"ImageObject\",\"inLanguage\":\"es\",\"@id\":\"https:\/\/ciudadyregion.com.co\/index.php\/responsable-del-abuso-sexual-de-su-hijastra-en-caqueta-fue-condenado-a-10-anos-de-prision\/judicial\/#primaryimage\",\"url\":\"https:\/\/i0.wp.com\/ciudadyregion.com.co\/wp-content\/uploads\/2025\/11\/a-45.jpg?fit=800%2C445&ssl=1\",\"contentUrl\":\"https:\/\/i0.wp.com\/ciudadyregion.com.co\/wp-content\/uploads\/2025\/11\/a-45.jpg?fit=800%2C445&ssl=1\",\"width\":800,\"height\":445},{\"@type\":\"BreadcrumbList\",\"@id\":\"https:\/\/ciudadyregion.com.co\/index.php\/responsable-del-abuso-sexual-de-su-hijastra-en-caqueta-fue-condenado-a-10-anos-de-prision\/judicial\/#breadcrumb\",\"itemListElement\":[{\"@type\":\"ListItem\",\"position\":1,\"name\":\"Portada\",\"item\":\"https:\/\/ciudadyregion.com.co\/\"},{\"@type\":\"ListItem\",\"position\":2,\"name\":\"Responsable del abuso sexual de su hijastra en Caquet\u00e1 fue condenado a 10 a\u00f1os de prisi\u00f3n\"}]},{\"@type\":\"WebSite\",\"@id\":\"https:\/\/ciudadyregion.com.co\/#website\",\"url\":\"https:\/\/ciudadyregion.com.co\/\",\"name\":\"Ciudad y Region\",\"description\":\"\",\"potentialAction\":[{\"@type\":\"SearchAction\",\"target\":{\"@type\":\"EntryPoint\",\"urlTemplate\":\"https:\/\/ciudadyregion.com.co\/?s={search_term_string}\"},\"query-input\":{\"@type\":\"PropertyValueSpecification\",\"valueRequired\":true,\"valueName\":\"search_term_string\"}}],\"inLanguage\":\"es\"},{\"@type\":\"Person\",\"@id\":\"https:\/\/ciudadyregion.com.co\/#\/schema\/person\/04a4954373ebc4051f46e8c65ff78622\",\"name\":\"David Andr\u00e9s Aguirre\",\"image\":{\"@type\":\"ImageObject\",\"inLanguage\":\"es\",\"@id\":\"https:\/\/ciudadyregion.com.co\/#\/schema\/person\/image\/\",\"url\":\"https:\/\/secure.gravatar.com\/avatar\/bc3c655860202182ee6d1b5edd042dbe?s=96&d=mm&r=g\",\"contentUrl\":\"https:\/\/secure.gravatar.com\/avatar\/bc3c655860202182ee6d1b5edd042dbe?s=96&d=mm&r=g\",\"caption\":\"David Andr\u00e9s Aguirre\"},\"url\":\"https:\/\/ciudadyregion.com.co\/index.php\/author\/diegoaguirre\/\"}]}<\/script>\n<!-- \/ Yoast SEO plugin. -->","yoast_head_json":{"title":"Responsable del abuso sexual de su hijastra en Caquet\u00e1 fue condenado a 10 a\u00f1os de prisi\u00f3n - Ciudad y Region","robots":{"index":"index","follow":"follow","max-snippet":"max-snippet:-1","max-image-preview":"max-image-preview:large","max-video-preview":"max-video-preview:-1"},"canonical":"https:\/\/ciudadyregion.com.co\/index.php\/responsable-del-abuso-sexual-de-su-hijastra-en-caqueta-fue-condenado-a-10-anos-de-prision\/judicial\/","og_locale":"es_ES","og_type":"article","og_title":"Responsable del abuso sexual de su hijastra en Caquet\u00e1 fue condenado a 10 a\u00f1os de prisi\u00f3n - Ciudad y Region","og_description":"Las pruebas presentadas por la Fiscal\u00eda General de la Naci\u00f3n, permitieron que un juez de conocimiento condenara a 10 a\u00f1os de prisi\u00f3n a un hombre se\u00f1alado de la agresi\u00f3n sexual de su hijastra menor de edad, en hechos ocurridos en febrero de 2021. En ese sentido fue declarado responsable delContinuar Leyendo","og_url":"https:\/\/ciudadyregion.com.co\/index.php\/responsable-del-abuso-sexual-de-su-hijastra-en-caqueta-fue-condenado-a-10-anos-de-prision\/judicial\/","og_site_name":"Ciudad y Region","article_published_time":"2025-11-06T09:07:57+00:00","article_modified_time":"2025-11-05T19:09:16+00:00","og_image":[{"width":800,"height":445,"url":"https:\/\/i0.wp.com\/ciudadyregion.com.co\/wp-content\/uploads\/2025\/11\/a-45.jpg?fit=800%2C445&ssl=1","type":"image\/jpeg"}],"author":"David Andr\u00e9s Aguirre","twitter_card":"summary_large_image","twitter_misc":{"Escrito por":"David Andr\u00e9s Aguirre","Tiempo de lectura":"1 minuto"},"schema":{"@context":"https:\/\/schema.org","@graph":[{"@type":"WebPage","@id":"https:\/\/ciudadyregion.com.co\/index.php\/responsable-del-abuso-sexual-de-su-hijastra-en-caqueta-fue-condenado-a-10-anos-de-prision\/judicial\/","url":"https:\/\/ciudadyregion.com.co\/index.php\/responsable-del-abuso-sexual-de-su-hijastra-en-caqueta-fue-condenado-a-10-anos-de-prision\/judicial\/","name":"Responsable del abuso sexual de su hijastra en Caquet\u00e1 fue condenado a 10 a\u00f1os de prisi\u00f3n - Ciudad y Region","isPartOf":{"@id":"https:\/\/ciudadyregion.com.co\/#website"},"primaryImageOfPage":{"@id":"https:\/\/ciudadyregion.com.co\/index.php\/responsable-del-abuso-sexual-de-su-hijastra-en-caqueta-fue-condenado-a-10-anos-de-prision\/judicial\/#primaryimage"},"image":{"@id":"https:\/\/ciudadyregion.com.co\/index.php\/responsable-del-abuso-sexual-de-su-hijastra-en-caqueta-fue-condenado-a-10-anos-de-prision\/judicial\/#primaryimage"},"thumbnailUrl":"https:\/\/i0.wp.com\/ciudadyregion.com.co\/wp-content\/uploads\/2025\/11\/a-45.jpg?fit=800%2C445&ssl=1","datePublished":"2025-11-06T09:07:57+00:00","dateModified":"2025-11-05T19:09:16+00:00","author":{"@id":"https:\/\/ciudadyregion.com.co\/#\/schema\/person\/04a4954373ebc4051f46e8c65ff78622"},"breadcrumb":{"@id":"https:\/\/ciudadyregion.com.co\/index.php\/responsable-del-abuso-sexual-de-su-hijastra-en-caqueta-fue-condenado-a-10-anos-de-prision\/judicial\/#breadcrumb"},"inLanguage":"es","potentialAction":[{"@type":"ReadAction","target":["https:\/\/ciudadyregion.com.co\/index.php\/responsable-del-abuso-sexual-de-su-hijastra-en-caqueta-fue-condenado-a-10-anos-de-prision\/judicial\/"]}]},{"@type":"ImageObject","inLanguage":"es","@id":"https:\/\/ciudadyregion.com.co\/index.php\/responsable-del-abuso-sexual-de-su-hijastra-en-caqueta-fue-condenado-a-10-anos-de-prision\/judicial\/#primaryimage","url":"https:\/\/i0.wp.com\/ciudadyregion.com.co\/wp-content\/uploads\/2025\/11\/a-45.jpg?fit=800%2C445&ssl=1","contentUrl":"https:\/\/i0.wp.com\/ciudadyregion.com.co\/wp-content\/uploads\/2025\/11\/a-45.jpg?fit=800%2C445&ssl=1","width":800,"height":445},{"@type":"BreadcrumbList","@id":"https:\/\/ciudadyregion.com.co\/index.php\/responsable-del-abuso-sexual-de-su-hijastra-en-caqueta-fue-condenado-a-10-anos-de-prision\/judicial\/#breadcrumb","itemListElement":[{"@type":"ListItem","position":1,"name":"Portada","item":"https:\/\/ciudadyregion.com.co\/"},{"@type":"ListItem","position":2,"name":"Responsable del abuso sexual de su hijastra en Caquet\u00e1 fue condenado a 10 a\u00f1os de prisi\u00f3n"}]},{"@type":"WebSite","@id":"https:\/\/ciudadyregion.com.co\/#website","url":"https:\/\/ciudadyregion.com.co\/","name":"Ciudad y Region","description":"","potentialAction":[{"@type":"SearchAction","target":{"@type":"EntryPoint","urlTemplate":"https:\/\/ciudadyregion.com.co\/?s={search_term_string}"},"query-input":{"@type":"PropertyValueSpecification","valueRequired":true,"valueName":"search_term_string"}}],"inLanguage":"es"},{"@type":"Person","@id":"https:\/\/ciudadyregion.com.co\/#\/schema\/person\/04a4954373ebc4051f46e8c65ff78622","name":"David Andr\u00e9s Aguirre","image":{"@type":"ImageObject","inLanguage":"es","@id":"https:\/\/ciudadyregion.com.co\/#\/schema\/person\/image\/","url":"https:\/\/secure.gravatar.com\/avatar\/bc3c655860202182ee6d1b5edd042dbe?s=96&d=mm&r=g","contentUrl":"https:\/\/secure.gravatar.com\/avatar\/bc3c655860202182ee6d1b5edd042dbe?s=96&d=mm&r=g","caption":"David Andr\u00e9s Aguirre"},"url":"https:\/\/ciudadyregion.com.co\/index.php\/author\/diegoaguirre\/"}]}},"jetpack_featured_media_url":"https:\/\/i0.wp.com\/ciudadyregion.com.co\/wp-content\/uploads\/2025\/11\/a-45.jpg?fit=800%2C445&ssl=1","jetpack_sharing_enabled":true,"jetpack_shortlink":"https:\/\/wp.me\/pbS7hh-cz4","jetpack-related-posts":[],"_links":{"self":[{"href":"https:\/\/ciudadyregion.com.co\/index.php\/wp-json\/wp\/v2\/posts\/48302"}],"collection":[{"href":"https:\/\/ciudadyregion.com.co\/index.php\/wp-json\/wp\/v2\/posts"}],"about":[{"href":"https:\/\/ciudadyregion.com.co\/index.php\/wp-json\/wp\/v2\/types\/post"}],"author":[{"embeddable":true,"href":"https:\/\/ciudadyregion.com.co\/index.php\/wp-json\/wp\/v2\/users\/2"}],"replies":[{"embeddable":true,"href":"https:\/\/ciudadyregion.com.co\/index.php\/wp-json\/wp\/v2\/comments?post=48302"}],"version-history":[{"count":1,"href":"https:\/\/ciudadyregion.com.co\/index.php\/wp-json\/wp\/v2\/posts\/48302\/revisions"}],"predecessor-version":[{"id":48304,"href":"https:\/\/ciudadyregion.com.co\/index.php\/wp-json\/wp\/v2\/posts\/48302\/revisions\/48304"}],"wp:featuredmedia":[{"embeddable":true,"href":"https:\/\/ciudadyregion.com.co\/index.php\/wp-json\/wp\/v2\/media\/48303"}],"wp:attachment":[{"href":"https:\/\/ciudadyregion.com.co\/index.php\/wp-json\/wp\/v2\/media?parent=48302"}],"wp:term":[{"taxonomy":"category","embeddable":true,"href":"https:\/\/ciudadyregion.com.co\/index.php\/wp-json\/wp\/v2\/categories?post=48302"},{"taxonomy":"post_tag","embeddable":true,"href":"https:\/\/ciudadyregion.com.co\/index.php\/wp-json\/wp\/v2\/tags?post=48302"}],"curies":[{"name":"wp","href":"https:\/\/api.w.org\/{rel}","templated":true}]}}