{"id":48299,"date":"2025-11-06T04:03:32","date_gmt":"2025-11-06T09:03:32","guid":{"rendered":"https:\/\/ciudadyregion.com.co\/?p=48299"},"modified":"2025-11-05T14:04:10","modified_gmt":"2025-11-05T19:04:10","slug":"exsubcomandante-de-la-policia-nacional-en-la-guajira-senalado-de-agredir-sexualmente-a-una-subalterna-debera-permanecer-privado-de-la-libertad","status":"publish","type":"post","link":"https:\/\/ciudadyregion.com.co\/index.php\/exsubcomandante-de-la-policia-nacional-en-la-guajira-senalado-de-agredir-sexualmente-a-una-subalterna-debera-permanecer-privado-de-la-libertad\/judicial\/","title":{"rendered":"Exsubcomandante de la Polic\u00eda Nacional en la Guajira se\u00f1alado de agredir sexualmente a una subalterna deber\u00e1 permanecer privado de la libertad"},"content":{"rendered":"<blockquote>\n<h4 data-ccp-border-bottom=\"0px none #000000\" data-ccp-padding-bottom=\"0px\" data-ccp-border-between=\"0px none #000000\" data-ccp-padding-between=\"0px\"><strong><i>El oficial habr\u00eda aprovechado su condici\u00f3n de superior jer\u00e1rquico para someter a la v\u00edctima a actos indecorosos en contra de su voluntad.\u00a0<\/i>\u00a0<\/strong><\/h4>\n<\/blockquote>\n<p data-ccp-border-bottom=\"0px none #000000\" data-ccp-padding-bottom=\"0px\" data-ccp-border-between=\"0px none #000000\" data-ccp-padding-between=\"0px\"><span data-contrast=\"auto\">Por su posible responsabilidad en la agresi\u00f3n sexual a una auxiliar de la Polic\u00eda Nacional, en hechos ocurridos el pasado 29 de septiembre, en Riohacha (La Guajira), la Fiscal\u00eda General de la Naci\u00f3n judicializ\u00f3 al teniente coronel Carlos Juli\u00e1n Rodr\u00edguez Campos.<\/span><span data-ccp-props=\"{&quot;335551550&quot;:6,&quot;335551620&quot;:6,&quot;335559739&quot;:240}\">\u00a0<\/span><\/p>\n<p data-ccp-border-bottom=\"0px none #000000\" data-ccp-padding-bottom=\"0px\" data-ccp-border-between=\"0px none #000000\" data-ccp-padding-between=\"0px\"><span data-contrast=\"auto\">El oficial, quien se desempe\u00f1aba como subcomandante del Departamento de Polic\u00eda de La Guajira, es se\u00f1alado de pedirle a la joven que acudiera a su alojamiento con el supuesto de darle algunas instrucciones relacionadas con el servicio. Sin embargo, los elementos materiales probatorios indican que, contrario a esa intenci\u00f3n y vali\u00e9ndose de su posici\u00f3n jer\u00e1rquica y rango en la instituci\u00f3n, habr\u00eda sido un pretexto para someterla a actos indecorosos de tipo sexual en contra de su voluntad.\u00a0<\/span><span data-ccp-props=\"{&quot;335551550&quot;:6,&quot;335551620&quot;:6,&quot;335559739&quot;:240}\">\u00a0<\/span><\/p>\n<p data-ccp-border-bottom=\"0px none #000000\" data-ccp-padding-bottom=\"0px\" data-ccp-border-between=\"0px none #000000\" data-ccp-padding-between=\"0px\"><span data-contrast=\"auto\">En medio de la agresi\u00f3n, la v\u00edctima logr\u00f3 salir de la habitaci\u00f3n y le cont\u00f3 a una compa\u00f1era lo sucedido. Este fue el origen de una investigaci\u00f3n interna que deriv\u00f3 en una suspensi\u00f3n provisional del exsubcomandante de La Guajira por tres meses; mientras avanza el proceso disciplinario en su contra.\u00a0<\/span><span data-ccp-props=\"{&quot;335551550&quot;:6,&quot;335551620&quot;:6,&quot;335559739&quot;:240}\">\u00a0<\/span><\/p>\n<p data-ccp-border-bottom=\"0px none #000000\" data-ccp-padding-bottom=\"0px\" data-ccp-border-between=\"0px none #000000\" data-ccp-padding-between=\"0px\"><span data-contrast=\"auto\">Entre tanto, un fiscal de la Seccional La Guajira le imput\u00f3 el delito de acto sexual violento agravado.<\/span><span data-ccp-props=\"{&quot;335551550&quot;:6,&quot;335551620&quot;:6,&quot;335559739&quot;:240}\">\u00a0<\/span><\/p>\n<p data-ccp-border-bottom=\"0px none #000000\" data-ccp-padding-bottom=\"0px\" data-ccp-border-between=\"0px none #000000\" data-ccp-padding-between=\"0px\"><span data-contrast=\"auto\">El teniente coronel Rodr\u00edguez Campos no acept\u00f3 el cargo y, por disposici\u00f3n de un juez de control de garant\u00edas, deber\u00e1 cumplir medida de aseguramiento privativa de la libertad en su lugar de residencia con vigilancia de dispositivo electr\u00f3nico.\u00a0<\/span><span data-ccp-props=\"{&quot;335551550&quot;:6,&quot;335551620&quot;:6,&quot;335559739&quot;:240}\">\u00a0<\/span><\/p>\n","protected":false},"excerpt":{"rendered":"<p>El oficial habr\u00eda aprovechado su condici\u00f3n de superior jer\u00e1rquico para someter a la v\u00edctima a actos indecorosos en contra de su voluntad.\u00a0\u00a0 Por su posible responsabilidad en la agresi\u00f3n sexual a una auxiliar de la Polic\u00eda Nacional, en hechos ocurridos el pasado 29 de septiembre, en Riohacha (La Guajira), la<span class=\"more-link\"><a href=\"https:\/\/ciudadyregion.com.co\/index.php\/exsubcomandante-de-la-policia-nacional-en-la-guajira-senalado-de-agredir-sexualmente-a-una-subalterna-debera-permanecer-privado-de-la-libertad\/judicial\/\">Continuar Leyendo<\/a><\/span><\/p>\n","protected":false},"author":2,"featured_media":48300,"comment_status":"open","ping_status":"open","sticky":false,"template":"","format":"standard","meta":{"_uf_show_specific_survey":0,"_uf_disable_surveys":false,"_jetpack_memberships_contains_paid_content":false,"footnotes":"","jetpack_publicize_message":"","jetpack_publicize_feature_enabled":true,"jetpack_social_post_already_shared":true,"jetpack_social_options":{"image_generator_settings":{"template":"highway","enabled":false},"version":2}},"categories":[18],"tags":[],"class_list":["entry","author-diegoaguirre","post-48299","post","type-post","status-publish","format-standard","has-post-thumbnail","category-judicial"],"jetpack_publicize_connections":[],"yoast_head":"<!-- This site is optimized with the Yoast SEO plugin v24.3 - https:\/\/yoast.com\/wordpress\/plugins\/seo\/ -->\n<title>Exsubcomandante de la Polic\u00eda Nacional en la Guajira se\u00f1alado de agredir sexualmente a una subalterna deber\u00e1 permanecer privado de la libertad - Ciudad y Region<\/title>\n<meta name=\"robots\" content=\"index, follow, max-snippet:-1, max-image-preview:large, max-video-preview:-1\" \/>\n<link rel=\"canonical\" href=\"https:\/\/ciudadyregion.com.co\/index.php\/exsubcomandante-de-la-policia-nacional-en-la-guajira-senalado-de-agredir-sexualmente-a-una-subalterna-debera-permanecer-privado-de-la-libertad\/judicial\/\" \/>\n<meta property=\"og:locale\" content=\"es_ES\" \/>\n<meta property=\"og:type\" content=\"article\" \/>\n<meta property=\"og:title\" content=\"Exsubcomandante de la Polic\u00eda Nacional en la Guajira se\u00f1alado de agredir sexualmente a una subalterna deber\u00e1 permanecer privado de la libertad - Ciudad y Region\" \/>\n<meta property=\"og:description\" content=\"El oficial habr\u00eda aprovechado su condici\u00f3n de superior jer\u00e1rquico para someter a la v\u00edctima a actos indecorosos en contra de su voluntad.\u00a0\u00a0 Por su posible responsabilidad en la agresi\u00f3n sexual a una auxiliar de la Polic\u00eda Nacional, en hechos ocurridos el pasado 29 de septiembre, en Riohacha (La Guajira), laContinuar Leyendo\" \/>\n<meta property=\"og:url\" content=\"https:\/\/ciudadyregion.com.co\/index.php\/exsubcomandante-de-la-policia-nacional-en-la-guajira-senalado-de-agredir-sexualmente-a-una-subalterna-debera-permanecer-privado-de-la-libertad\/judicial\/\" \/>\n<meta property=\"og:site_name\" content=\"Ciudad y Region\" \/>\n<meta property=\"article:published_time\" content=\"2025-11-06T09:03:32+00:00\" \/>\n<meta property=\"article:modified_time\" content=\"2025-11-05T19:04:10+00:00\" \/>\n<meta property=\"og:image\" content=\"https:\/\/i0.wp.com\/ciudadyregion.com.co\/wp-content\/uploads\/2025\/11\/a-44.jpg?fit=800%2C445&ssl=1\" \/>\n\t<meta property=\"og:image:width\" content=\"800\" \/>\n\t<meta property=\"og:image:height\" content=\"445\" \/>\n\t<meta property=\"og:image:type\" content=\"image\/jpeg\" \/>\n<meta name=\"author\" content=\"David Andr\u00e9s Aguirre\" \/>\n<meta name=\"twitter:card\" content=\"summary_large_image\" \/>\n<meta name=\"twitter:label1\" content=\"Escrito por\" \/>\n\t<meta name=\"twitter:data1\" content=\"David Andr\u00e9s Aguirre\" \/>\n\t<meta name=\"twitter:label2\" content=\"Tiempo de lectura\" \/>\n\t<meta name=\"twitter:data2\" content=\"2 minutos\" \/>\n<script type=\"application\/ld+json\" class=\"yoast-schema-graph\">{\"@context\":\"https:\/\/schema.org\",\"@graph\":[{\"@type\":\"WebPage\",\"@id\":\"https:\/\/ciudadyregion.com.co\/index.php\/exsubcomandante-de-la-policia-nacional-en-la-guajira-senalado-de-agredir-sexualmente-a-una-subalterna-debera-permanecer-privado-de-la-libertad\/judicial\/\",\"url\":\"https:\/\/ciudadyregion.com.co\/index.php\/exsubcomandante-de-la-policia-nacional-en-la-guajira-senalado-de-agredir-sexualmente-a-una-subalterna-debera-permanecer-privado-de-la-libertad\/judicial\/\",\"name\":\"Exsubcomandante de la Polic\u00eda Nacional en la Guajira se\u00f1alado de agredir sexualmente a una subalterna deber\u00e1 permanecer privado de la libertad - Ciudad y Region\",\"isPartOf\":{\"@id\":\"https:\/\/ciudadyregion.com.co\/#website\"},\"primaryImageOfPage\":{\"@id\":\"https:\/\/ciudadyregion.com.co\/index.php\/exsubcomandante-de-la-policia-nacional-en-la-guajira-senalado-de-agredir-sexualmente-a-una-subalterna-debera-permanecer-privado-de-la-libertad\/judicial\/#primaryimage\"},\"image\":{\"@id\":\"https:\/\/ciudadyregion.com.co\/index.php\/exsubcomandante-de-la-policia-nacional-en-la-guajira-senalado-de-agredir-sexualmente-a-una-subalterna-debera-permanecer-privado-de-la-libertad\/judicial\/#primaryimage\"},\"thumbnailUrl\":\"https:\/\/i0.wp.com\/ciudadyregion.com.co\/wp-content\/uploads\/2025\/11\/a-44.jpg?fit=800%2C445&ssl=1\",\"datePublished\":\"2025-11-06T09:03:32+00:00\",\"dateModified\":\"2025-11-05T19:04:10+00:00\",\"author\":{\"@id\":\"https:\/\/ciudadyregion.com.co\/#\/schema\/person\/04a4954373ebc4051f46e8c65ff78622\"},\"breadcrumb\":{\"@id\":\"https:\/\/ciudadyregion.com.co\/index.php\/exsubcomandante-de-la-policia-nacional-en-la-guajira-senalado-de-agredir-sexualmente-a-una-subalterna-debera-permanecer-privado-de-la-libertad\/judicial\/#breadcrumb\"},\"inLanguage\":\"es\",\"potentialAction\":[{\"@type\":\"ReadAction\",\"target\":[\"https:\/\/ciudadyregion.com.co\/index.php\/exsubcomandante-de-la-policia-nacional-en-la-guajira-senalado-de-agredir-sexualmente-a-una-subalterna-debera-permanecer-privado-de-la-libertad\/judicial\/\"]}]},{\"@type\":\"ImageObject\",\"inLanguage\":\"es\",\"@id\":\"https:\/\/ciudadyregion.com.co\/index.php\/exsubcomandante-de-la-policia-nacional-en-la-guajira-senalado-de-agredir-sexualmente-a-una-subalterna-debera-permanecer-privado-de-la-libertad\/judicial\/#primaryimage\",\"url\":\"https:\/\/i0.wp.com\/ciudadyregion.com.co\/wp-content\/uploads\/2025\/11\/a-44.jpg?fit=800%2C445&ssl=1\",\"contentUrl\":\"https:\/\/i0.wp.com\/ciudadyregion.com.co\/wp-content\/uploads\/2025\/11\/a-44.jpg?fit=800%2C445&ssl=1\",\"width\":800,\"height\":445},{\"@type\":\"BreadcrumbList\",\"@id\":\"https:\/\/ciudadyregion.com.co\/index.php\/exsubcomandante-de-la-policia-nacional-en-la-guajira-senalado-de-agredir-sexualmente-a-una-subalterna-debera-permanecer-privado-de-la-libertad\/judicial\/#breadcrumb\",\"itemListElement\":[{\"@type\":\"ListItem\",\"position\":1,\"name\":\"Portada\",\"item\":\"https:\/\/ciudadyregion.com.co\/\"},{\"@type\":\"ListItem\",\"position\":2,\"name\":\"Exsubcomandante de la Polic\u00eda Nacional en la Guajira se\u00f1alado de agredir sexualmente a una subalterna deber\u00e1 permanecer privado de la libertad\"}]},{\"@type\":\"WebSite\",\"@id\":\"https:\/\/ciudadyregion.com.co\/#website\",\"url\":\"https:\/\/ciudadyregion.com.co\/\",\"name\":\"Ciudad y Region\",\"description\":\"\",\"potentialAction\":[{\"@type\":\"SearchAction\",\"target\":{\"@type\":\"EntryPoint\",\"urlTemplate\":\"https:\/\/ciudadyregion.com.co\/?s={search_term_string}\"},\"query-input\":{\"@type\":\"PropertyValueSpecification\",\"valueRequired\":true,\"valueName\":\"search_term_string\"}}],\"inLanguage\":\"es\"},{\"@type\":\"Person\",\"@id\":\"https:\/\/ciudadyregion.com.co\/#\/schema\/person\/04a4954373ebc4051f46e8c65ff78622\",\"name\":\"David Andr\u00e9s Aguirre\",\"image\":{\"@type\":\"ImageObject\",\"inLanguage\":\"es\",\"@id\":\"https:\/\/ciudadyregion.com.co\/#\/schema\/person\/image\/\",\"url\":\"https:\/\/secure.gravatar.com\/avatar\/bc3c655860202182ee6d1b5edd042dbe?s=96&d=mm&r=g\",\"contentUrl\":\"https:\/\/secure.gravatar.com\/avatar\/bc3c655860202182ee6d1b5edd042dbe?s=96&d=mm&r=g\",\"caption\":\"David Andr\u00e9s Aguirre\"},\"url\":\"https:\/\/ciudadyregion.com.co\/index.php\/author\/diegoaguirre\/\"}]}<\/script>\n<!-- \/ Yoast SEO plugin. -->","yoast_head_json":{"title":"Exsubcomandante de la Polic\u00eda Nacional en la Guajira se\u00f1alado de agredir sexualmente a una subalterna deber\u00e1 permanecer privado de la libertad - Ciudad y Region","robots":{"index":"index","follow":"follow","max-snippet":"max-snippet:-1","max-image-preview":"max-image-preview:large","max-video-preview":"max-video-preview:-1"},"canonical":"https:\/\/ciudadyregion.com.co\/index.php\/exsubcomandante-de-la-policia-nacional-en-la-guajira-senalado-de-agredir-sexualmente-a-una-subalterna-debera-permanecer-privado-de-la-libertad\/judicial\/","og_locale":"es_ES","og_type":"article","og_title":"Exsubcomandante de la Polic\u00eda Nacional en la Guajira se\u00f1alado de agredir sexualmente a una subalterna deber\u00e1 permanecer privado de la libertad - Ciudad y Region","og_description":"El oficial habr\u00eda aprovechado su condici\u00f3n de superior jer\u00e1rquico para someter a la v\u00edctima a actos indecorosos en contra de su voluntad.\u00a0\u00a0 Por su posible responsabilidad en la agresi\u00f3n sexual a una auxiliar de la Polic\u00eda Nacional, en hechos ocurridos el pasado 29 de septiembre, en Riohacha (La Guajira), laContinuar Leyendo","og_url":"https:\/\/ciudadyregion.com.co\/index.php\/exsubcomandante-de-la-policia-nacional-en-la-guajira-senalado-de-agredir-sexualmente-a-una-subalterna-debera-permanecer-privado-de-la-libertad\/judicial\/","og_site_name":"Ciudad y Region","article_published_time":"2025-11-06T09:03:32+00:00","article_modified_time":"2025-11-05T19:04:10+00:00","og_image":[{"width":800,"height":445,"url":"https:\/\/i0.wp.com\/ciudadyregion.com.co\/wp-content\/uploads\/2025\/11\/a-44.jpg?fit=800%2C445&ssl=1","type":"image\/jpeg"}],"author":"David Andr\u00e9s Aguirre","twitter_card":"summary_large_image","twitter_misc":{"Escrito por":"David Andr\u00e9s Aguirre","Tiempo de lectura":"2 minutos"},"schema":{"@context":"https:\/\/schema.org","@graph":[{"@type":"WebPage","@id":"https:\/\/ciudadyregion.com.co\/index.php\/exsubcomandante-de-la-policia-nacional-en-la-guajira-senalado-de-agredir-sexualmente-a-una-subalterna-debera-permanecer-privado-de-la-libertad\/judicial\/","url":"https:\/\/ciudadyregion.com.co\/index.php\/exsubcomandante-de-la-policia-nacional-en-la-guajira-senalado-de-agredir-sexualmente-a-una-subalterna-debera-permanecer-privado-de-la-libertad\/judicial\/","name":"Exsubcomandante de la Polic\u00eda Nacional en la Guajira se\u00f1alado de agredir sexualmente a una subalterna deber\u00e1 permanecer privado de la libertad - Ciudad y Region","isPartOf":{"@id":"https:\/\/ciudadyregion.com.co\/#website"},"primaryImageOfPage":{"@id":"https:\/\/ciudadyregion.com.co\/index.php\/exsubcomandante-de-la-policia-nacional-en-la-guajira-senalado-de-agredir-sexualmente-a-una-subalterna-debera-permanecer-privado-de-la-libertad\/judicial\/#primaryimage"},"image":{"@id":"https:\/\/ciudadyregion.com.co\/index.php\/exsubcomandante-de-la-policia-nacional-en-la-guajira-senalado-de-agredir-sexualmente-a-una-subalterna-debera-permanecer-privado-de-la-libertad\/judicial\/#primaryimage"},"thumbnailUrl":"https:\/\/i0.wp.com\/ciudadyregion.com.co\/wp-content\/uploads\/2025\/11\/a-44.jpg?fit=800%2C445&ssl=1","datePublished":"2025-11-06T09:03:32+00:00","dateModified":"2025-11-05T19:04:10+00:00","author":{"@id":"https:\/\/ciudadyregion.com.co\/#\/schema\/person\/04a4954373ebc4051f46e8c65ff78622"},"breadcrumb":{"@id":"https:\/\/ciudadyregion.com.co\/index.php\/exsubcomandante-de-la-policia-nacional-en-la-guajira-senalado-de-agredir-sexualmente-a-una-subalterna-debera-permanecer-privado-de-la-libertad\/judicial\/#breadcrumb"},"inLanguage":"es","potentialAction":[{"@type":"ReadAction","target":["https:\/\/ciudadyregion.com.co\/index.php\/exsubcomandante-de-la-policia-nacional-en-la-guajira-senalado-de-agredir-sexualmente-a-una-subalterna-debera-permanecer-privado-de-la-libertad\/judicial\/"]}]},{"@type":"ImageObject","inLanguage":"es","@id":"https:\/\/ciudadyregion.com.co\/index.php\/exsubcomandante-de-la-policia-nacional-en-la-guajira-senalado-de-agredir-sexualmente-a-una-subalterna-debera-permanecer-privado-de-la-libertad\/judicial\/#primaryimage","url":"https:\/\/i0.wp.com\/ciudadyregion.com.co\/wp-content\/uploads\/2025\/11\/a-44.jpg?fit=800%2C445&ssl=1","contentUrl":"https:\/\/i0.wp.com\/ciudadyregion.com.co\/wp-content\/uploads\/2025\/11\/a-44.jpg?fit=800%2C445&ssl=1","width":800,"height":445},{"@type":"BreadcrumbList","@id":"https:\/\/ciudadyregion.com.co\/index.php\/exsubcomandante-de-la-policia-nacional-en-la-guajira-senalado-de-agredir-sexualmente-a-una-subalterna-debera-permanecer-privado-de-la-libertad\/judicial\/#breadcrumb","itemListElement":[{"@type":"ListItem","position":1,"name":"Portada","item":"https:\/\/ciudadyregion.com.co\/"},{"@type":"ListItem","position":2,"name":"Exsubcomandante de la Polic\u00eda Nacional en la Guajira se\u00f1alado de agredir sexualmente a una subalterna deber\u00e1 permanecer privado de la libertad"}]},{"@type":"WebSite","@id":"https:\/\/ciudadyregion.com.co\/#website","url":"https:\/\/ciudadyregion.com.co\/","name":"Ciudad y Region","description":"","potentialAction":[{"@type":"SearchAction","target":{"@type":"EntryPoint","urlTemplate":"https:\/\/ciudadyregion.com.co\/?s={search_term_string}"},"query-input":{"@type":"PropertyValueSpecification","valueRequired":true,"valueName":"search_term_string"}}],"inLanguage":"es"},{"@type":"Person","@id":"https:\/\/ciudadyregion.com.co\/#\/schema\/person\/04a4954373ebc4051f46e8c65ff78622","name":"David Andr\u00e9s Aguirre","image":{"@type":"ImageObject","inLanguage":"es","@id":"https:\/\/ciudadyregion.com.co\/#\/schema\/person\/image\/","url":"https:\/\/secure.gravatar.com\/avatar\/bc3c655860202182ee6d1b5edd042dbe?s=96&d=mm&r=g","contentUrl":"https:\/\/secure.gravatar.com\/avatar\/bc3c655860202182ee6d1b5edd042dbe?s=96&d=mm&r=g","caption":"David Andr\u00e9s Aguirre"},"url":"https:\/\/ciudadyregion.com.co\/index.php\/author\/diegoaguirre\/"}]}},"jetpack_featured_media_url":"https:\/\/i0.wp.com\/ciudadyregion.com.co\/wp-content\/uploads\/2025\/11\/a-44.jpg?fit=800%2C445&ssl=1","jetpack_sharing_enabled":true,"jetpack_shortlink":"https:\/\/wp.me\/pbS7hh-cz1","jetpack-related-posts":[],"_links":{"self":[{"href":"https:\/\/ciudadyregion.com.co\/index.php\/wp-json\/wp\/v2\/posts\/48299"}],"collection":[{"href":"https:\/\/ciudadyregion.com.co\/index.php\/wp-json\/wp\/v2\/posts"}],"about":[{"href":"https:\/\/ciudadyregion.com.co\/index.php\/wp-json\/wp\/v2\/types\/post"}],"author":[{"embeddable":true,"href":"https:\/\/ciudadyregion.com.co\/index.php\/wp-json\/wp\/v2\/users\/2"}],"replies":[{"embeddable":true,"href":"https:\/\/ciudadyregion.com.co\/index.php\/wp-json\/wp\/v2\/comments?post=48299"}],"version-history":[{"count":1,"href":"https:\/\/ciudadyregion.com.co\/index.php\/wp-json\/wp\/v2\/posts\/48299\/revisions"}],"predecessor-version":[{"id":48301,"href":"https:\/\/ciudadyregion.com.co\/index.php\/wp-json\/wp\/v2\/posts\/48299\/revisions\/48301"}],"wp:featuredmedia":[{"embeddable":true,"href":"https:\/\/ciudadyregion.com.co\/index.php\/wp-json\/wp\/v2\/media\/48300"}],"wp:attachment":[{"href":"https:\/\/ciudadyregion.com.co\/index.php\/wp-json\/wp\/v2\/media?parent=48299"}],"wp:term":[{"taxonomy":"category","embeddable":true,"href":"https:\/\/ciudadyregion.com.co\/index.php\/wp-json\/wp\/v2\/categories?post=48299"},{"taxonomy":"post_tag","embeddable":true,"href":"https:\/\/ciudadyregion.com.co\/index.php\/wp-json\/wp\/v2\/tags?post=48299"}],"curies":[{"name":"wp","href":"https:\/\/api.w.org\/{rel}","templated":true}]}}