{"id":48242,"date":"2025-11-06T04:05:56","date_gmt":"2025-11-06T09:05:56","guid":{"rendered":"https:\/\/ciudadyregion.com.co\/?p=48242"},"modified":"2025-11-05T12:07:22","modified_gmt":"2025-11-05T17:07:22","slug":"con-vigencias-futuras-gobierno-nacional-garantiza-la-continuidad-de-las-comunidades-energeticas-en-colombia","status":"publish","type":"post","link":"https:\/\/ciudadyregion.com.co\/index.php\/con-vigencias-futuras-gobierno-nacional-garantiza-la-continuidad-de-las-comunidades-energeticas-en-colombia\/nacional\/","title":{"rendered":"Con vigencias futuras, Gobierno nacional garantiza la continuidad de las Comunidades Energ\u00e9ticas en Colombia"},"content":{"rendered":"<div>El Gobierno del presidente Gustavo Petro garantiz\u00f3 las vigencias futuras que permitir\u00e1n la continuidad del programa Comunidades Energ\u00e9ticas, estrategia fundamental de la Transici\u00f3n Energ\u00e9tica Justa para democratizar el servicio de energ\u00eda el\u00e9ctrica en todo el pa\u00eds.<\/div>\n<div><\/div>\n<div>Con ese prop\u00f3sito, el Ministerio de Minas y Energ\u00eda, en coordinaci\u00f3n con el Departamento Nacional de Planeaci\u00f3n y el Ministerio de Hacienda y Cr\u00e9dito P\u00fablico, inici\u00f3 los tr\u00e1mites pertinentes para asegurar la disponibilidad de recursos de inversi\u00f3n para lo que resta de la vigencia 2025 y la vigencia 2026.<\/div>\n<div><\/div>\n<blockquote>\n<div>\u201cGarantizar las vigencias futuras significa asegurar que la transici\u00f3n energ\u00e9tica no se detenga. Colombia Solar continuar\u00e1 llegando a las veredas, escuelas y centros de salud del pa\u00eds, llevando energ\u00eda limpia y dignidad a los territorios hist\u00f3ricamente olvidados\u201d, asegur\u00f3 el ministro de Minas y Energ\u00eda, Edwin Palma Egea.<\/div>\n<\/blockquote>\n<div><\/div>\n<div>Durante el proceso de postulaci\u00f3n realizado en 2024, m\u00e1s de 18.000 comunidades manifestaron su inter\u00e9s en hacer parte de la estrategia. De ellas, 25 operadores y generadores p\u00fablicos o mixtos presentaron 686 proyectos, de los cuales se priorizaron $ 935 mil millones para ejecuci\u00f3n en La Guajira, Choc\u00f3, Nari\u00f1o, Amazonas, Catatumbo y otras regiones, beneficiando a cerca de 34.000 familias.<\/div>\n<div><\/div>\n<div>Adicionalmente, el Ministerio de Minas y Energ\u00eda destin\u00f3 $ 27 mil millones para la estructuraci\u00f3n de 183 nuevos proyectos en convenio con universidades p\u00fablicas, los cuales fortalecer\u00e1n la capacidad t\u00e9cnica y la expansi\u00f3n del programa hacia 2026.<\/div>\n<div><\/div>\n<blockquote>\n<div>\u201cLas Comunidades Energ\u00e9ticas son la expresi\u00f3n m\u00e1s concreta de la Transici\u00f3n Energ\u00e9tica Justa. Con las vigencias futuras aseguramos que la energ\u00eda siga siendo una herramienta de equidad, productividad y soberan\u00eda para nuestras regiones\u201d, a\u00f1adi\u00f3 el funcionario.<\/div>\n<\/blockquote>\n<div><\/div>\n<div>La Direcci\u00f3n de Energ\u00eda El\u00e9ctrica del ministerio energ\u00e9tico viene adelantando la concertaci\u00f3n de los cronogramas de ejecuci\u00f3n de obra con los operadores de red y generadores p\u00fablicos, con el prop\u00f3sito de iniciar las obras este a\u00f1o y culminarlas antes del cierre del actual gobierno.<\/div>\n<div><\/div>\n<div>La cartera inform\u00f3 que con estas acciones el Gobierno del Cambio fortalece la pol\u00edtica Colombia Solar, consolidando a las Comunidades Energ\u00e9ticas como el motor de una transici\u00f3n energ\u00e9tica popular, descentralizada y sostenible, que pone a las personas y a los territorios en el centro de la transformaci\u00f3n.<\/div>\n<div><\/div>\n<div><em>Con informaci\u00f3n del Ministerio de Minas y Energ\u00eda<\/em><\/div>\n","protected":false},"excerpt":{"rendered":"<p>El Gobierno del presidente Gustavo Petro garantiz\u00f3 las vigencias futuras que permitir\u00e1n la continuidad del programa Comunidades Energ\u00e9ticas, estrategia fundamental de la Transici\u00f3n Energ\u00e9tica Justa para democratizar el servicio de energ\u00eda el\u00e9ctrica en todo el pa\u00eds. Con ese prop\u00f3sito, el Ministerio de Minas y Energ\u00eda, en coordinaci\u00f3n con el Departamento<span class=\"more-link\"><a href=\"https:\/\/ciudadyregion.com.co\/index.php\/con-vigencias-futuras-gobierno-nacional-garantiza-la-continuidad-de-las-comunidades-energeticas-en-colombia\/nacional\/\">Continuar Leyendo<\/a><\/span><\/p>\n","protected":false},"author":2,"featured_media":48244,"comment_status":"open","ping_status":"open","sticky":false,"template":"","format":"standard","meta":{"_uf_show_specific_survey":0,"_uf_disable_surveys":false,"_jetpack_memberships_contains_paid_content":false,"footnotes":"","jetpack_publicize_message":"","jetpack_publicize_feature_enabled":true,"jetpack_social_post_already_shared":true,"jetpack_social_options":{"image_generator_settings":{"template":"highway","enabled":false},"version":2}},"categories":[23],"tags":[],"class_list":["entry","author-diegoaguirre","post-48242","post","type-post","status-publish","format-standard","has-post-thumbnail","category-nacional"],"jetpack_publicize_connections":[],"yoast_head":"<!-- This site is optimized with the Yoast SEO plugin v24.3 - https:\/\/yoast.com\/wordpress\/plugins\/seo\/ -->\n<title>Con vigencias futuras, Gobierno nacional garantiza la continuidad de las Comunidades Energ\u00e9ticas en Colombia - Ciudad y Region<\/title>\n<meta name=\"robots\" content=\"index, follow, max-snippet:-1, max-image-preview:large, max-video-preview:-1\" \/>\n<link rel=\"canonical\" href=\"https:\/\/ciudadyregion.com.co\/index.php\/con-vigencias-futuras-gobierno-nacional-garantiza-la-continuidad-de-las-comunidades-energeticas-en-colombia\/nacional\/\" \/>\n<meta property=\"og:locale\" content=\"es_ES\" \/>\n<meta property=\"og:type\" content=\"article\" \/>\n<meta property=\"og:title\" content=\"Con vigencias futuras, Gobierno nacional garantiza la continuidad de las Comunidades Energ\u00e9ticas en Colombia - Ciudad y Region\" \/>\n<meta property=\"og:description\" content=\"El Gobierno del presidente Gustavo Petro garantiz\u00f3 las vigencias futuras que permitir\u00e1n la continuidad del programa Comunidades Energ\u00e9ticas, estrategia fundamental de la Transici\u00f3n Energ\u00e9tica Justa para democratizar el servicio de energ\u00eda el\u00e9ctrica en todo el pa\u00eds. Con ese prop\u00f3sito, el Ministerio de Minas y Energ\u00eda, en coordinaci\u00f3n con el DepartamentoContinuar Leyendo\" \/>\n<meta property=\"og:url\" content=\"https:\/\/ciudadyregion.com.co\/index.php\/con-vigencias-futuras-gobierno-nacional-garantiza-la-continuidad-de-las-comunidades-energeticas-en-colombia\/nacional\/\" \/>\n<meta property=\"og:site_name\" content=\"Ciudad y Region\" \/>\n<meta property=\"article:published_time\" content=\"2025-11-06T09:05:56+00:00\" \/>\n<meta property=\"article:modified_time\" content=\"2025-11-05T17:07:22+00:00\" \/>\n<meta property=\"og:image\" content=\"https:\/\/i0.wp.com\/ciudadyregion.com.co\/wp-content\/uploads\/2025\/11\/a-16.jpg?fit=800%2C445&ssl=1\" \/>\n\t<meta property=\"og:image:width\" content=\"800\" \/>\n\t<meta property=\"og:image:height\" content=\"445\" \/>\n\t<meta property=\"og:image:type\" content=\"image\/jpeg\" \/>\n<meta name=\"author\" content=\"David Andr\u00e9s Aguirre\" \/>\n<meta name=\"twitter:card\" content=\"summary_large_image\" \/>\n<meta name=\"twitter:label1\" content=\"Escrito por\" \/>\n\t<meta name=\"twitter:data1\" content=\"David Andr\u00e9s Aguirre\" \/>\n\t<meta name=\"twitter:label2\" content=\"Tiempo de lectura\" \/>\n\t<meta name=\"twitter:data2\" content=\"2 minutos\" \/>\n<script type=\"application\/ld+json\" class=\"yoast-schema-graph\">{\"@context\":\"https:\/\/schema.org\",\"@graph\":[{\"@type\":\"WebPage\",\"@id\":\"https:\/\/ciudadyregion.com.co\/index.php\/con-vigencias-futuras-gobierno-nacional-garantiza-la-continuidad-de-las-comunidades-energeticas-en-colombia\/nacional\/\",\"url\":\"https:\/\/ciudadyregion.com.co\/index.php\/con-vigencias-futuras-gobierno-nacional-garantiza-la-continuidad-de-las-comunidades-energeticas-en-colombia\/nacional\/\",\"name\":\"Con vigencias futuras, Gobierno nacional garantiza la continuidad de las Comunidades Energ\u00e9ticas en Colombia - Ciudad y Region\",\"isPartOf\":{\"@id\":\"https:\/\/ciudadyregion.com.co\/#website\"},\"primaryImageOfPage\":{\"@id\":\"https:\/\/ciudadyregion.com.co\/index.php\/con-vigencias-futuras-gobierno-nacional-garantiza-la-continuidad-de-las-comunidades-energeticas-en-colombia\/nacional\/#primaryimage\"},\"image\":{\"@id\":\"https:\/\/ciudadyregion.com.co\/index.php\/con-vigencias-futuras-gobierno-nacional-garantiza-la-continuidad-de-las-comunidades-energeticas-en-colombia\/nacional\/#primaryimage\"},\"thumbnailUrl\":\"https:\/\/i0.wp.com\/ciudadyregion.com.co\/wp-content\/uploads\/2025\/11\/a-16.jpg?fit=800%2C445&ssl=1\",\"datePublished\":\"2025-11-06T09:05:56+00:00\",\"dateModified\":\"2025-11-05T17:07:22+00:00\",\"author\":{\"@id\":\"https:\/\/ciudadyregion.com.co\/#\/schema\/person\/04a4954373ebc4051f46e8c65ff78622\"},\"breadcrumb\":{\"@id\":\"https:\/\/ciudadyregion.com.co\/index.php\/con-vigencias-futuras-gobierno-nacional-garantiza-la-continuidad-de-las-comunidades-energeticas-en-colombia\/nacional\/#breadcrumb\"},\"inLanguage\":\"es\",\"potentialAction\":[{\"@type\":\"ReadAction\",\"target\":[\"https:\/\/ciudadyregion.com.co\/index.php\/con-vigencias-futuras-gobierno-nacional-garantiza-la-continuidad-de-las-comunidades-energeticas-en-colombia\/nacional\/\"]}]},{\"@type\":\"ImageObject\",\"inLanguage\":\"es\",\"@id\":\"https:\/\/ciudadyregion.com.co\/index.php\/con-vigencias-futuras-gobierno-nacional-garantiza-la-continuidad-de-las-comunidades-energeticas-en-colombia\/nacional\/#primaryimage\",\"url\":\"https:\/\/i0.wp.com\/ciudadyregion.com.co\/wp-content\/uploads\/2025\/11\/a-16.jpg?fit=800%2C445&ssl=1\",\"contentUrl\":\"https:\/\/i0.wp.com\/ciudadyregion.com.co\/wp-content\/uploads\/2025\/11\/a-16.jpg?fit=800%2C445&ssl=1\",\"width\":800,\"height\":445},{\"@type\":\"BreadcrumbList\",\"@id\":\"https:\/\/ciudadyregion.com.co\/index.php\/con-vigencias-futuras-gobierno-nacional-garantiza-la-continuidad-de-las-comunidades-energeticas-en-colombia\/nacional\/#breadcrumb\",\"itemListElement\":[{\"@type\":\"ListItem\",\"position\":1,\"name\":\"Portada\",\"item\":\"https:\/\/ciudadyregion.com.co\/\"},{\"@type\":\"ListItem\",\"position\":2,\"name\":\"Con vigencias futuras, Gobierno nacional garantiza la continuidad de las Comunidades Energ\u00e9ticas en Colombia\"}]},{\"@type\":\"WebSite\",\"@id\":\"https:\/\/ciudadyregion.com.co\/#website\",\"url\":\"https:\/\/ciudadyregion.com.co\/\",\"name\":\"Ciudad y Region\",\"description\":\"\",\"potentialAction\":[{\"@type\":\"SearchAction\",\"target\":{\"@type\":\"EntryPoint\",\"urlTemplate\":\"https:\/\/ciudadyregion.com.co\/?s={search_term_string}\"},\"query-input\":{\"@type\":\"PropertyValueSpecification\",\"valueRequired\":true,\"valueName\":\"search_term_string\"}}],\"inLanguage\":\"es\"},{\"@type\":\"Person\",\"@id\":\"https:\/\/ciudadyregion.com.co\/#\/schema\/person\/04a4954373ebc4051f46e8c65ff78622\",\"name\":\"David Andr\u00e9s Aguirre\",\"image\":{\"@type\":\"ImageObject\",\"inLanguage\":\"es\",\"@id\":\"https:\/\/ciudadyregion.com.co\/#\/schema\/person\/image\/\",\"url\":\"https:\/\/secure.gravatar.com\/avatar\/bc3c655860202182ee6d1b5edd042dbe?s=96&d=mm&r=g\",\"contentUrl\":\"https:\/\/secure.gravatar.com\/avatar\/bc3c655860202182ee6d1b5edd042dbe?s=96&d=mm&r=g\",\"caption\":\"David Andr\u00e9s Aguirre\"},\"url\":\"https:\/\/ciudadyregion.com.co\/index.php\/author\/diegoaguirre\/\"}]}<\/script>\n<!-- \/ Yoast SEO plugin. -->","yoast_head_json":{"title":"Con vigencias futuras, Gobierno nacional garantiza la continuidad de las Comunidades Energ\u00e9ticas en Colombia - Ciudad y Region","robots":{"index":"index","follow":"follow","max-snippet":"max-snippet:-1","max-image-preview":"max-image-preview:large","max-video-preview":"max-video-preview:-1"},"canonical":"https:\/\/ciudadyregion.com.co\/index.php\/con-vigencias-futuras-gobierno-nacional-garantiza-la-continuidad-de-las-comunidades-energeticas-en-colombia\/nacional\/","og_locale":"es_ES","og_type":"article","og_title":"Con vigencias futuras, Gobierno nacional garantiza la continuidad de las Comunidades Energ\u00e9ticas en Colombia - Ciudad y Region","og_description":"El Gobierno del presidente Gustavo Petro garantiz\u00f3 las vigencias futuras que permitir\u00e1n la continuidad del programa Comunidades Energ\u00e9ticas, estrategia fundamental de la Transici\u00f3n Energ\u00e9tica Justa para democratizar el servicio de energ\u00eda el\u00e9ctrica en todo el pa\u00eds. Con ese prop\u00f3sito, el Ministerio de Minas y Energ\u00eda, en coordinaci\u00f3n con el DepartamentoContinuar Leyendo","og_url":"https:\/\/ciudadyregion.com.co\/index.php\/con-vigencias-futuras-gobierno-nacional-garantiza-la-continuidad-de-las-comunidades-energeticas-en-colombia\/nacional\/","og_site_name":"Ciudad y Region","article_published_time":"2025-11-06T09:05:56+00:00","article_modified_time":"2025-11-05T17:07:22+00:00","og_image":[{"width":800,"height":445,"url":"https:\/\/i0.wp.com\/ciudadyregion.com.co\/wp-content\/uploads\/2025\/11\/a-16.jpg?fit=800%2C445&ssl=1","type":"image\/jpeg"}],"author":"David Andr\u00e9s Aguirre","twitter_card":"summary_large_image","twitter_misc":{"Escrito por":"David Andr\u00e9s Aguirre","Tiempo de lectura":"2 minutos"},"schema":{"@context":"https:\/\/schema.org","@graph":[{"@type":"WebPage","@id":"https:\/\/ciudadyregion.com.co\/index.php\/con-vigencias-futuras-gobierno-nacional-garantiza-la-continuidad-de-las-comunidades-energeticas-en-colombia\/nacional\/","url":"https:\/\/ciudadyregion.com.co\/index.php\/con-vigencias-futuras-gobierno-nacional-garantiza-la-continuidad-de-las-comunidades-energeticas-en-colombia\/nacional\/","name":"Con vigencias futuras, Gobierno nacional garantiza la continuidad de las Comunidades Energ\u00e9ticas en Colombia - Ciudad y Region","isPartOf":{"@id":"https:\/\/ciudadyregion.com.co\/#website"},"primaryImageOfPage":{"@id":"https:\/\/ciudadyregion.com.co\/index.php\/con-vigencias-futuras-gobierno-nacional-garantiza-la-continuidad-de-las-comunidades-energeticas-en-colombia\/nacional\/#primaryimage"},"image":{"@id":"https:\/\/ciudadyregion.com.co\/index.php\/con-vigencias-futuras-gobierno-nacional-garantiza-la-continuidad-de-las-comunidades-energeticas-en-colombia\/nacional\/#primaryimage"},"thumbnailUrl":"https:\/\/i0.wp.com\/ciudadyregion.com.co\/wp-content\/uploads\/2025\/11\/a-16.jpg?fit=800%2C445&ssl=1","datePublished":"2025-11-06T09:05:56+00:00","dateModified":"2025-11-05T17:07:22+00:00","author":{"@id":"https:\/\/ciudadyregion.com.co\/#\/schema\/person\/04a4954373ebc4051f46e8c65ff78622"},"breadcrumb":{"@id":"https:\/\/ciudadyregion.com.co\/index.php\/con-vigencias-futuras-gobierno-nacional-garantiza-la-continuidad-de-las-comunidades-energeticas-en-colombia\/nacional\/#breadcrumb"},"inLanguage":"es","potentialAction":[{"@type":"ReadAction","target":["https:\/\/ciudadyregion.com.co\/index.php\/con-vigencias-futuras-gobierno-nacional-garantiza-la-continuidad-de-las-comunidades-energeticas-en-colombia\/nacional\/"]}]},{"@type":"ImageObject","inLanguage":"es","@id":"https:\/\/ciudadyregion.com.co\/index.php\/con-vigencias-futuras-gobierno-nacional-garantiza-la-continuidad-de-las-comunidades-energeticas-en-colombia\/nacional\/#primaryimage","url":"https:\/\/i0.wp.com\/ciudadyregion.com.co\/wp-content\/uploads\/2025\/11\/a-16.jpg?fit=800%2C445&ssl=1","contentUrl":"https:\/\/i0.wp.com\/ciudadyregion.com.co\/wp-content\/uploads\/2025\/11\/a-16.jpg?fit=800%2C445&ssl=1","width":800,"height":445},{"@type":"BreadcrumbList","@id":"https:\/\/ciudadyregion.com.co\/index.php\/con-vigencias-futuras-gobierno-nacional-garantiza-la-continuidad-de-las-comunidades-energeticas-en-colombia\/nacional\/#breadcrumb","itemListElement":[{"@type":"ListItem","position":1,"name":"Portada","item":"https:\/\/ciudadyregion.com.co\/"},{"@type":"ListItem","position":2,"name":"Con vigencias futuras, Gobierno nacional garantiza la continuidad de las Comunidades Energ\u00e9ticas en Colombia"}]},{"@type":"WebSite","@id":"https:\/\/ciudadyregion.com.co\/#website","url":"https:\/\/ciudadyregion.com.co\/","name":"Ciudad y Region","description":"","potentialAction":[{"@type":"SearchAction","target":{"@type":"EntryPoint","urlTemplate":"https:\/\/ciudadyregion.com.co\/?s={search_term_string}"},"query-input":{"@type":"PropertyValueSpecification","valueRequired":true,"valueName":"search_term_string"}}],"inLanguage":"es"},{"@type":"Person","@id":"https:\/\/ciudadyregion.com.co\/#\/schema\/person\/04a4954373ebc4051f46e8c65ff78622","name":"David Andr\u00e9s Aguirre","image":{"@type":"ImageObject","inLanguage":"es","@id":"https:\/\/ciudadyregion.com.co\/#\/schema\/person\/image\/","url":"https:\/\/secure.gravatar.com\/avatar\/bc3c655860202182ee6d1b5edd042dbe?s=96&d=mm&r=g","contentUrl":"https:\/\/secure.gravatar.com\/avatar\/bc3c655860202182ee6d1b5edd042dbe?s=96&d=mm&r=g","caption":"David Andr\u00e9s Aguirre"},"url":"https:\/\/ciudadyregion.com.co\/index.php\/author\/diegoaguirre\/"}]}},"jetpack_featured_media_url":"https:\/\/i0.wp.com\/ciudadyregion.com.co\/wp-content\/uploads\/2025\/11\/a-16.jpg?fit=800%2C445&ssl=1","jetpack_sharing_enabled":true,"jetpack_shortlink":"https:\/\/wp.me\/pbS7hh-cy6","jetpack-related-posts":[],"_links":{"self":[{"href":"https:\/\/ciudadyregion.com.co\/index.php\/wp-json\/wp\/v2\/posts\/48242"}],"collection":[{"href":"https:\/\/ciudadyregion.com.co\/index.php\/wp-json\/wp\/v2\/posts"}],"about":[{"href":"https:\/\/ciudadyregion.com.co\/index.php\/wp-json\/wp\/v2\/types\/post"}],"author":[{"embeddable":true,"href":"https:\/\/ciudadyregion.com.co\/index.php\/wp-json\/wp\/v2\/users\/2"}],"replies":[{"embeddable":true,"href":"https:\/\/ciudadyregion.com.co\/index.php\/wp-json\/wp\/v2\/comments?post=48242"}],"version-history":[{"count":1,"href":"https:\/\/ciudadyregion.com.co\/index.php\/wp-json\/wp\/v2\/posts\/48242\/revisions"}],"predecessor-version":[{"id":48245,"href":"https:\/\/ciudadyregion.com.co\/index.php\/wp-json\/wp\/v2\/posts\/48242\/revisions\/48245"}],"wp:featuredmedia":[{"embeddable":true,"href":"https:\/\/ciudadyregion.com.co\/index.php\/wp-json\/wp\/v2\/media\/48244"}],"wp:attachment":[{"href":"https:\/\/ciudadyregion.com.co\/index.php\/wp-json\/wp\/v2\/media?parent=48242"}],"wp:term":[{"taxonomy":"category","embeddable":true,"href":"https:\/\/ciudadyregion.com.co\/index.php\/wp-json\/wp\/v2\/categories?post=48242"},{"taxonomy":"post_tag","embeddable":true,"href":"https:\/\/ciudadyregion.com.co\/index.php\/wp-json\/wp\/v2\/tags?post=48242"}],"curies":[{"name":"wp","href":"https:\/\/api.w.org\/{rel}","templated":true}]}}