{"id":48239,"date":"2025-11-06T04:02:41","date_gmt":"2025-11-06T09:02:41","guid":{"rendered":"https:\/\/ciudadyregion.com.co\/?p=48239"},"modified":"2025-11-05T12:06:01","modified_gmt":"2025-11-05T17:06:01","slug":"habitantes-de-rovira-dicen-si-a-zona-de-reserva-campesina","status":"publish","type":"post","link":"https:\/\/ciudadyregion.com.co\/index.php\/habitantes-de-rovira-dicen-si-a-zona-de-reserva-campesina\/nacional\/","title":{"rendered":"Habitantes de Rovira dicen s\u00ed a Zona de Reserva Campesina"},"content":{"rendered":"<p>En Rovira (Tolima) se celebr\u00f3 con \u00e9xito la audiencia p\u00fablica para la constituci\u00f3n de la Zona de Reserva Campesina (ZRC) Tierra F\u00e9rtil y Resistente, espacio en el que m\u00e1s de 300 campesinos, ind\u00edgenas y afros de 26 veredas aprobaron el Plan de Desarrollo Sostenible y manifestaron su respaldo a esta iniciativa, que busca fortalecer el desarrollo rural, la econom\u00eda campesina y la organizaci\u00f3n social del territorio.\u200b<\/p>\n<p>La Zona de Reserva Campesina comprende\u00a0<strong>21.800 hect\u00e1reas y pretende<\/strong>\u00a0garantizar que a las familias campesinas se les reconozcan sus derechos.<\/p>\n<p>&nbsp;<\/p>\n<p>El encuetro fue liderado por el director de la Agencia Nacional de Tierras (ANT), Felipe Harman Ortiz, en articulaci\u00f3n con la alcald\u00eda de Rovira y las organizaciones campesinas del comit\u00e9 impulsor, reafirmando el compromiso del presidente Petro con una Reforma Agraria participativa, incluyente y con enfoque territorial.<\/p>\n<p><strong>Augusto Moreno<\/strong><strong>,<\/strong>\u00a0l\u00edder campesino y presidente del comit\u00e9 impulsor de la ZCR en Rovira, destac\u00f3 la relevancia de este proceso para las comunidades rurales del municipio.<\/p>\n<p>\u201cUna Zona de Reserva Campesina es muy importante, porque durante m\u00e1s de 200 a\u00f1os ning\u00fan gobierno hab\u00eda sido capaz de avanzar en una verdadera Reforma Agraria que mejorara la tenencia de la tierra para los agricultores colombianos. Hoy eso es un hecho, y es lo mejor que ha podido hacer este Gobierno al centrar sus esfuerzos en las ZRC\u00bb, dijo Moreno.<\/p>\n<p>Tambi\u00e9n resalt\u00f3 que esta figura le permite al campesinado organizarse y desarrollar proyectos productivos, al tiempo que cuidan las fuentes de agua y el medio ambiente.<\/p>\n<p>M\u00f3nica Garc\u00eda, quien ha acompa\u00f1ado el proceso de la ZRC desde sus inicios, afirm\u00f3: \u201cEstamos apost\u00e1ndole a mejorar la productividad, la convivencia y a resolver muchas de las problem\u00e1ticas que tenemos en la regi\u00f3n. As\u00ed es que estamos, de la mano con el Gobierno, construyendo territorios de paz\u00bb.<\/p>\n<p>Durante la audiencia en Rovira el director de la ANT, Juan Felipe Harman, fue enf\u00e1tico al afirmar que las Zonas de Reserva Campesina son aliadas de los alcaldes, los mandatarios regionales y los sectores sociales y gremiales.<\/p>\n<p>\u201cEn Tolima m\u00e1s de 300 campesinos de 26 veredas le dijeron s\u00ed a su Zona de Reserva Campesina de Rovira. En estas zonas no se expropia tierra, se ordena el territorio. Por eso, el pr\u00f3ximo a\u00f1o adelantaremos un plan de formalizaci\u00f3n en sus m\u00e1s de 21.800 hect\u00e1reas, para que quienes llevan d\u00e9cadas trabajando la tierra tengan la titulaci\u00f3n de sus predios. Las ZRC son una apuesta concreta para que el campesino tenga futuro y las ciudades tengan comida\u00bb, manifest\u00f3.<\/p>\n<p>En el mismo sentido el alcalde de Rovira, V\u00edctor Alfonso Gualtero G\u00f3mez, expres\u00f3 su compromiso con la implementaci\u00f3n de la ZRC.<\/p>\n<p>\u201cEstaremos trabajando articuladamente con el comit\u00e9 impulsor para presentar proyectos, hacer estudios y dise\u00f1os, y lograr que este proceso sea un \u00e9xito en Rovira\u00bb, afirm\u00f3.<\/p>\n<p>&nbsp;<\/p>\n<h2>Tres municipios con ZRC en Tolima<\/h2>\n<p>Con este paso, Rovira se perfila como el tercer municipio del Tolima en contar con una Zona de Reserva Campesina, despu\u00e9s de Santa Isabel\u2013Anz\u00f3ategui, que abarca 23.671 hect\u00e1reas lideradas por mujeres, y de Chaparral, con cerca de 73.000 hect\u00e1reas productivas.<\/p>\n<p>Cabe destacar que, en poco m\u00e1s de tres a\u00f1os de gobierno, el presidente Gustavo Petro ha constituido 16 Zonas de Reserva Campesina alcanzando un total de 23 en todo el pa\u00eds.<\/p>\n<p>Estas figuras fortalecen la econom\u00eda campesina, promueven un desarrollo sostenible y contribuyen a la construcci\u00f3n de un campo organizado y en paz, al generar condiciones que reducen los conflictos por la tierra, fortalecen la convivencia y sientan bases s\u00f3lidas para una paz duradera en el campo colombiano.<\/p>\n<p><em>Con informaci\u00f3n de la Agencia Nacional de Tierras.<\/em><\/p>\n","protected":false},"excerpt":{"rendered":"<p>En Rovira (Tolima) se celebr\u00f3 con \u00e9xito la audiencia p\u00fablica para la constituci\u00f3n de la Zona de Reserva Campesina (ZRC) Tierra F\u00e9rtil y Resistente, espacio en el que m\u00e1s de 300 campesinos, ind\u00edgenas y afros de 26 veredas aprobaron el Plan de Desarrollo Sostenible y manifestaron su respaldo a esta<span class=\"more-link\"><a href=\"https:\/\/ciudadyregion.com.co\/index.php\/habitantes-de-rovira-dicen-si-a-zona-de-reserva-campesina\/nacional\/\">Continuar Leyendo<\/a><\/span><\/p>\n","protected":false},"author":2,"featured_media":48240,"comment_status":"open","ping_status":"open","sticky":false,"template":"","format":"standard","meta":{"_uf_show_specific_survey":0,"_uf_disable_surveys":false,"_jetpack_memberships_contains_paid_content":false,"footnotes":"","jetpack_publicize_message":"","jetpack_publicize_feature_enabled":true,"jetpack_social_post_already_shared":true,"jetpack_social_options":{"image_generator_settings":{"template":"highway","enabled":false},"version":2}},"categories":[23],"tags":[],"class_list":["entry","author-diegoaguirre","post-48239","post","type-post","status-publish","format-standard","has-post-thumbnail","category-nacional"],"jetpack_publicize_connections":[],"yoast_head":"<!-- This site is optimized with the Yoast SEO plugin v24.3 - https:\/\/yoast.com\/wordpress\/plugins\/seo\/ -->\n<title>Habitantes de Rovira dicen s\u00ed a Zona de Reserva Campesina - Ciudad y Region<\/title>\n<meta name=\"robots\" content=\"index, follow, max-snippet:-1, max-image-preview:large, max-video-preview:-1\" \/>\n<link rel=\"canonical\" href=\"https:\/\/ciudadyregion.com.co\/index.php\/habitantes-de-rovira-dicen-si-a-zona-de-reserva-campesina\/nacional\/\" \/>\n<meta property=\"og:locale\" content=\"es_ES\" \/>\n<meta property=\"og:type\" content=\"article\" \/>\n<meta property=\"og:title\" content=\"Habitantes de Rovira dicen s\u00ed a Zona de Reserva Campesina - Ciudad y Region\" \/>\n<meta property=\"og:description\" content=\"En Rovira (Tolima) se celebr\u00f3 con \u00e9xito la audiencia p\u00fablica para la constituci\u00f3n de la Zona de Reserva Campesina (ZRC) Tierra F\u00e9rtil y Resistente, espacio en el que m\u00e1s de 300 campesinos, ind\u00edgenas y afros de 26 veredas aprobaron el Plan de Desarrollo Sostenible y manifestaron su respaldo a estaContinuar Leyendo\" \/>\n<meta property=\"og:url\" content=\"https:\/\/ciudadyregion.com.co\/index.php\/habitantes-de-rovira-dicen-si-a-zona-de-reserva-campesina\/nacional\/\" \/>\n<meta property=\"og:site_name\" content=\"Ciudad y Region\" \/>\n<meta property=\"article:published_time\" content=\"2025-11-06T09:02:41+00:00\" \/>\n<meta property=\"article:modified_time\" content=\"2025-11-05T17:06:01+00:00\" \/>\n<meta property=\"og:image\" content=\"https:\/\/i0.wp.com\/ciudadyregion.com.co\/wp-content\/uploads\/2025\/11\/a-15.jpg?fit=800%2C445&ssl=1\" \/>\n\t<meta property=\"og:image:width\" content=\"800\" \/>\n\t<meta property=\"og:image:height\" content=\"445\" \/>\n\t<meta property=\"og:image:type\" content=\"image\/jpeg\" \/>\n<meta name=\"author\" content=\"David Andr\u00e9s Aguirre\" \/>\n<meta name=\"twitter:card\" content=\"summary_large_image\" \/>\n<meta name=\"twitter:label1\" content=\"Escrito por\" \/>\n\t<meta name=\"twitter:data1\" content=\"David Andr\u00e9s Aguirre\" \/>\n\t<meta name=\"twitter:label2\" content=\"Tiempo de lectura\" \/>\n\t<meta name=\"twitter:data2\" content=\"3 minutos\" \/>\n<script type=\"application\/ld+json\" class=\"yoast-schema-graph\">{\"@context\":\"https:\/\/schema.org\",\"@graph\":[{\"@type\":\"WebPage\",\"@id\":\"https:\/\/ciudadyregion.com.co\/index.php\/habitantes-de-rovira-dicen-si-a-zona-de-reserva-campesina\/nacional\/\",\"url\":\"https:\/\/ciudadyregion.com.co\/index.php\/habitantes-de-rovira-dicen-si-a-zona-de-reserva-campesina\/nacional\/\",\"name\":\"Habitantes de Rovira dicen s\u00ed a Zona de Reserva Campesina - Ciudad y Region\",\"isPartOf\":{\"@id\":\"https:\/\/ciudadyregion.com.co\/#website\"},\"primaryImageOfPage\":{\"@id\":\"https:\/\/ciudadyregion.com.co\/index.php\/habitantes-de-rovira-dicen-si-a-zona-de-reserva-campesina\/nacional\/#primaryimage\"},\"image\":{\"@id\":\"https:\/\/ciudadyregion.com.co\/index.php\/habitantes-de-rovira-dicen-si-a-zona-de-reserva-campesina\/nacional\/#primaryimage\"},\"thumbnailUrl\":\"https:\/\/i0.wp.com\/ciudadyregion.com.co\/wp-content\/uploads\/2025\/11\/a-15.jpg?fit=800%2C445&ssl=1\",\"datePublished\":\"2025-11-06T09:02:41+00:00\",\"dateModified\":\"2025-11-05T17:06:01+00:00\",\"author\":{\"@id\":\"https:\/\/ciudadyregion.com.co\/#\/schema\/person\/04a4954373ebc4051f46e8c65ff78622\"},\"breadcrumb\":{\"@id\":\"https:\/\/ciudadyregion.com.co\/index.php\/habitantes-de-rovira-dicen-si-a-zona-de-reserva-campesina\/nacional\/#breadcrumb\"},\"inLanguage\":\"es\",\"potentialAction\":[{\"@type\":\"ReadAction\",\"target\":[\"https:\/\/ciudadyregion.com.co\/index.php\/habitantes-de-rovira-dicen-si-a-zona-de-reserva-campesina\/nacional\/\"]}]},{\"@type\":\"ImageObject\",\"inLanguage\":\"es\",\"@id\":\"https:\/\/ciudadyregion.com.co\/index.php\/habitantes-de-rovira-dicen-si-a-zona-de-reserva-campesina\/nacional\/#primaryimage\",\"url\":\"https:\/\/i0.wp.com\/ciudadyregion.com.co\/wp-content\/uploads\/2025\/11\/a-15.jpg?fit=800%2C445&ssl=1\",\"contentUrl\":\"https:\/\/i0.wp.com\/ciudadyregion.com.co\/wp-content\/uploads\/2025\/11\/a-15.jpg?fit=800%2C445&ssl=1\",\"width\":800,\"height\":445},{\"@type\":\"BreadcrumbList\",\"@id\":\"https:\/\/ciudadyregion.com.co\/index.php\/habitantes-de-rovira-dicen-si-a-zona-de-reserva-campesina\/nacional\/#breadcrumb\",\"itemListElement\":[{\"@type\":\"ListItem\",\"position\":1,\"name\":\"Portada\",\"item\":\"https:\/\/ciudadyregion.com.co\/\"},{\"@type\":\"ListItem\",\"position\":2,\"name\":\"Habitantes de Rovira dicen s\u00ed a Zona de Reserva Campesina\"}]},{\"@type\":\"WebSite\",\"@id\":\"https:\/\/ciudadyregion.com.co\/#website\",\"url\":\"https:\/\/ciudadyregion.com.co\/\",\"name\":\"Ciudad y Region\",\"description\":\"\",\"potentialAction\":[{\"@type\":\"SearchAction\",\"target\":{\"@type\":\"EntryPoint\",\"urlTemplate\":\"https:\/\/ciudadyregion.com.co\/?s={search_term_string}\"},\"query-input\":{\"@type\":\"PropertyValueSpecification\",\"valueRequired\":true,\"valueName\":\"search_term_string\"}}],\"inLanguage\":\"es\"},{\"@type\":\"Person\",\"@id\":\"https:\/\/ciudadyregion.com.co\/#\/schema\/person\/04a4954373ebc4051f46e8c65ff78622\",\"name\":\"David Andr\u00e9s Aguirre\",\"image\":{\"@type\":\"ImageObject\",\"inLanguage\":\"es\",\"@id\":\"https:\/\/ciudadyregion.com.co\/#\/schema\/person\/image\/\",\"url\":\"https:\/\/secure.gravatar.com\/avatar\/bc3c655860202182ee6d1b5edd042dbe?s=96&d=mm&r=g\",\"contentUrl\":\"https:\/\/secure.gravatar.com\/avatar\/bc3c655860202182ee6d1b5edd042dbe?s=96&d=mm&r=g\",\"caption\":\"David Andr\u00e9s Aguirre\"},\"url\":\"https:\/\/ciudadyregion.com.co\/index.php\/author\/diegoaguirre\/\"}]}<\/script>\n<!-- \/ Yoast SEO plugin. -->","yoast_head_json":{"title":"Habitantes de Rovira dicen s\u00ed a Zona de Reserva Campesina - Ciudad y Region","robots":{"index":"index","follow":"follow","max-snippet":"max-snippet:-1","max-image-preview":"max-image-preview:large","max-video-preview":"max-video-preview:-1"},"canonical":"https:\/\/ciudadyregion.com.co\/index.php\/habitantes-de-rovira-dicen-si-a-zona-de-reserva-campesina\/nacional\/","og_locale":"es_ES","og_type":"article","og_title":"Habitantes de Rovira dicen s\u00ed a Zona de Reserva Campesina - Ciudad y Region","og_description":"En Rovira (Tolima) se celebr\u00f3 con \u00e9xito la audiencia p\u00fablica para la constituci\u00f3n de la Zona de Reserva Campesina (ZRC) Tierra F\u00e9rtil y Resistente, espacio en el que m\u00e1s de 300 campesinos, ind\u00edgenas y afros de 26 veredas aprobaron el Plan de Desarrollo Sostenible y manifestaron su respaldo a estaContinuar Leyendo","og_url":"https:\/\/ciudadyregion.com.co\/index.php\/habitantes-de-rovira-dicen-si-a-zona-de-reserva-campesina\/nacional\/","og_site_name":"Ciudad y Region","article_published_time":"2025-11-06T09:02:41+00:00","article_modified_time":"2025-11-05T17:06:01+00:00","og_image":[{"width":800,"height":445,"url":"https:\/\/i0.wp.com\/ciudadyregion.com.co\/wp-content\/uploads\/2025\/11\/a-15.jpg?fit=800%2C445&ssl=1","type":"image\/jpeg"}],"author":"David Andr\u00e9s Aguirre","twitter_card":"summary_large_image","twitter_misc":{"Escrito por":"David Andr\u00e9s Aguirre","Tiempo de lectura":"3 minutos"},"schema":{"@context":"https:\/\/schema.org","@graph":[{"@type":"WebPage","@id":"https:\/\/ciudadyregion.com.co\/index.php\/habitantes-de-rovira-dicen-si-a-zona-de-reserva-campesina\/nacional\/","url":"https:\/\/ciudadyregion.com.co\/index.php\/habitantes-de-rovira-dicen-si-a-zona-de-reserva-campesina\/nacional\/","name":"Habitantes de Rovira dicen s\u00ed a Zona de Reserva Campesina - Ciudad y Region","isPartOf":{"@id":"https:\/\/ciudadyregion.com.co\/#website"},"primaryImageOfPage":{"@id":"https:\/\/ciudadyregion.com.co\/index.php\/habitantes-de-rovira-dicen-si-a-zona-de-reserva-campesina\/nacional\/#primaryimage"},"image":{"@id":"https:\/\/ciudadyregion.com.co\/index.php\/habitantes-de-rovira-dicen-si-a-zona-de-reserva-campesina\/nacional\/#primaryimage"},"thumbnailUrl":"https:\/\/i0.wp.com\/ciudadyregion.com.co\/wp-content\/uploads\/2025\/11\/a-15.jpg?fit=800%2C445&ssl=1","datePublished":"2025-11-06T09:02:41+00:00","dateModified":"2025-11-05T17:06:01+00:00","author":{"@id":"https:\/\/ciudadyregion.com.co\/#\/schema\/person\/04a4954373ebc4051f46e8c65ff78622"},"breadcrumb":{"@id":"https:\/\/ciudadyregion.com.co\/index.php\/habitantes-de-rovira-dicen-si-a-zona-de-reserva-campesina\/nacional\/#breadcrumb"},"inLanguage":"es","potentialAction":[{"@type":"ReadAction","target":["https:\/\/ciudadyregion.com.co\/index.php\/habitantes-de-rovira-dicen-si-a-zona-de-reserva-campesina\/nacional\/"]}]},{"@type":"ImageObject","inLanguage":"es","@id":"https:\/\/ciudadyregion.com.co\/index.php\/habitantes-de-rovira-dicen-si-a-zona-de-reserva-campesina\/nacional\/#primaryimage","url":"https:\/\/i0.wp.com\/ciudadyregion.com.co\/wp-content\/uploads\/2025\/11\/a-15.jpg?fit=800%2C445&ssl=1","contentUrl":"https:\/\/i0.wp.com\/ciudadyregion.com.co\/wp-content\/uploads\/2025\/11\/a-15.jpg?fit=800%2C445&ssl=1","width":800,"height":445},{"@type":"BreadcrumbList","@id":"https:\/\/ciudadyregion.com.co\/index.php\/habitantes-de-rovira-dicen-si-a-zona-de-reserva-campesina\/nacional\/#breadcrumb","itemListElement":[{"@type":"ListItem","position":1,"name":"Portada","item":"https:\/\/ciudadyregion.com.co\/"},{"@type":"ListItem","position":2,"name":"Habitantes de Rovira dicen s\u00ed a Zona de Reserva Campesina"}]},{"@type":"WebSite","@id":"https:\/\/ciudadyregion.com.co\/#website","url":"https:\/\/ciudadyregion.com.co\/","name":"Ciudad y Region","description":"","potentialAction":[{"@type":"SearchAction","target":{"@type":"EntryPoint","urlTemplate":"https:\/\/ciudadyregion.com.co\/?s={search_term_string}"},"query-input":{"@type":"PropertyValueSpecification","valueRequired":true,"valueName":"search_term_string"}}],"inLanguage":"es"},{"@type":"Person","@id":"https:\/\/ciudadyregion.com.co\/#\/schema\/person\/04a4954373ebc4051f46e8c65ff78622","name":"David Andr\u00e9s Aguirre","image":{"@type":"ImageObject","inLanguage":"es","@id":"https:\/\/ciudadyregion.com.co\/#\/schema\/person\/image\/","url":"https:\/\/secure.gravatar.com\/avatar\/bc3c655860202182ee6d1b5edd042dbe?s=96&d=mm&r=g","contentUrl":"https:\/\/secure.gravatar.com\/avatar\/bc3c655860202182ee6d1b5edd042dbe?s=96&d=mm&r=g","caption":"David Andr\u00e9s Aguirre"},"url":"https:\/\/ciudadyregion.com.co\/index.php\/author\/diegoaguirre\/"}]}},"jetpack_featured_media_url":"https:\/\/i0.wp.com\/ciudadyregion.com.co\/wp-content\/uploads\/2025\/11\/a-15.jpg?fit=800%2C445&ssl=1","jetpack_sharing_enabled":true,"jetpack_shortlink":"https:\/\/wp.me\/pbS7hh-cy3","jetpack-related-posts":[],"_links":{"self":[{"href":"https:\/\/ciudadyregion.com.co\/index.php\/wp-json\/wp\/v2\/posts\/48239"}],"collection":[{"href":"https:\/\/ciudadyregion.com.co\/index.php\/wp-json\/wp\/v2\/posts"}],"about":[{"href":"https:\/\/ciudadyregion.com.co\/index.php\/wp-json\/wp\/v2\/types\/post"}],"author":[{"embeddable":true,"href":"https:\/\/ciudadyregion.com.co\/index.php\/wp-json\/wp\/v2\/users\/2"}],"replies":[{"embeddable":true,"href":"https:\/\/ciudadyregion.com.co\/index.php\/wp-json\/wp\/v2\/comments?post=48239"}],"version-history":[{"count":1,"href":"https:\/\/ciudadyregion.com.co\/index.php\/wp-json\/wp\/v2\/posts\/48239\/revisions"}],"predecessor-version":[{"id":48241,"href":"https:\/\/ciudadyregion.com.co\/index.php\/wp-json\/wp\/v2\/posts\/48239\/revisions\/48241"}],"wp:featuredmedia":[{"embeddable":true,"href":"https:\/\/ciudadyregion.com.co\/index.php\/wp-json\/wp\/v2\/media\/48240"}],"wp:attachment":[{"href":"https:\/\/ciudadyregion.com.co\/index.php\/wp-json\/wp\/v2\/media?parent=48239"}],"wp:term":[{"taxonomy":"category","embeddable":true,"href":"https:\/\/ciudadyregion.com.co\/index.php\/wp-json\/wp\/v2\/categories?post=48239"},{"taxonomy":"post_tag","embeddable":true,"href":"https:\/\/ciudadyregion.com.co\/index.php\/wp-json\/wp\/v2\/tags?post=48239"}],"curies":[{"name":"wp","href":"https:\/\/api.w.org\/{rel}","templated":true}]}}