{"id":48197,"date":"2025-11-05T10:27:41","date_gmt":"2025-11-05T15:27:41","guid":{"rendered":"https:\/\/ciudadyregion.com.co\/?p=48197"},"modified":"2025-11-05T10:27:41","modified_gmt":"2025-11-05T15:27:41","slug":"la-gobernadora-adriana-magali-matiz-reafirma-su-compromiso-con-la-seguridad-y-la-reduccion-del-homicidio-en-el-departamento","status":"publish","type":"post","link":"https:\/\/ciudadyregion.com.co\/index.php\/la-gobernadora-adriana-magali-matiz-reafirma-su-compromiso-con-la-seguridad-y-la-reduccion-del-homicidio-en-el-departamento\/regional\/","title":{"rendered":"La gobernadora Adriana Magali Matiz reafirma su compromiso con la seguridad y la reducci\u00f3n del homicidio en el departamento"},"content":{"rendered":"<p>En lo corrido del a\u00f1o 2025, El Espinal y Chaparral forman parte de los municipios con disminuci\u00f3n en el delito de homicidio, mientras que en Honda, L\u00edbano y L\u00e9rida se fortalecen las estrategias de seguridad para combatir este delito<\/p>\n<p>En medio de una rueda de prensa, la gobernadora del Tolima, Adriana Magali Matiz, entreg\u00f3 un balance de seguridad en el que destac\u00f3 la disminuci\u00f3n del delito de homicidio en municipios como El Espinal y Chaparral; aunque advirti\u00f3 un incremento en otros territorios como Honda, El L\u00edbano y L\u00e9rida.<\/p>\n<blockquote><p>\u201cEn municipios como Honda tenemos un aumento de 32 a 35 casos, en el municipio de El L\u00edbano de cinco a ocho casos y en el municipio de L\u00e9rida tenemos de 14 a 18 casos. Sin embargo, en municipios como El Espinal hemos disminuido: el a\u00f1o pasado tuvimos 36 casos, este a\u00f1o 23, es decir, una disminuci\u00f3n del 15%; mientras que en el municipio de Chaparral el a\u00f1o pasado tuvimos 36 casos y para esta misma \u00e9poca del a\u00f1o tenemos 26\u201d, asegur\u00f3 la mandataria.<\/p><\/blockquote>\n<p>A su vez, Matiz reiter\u00f3 que ya se est\u00e1n fortaleciendo las estrategias de seguridad en los municipios donde se ha registrado un aumento de homicidios, con el prop\u00f3sito de garantizar el orden p\u00fablico y la tranquilidad en estas zonas del departamento.<\/p>\n<p>Por su parte, el coronel Carlos Efr\u00e9n Fuelagan, comandante del Departamento de Polic\u00eda Tolima, explic\u00f3 que en municipios como El Espinal se han identificado problem\u00e1ticas asociadas al tr\u00e1fico local de estupefacientes. \u201cHay situaciones que hemos venido identificando en el municipio de El Espinal, como es la confrontaci\u00f3n por el tr\u00e1fico local de estupefacientes, situaci\u00f3n que nos ha llevado a hacer un trabajo articulado con Fiscal\u00eda y dem\u00e1s fuerzas militares para trabajar desde dos aristas: la primera, un trabajo de contenci\u00f3n y prevenci\u00f3n, y la segunda, de investigaci\u00f3n criminal. En contenci\u00f3n, diariamente estamos realizando operaciones de allanamiento y registro en esa zona aportando acervo probatorio a las investigaciones\u201d, detall\u00f3 el oficial.<\/p>\n<p>Desde la Gobernaci\u00f3n del Tolima se contin\u00faa trabajando de manera articulada con la Fuerza P\u00fablica, la Fiscal\u00eda General de la Naci\u00f3n y dem\u00e1s organismos de seguridad, en el fortalecimiento de acciones integrales que permitan preservar la convivencia ciudadana y garantizar la tranquilidad de los tolimenses.<\/p>\n","protected":false},"excerpt":{"rendered":"<p>En lo corrido del a\u00f1o 2025, El Espinal y Chaparral forman parte de los municipios con disminuci\u00f3n en el delito de homicidio, mientras que en Honda, L\u00edbano y L\u00e9rida se fortalecen las estrategias de seguridad para combatir este delito En medio de una rueda de prensa, la gobernadora del Tolima,<span class=\"more-link\"><a href=\"https:\/\/ciudadyregion.com.co\/index.php\/la-gobernadora-adriana-magali-matiz-reafirma-su-compromiso-con-la-seguridad-y-la-reduccion-del-homicidio-en-el-departamento\/regional\/\">Continuar Leyendo<\/a><\/span><\/p>\n","protected":false},"author":2,"featured_media":48198,"comment_status":"open","ping_status":"open","sticky":false,"template":"","format":"standard","meta":{"_uf_show_specific_survey":0,"_uf_disable_surveys":false,"_jetpack_memberships_contains_paid_content":false,"footnotes":"","jetpack_publicize_message":"","jetpack_publicize_feature_enabled":true,"jetpack_social_post_already_shared":true,"jetpack_social_options":{"image_generator_settings":{"template":"highway","enabled":false},"version":2}},"categories":[13],"tags":[],"class_list":["entry","author-diegoaguirre","post-48197","post","type-post","status-publish","format-standard","has-post-thumbnail","category-regional"],"jetpack_publicize_connections":[],"yoast_head":"<!-- This site is optimized with the Yoast SEO plugin v24.3 - https:\/\/yoast.com\/wordpress\/plugins\/seo\/ -->\n<title>La gobernadora Adriana Magali Matiz reafirma su compromiso con la seguridad y la reducci\u00f3n del homicidio en el departamento - Ciudad y Region<\/title>\n<meta name=\"robots\" content=\"index, follow, max-snippet:-1, max-image-preview:large, max-video-preview:-1\" \/>\n<link rel=\"canonical\" href=\"https:\/\/ciudadyregion.com.co\/index.php\/la-gobernadora-adriana-magali-matiz-reafirma-su-compromiso-con-la-seguridad-y-la-reduccion-del-homicidio-en-el-departamento\/regional\/\" \/>\n<meta property=\"og:locale\" content=\"es_ES\" \/>\n<meta property=\"og:type\" content=\"article\" \/>\n<meta property=\"og:title\" content=\"La gobernadora Adriana Magali Matiz reafirma su compromiso con la seguridad y la reducci\u00f3n del homicidio en el departamento - Ciudad y Region\" \/>\n<meta property=\"og:description\" content=\"En lo corrido del a\u00f1o 2025, El Espinal y Chaparral forman parte de los municipios con disminuci\u00f3n en el delito de homicidio, mientras que en Honda, L\u00edbano y L\u00e9rida se fortalecen las estrategias de seguridad para combatir este delito En medio de una rueda de prensa, la gobernadora del Tolima,Continuar Leyendo\" \/>\n<meta property=\"og:url\" content=\"https:\/\/ciudadyregion.com.co\/index.php\/la-gobernadora-adriana-magali-matiz-reafirma-su-compromiso-con-la-seguridad-y-la-reduccion-del-homicidio-en-el-departamento\/regional\/\" \/>\n<meta property=\"og:site_name\" content=\"Ciudad y Region\" \/>\n<meta property=\"article:published_time\" content=\"2025-11-05T15:27:41+00:00\" \/>\n<meta property=\"og:image\" content=\"https:\/\/ciudadyregion.com.co\/wp-content\/uploads\/2025\/11\/a-2.jpg\" \/>\n\t<meta property=\"og:image:width\" content=\"800\" \/>\n\t<meta property=\"og:image:height\" content=\"445\" \/>\n\t<meta property=\"og:image:type\" content=\"image\/jpeg\" \/>\n<meta name=\"author\" content=\"David Andr\u00e9s Aguirre\" \/>\n<meta name=\"twitter:card\" content=\"summary_large_image\" \/>\n<meta name=\"twitter:label1\" content=\"Escrito por\" \/>\n\t<meta name=\"twitter:data1\" content=\"David Andr\u00e9s Aguirre\" \/>\n\t<meta name=\"twitter:label2\" content=\"Tiempo de lectura\" \/>\n\t<meta name=\"twitter:data2\" content=\"2 minutos\" \/>\n<script type=\"application\/ld+json\" class=\"yoast-schema-graph\">{\"@context\":\"https:\/\/schema.org\",\"@graph\":[{\"@type\":\"WebPage\",\"@id\":\"https:\/\/ciudadyregion.com.co\/index.php\/la-gobernadora-adriana-magali-matiz-reafirma-su-compromiso-con-la-seguridad-y-la-reduccion-del-homicidio-en-el-departamento\/regional\/\",\"url\":\"https:\/\/ciudadyregion.com.co\/index.php\/la-gobernadora-adriana-magali-matiz-reafirma-su-compromiso-con-la-seguridad-y-la-reduccion-del-homicidio-en-el-departamento\/regional\/\",\"name\":\"La gobernadora Adriana Magali Matiz reafirma su compromiso con la seguridad y la reducci\u00f3n del homicidio en el departamento - Ciudad y Region\",\"isPartOf\":{\"@id\":\"https:\/\/ciudadyregion.com.co\/#website\"},\"primaryImageOfPage\":{\"@id\":\"https:\/\/ciudadyregion.com.co\/index.php\/la-gobernadora-adriana-magali-matiz-reafirma-su-compromiso-con-la-seguridad-y-la-reduccion-del-homicidio-en-el-departamento\/regional\/#primaryimage\"},\"image\":{\"@id\":\"https:\/\/ciudadyregion.com.co\/index.php\/la-gobernadora-adriana-magali-matiz-reafirma-su-compromiso-con-la-seguridad-y-la-reduccion-del-homicidio-en-el-departamento\/regional\/#primaryimage\"},\"thumbnailUrl\":\"https:\/\/i0.wp.com\/ciudadyregion.com.co\/wp-content\/uploads\/2025\/11\/a-2.jpg?fit=800%2C445&ssl=1\",\"datePublished\":\"2025-11-05T15:27:41+00:00\",\"dateModified\":\"2025-11-05T15:27:41+00:00\",\"author\":{\"@id\":\"https:\/\/ciudadyregion.com.co\/#\/schema\/person\/04a4954373ebc4051f46e8c65ff78622\"},\"breadcrumb\":{\"@id\":\"https:\/\/ciudadyregion.com.co\/index.php\/la-gobernadora-adriana-magali-matiz-reafirma-su-compromiso-con-la-seguridad-y-la-reduccion-del-homicidio-en-el-departamento\/regional\/#breadcrumb\"},\"inLanguage\":\"es\",\"potentialAction\":[{\"@type\":\"ReadAction\",\"target\":[\"https:\/\/ciudadyregion.com.co\/index.php\/la-gobernadora-adriana-magali-matiz-reafirma-su-compromiso-con-la-seguridad-y-la-reduccion-del-homicidio-en-el-departamento\/regional\/\"]}]},{\"@type\":\"ImageObject\",\"inLanguage\":\"es\",\"@id\":\"https:\/\/ciudadyregion.com.co\/index.php\/la-gobernadora-adriana-magali-matiz-reafirma-su-compromiso-con-la-seguridad-y-la-reduccion-del-homicidio-en-el-departamento\/regional\/#primaryimage\",\"url\":\"https:\/\/i0.wp.com\/ciudadyregion.com.co\/wp-content\/uploads\/2025\/11\/a-2.jpg?fit=800%2C445&ssl=1\",\"contentUrl\":\"https:\/\/i0.wp.com\/ciudadyregion.com.co\/wp-content\/uploads\/2025\/11\/a-2.jpg?fit=800%2C445&ssl=1\",\"width\":800,\"height\":445},{\"@type\":\"BreadcrumbList\",\"@id\":\"https:\/\/ciudadyregion.com.co\/index.php\/la-gobernadora-adriana-magali-matiz-reafirma-su-compromiso-con-la-seguridad-y-la-reduccion-del-homicidio-en-el-departamento\/regional\/#breadcrumb\",\"itemListElement\":[{\"@type\":\"ListItem\",\"position\":1,\"name\":\"Portada\",\"item\":\"https:\/\/ciudadyregion.com.co\/\"},{\"@type\":\"ListItem\",\"position\":2,\"name\":\"La gobernadora Adriana Magali Matiz reafirma su compromiso con la seguridad y la reducci\u00f3n del homicidio en el departamento\"}]},{\"@type\":\"WebSite\",\"@id\":\"https:\/\/ciudadyregion.com.co\/#website\",\"url\":\"https:\/\/ciudadyregion.com.co\/\",\"name\":\"Ciudad y Region\",\"description\":\"\",\"potentialAction\":[{\"@type\":\"SearchAction\",\"target\":{\"@type\":\"EntryPoint\",\"urlTemplate\":\"https:\/\/ciudadyregion.com.co\/?s={search_term_string}\"},\"query-input\":{\"@type\":\"PropertyValueSpecification\",\"valueRequired\":true,\"valueName\":\"search_term_string\"}}],\"inLanguage\":\"es\"},{\"@type\":\"Person\",\"@id\":\"https:\/\/ciudadyregion.com.co\/#\/schema\/person\/04a4954373ebc4051f46e8c65ff78622\",\"name\":\"David Andr\u00e9s Aguirre\",\"image\":{\"@type\":\"ImageObject\",\"inLanguage\":\"es\",\"@id\":\"https:\/\/ciudadyregion.com.co\/#\/schema\/person\/image\/\",\"url\":\"https:\/\/secure.gravatar.com\/avatar\/bc3c655860202182ee6d1b5edd042dbe?s=96&d=mm&r=g\",\"contentUrl\":\"https:\/\/secure.gravatar.com\/avatar\/bc3c655860202182ee6d1b5edd042dbe?s=96&d=mm&r=g\",\"caption\":\"David Andr\u00e9s Aguirre\"},\"url\":\"https:\/\/ciudadyregion.com.co\/index.php\/author\/diegoaguirre\/\"}]}<\/script>\n<!-- \/ Yoast SEO plugin. -->","yoast_head_json":{"title":"La gobernadora Adriana Magali Matiz reafirma su compromiso con la seguridad y la reducci\u00f3n del homicidio en el departamento - Ciudad y Region","robots":{"index":"index","follow":"follow","max-snippet":"max-snippet:-1","max-image-preview":"max-image-preview:large","max-video-preview":"max-video-preview:-1"},"canonical":"https:\/\/ciudadyregion.com.co\/index.php\/la-gobernadora-adriana-magali-matiz-reafirma-su-compromiso-con-la-seguridad-y-la-reduccion-del-homicidio-en-el-departamento\/regional\/","og_locale":"es_ES","og_type":"article","og_title":"La gobernadora Adriana Magali Matiz reafirma su compromiso con la seguridad y la reducci\u00f3n del homicidio en el departamento - Ciudad y Region","og_description":"En lo corrido del a\u00f1o 2025, El Espinal y Chaparral forman parte de los municipios con disminuci\u00f3n en el delito de homicidio, mientras que en Honda, L\u00edbano y L\u00e9rida se fortalecen las estrategias de seguridad para combatir este delito En medio de una rueda de prensa, la gobernadora del Tolima,Continuar Leyendo","og_url":"https:\/\/ciudadyregion.com.co\/index.php\/la-gobernadora-adriana-magali-matiz-reafirma-su-compromiso-con-la-seguridad-y-la-reduccion-del-homicidio-en-el-departamento\/regional\/","og_site_name":"Ciudad y Region","article_published_time":"2025-11-05T15:27:41+00:00","og_image":[{"width":800,"height":445,"url":"https:\/\/ciudadyregion.com.co\/wp-content\/uploads\/2025\/11\/a-2.jpg","type":"image\/jpeg"}],"author":"David Andr\u00e9s Aguirre","twitter_card":"summary_large_image","twitter_misc":{"Escrito por":"David Andr\u00e9s Aguirre","Tiempo de lectura":"2 minutos"},"schema":{"@context":"https:\/\/schema.org","@graph":[{"@type":"WebPage","@id":"https:\/\/ciudadyregion.com.co\/index.php\/la-gobernadora-adriana-magali-matiz-reafirma-su-compromiso-con-la-seguridad-y-la-reduccion-del-homicidio-en-el-departamento\/regional\/","url":"https:\/\/ciudadyregion.com.co\/index.php\/la-gobernadora-adriana-magali-matiz-reafirma-su-compromiso-con-la-seguridad-y-la-reduccion-del-homicidio-en-el-departamento\/regional\/","name":"La gobernadora Adriana Magali Matiz reafirma su compromiso con la seguridad y la reducci\u00f3n del homicidio en el departamento - Ciudad y Region","isPartOf":{"@id":"https:\/\/ciudadyregion.com.co\/#website"},"primaryImageOfPage":{"@id":"https:\/\/ciudadyregion.com.co\/index.php\/la-gobernadora-adriana-magali-matiz-reafirma-su-compromiso-con-la-seguridad-y-la-reduccion-del-homicidio-en-el-departamento\/regional\/#primaryimage"},"image":{"@id":"https:\/\/ciudadyregion.com.co\/index.php\/la-gobernadora-adriana-magali-matiz-reafirma-su-compromiso-con-la-seguridad-y-la-reduccion-del-homicidio-en-el-departamento\/regional\/#primaryimage"},"thumbnailUrl":"https:\/\/i0.wp.com\/ciudadyregion.com.co\/wp-content\/uploads\/2025\/11\/a-2.jpg?fit=800%2C445&ssl=1","datePublished":"2025-11-05T15:27:41+00:00","dateModified":"2025-11-05T15:27:41+00:00","author":{"@id":"https:\/\/ciudadyregion.com.co\/#\/schema\/person\/04a4954373ebc4051f46e8c65ff78622"},"breadcrumb":{"@id":"https:\/\/ciudadyregion.com.co\/index.php\/la-gobernadora-adriana-magali-matiz-reafirma-su-compromiso-con-la-seguridad-y-la-reduccion-del-homicidio-en-el-departamento\/regional\/#breadcrumb"},"inLanguage":"es","potentialAction":[{"@type":"ReadAction","target":["https:\/\/ciudadyregion.com.co\/index.php\/la-gobernadora-adriana-magali-matiz-reafirma-su-compromiso-con-la-seguridad-y-la-reduccion-del-homicidio-en-el-departamento\/regional\/"]}]},{"@type":"ImageObject","inLanguage":"es","@id":"https:\/\/ciudadyregion.com.co\/index.php\/la-gobernadora-adriana-magali-matiz-reafirma-su-compromiso-con-la-seguridad-y-la-reduccion-del-homicidio-en-el-departamento\/regional\/#primaryimage","url":"https:\/\/i0.wp.com\/ciudadyregion.com.co\/wp-content\/uploads\/2025\/11\/a-2.jpg?fit=800%2C445&ssl=1","contentUrl":"https:\/\/i0.wp.com\/ciudadyregion.com.co\/wp-content\/uploads\/2025\/11\/a-2.jpg?fit=800%2C445&ssl=1","width":800,"height":445},{"@type":"BreadcrumbList","@id":"https:\/\/ciudadyregion.com.co\/index.php\/la-gobernadora-adriana-magali-matiz-reafirma-su-compromiso-con-la-seguridad-y-la-reduccion-del-homicidio-en-el-departamento\/regional\/#breadcrumb","itemListElement":[{"@type":"ListItem","position":1,"name":"Portada","item":"https:\/\/ciudadyregion.com.co\/"},{"@type":"ListItem","position":2,"name":"La gobernadora Adriana Magali Matiz reafirma su compromiso con la seguridad y la reducci\u00f3n del homicidio en el departamento"}]},{"@type":"WebSite","@id":"https:\/\/ciudadyregion.com.co\/#website","url":"https:\/\/ciudadyregion.com.co\/","name":"Ciudad y Region","description":"","potentialAction":[{"@type":"SearchAction","target":{"@type":"EntryPoint","urlTemplate":"https:\/\/ciudadyregion.com.co\/?s={search_term_string}"},"query-input":{"@type":"PropertyValueSpecification","valueRequired":true,"valueName":"search_term_string"}}],"inLanguage":"es"},{"@type":"Person","@id":"https:\/\/ciudadyregion.com.co\/#\/schema\/person\/04a4954373ebc4051f46e8c65ff78622","name":"David Andr\u00e9s Aguirre","image":{"@type":"ImageObject","inLanguage":"es","@id":"https:\/\/ciudadyregion.com.co\/#\/schema\/person\/image\/","url":"https:\/\/secure.gravatar.com\/avatar\/bc3c655860202182ee6d1b5edd042dbe?s=96&d=mm&r=g","contentUrl":"https:\/\/secure.gravatar.com\/avatar\/bc3c655860202182ee6d1b5edd042dbe?s=96&d=mm&r=g","caption":"David Andr\u00e9s Aguirre"},"url":"https:\/\/ciudadyregion.com.co\/index.php\/author\/diegoaguirre\/"}]}},"jetpack_featured_media_url":"https:\/\/i0.wp.com\/ciudadyregion.com.co\/wp-content\/uploads\/2025\/11\/a-2.jpg?fit=800%2C445&ssl=1","jetpack_sharing_enabled":true,"jetpack_shortlink":"https:\/\/wp.me\/pbS7hh-cxn","jetpack-related-posts":[],"_links":{"self":[{"href":"https:\/\/ciudadyregion.com.co\/index.php\/wp-json\/wp\/v2\/posts\/48197"}],"collection":[{"href":"https:\/\/ciudadyregion.com.co\/index.php\/wp-json\/wp\/v2\/posts"}],"about":[{"href":"https:\/\/ciudadyregion.com.co\/index.php\/wp-json\/wp\/v2\/types\/post"}],"author":[{"embeddable":true,"href":"https:\/\/ciudadyregion.com.co\/index.php\/wp-json\/wp\/v2\/users\/2"}],"replies":[{"embeddable":true,"href":"https:\/\/ciudadyregion.com.co\/index.php\/wp-json\/wp\/v2\/comments?post=48197"}],"version-history":[{"count":1,"href":"https:\/\/ciudadyregion.com.co\/index.php\/wp-json\/wp\/v2\/posts\/48197\/revisions"}],"predecessor-version":[{"id":48199,"href":"https:\/\/ciudadyregion.com.co\/index.php\/wp-json\/wp\/v2\/posts\/48197\/revisions\/48199"}],"wp:featuredmedia":[{"embeddable":true,"href":"https:\/\/ciudadyregion.com.co\/index.php\/wp-json\/wp\/v2\/media\/48198"}],"wp:attachment":[{"href":"https:\/\/ciudadyregion.com.co\/index.php\/wp-json\/wp\/v2\/media?parent=48197"}],"wp:term":[{"taxonomy":"category","embeddable":true,"href":"https:\/\/ciudadyregion.com.co\/index.php\/wp-json\/wp\/v2\/categories?post=48197"},{"taxonomy":"post_tag","embeddable":true,"href":"https:\/\/ciudadyregion.com.co\/index.php\/wp-json\/wp\/v2\/tags?post=48197"}],"curies":[{"name":"wp","href":"https:\/\/api.w.org\/{rel}","templated":true}]}}