{"id":48194,"date":"2025-11-05T10:24:43","date_gmt":"2025-11-05T15:24:43","guid":{"rendered":"https:\/\/ciudadyregion.com.co\/?p=48194"},"modified":"2025-11-05T10:24:43","modified_gmt":"2025-11-05T15:24:43","slug":"la-agenda-de-los-40-anos-de-la-tragedia-de-armero-una-conmemoracion-de-los-armeritas-acompanada-por-el-tolima-y-la-nacion-en-el-territorio","status":"publish","type":"post","link":"https:\/\/ciudadyregion.com.co\/index.php\/la-agenda-de-los-40-anos-de-la-tragedia-de-armero-una-conmemoracion-de-los-armeritas-acompanada-por-el-tolima-y-la-nacion-en-el-territorio\/regional\/","title":{"rendered":"La agenda de los 40 a\u00f1os de la tragedia de Armero: una conmemoraci\u00f3n de los armeritas, acompa\u00f1ada por el Tolima y la naci\u00f3n en el territorio."},"content":{"rendered":"<p>A 40 a\u00f1os de la tragedia de Armero, el pa\u00eds se prepara para una conmemoraci\u00f3n que busca honrar la memoria de las v\u00edctimas y reconocer la resiliencia de los sobrevivientes.<\/p>\n<p>En un ejercicio de articulaci\u00f3n interinstitucional, la Unidad Nacional para la Gesti\u00f3n del Riesgo de Desastres (UNGRD), la Gobernaci\u00f3n del Tolima y la Alcald\u00eda de Armero Guayabal trabajan conjuntamente en el territorio para construir una agenda conmemorativa que re\u00fana memoria, cultura y dignificaci\u00f3n.<\/p>\n<p>Bajo el direccionamiento de la gobernadora Adriana Magali Matiz, la Gobernaci\u00f3n del Tolima, a trav\u00e9s de las secretar\u00edas de Ambiente y Gesti\u00f3n del Riesgo y de Cultura y Turismo, avanza junto a la UNGRD, el Ministerio de las Culturas, las Artes y los Saberes, y la Administraci\u00f3n Municipal de Armero Guayabal, en el dise\u00f1o de una programaci\u00f3n que refleje el valor hist\u00f3rico y emocional de este suceso que marc\u00f3 la historia del pa\u00eds.<\/p>\n<p>As\u00ed lo expresaron desde el epicentro simb\u00f3lico de esta conmemoraci\u00f3n: las ruinas de Armero.<\/p>\n<blockquote><p>\u201cDesde la Gobernaci\u00f3n del Tolima seguimos articulando esfuerzos con la Unidad Nacional de Gesti\u00f3n del Riesgo. Por supuesto, un agradecimiento total al doctor Carlos Carrillo y a todo su equipo de trabajo por todo el compromiso que han demostrado con nuestro departamento\u201d, se\u00f1al\u00f3 Ericka Lozano, secretaria de Ambiente y Gesti\u00f3n del Riesgo del Tolima, quien destac\u00f3 la voluntad conjunta de las instituciones para hacer de esta conmemoraci\u00f3n un espacio de reflexi\u00f3n y uni\u00f3n.<\/p><\/blockquote>\n<p>Por su parte, el secretario de Cultura y Turismo del Tolima, Alexander Castro, destac\u00f3 la importancia de que la memoria se exprese tambi\u00e9n desde lo cultural: \u201cDesde la Secretar\u00eda de Cultura con el Ministerio de Cultura, unidos y por supuesto con la comunidad, para la conmemoraci\u00f3n de los 40 a\u00f1os de la tragedia de Armero\u201d.<\/p>\n<p>Desde el Gobierno Nacional, Sebasti\u00e1n Azuero, asesor del director de la UNGRD, Carlos Carrillo, subray\u00f3 que el trabajo articulado entre los diferentes niveles de gobierno es una muestra del compromiso con la memoria de Armero: \u201cHoy hemos venido junto con el Ministerio de Culturas en una demostraci\u00f3n de que el Gobierno Nacional, la Gobernaci\u00f3n del Tolima y la Alcald\u00eda de Armero pueden trabajar de la mano para articularse y conmemorar esta fecha tan especial para el pa\u00eds\u201d.<\/p>\n<p>A su vez, Gustavo Arciniegas, asesor del Ministerio de las Culturas, las Artes y los Saberes, afirm\u00f3 que esta conmemoraci\u00f3n busca reconocer las voces y las historias de quienes vivieron la tragedia: \u201cEl Ministerio de las Culturas en articulaci\u00f3n territorial e institucional viene acompa\u00f1ando esta conmemoraci\u00f3n de los 40 a\u00f1os de Armero. La idea es hacer una conmemoraci\u00f3n a la medida de la dignificaci\u00f3n y de la memoria de todas estas personas\u201d.<\/p>\n<p>Desde el territorio, el arquitecto Orlando Sep\u00falveda Ch\u00e1vez, salvaguardia del patrimonio cultural de Armero Guayabal, expres\u00f3 la gratitud de la comunidad ante el acompa\u00f1amiento institucional:<\/p>\n<blockquote><p>\u201cDe parte de los armeritas y de la Administraci\u00f3n Municipal, inmensa gratitud a este esfuerzo interinstitucional que se est\u00e1 realizando para esta conmemoraci\u00f3n de los 40 a\u00f1os. Armero es una historia para las futuras generaciones y estos 40 a\u00f1os deben dejar bases hist\u00f3ricas, patrimoniales y tur\u00edsticas que impulsen el desarrollo de nuestra regi\u00f3n\u201d.<\/p><\/blockquote>\n<p>La construcci\u00f3n de esta agenda conmemorativa se convierte as\u00ed en un s\u00edmbolo de uni\u00f3n entre las instituciones y la comunidad, en torno a una de las tragedias m\u00e1s significativas del pa\u00eds y del mundo, que hoy invita a la memoria, al respeto y al aprendizaje colectivo. Un homenaje sentido a las m\u00e1s de 25 mil v\u00edctimas que perdieron la vida en Armero, cuyas historias permanecen vivas en la memoria del Tolima y de Colombia.<\/p>\n","protected":false},"excerpt":{"rendered":"<p>A 40 a\u00f1os de la tragedia de Armero, el pa\u00eds se prepara para una conmemoraci\u00f3n que busca honrar la memoria de las v\u00edctimas y reconocer la resiliencia de los sobrevivientes. En un ejercicio de articulaci\u00f3n interinstitucional, la Unidad Nacional para la Gesti\u00f3n del Riesgo de Desastres (UNGRD), la Gobernaci\u00f3n del<span class=\"more-link\"><a href=\"https:\/\/ciudadyregion.com.co\/index.php\/la-agenda-de-los-40-anos-de-la-tragedia-de-armero-una-conmemoracion-de-los-armeritas-acompanada-por-el-tolima-y-la-nacion-en-el-territorio\/regional\/\">Continuar Leyendo<\/a><\/span><\/p>\n","protected":false},"author":2,"featured_media":48195,"comment_status":"open","ping_status":"open","sticky":false,"template":"","format":"standard","meta":{"_uf_show_specific_survey":0,"_uf_disable_surveys":false,"_jetpack_memberships_contains_paid_content":false,"footnotes":"","jetpack_publicize_message":"","jetpack_publicize_feature_enabled":true,"jetpack_social_post_already_shared":true,"jetpack_social_options":{"image_generator_settings":{"template":"highway","enabled":false},"version":2}},"categories":[13],"tags":[],"class_list":["entry","author-diegoaguirre","post-48194","post","type-post","status-publish","format-standard","has-post-thumbnail","category-regional"],"jetpack_publicize_connections":[],"yoast_head":"<!-- This site is optimized with the Yoast SEO plugin v24.3 - https:\/\/yoast.com\/wordpress\/plugins\/seo\/ -->\n<title>La agenda de los 40 a\u00f1os de la tragedia de Armero: una conmemoraci\u00f3n de los armeritas, acompa\u00f1ada por el Tolima y la naci\u00f3n en el territorio. - Ciudad y Region<\/title>\n<meta name=\"robots\" content=\"index, follow, max-snippet:-1, max-image-preview:large, max-video-preview:-1\" \/>\n<link rel=\"canonical\" href=\"https:\/\/ciudadyregion.com.co\/index.php\/la-agenda-de-los-40-anos-de-la-tragedia-de-armero-una-conmemoracion-de-los-armeritas-acompanada-por-el-tolima-y-la-nacion-en-el-territorio\/regional\/\" \/>\n<meta property=\"og:locale\" content=\"es_ES\" \/>\n<meta property=\"og:type\" content=\"article\" \/>\n<meta property=\"og:title\" content=\"La agenda de los 40 a\u00f1os de la tragedia de Armero: una conmemoraci\u00f3n de los armeritas, acompa\u00f1ada por el Tolima y la naci\u00f3n en el territorio. - Ciudad y Region\" \/>\n<meta property=\"og:description\" content=\"A 40 a\u00f1os de la tragedia de Armero, el pa\u00eds se prepara para una conmemoraci\u00f3n que busca honrar la memoria de las v\u00edctimas y reconocer la resiliencia de los sobrevivientes. En un ejercicio de articulaci\u00f3n interinstitucional, la Unidad Nacional para la Gesti\u00f3n del Riesgo de Desastres (UNGRD), la Gobernaci\u00f3n delContinuar Leyendo\" \/>\n<meta property=\"og:url\" content=\"https:\/\/ciudadyregion.com.co\/index.php\/la-agenda-de-los-40-anos-de-la-tragedia-de-armero-una-conmemoracion-de-los-armeritas-acompanada-por-el-tolima-y-la-nacion-en-el-territorio\/regional\/\" \/>\n<meta property=\"og:site_name\" content=\"Ciudad y Region\" \/>\n<meta property=\"article:published_time\" content=\"2025-11-05T15:24:43+00:00\" \/>\n<meta property=\"og:image\" content=\"https:\/\/ciudadyregion.com.co\/wp-content\/uploads\/2025\/11\/a-1.jpg\" \/>\n\t<meta property=\"og:image:width\" content=\"800\" \/>\n\t<meta property=\"og:image:height\" content=\"445\" \/>\n\t<meta property=\"og:image:type\" content=\"image\/jpeg\" \/>\n<meta name=\"author\" content=\"David Andr\u00e9s Aguirre\" \/>\n<meta name=\"twitter:card\" content=\"summary_large_image\" \/>\n<meta name=\"twitter:label1\" content=\"Escrito por\" \/>\n\t<meta name=\"twitter:data1\" content=\"David Andr\u00e9s Aguirre\" \/>\n\t<meta name=\"twitter:label2\" content=\"Tiempo de lectura\" \/>\n\t<meta name=\"twitter:data2\" content=\"3 minutos\" \/>\n<script type=\"application\/ld+json\" class=\"yoast-schema-graph\">{\"@context\":\"https:\/\/schema.org\",\"@graph\":[{\"@type\":\"WebPage\",\"@id\":\"https:\/\/ciudadyregion.com.co\/index.php\/la-agenda-de-los-40-anos-de-la-tragedia-de-armero-una-conmemoracion-de-los-armeritas-acompanada-por-el-tolima-y-la-nacion-en-el-territorio\/regional\/\",\"url\":\"https:\/\/ciudadyregion.com.co\/index.php\/la-agenda-de-los-40-anos-de-la-tragedia-de-armero-una-conmemoracion-de-los-armeritas-acompanada-por-el-tolima-y-la-nacion-en-el-territorio\/regional\/\",\"name\":\"La agenda de los 40 a\u00f1os de la tragedia de Armero: una conmemoraci\u00f3n de los armeritas, acompa\u00f1ada por el Tolima y la naci\u00f3n en el territorio. - Ciudad y Region\",\"isPartOf\":{\"@id\":\"https:\/\/ciudadyregion.com.co\/#website\"},\"primaryImageOfPage\":{\"@id\":\"https:\/\/ciudadyregion.com.co\/index.php\/la-agenda-de-los-40-anos-de-la-tragedia-de-armero-una-conmemoracion-de-los-armeritas-acompanada-por-el-tolima-y-la-nacion-en-el-territorio\/regional\/#primaryimage\"},\"image\":{\"@id\":\"https:\/\/ciudadyregion.com.co\/index.php\/la-agenda-de-los-40-anos-de-la-tragedia-de-armero-una-conmemoracion-de-los-armeritas-acompanada-por-el-tolima-y-la-nacion-en-el-territorio\/regional\/#primaryimage\"},\"thumbnailUrl\":\"https:\/\/i0.wp.com\/ciudadyregion.com.co\/wp-content\/uploads\/2025\/11\/a-1.jpg?fit=800%2C445&ssl=1\",\"datePublished\":\"2025-11-05T15:24:43+00:00\",\"dateModified\":\"2025-11-05T15:24:43+00:00\",\"author\":{\"@id\":\"https:\/\/ciudadyregion.com.co\/#\/schema\/person\/04a4954373ebc4051f46e8c65ff78622\"},\"breadcrumb\":{\"@id\":\"https:\/\/ciudadyregion.com.co\/index.php\/la-agenda-de-los-40-anos-de-la-tragedia-de-armero-una-conmemoracion-de-los-armeritas-acompanada-por-el-tolima-y-la-nacion-en-el-territorio\/regional\/#breadcrumb\"},\"inLanguage\":\"es\",\"potentialAction\":[{\"@type\":\"ReadAction\",\"target\":[\"https:\/\/ciudadyregion.com.co\/index.php\/la-agenda-de-los-40-anos-de-la-tragedia-de-armero-una-conmemoracion-de-los-armeritas-acompanada-por-el-tolima-y-la-nacion-en-el-territorio\/regional\/\"]}]},{\"@type\":\"ImageObject\",\"inLanguage\":\"es\",\"@id\":\"https:\/\/ciudadyregion.com.co\/index.php\/la-agenda-de-los-40-anos-de-la-tragedia-de-armero-una-conmemoracion-de-los-armeritas-acompanada-por-el-tolima-y-la-nacion-en-el-territorio\/regional\/#primaryimage\",\"url\":\"https:\/\/i0.wp.com\/ciudadyregion.com.co\/wp-content\/uploads\/2025\/11\/a-1.jpg?fit=800%2C445&ssl=1\",\"contentUrl\":\"https:\/\/i0.wp.com\/ciudadyregion.com.co\/wp-content\/uploads\/2025\/11\/a-1.jpg?fit=800%2C445&ssl=1\",\"width\":800,\"height\":445},{\"@type\":\"BreadcrumbList\",\"@id\":\"https:\/\/ciudadyregion.com.co\/index.php\/la-agenda-de-los-40-anos-de-la-tragedia-de-armero-una-conmemoracion-de-los-armeritas-acompanada-por-el-tolima-y-la-nacion-en-el-territorio\/regional\/#breadcrumb\",\"itemListElement\":[{\"@type\":\"ListItem\",\"position\":1,\"name\":\"Portada\",\"item\":\"https:\/\/ciudadyregion.com.co\/\"},{\"@type\":\"ListItem\",\"position\":2,\"name\":\"La agenda de los 40 a\u00f1os de la tragedia de Armero: una conmemoraci\u00f3n de los armeritas, acompa\u00f1ada por el Tolima y la naci\u00f3n en el territorio.\"}]},{\"@type\":\"WebSite\",\"@id\":\"https:\/\/ciudadyregion.com.co\/#website\",\"url\":\"https:\/\/ciudadyregion.com.co\/\",\"name\":\"Ciudad y Region\",\"description\":\"\",\"potentialAction\":[{\"@type\":\"SearchAction\",\"target\":{\"@type\":\"EntryPoint\",\"urlTemplate\":\"https:\/\/ciudadyregion.com.co\/?s={search_term_string}\"},\"query-input\":{\"@type\":\"PropertyValueSpecification\",\"valueRequired\":true,\"valueName\":\"search_term_string\"}}],\"inLanguage\":\"es\"},{\"@type\":\"Person\",\"@id\":\"https:\/\/ciudadyregion.com.co\/#\/schema\/person\/04a4954373ebc4051f46e8c65ff78622\",\"name\":\"David Andr\u00e9s Aguirre\",\"image\":{\"@type\":\"ImageObject\",\"inLanguage\":\"es\",\"@id\":\"https:\/\/ciudadyregion.com.co\/#\/schema\/person\/image\/\",\"url\":\"https:\/\/secure.gravatar.com\/avatar\/bc3c655860202182ee6d1b5edd042dbe?s=96&d=mm&r=g\",\"contentUrl\":\"https:\/\/secure.gravatar.com\/avatar\/bc3c655860202182ee6d1b5edd042dbe?s=96&d=mm&r=g\",\"caption\":\"David Andr\u00e9s Aguirre\"},\"url\":\"https:\/\/ciudadyregion.com.co\/index.php\/author\/diegoaguirre\/\"}]}<\/script>\n<!-- \/ Yoast SEO plugin. -->","yoast_head_json":{"title":"La agenda de los 40 a\u00f1os de la tragedia de Armero: una conmemoraci\u00f3n de los armeritas, acompa\u00f1ada por el Tolima y la naci\u00f3n en el territorio. - Ciudad y Region","robots":{"index":"index","follow":"follow","max-snippet":"max-snippet:-1","max-image-preview":"max-image-preview:large","max-video-preview":"max-video-preview:-1"},"canonical":"https:\/\/ciudadyregion.com.co\/index.php\/la-agenda-de-los-40-anos-de-la-tragedia-de-armero-una-conmemoracion-de-los-armeritas-acompanada-por-el-tolima-y-la-nacion-en-el-territorio\/regional\/","og_locale":"es_ES","og_type":"article","og_title":"La agenda de los 40 a\u00f1os de la tragedia de Armero: una conmemoraci\u00f3n de los armeritas, acompa\u00f1ada por el Tolima y la naci\u00f3n en el territorio. - Ciudad y Region","og_description":"A 40 a\u00f1os de la tragedia de Armero, el pa\u00eds se prepara para una conmemoraci\u00f3n que busca honrar la memoria de las v\u00edctimas y reconocer la resiliencia de los sobrevivientes. En un ejercicio de articulaci\u00f3n interinstitucional, la Unidad Nacional para la Gesti\u00f3n del Riesgo de Desastres (UNGRD), la Gobernaci\u00f3n delContinuar Leyendo","og_url":"https:\/\/ciudadyregion.com.co\/index.php\/la-agenda-de-los-40-anos-de-la-tragedia-de-armero-una-conmemoracion-de-los-armeritas-acompanada-por-el-tolima-y-la-nacion-en-el-territorio\/regional\/","og_site_name":"Ciudad y Region","article_published_time":"2025-11-05T15:24:43+00:00","og_image":[{"width":800,"height":445,"url":"https:\/\/ciudadyregion.com.co\/wp-content\/uploads\/2025\/11\/a-1.jpg","type":"image\/jpeg"}],"author":"David Andr\u00e9s Aguirre","twitter_card":"summary_large_image","twitter_misc":{"Escrito por":"David Andr\u00e9s Aguirre","Tiempo de lectura":"3 minutos"},"schema":{"@context":"https:\/\/schema.org","@graph":[{"@type":"WebPage","@id":"https:\/\/ciudadyregion.com.co\/index.php\/la-agenda-de-los-40-anos-de-la-tragedia-de-armero-una-conmemoracion-de-los-armeritas-acompanada-por-el-tolima-y-la-nacion-en-el-territorio\/regional\/","url":"https:\/\/ciudadyregion.com.co\/index.php\/la-agenda-de-los-40-anos-de-la-tragedia-de-armero-una-conmemoracion-de-los-armeritas-acompanada-por-el-tolima-y-la-nacion-en-el-territorio\/regional\/","name":"La agenda de los 40 a\u00f1os de la tragedia de Armero: una conmemoraci\u00f3n de los armeritas, acompa\u00f1ada por el Tolima y la naci\u00f3n en el territorio. - Ciudad y Region","isPartOf":{"@id":"https:\/\/ciudadyregion.com.co\/#website"},"primaryImageOfPage":{"@id":"https:\/\/ciudadyregion.com.co\/index.php\/la-agenda-de-los-40-anos-de-la-tragedia-de-armero-una-conmemoracion-de-los-armeritas-acompanada-por-el-tolima-y-la-nacion-en-el-territorio\/regional\/#primaryimage"},"image":{"@id":"https:\/\/ciudadyregion.com.co\/index.php\/la-agenda-de-los-40-anos-de-la-tragedia-de-armero-una-conmemoracion-de-los-armeritas-acompanada-por-el-tolima-y-la-nacion-en-el-territorio\/regional\/#primaryimage"},"thumbnailUrl":"https:\/\/i0.wp.com\/ciudadyregion.com.co\/wp-content\/uploads\/2025\/11\/a-1.jpg?fit=800%2C445&ssl=1","datePublished":"2025-11-05T15:24:43+00:00","dateModified":"2025-11-05T15:24:43+00:00","author":{"@id":"https:\/\/ciudadyregion.com.co\/#\/schema\/person\/04a4954373ebc4051f46e8c65ff78622"},"breadcrumb":{"@id":"https:\/\/ciudadyregion.com.co\/index.php\/la-agenda-de-los-40-anos-de-la-tragedia-de-armero-una-conmemoracion-de-los-armeritas-acompanada-por-el-tolima-y-la-nacion-en-el-territorio\/regional\/#breadcrumb"},"inLanguage":"es","potentialAction":[{"@type":"ReadAction","target":["https:\/\/ciudadyregion.com.co\/index.php\/la-agenda-de-los-40-anos-de-la-tragedia-de-armero-una-conmemoracion-de-los-armeritas-acompanada-por-el-tolima-y-la-nacion-en-el-territorio\/regional\/"]}]},{"@type":"ImageObject","inLanguage":"es","@id":"https:\/\/ciudadyregion.com.co\/index.php\/la-agenda-de-los-40-anos-de-la-tragedia-de-armero-una-conmemoracion-de-los-armeritas-acompanada-por-el-tolima-y-la-nacion-en-el-territorio\/regional\/#primaryimage","url":"https:\/\/i0.wp.com\/ciudadyregion.com.co\/wp-content\/uploads\/2025\/11\/a-1.jpg?fit=800%2C445&ssl=1","contentUrl":"https:\/\/i0.wp.com\/ciudadyregion.com.co\/wp-content\/uploads\/2025\/11\/a-1.jpg?fit=800%2C445&ssl=1","width":800,"height":445},{"@type":"BreadcrumbList","@id":"https:\/\/ciudadyregion.com.co\/index.php\/la-agenda-de-los-40-anos-de-la-tragedia-de-armero-una-conmemoracion-de-los-armeritas-acompanada-por-el-tolima-y-la-nacion-en-el-territorio\/regional\/#breadcrumb","itemListElement":[{"@type":"ListItem","position":1,"name":"Portada","item":"https:\/\/ciudadyregion.com.co\/"},{"@type":"ListItem","position":2,"name":"La agenda de los 40 a\u00f1os de la tragedia de Armero: una conmemoraci\u00f3n de los armeritas, acompa\u00f1ada por el Tolima y la naci\u00f3n en el territorio."}]},{"@type":"WebSite","@id":"https:\/\/ciudadyregion.com.co\/#website","url":"https:\/\/ciudadyregion.com.co\/","name":"Ciudad y Region","description":"","potentialAction":[{"@type":"SearchAction","target":{"@type":"EntryPoint","urlTemplate":"https:\/\/ciudadyregion.com.co\/?s={search_term_string}"},"query-input":{"@type":"PropertyValueSpecification","valueRequired":true,"valueName":"search_term_string"}}],"inLanguage":"es"},{"@type":"Person","@id":"https:\/\/ciudadyregion.com.co\/#\/schema\/person\/04a4954373ebc4051f46e8c65ff78622","name":"David Andr\u00e9s Aguirre","image":{"@type":"ImageObject","inLanguage":"es","@id":"https:\/\/ciudadyregion.com.co\/#\/schema\/person\/image\/","url":"https:\/\/secure.gravatar.com\/avatar\/bc3c655860202182ee6d1b5edd042dbe?s=96&d=mm&r=g","contentUrl":"https:\/\/secure.gravatar.com\/avatar\/bc3c655860202182ee6d1b5edd042dbe?s=96&d=mm&r=g","caption":"David Andr\u00e9s Aguirre"},"url":"https:\/\/ciudadyregion.com.co\/index.php\/author\/diegoaguirre\/"}]}},"jetpack_featured_media_url":"https:\/\/i0.wp.com\/ciudadyregion.com.co\/wp-content\/uploads\/2025\/11\/a-1.jpg?fit=800%2C445&ssl=1","jetpack_sharing_enabled":true,"jetpack_shortlink":"https:\/\/wp.me\/pbS7hh-cxk","jetpack-related-posts":[],"_links":{"self":[{"href":"https:\/\/ciudadyregion.com.co\/index.php\/wp-json\/wp\/v2\/posts\/48194"}],"collection":[{"href":"https:\/\/ciudadyregion.com.co\/index.php\/wp-json\/wp\/v2\/posts"}],"about":[{"href":"https:\/\/ciudadyregion.com.co\/index.php\/wp-json\/wp\/v2\/types\/post"}],"author":[{"embeddable":true,"href":"https:\/\/ciudadyregion.com.co\/index.php\/wp-json\/wp\/v2\/users\/2"}],"replies":[{"embeddable":true,"href":"https:\/\/ciudadyregion.com.co\/index.php\/wp-json\/wp\/v2\/comments?post=48194"}],"version-history":[{"count":1,"href":"https:\/\/ciudadyregion.com.co\/index.php\/wp-json\/wp\/v2\/posts\/48194\/revisions"}],"predecessor-version":[{"id":48196,"href":"https:\/\/ciudadyregion.com.co\/index.php\/wp-json\/wp\/v2\/posts\/48194\/revisions\/48196"}],"wp:featuredmedia":[{"embeddable":true,"href":"https:\/\/ciudadyregion.com.co\/index.php\/wp-json\/wp\/v2\/media\/48195"}],"wp:attachment":[{"href":"https:\/\/ciudadyregion.com.co\/index.php\/wp-json\/wp\/v2\/media?parent=48194"}],"wp:term":[{"taxonomy":"category","embeddable":true,"href":"https:\/\/ciudadyregion.com.co\/index.php\/wp-json\/wp\/v2\/categories?post=48194"},{"taxonomy":"post_tag","embeddable":true,"href":"https:\/\/ciudadyregion.com.co\/index.php\/wp-json\/wp\/v2\/tags?post=48194"}],"curies":[{"name":"wp","href":"https:\/\/api.w.org\/{rel}","templated":true}]}}