{"id":48065,"date":"2025-11-04T08:58:13","date_gmt":"2025-11-04T13:58:13","guid":{"rendered":"https:\/\/ciudadyregion.com.co\/?p=48065"},"modified":"2025-11-04T08:58:13","modified_gmt":"2025-11-04T13:58:13","slug":"cepeda-alerta-por-presencia-militar-de-ee-uu-en-el-caribe-y-advierte-posibles-implicaciones-para-colombia","status":"publish","type":"post","link":"https:\/\/ciudadyregion.com.co\/index.php\/cepeda-alerta-por-presencia-militar-de-ee-uu-en-el-caribe-y-advierte-posibles-implicaciones-para-colombia\/politica\/","title":{"rendered":"Cepeda alerta por presencia militar de EE. UU. en el Caribe y advierte posibles implicaciones para Colombia"},"content":{"rendered":"<p>El senador Iv\u00e1n Cepeda lanz\u00f3 una advertencia sobre el incremento de operaciones militares de Estados Unidos en el Caribe y los eventuales efectos que podr\u00eda tener para Colombia. Seg\u00fan el congresista, los movimientos estrat\u00e9gicos de Washington en la zona podr\u00edan derivar en escenarios de intervenci\u00f3n que impacten la seguridad regional y comprometan la pol\u00edtica exterior colombiana.<\/p>\n<p>Cepeda sostuvo que la creciente actividad militar estadounidense debe ser observada con atenci\u00f3n, en especial ante el contexto geopol\u00edtico actual y las tensiones internacionales en torno a la regi\u00f3n. Para el senador, cualquier despliegue que derive en acciones armadas o en presi\u00f3n diplom\u00e1tica podr\u00eda arrastrar a Colombia a din\u00e1micas ajenas a sus intereses soberanos.<\/p>\n<p>El pronunciamiento revive el debate sobre la relaci\u00f3n militar hist\u00f3rica entre Bogot\u00e1 y Washington, as\u00ed como los alcances de los acuerdos de cooperaci\u00f3n existentes. Adem\u00e1s, ocurre en un momento en que el Gobierno del presidente Gustavo Petro ha expresado su intenci\u00f3n de redefinir las prioridades de la pol\u00edtica exterior colombiana y fortalecer posiciones aut\u00f3nomas en materia de defensa y seguridad.<\/p>\n<p>Sectores del Congreso consideran que el pa\u00eds debe evaluar con mayor claridad el rol que desempe\u00f1a en escenarios de influencia internacional, mientras analistas se\u00f1alan que cualquier escalamiento en la regi\u00f3n podr\u00eda tener repercusiones econ\u00f3micas, diplom\u00e1ticas y electorales.<\/p>\n","protected":false},"excerpt":{"rendered":"<p>El senador Iv\u00e1n Cepeda lanz\u00f3 una advertencia sobre el incremento de operaciones militares de Estados Unidos en el Caribe y los eventuales efectos que podr\u00eda tener para Colombia. Seg\u00fan el congresista, los movimientos estrat\u00e9gicos de Washington en la zona podr\u00edan derivar en escenarios de intervenci\u00f3n que impacten la seguridad regional<span class=\"more-link\"><a href=\"https:\/\/ciudadyregion.com.co\/index.php\/cepeda-alerta-por-presencia-militar-de-ee-uu-en-el-caribe-y-advierte-posibles-implicaciones-para-colombia\/politica\/\">Continuar Leyendo<\/a><\/span><\/p>\n","protected":false},"author":2,"featured_media":48075,"comment_status":"open","ping_status":"open","sticky":false,"template":"","format":"standard","meta":{"_uf_show_specific_survey":0,"_uf_disable_surveys":false,"_jetpack_memberships_contains_paid_content":false,"footnotes":"","jetpack_publicize_message":"","jetpack_publicize_feature_enabled":true,"jetpack_social_post_already_shared":true,"jetpack_social_options":{"image_generator_settings":{"template":"highway","enabled":false},"version":2}},"categories":[17],"tags":[],"class_list":["entry","author-diegoaguirre","post-48065","post","type-post","status-publish","format-standard","has-post-thumbnail","category-politica"],"jetpack_publicize_connections":[],"yoast_head":"<!-- This site is optimized with the Yoast SEO plugin v24.3 - https:\/\/yoast.com\/wordpress\/plugins\/seo\/ -->\n<title>Cepeda alerta por presencia militar de EE. UU. en el Caribe y advierte posibles implicaciones para Colombia - Ciudad y Region<\/title>\n<meta name=\"robots\" content=\"index, follow, max-snippet:-1, max-image-preview:large, max-video-preview:-1\" \/>\n<link rel=\"canonical\" href=\"https:\/\/ciudadyregion.com.co\/index.php\/cepeda-alerta-por-presencia-militar-de-ee-uu-en-el-caribe-y-advierte-posibles-implicaciones-para-colombia\/politica\/\" \/>\n<meta property=\"og:locale\" content=\"es_ES\" \/>\n<meta property=\"og:type\" content=\"article\" \/>\n<meta property=\"og:title\" content=\"Cepeda alerta por presencia militar de EE. UU. en el Caribe y advierte posibles implicaciones para Colombia - Ciudad y Region\" \/>\n<meta property=\"og:description\" content=\"El senador Iv\u00e1n Cepeda lanz\u00f3 una advertencia sobre el incremento de operaciones militares de Estados Unidos en el Caribe y los eventuales efectos que podr\u00eda tener para Colombia. Seg\u00fan el congresista, los movimientos estrat\u00e9gicos de Washington en la zona podr\u00edan derivar en escenarios de intervenci\u00f3n que impacten la seguridad regionalContinuar Leyendo\" \/>\n<meta property=\"og:url\" content=\"https:\/\/ciudadyregion.com.co\/index.php\/cepeda-alerta-por-presencia-militar-de-ee-uu-en-el-caribe-y-advierte-posibles-implicaciones-para-colombia\/politica\/\" \/>\n<meta property=\"og:site_name\" content=\"Ciudad y Region\" \/>\n<meta property=\"article:published_time\" content=\"2025-11-04T13:58:13+00:00\" \/>\n<meta property=\"og:image\" content=\"https:\/\/ciudadyregion.com.co\/wp-content\/uploads\/2025\/11\/ivan-cepeda-1.jpg\" \/>\n\t<meta property=\"og:image:width\" content=\"800\" \/>\n\t<meta property=\"og:image:height\" content=\"445\" \/>\n\t<meta property=\"og:image:type\" content=\"image\/jpeg\" \/>\n<meta name=\"author\" content=\"David Andr\u00e9s Aguirre\" \/>\n<meta name=\"twitter:card\" content=\"summary_large_image\" \/>\n<meta name=\"twitter:label1\" content=\"Escrito por\" \/>\n\t<meta name=\"twitter:data1\" content=\"David Andr\u00e9s Aguirre\" \/>\n\t<meta name=\"twitter:label2\" content=\"Tiempo de lectura\" \/>\n\t<meta name=\"twitter:data2\" content=\"2 minutos\" \/>\n<script type=\"application\/ld+json\" class=\"yoast-schema-graph\">{\"@context\":\"https:\/\/schema.org\",\"@graph\":[{\"@type\":\"WebPage\",\"@id\":\"https:\/\/ciudadyregion.com.co\/index.php\/cepeda-alerta-por-presencia-militar-de-ee-uu-en-el-caribe-y-advierte-posibles-implicaciones-para-colombia\/politica\/\",\"url\":\"https:\/\/ciudadyregion.com.co\/index.php\/cepeda-alerta-por-presencia-militar-de-ee-uu-en-el-caribe-y-advierte-posibles-implicaciones-para-colombia\/politica\/\",\"name\":\"Cepeda alerta por presencia militar de EE. UU. en el Caribe y advierte posibles implicaciones para Colombia - Ciudad y Region\",\"isPartOf\":{\"@id\":\"https:\/\/ciudadyregion.com.co\/#website\"},\"primaryImageOfPage\":{\"@id\":\"https:\/\/ciudadyregion.com.co\/index.php\/cepeda-alerta-por-presencia-militar-de-ee-uu-en-el-caribe-y-advierte-posibles-implicaciones-para-colombia\/politica\/#primaryimage\"},\"image\":{\"@id\":\"https:\/\/ciudadyregion.com.co\/index.php\/cepeda-alerta-por-presencia-militar-de-ee-uu-en-el-caribe-y-advierte-posibles-implicaciones-para-colombia\/politica\/#primaryimage\"},\"thumbnailUrl\":\"https:\/\/i0.wp.com\/ciudadyregion.com.co\/wp-content\/uploads\/2025\/11\/ivan-cepeda-1.jpg?fit=800%2C445&ssl=1\",\"datePublished\":\"2025-11-04T13:58:13+00:00\",\"dateModified\":\"2025-11-04T13:58:13+00:00\",\"author\":{\"@id\":\"https:\/\/ciudadyregion.com.co\/#\/schema\/person\/04a4954373ebc4051f46e8c65ff78622\"},\"breadcrumb\":{\"@id\":\"https:\/\/ciudadyregion.com.co\/index.php\/cepeda-alerta-por-presencia-militar-de-ee-uu-en-el-caribe-y-advierte-posibles-implicaciones-para-colombia\/politica\/#breadcrumb\"},\"inLanguage\":\"es\",\"potentialAction\":[{\"@type\":\"ReadAction\",\"target\":[\"https:\/\/ciudadyregion.com.co\/index.php\/cepeda-alerta-por-presencia-militar-de-ee-uu-en-el-caribe-y-advierte-posibles-implicaciones-para-colombia\/politica\/\"]}]},{\"@type\":\"ImageObject\",\"inLanguage\":\"es\",\"@id\":\"https:\/\/ciudadyregion.com.co\/index.php\/cepeda-alerta-por-presencia-militar-de-ee-uu-en-el-caribe-y-advierte-posibles-implicaciones-para-colombia\/politica\/#primaryimage\",\"url\":\"https:\/\/i0.wp.com\/ciudadyregion.com.co\/wp-content\/uploads\/2025\/11\/ivan-cepeda-1.jpg?fit=800%2C445&ssl=1\",\"contentUrl\":\"https:\/\/i0.wp.com\/ciudadyregion.com.co\/wp-content\/uploads\/2025\/11\/ivan-cepeda-1.jpg?fit=800%2C445&ssl=1\",\"width\":800,\"height\":445},{\"@type\":\"BreadcrumbList\",\"@id\":\"https:\/\/ciudadyregion.com.co\/index.php\/cepeda-alerta-por-presencia-militar-de-ee-uu-en-el-caribe-y-advierte-posibles-implicaciones-para-colombia\/politica\/#breadcrumb\",\"itemListElement\":[{\"@type\":\"ListItem\",\"position\":1,\"name\":\"Portada\",\"item\":\"https:\/\/ciudadyregion.com.co\/\"},{\"@type\":\"ListItem\",\"position\":2,\"name\":\"Cepeda alerta por presencia militar de EE. UU. en el Caribe y advierte posibles implicaciones para Colombia\"}]},{\"@type\":\"WebSite\",\"@id\":\"https:\/\/ciudadyregion.com.co\/#website\",\"url\":\"https:\/\/ciudadyregion.com.co\/\",\"name\":\"Ciudad y Region\",\"description\":\"\",\"potentialAction\":[{\"@type\":\"SearchAction\",\"target\":{\"@type\":\"EntryPoint\",\"urlTemplate\":\"https:\/\/ciudadyregion.com.co\/?s={search_term_string}\"},\"query-input\":{\"@type\":\"PropertyValueSpecification\",\"valueRequired\":true,\"valueName\":\"search_term_string\"}}],\"inLanguage\":\"es\"},{\"@type\":\"Person\",\"@id\":\"https:\/\/ciudadyregion.com.co\/#\/schema\/person\/04a4954373ebc4051f46e8c65ff78622\",\"name\":\"David Andr\u00e9s Aguirre\",\"image\":{\"@type\":\"ImageObject\",\"inLanguage\":\"es\",\"@id\":\"https:\/\/ciudadyregion.com.co\/#\/schema\/person\/image\/\",\"url\":\"https:\/\/secure.gravatar.com\/avatar\/bc3c655860202182ee6d1b5edd042dbe?s=96&d=mm&r=g\",\"contentUrl\":\"https:\/\/secure.gravatar.com\/avatar\/bc3c655860202182ee6d1b5edd042dbe?s=96&d=mm&r=g\",\"caption\":\"David Andr\u00e9s Aguirre\"},\"url\":\"https:\/\/ciudadyregion.com.co\/index.php\/author\/diegoaguirre\/\"}]}<\/script>\n<!-- \/ Yoast SEO plugin. -->","yoast_head_json":{"title":"Cepeda alerta por presencia militar de EE. UU. en el Caribe y advierte posibles implicaciones para Colombia - Ciudad y Region","robots":{"index":"index","follow":"follow","max-snippet":"max-snippet:-1","max-image-preview":"max-image-preview:large","max-video-preview":"max-video-preview:-1"},"canonical":"https:\/\/ciudadyregion.com.co\/index.php\/cepeda-alerta-por-presencia-militar-de-ee-uu-en-el-caribe-y-advierte-posibles-implicaciones-para-colombia\/politica\/","og_locale":"es_ES","og_type":"article","og_title":"Cepeda alerta por presencia militar de EE. UU. en el Caribe y advierte posibles implicaciones para Colombia - Ciudad y Region","og_description":"El senador Iv\u00e1n Cepeda lanz\u00f3 una advertencia sobre el incremento de operaciones militares de Estados Unidos en el Caribe y los eventuales efectos que podr\u00eda tener para Colombia. Seg\u00fan el congresista, los movimientos estrat\u00e9gicos de Washington en la zona podr\u00edan derivar en escenarios de intervenci\u00f3n que impacten la seguridad regionalContinuar Leyendo","og_url":"https:\/\/ciudadyregion.com.co\/index.php\/cepeda-alerta-por-presencia-militar-de-ee-uu-en-el-caribe-y-advierte-posibles-implicaciones-para-colombia\/politica\/","og_site_name":"Ciudad y Region","article_published_time":"2025-11-04T13:58:13+00:00","og_image":[{"width":800,"height":445,"url":"https:\/\/ciudadyregion.com.co\/wp-content\/uploads\/2025\/11\/ivan-cepeda-1.jpg","type":"image\/jpeg"}],"author":"David Andr\u00e9s Aguirre","twitter_card":"summary_large_image","twitter_misc":{"Escrito por":"David Andr\u00e9s Aguirre","Tiempo de lectura":"2 minutos"},"schema":{"@context":"https:\/\/schema.org","@graph":[{"@type":"WebPage","@id":"https:\/\/ciudadyregion.com.co\/index.php\/cepeda-alerta-por-presencia-militar-de-ee-uu-en-el-caribe-y-advierte-posibles-implicaciones-para-colombia\/politica\/","url":"https:\/\/ciudadyregion.com.co\/index.php\/cepeda-alerta-por-presencia-militar-de-ee-uu-en-el-caribe-y-advierte-posibles-implicaciones-para-colombia\/politica\/","name":"Cepeda alerta por presencia militar de EE. UU. en el Caribe y advierte posibles implicaciones para Colombia - Ciudad y Region","isPartOf":{"@id":"https:\/\/ciudadyregion.com.co\/#website"},"primaryImageOfPage":{"@id":"https:\/\/ciudadyregion.com.co\/index.php\/cepeda-alerta-por-presencia-militar-de-ee-uu-en-el-caribe-y-advierte-posibles-implicaciones-para-colombia\/politica\/#primaryimage"},"image":{"@id":"https:\/\/ciudadyregion.com.co\/index.php\/cepeda-alerta-por-presencia-militar-de-ee-uu-en-el-caribe-y-advierte-posibles-implicaciones-para-colombia\/politica\/#primaryimage"},"thumbnailUrl":"https:\/\/i0.wp.com\/ciudadyregion.com.co\/wp-content\/uploads\/2025\/11\/ivan-cepeda-1.jpg?fit=800%2C445&ssl=1","datePublished":"2025-11-04T13:58:13+00:00","dateModified":"2025-11-04T13:58:13+00:00","author":{"@id":"https:\/\/ciudadyregion.com.co\/#\/schema\/person\/04a4954373ebc4051f46e8c65ff78622"},"breadcrumb":{"@id":"https:\/\/ciudadyregion.com.co\/index.php\/cepeda-alerta-por-presencia-militar-de-ee-uu-en-el-caribe-y-advierte-posibles-implicaciones-para-colombia\/politica\/#breadcrumb"},"inLanguage":"es","potentialAction":[{"@type":"ReadAction","target":["https:\/\/ciudadyregion.com.co\/index.php\/cepeda-alerta-por-presencia-militar-de-ee-uu-en-el-caribe-y-advierte-posibles-implicaciones-para-colombia\/politica\/"]}]},{"@type":"ImageObject","inLanguage":"es","@id":"https:\/\/ciudadyregion.com.co\/index.php\/cepeda-alerta-por-presencia-militar-de-ee-uu-en-el-caribe-y-advierte-posibles-implicaciones-para-colombia\/politica\/#primaryimage","url":"https:\/\/i0.wp.com\/ciudadyregion.com.co\/wp-content\/uploads\/2025\/11\/ivan-cepeda-1.jpg?fit=800%2C445&ssl=1","contentUrl":"https:\/\/i0.wp.com\/ciudadyregion.com.co\/wp-content\/uploads\/2025\/11\/ivan-cepeda-1.jpg?fit=800%2C445&ssl=1","width":800,"height":445},{"@type":"BreadcrumbList","@id":"https:\/\/ciudadyregion.com.co\/index.php\/cepeda-alerta-por-presencia-militar-de-ee-uu-en-el-caribe-y-advierte-posibles-implicaciones-para-colombia\/politica\/#breadcrumb","itemListElement":[{"@type":"ListItem","position":1,"name":"Portada","item":"https:\/\/ciudadyregion.com.co\/"},{"@type":"ListItem","position":2,"name":"Cepeda alerta por presencia militar de EE. UU. en el Caribe y advierte posibles implicaciones para Colombia"}]},{"@type":"WebSite","@id":"https:\/\/ciudadyregion.com.co\/#website","url":"https:\/\/ciudadyregion.com.co\/","name":"Ciudad y Region","description":"","potentialAction":[{"@type":"SearchAction","target":{"@type":"EntryPoint","urlTemplate":"https:\/\/ciudadyregion.com.co\/?s={search_term_string}"},"query-input":{"@type":"PropertyValueSpecification","valueRequired":true,"valueName":"search_term_string"}}],"inLanguage":"es"},{"@type":"Person","@id":"https:\/\/ciudadyregion.com.co\/#\/schema\/person\/04a4954373ebc4051f46e8c65ff78622","name":"David Andr\u00e9s Aguirre","image":{"@type":"ImageObject","inLanguage":"es","@id":"https:\/\/ciudadyregion.com.co\/#\/schema\/person\/image\/","url":"https:\/\/secure.gravatar.com\/avatar\/bc3c655860202182ee6d1b5edd042dbe?s=96&d=mm&r=g","contentUrl":"https:\/\/secure.gravatar.com\/avatar\/bc3c655860202182ee6d1b5edd042dbe?s=96&d=mm&r=g","caption":"David Andr\u00e9s Aguirre"},"url":"https:\/\/ciudadyregion.com.co\/index.php\/author\/diegoaguirre\/"}]}},"jetpack_featured_media_url":"https:\/\/i0.wp.com\/ciudadyregion.com.co\/wp-content\/uploads\/2025\/11\/ivan-cepeda-1.jpg?fit=800%2C445&ssl=1","jetpack_sharing_enabled":true,"jetpack_shortlink":"https:\/\/wp.me\/pbS7hh-cvf","jetpack-related-posts":[],"_links":{"self":[{"href":"https:\/\/ciudadyregion.com.co\/index.php\/wp-json\/wp\/v2\/posts\/48065"}],"collection":[{"href":"https:\/\/ciudadyregion.com.co\/index.php\/wp-json\/wp\/v2\/posts"}],"about":[{"href":"https:\/\/ciudadyregion.com.co\/index.php\/wp-json\/wp\/v2\/types\/post"}],"author":[{"embeddable":true,"href":"https:\/\/ciudadyregion.com.co\/index.php\/wp-json\/wp\/v2\/users\/2"}],"replies":[{"embeddable":true,"href":"https:\/\/ciudadyregion.com.co\/index.php\/wp-json\/wp\/v2\/comments?post=48065"}],"version-history":[{"count":1,"href":"https:\/\/ciudadyregion.com.co\/index.php\/wp-json\/wp\/v2\/posts\/48065\/revisions"}],"predecessor-version":[{"id":48091,"href":"https:\/\/ciudadyregion.com.co\/index.php\/wp-json\/wp\/v2\/posts\/48065\/revisions\/48091"}],"wp:featuredmedia":[{"embeddable":true,"href":"https:\/\/ciudadyregion.com.co\/index.php\/wp-json\/wp\/v2\/media\/48075"}],"wp:attachment":[{"href":"https:\/\/ciudadyregion.com.co\/index.php\/wp-json\/wp\/v2\/media?parent=48065"}],"wp:term":[{"taxonomy":"category","embeddable":true,"href":"https:\/\/ciudadyregion.com.co\/index.php\/wp-json\/wp\/v2\/categories?post=48065"},{"taxonomy":"post_tag","embeddable":true,"href":"https:\/\/ciudadyregion.com.co\/index.php\/wp-json\/wp\/v2\/tags?post=48065"}],"curies":[{"name":"wp","href":"https:\/\/api.w.org\/{rel}","templated":true}]}}