{"id":48063,"date":"2025-11-04T08:55:14","date_gmt":"2025-11-04T13:55:14","guid":{"rendered":"https:\/\/ciudadyregion.com.co\/?p=48063"},"modified":"2025-11-04T08:55:14","modified_gmt":"2025-11-04T13:55:14","slug":"retraccion-del-programa-mi-casa-ya-profundiza-crisis-en-el-acceso-a-vivienda-y-golpea-al-sector-constructor","status":"publish","type":"post","link":"https:\/\/ciudadyregion.com.co\/index.php\/retraccion-del-programa-mi-casa-ya-profundiza-crisis-en-el-acceso-a-vivienda-y-golpea-al-sector-constructor\/nacional\/","title":{"rendered":"Retracci\u00f3n del programa Mi Casa Ya profundiza crisis en el acceso a vivienda y golpea al sector constructor"},"content":{"rendered":"<p>La suspensi\u00f3n del programa de subsidios Mi Casa Ya ha desencadenado una contracci\u00f3n significativa en el acceso a vivienda y en la din\u00e1mica de la construcci\u00f3n en el pa\u00eds, seg\u00fan un an\u00e1lisis publicado por Cambio. Las consecuencias ya se reflejan tanto en los hogares como en la actividad econ\u00f3mica del sector.<\/p>\n<p>De acuerdo con el reporte, cerca de 30.000 familias desistieron de adquirir vivienda ante la ausencia del apoyo estatal, lo que se traduce en el nivel m\u00e1s bajo de ventas iniciadas desde 2012. La ca\u00edda de la demanda est\u00e1 afectando directamente la cadena productiva y ha llevado a que el empleo formal en construcci\u00f3n disminuya, mientras la informalidad contin\u00faa al alza.<\/p>\n<p>La medida tambi\u00e9n abre un frente pol\u00edtico para el Gobierno del presidente Gustavo Petro, cuya apuesta por fortalecer las pol\u00edticas sociales inclu\u00eda este programa como pieza clave para la movilidad social. El retroceso en cobertura y los efectos en el mercado han encendido alertas y generado tensiones entre el Ejecutivo y los actores del sector, que piden claridad sobre alternativas para reactivar la financiaci\u00f3n habitacional.<\/p>\n<p>En medio de este panorama, se espera que el Gobierno presente nuevas herramientas para estabilizar el mercado y garantizar opciones de acceso a vivienda, en un contexto donde miles de familias permanecen en incertidumbre.<\/p>\n","protected":false},"excerpt":{"rendered":"<p>La suspensi\u00f3n del programa de subsidios Mi Casa Ya ha desencadenado una contracci\u00f3n significativa en el acceso a vivienda y en la din\u00e1mica de la construcci\u00f3n en el pa\u00eds, seg\u00fan un an\u00e1lisis publicado por Cambio. Las consecuencias ya se reflejan tanto en los hogares como en la actividad econ\u00f3mica del<span class=\"more-link\"><a href=\"https:\/\/ciudadyregion.com.co\/index.php\/retraccion-del-programa-mi-casa-ya-profundiza-crisis-en-el-acceso-a-vivienda-y-golpea-al-sector-constructor\/nacional\/\">Continuar Leyendo<\/a><\/span><\/p>\n","protected":false},"author":2,"featured_media":48073,"comment_status":"open","ping_status":"open","sticky":false,"template":"","format":"standard","meta":{"_uf_show_specific_survey":0,"_uf_disable_surveys":false,"_jetpack_memberships_contains_paid_content":false,"footnotes":"","jetpack_publicize_message":"","jetpack_publicize_feature_enabled":true,"jetpack_social_post_already_shared":true,"jetpack_social_options":{"image_generator_settings":{"template":"highway","enabled":false},"version":2}},"categories":[23],"tags":[],"class_list":["entry","author-diegoaguirre","post-48063","post","type-post","status-publish","format-standard","has-post-thumbnail","category-nacional"],"jetpack_publicize_connections":[],"yoast_head":"<!-- This site is optimized with the Yoast SEO plugin v24.3 - https:\/\/yoast.com\/wordpress\/plugins\/seo\/ -->\n<title>Retracci\u00f3n del programa Mi Casa Ya profundiza crisis en el acceso a vivienda y golpea al sector constructor - Ciudad y Region<\/title>\n<meta name=\"robots\" content=\"index, follow, max-snippet:-1, max-image-preview:large, max-video-preview:-1\" \/>\n<link rel=\"canonical\" href=\"https:\/\/ciudadyregion.com.co\/index.php\/retraccion-del-programa-mi-casa-ya-profundiza-crisis-en-el-acceso-a-vivienda-y-golpea-al-sector-constructor\/nacional\/\" \/>\n<meta property=\"og:locale\" content=\"es_ES\" \/>\n<meta property=\"og:type\" content=\"article\" \/>\n<meta property=\"og:title\" content=\"Retracci\u00f3n del programa Mi Casa Ya profundiza crisis en el acceso a vivienda y golpea al sector constructor - Ciudad y Region\" \/>\n<meta property=\"og:description\" content=\"La suspensi\u00f3n del programa de subsidios Mi Casa Ya ha desencadenado una contracci\u00f3n significativa en el acceso a vivienda y en la din\u00e1mica de la construcci\u00f3n en el pa\u00eds, seg\u00fan un an\u00e1lisis publicado por Cambio. Las consecuencias ya se reflejan tanto en los hogares como en la actividad econ\u00f3mica delContinuar Leyendo\" \/>\n<meta property=\"og:url\" content=\"https:\/\/ciudadyregion.com.co\/index.php\/retraccion-del-programa-mi-casa-ya-profundiza-crisis-en-el-acceso-a-vivienda-y-golpea-al-sector-constructor\/nacional\/\" \/>\n<meta property=\"og:site_name\" content=\"Ciudad y Region\" \/>\n<meta property=\"article:published_time\" content=\"2025-11-04T13:55:14+00:00\" \/>\n<meta property=\"og:image\" content=\"https:\/\/ciudadyregion.com.co\/wp-content\/uploads\/2025\/11\/Pag-39.jpg\" \/>\n\t<meta property=\"og:image:width\" content=\"800\" \/>\n\t<meta property=\"og:image:height\" content=\"445\" \/>\n\t<meta property=\"og:image:type\" content=\"image\/jpeg\" \/>\n<meta name=\"author\" content=\"David Andr\u00e9s Aguirre\" \/>\n<meta name=\"twitter:card\" content=\"summary_large_image\" \/>\n<meta name=\"twitter:label1\" content=\"Escrito por\" \/>\n\t<meta name=\"twitter:data1\" content=\"David Andr\u00e9s Aguirre\" \/>\n\t<meta name=\"twitter:label2\" content=\"Tiempo de lectura\" \/>\n\t<meta name=\"twitter:data2\" content=\"2 minutos\" \/>\n<script type=\"application\/ld+json\" class=\"yoast-schema-graph\">{\"@context\":\"https:\/\/schema.org\",\"@graph\":[{\"@type\":\"WebPage\",\"@id\":\"https:\/\/ciudadyregion.com.co\/index.php\/retraccion-del-programa-mi-casa-ya-profundiza-crisis-en-el-acceso-a-vivienda-y-golpea-al-sector-constructor\/nacional\/\",\"url\":\"https:\/\/ciudadyregion.com.co\/index.php\/retraccion-del-programa-mi-casa-ya-profundiza-crisis-en-el-acceso-a-vivienda-y-golpea-al-sector-constructor\/nacional\/\",\"name\":\"Retracci\u00f3n del programa Mi Casa Ya profundiza crisis en el acceso a vivienda y golpea al sector constructor - Ciudad y Region\",\"isPartOf\":{\"@id\":\"https:\/\/ciudadyregion.com.co\/#website\"},\"primaryImageOfPage\":{\"@id\":\"https:\/\/ciudadyregion.com.co\/index.php\/retraccion-del-programa-mi-casa-ya-profundiza-crisis-en-el-acceso-a-vivienda-y-golpea-al-sector-constructor\/nacional\/#primaryimage\"},\"image\":{\"@id\":\"https:\/\/ciudadyregion.com.co\/index.php\/retraccion-del-programa-mi-casa-ya-profundiza-crisis-en-el-acceso-a-vivienda-y-golpea-al-sector-constructor\/nacional\/#primaryimage\"},\"thumbnailUrl\":\"https:\/\/i0.wp.com\/ciudadyregion.com.co\/wp-content\/uploads\/2025\/11\/Pag-39.jpg?fit=800%2C445&ssl=1\",\"datePublished\":\"2025-11-04T13:55:14+00:00\",\"dateModified\":\"2025-11-04T13:55:14+00:00\",\"author\":{\"@id\":\"https:\/\/ciudadyregion.com.co\/#\/schema\/person\/04a4954373ebc4051f46e8c65ff78622\"},\"breadcrumb\":{\"@id\":\"https:\/\/ciudadyregion.com.co\/index.php\/retraccion-del-programa-mi-casa-ya-profundiza-crisis-en-el-acceso-a-vivienda-y-golpea-al-sector-constructor\/nacional\/#breadcrumb\"},\"inLanguage\":\"es\",\"potentialAction\":[{\"@type\":\"ReadAction\",\"target\":[\"https:\/\/ciudadyregion.com.co\/index.php\/retraccion-del-programa-mi-casa-ya-profundiza-crisis-en-el-acceso-a-vivienda-y-golpea-al-sector-constructor\/nacional\/\"]}]},{\"@type\":\"ImageObject\",\"inLanguage\":\"es\",\"@id\":\"https:\/\/ciudadyregion.com.co\/index.php\/retraccion-del-programa-mi-casa-ya-profundiza-crisis-en-el-acceso-a-vivienda-y-golpea-al-sector-constructor\/nacional\/#primaryimage\",\"url\":\"https:\/\/i0.wp.com\/ciudadyregion.com.co\/wp-content\/uploads\/2025\/11\/Pag-39.jpg?fit=800%2C445&ssl=1\",\"contentUrl\":\"https:\/\/i0.wp.com\/ciudadyregion.com.co\/wp-content\/uploads\/2025\/11\/Pag-39.jpg?fit=800%2C445&ssl=1\",\"width\":800,\"height\":445},{\"@type\":\"BreadcrumbList\",\"@id\":\"https:\/\/ciudadyregion.com.co\/index.php\/retraccion-del-programa-mi-casa-ya-profundiza-crisis-en-el-acceso-a-vivienda-y-golpea-al-sector-constructor\/nacional\/#breadcrumb\",\"itemListElement\":[{\"@type\":\"ListItem\",\"position\":1,\"name\":\"Portada\",\"item\":\"https:\/\/ciudadyregion.com.co\/\"},{\"@type\":\"ListItem\",\"position\":2,\"name\":\"Retracci\u00f3n del programa Mi Casa Ya profundiza crisis en el acceso a vivienda y golpea al sector constructor\"}]},{\"@type\":\"WebSite\",\"@id\":\"https:\/\/ciudadyregion.com.co\/#website\",\"url\":\"https:\/\/ciudadyregion.com.co\/\",\"name\":\"Ciudad y Region\",\"description\":\"\",\"potentialAction\":[{\"@type\":\"SearchAction\",\"target\":{\"@type\":\"EntryPoint\",\"urlTemplate\":\"https:\/\/ciudadyregion.com.co\/?s={search_term_string}\"},\"query-input\":{\"@type\":\"PropertyValueSpecification\",\"valueRequired\":true,\"valueName\":\"search_term_string\"}}],\"inLanguage\":\"es\"},{\"@type\":\"Person\",\"@id\":\"https:\/\/ciudadyregion.com.co\/#\/schema\/person\/04a4954373ebc4051f46e8c65ff78622\",\"name\":\"David Andr\u00e9s Aguirre\",\"image\":{\"@type\":\"ImageObject\",\"inLanguage\":\"es\",\"@id\":\"https:\/\/ciudadyregion.com.co\/#\/schema\/person\/image\/\",\"url\":\"https:\/\/secure.gravatar.com\/avatar\/bc3c655860202182ee6d1b5edd042dbe?s=96&d=mm&r=g\",\"contentUrl\":\"https:\/\/secure.gravatar.com\/avatar\/bc3c655860202182ee6d1b5edd042dbe?s=96&d=mm&r=g\",\"caption\":\"David Andr\u00e9s Aguirre\"},\"url\":\"https:\/\/ciudadyregion.com.co\/index.php\/author\/diegoaguirre\/\"}]}<\/script>\n<!-- \/ Yoast SEO plugin. -->","yoast_head_json":{"title":"Retracci\u00f3n del programa Mi Casa Ya profundiza crisis en el acceso a vivienda y golpea al sector constructor - Ciudad y Region","robots":{"index":"index","follow":"follow","max-snippet":"max-snippet:-1","max-image-preview":"max-image-preview:large","max-video-preview":"max-video-preview:-1"},"canonical":"https:\/\/ciudadyregion.com.co\/index.php\/retraccion-del-programa-mi-casa-ya-profundiza-crisis-en-el-acceso-a-vivienda-y-golpea-al-sector-constructor\/nacional\/","og_locale":"es_ES","og_type":"article","og_title":"Retracci\u00f3n del programa Mi Casa Ya profundiza crisis en el acceso a vivienda y golpea al sector constructor - Ciudad y Region","og_description":"La suspensi\u00f3n del programa de subsidios Mi Casa Ya ha desencadenado una contracci\u00f3n significativa en el acceso a vivienda y en la din\u00e1mica de la construcci\u00f3n en el pa\u00eds, seg\u00fan un an\u00e1lisis publicado por Cambio. Las consecuencias ya se reflejan tanto en los hogares como en la actividad econ\u00f3mica delContinuar Leyendo","og_url":"https:\/\/ciudadyregion.com.co\/index.php\/retraccion-del-programa-mi-casa-ya-profundiza-crisis-en-el-acceso-a-vivienda-y-golpea-al-sector-constructor\/nacional\/","og_site_name":"Ciudad y Region","article_published_time":"2025-11-04T13:55:14+00:00","og_image":[{"width":800,"height":445,"url":"https:\/\/ciudadyregion.com.co\/wp-content\/uploads\/2025\/11\/Pag-39.jpg","type":"image\/jpeg"}],"author":"David Andr\u00e9s Aguirre","twitter_card":"summary_large_image","twitter_misc":{"Escrito por":"David Andr\u00e9s Aguirre","Tiempo de lectura":"2 minutos"},"schema":{"@context":"https:\/\/schema.org","@graph":[{"@type":"WebPage","@id":"https:\/\/ciudadyregion.com.co\/index.php\/retraccion-del-programa-mi-casa-ya-profundiza-crisis-en-el-acceso-a-vivienda-y-golpea-al-sector-constructor\/nacional\/","url":"https:\/\/ciudadyregion.com.co\/index.php\/retraccion-del-programa-mi-casa-ya-profundiza-crisis-en-el-acceso-a-vivienda-y-golpea-al-sector-constructor\/nacional\/","name":"Retracci\u00f3n del programa Mi Casa Ya profundiza crisis en el acceso a vivienda y golpea al sector constructor - Ciudad y Region","isPartOf":{"@id":"https:\/\/ciudadyregion.com.co\/#website"},"primaryImageOfPage":{"@id":"https:\/\/ciudadyregion.com.co\/index.php\/retraccion-del-programa-mi-casa-ya-profundiza-crisis-en-el-acceso-a-vivienda-y-golpea-al-sector-constructor\/nacional\/#primaryimage"},"image":{"@id":"https:\/\/ciudadyregion.com.co\/index.php\/retraccion-del-programa-mi-casa-ya-profundiza-crisis-en-el-acceso-a-vivienda-y-golpea-al-sector-constructor\/nacional\/#primaryimage"},"thumbnailUrl":"https:\/\/i0.wp.com\/ciudadyregion.com.co\/wp-content\/uploads\/2025\/11\/Pag-39.jpg?fit=800%2C445&ssl=1","datePublished":"2025-11-04T13:55:14+00:00","dateModified":"2025-11-04T13:55:14+00:00","author":{"@id":"https:\/\/ciudadyregion.com.co\/#\/schema\/person\/04a4954373ebc4051f46e8c65ff78622"},"breadcrumb":{"@id":"https:\/\/ciudadyregion.com.co\/index.php\/retraccion-del-programa-mi-casa-ya-profundiza-crisis-en-el-acceso-a-vivienda-y-golpea-al-sector-constructor\/nacional\/#breadcrumb"},"inLanguage":"es","potentialAction":[{"@type":"ReadAction","target":["https:\/\/ciudadyregion.com.co\/index.php\/retraccion-del-programa-mi-casa-ya-profundiza-crisis-en-el-acceso-a-vivienda-y-golpea-al-sector-constructor\/nacional\/"]}]},{"@type":"ImageObject","inLanguage":"es","@id":"https:\/\/ciudadyregion.com.co\/index.php\/retraccion-del-programa-mi-casa-ya-profundiza-crisis-en-el-acceso-a-vivienda-y-golpea-al-sector-constructor\/nacional\/#primaryimage","url":"https:\/\/i0.wp.com\/ciudadyregion.com.co\/wp-content\/uploads\/2025\/11\/Pag-39.jpg?fit=800%2C445&ssl=1","contentUrl":"https:\/\/i0.wp.com\/ciudadyregion.com.co\/wp-content\/uploads\/2025\/11\/Pag-39.jpg?fit=800%2C445&ssl=1","width":800,"height":445},{"@type":"BreadcrumbList","@id":"https:\/\/ciudadyregion.com.co\/index.php\/retraccion-del-programa-mi-casa-ya-profundiza-crisis-en-el-acceso-a-vivienda-y-golpea-al-sector-constructor\/nacional\/#breadcrumb","itemListElement":[{"@type":"ListItem","position":1,"name":"Portada","item":"https:\/\/ciudadyregion.com.co\/"},{"@type":"ListItem","position":2,"name":"Retracci\u00f3n del programa Mi Casa Ya profundiza crisis en el acceso a vivienda y golpea al sector constructor"}]},{"@type":"WebSite","@id":"https:\/\/ciudadyregion.com.co\/#website","url":"https:\/\/ciudadyregion.com.co\/","name":"Ciudad y Region","description":"","potentialAction":[{"@type":"SearchAction","target":{"@type":"EntryPoint","urlTemplate":"https:\/\/ciudadyregion.com.co\/?s={search_term_string}"},"query-input":{"@type":"PropertyValueSpecification","valueRequired":true,"valueName":"search_term_string"}}],"inLanguage":"es"},{"@type":"Person","@id":"https:\/\/ciudadyregion.com.co\/#\/schema\/person\/04a4954373ebc4051f46e8c65ff78622","name":"David Andr\u00e9s Aguirre","image":{"@type":"ImageObject","inLanguage":"es","@id":"https:\/\/ciudadyregion.com.co\/#\/schema\/person\/image\/","url":"https:\/\/secure.gravatar.com\/avatar\/bc3c655860202182ee6d1b5edd042dbe?s=96&d=mm&r=g","contentUrl":"https:\/\/secure.gravatar.com\/avatar\/bc3c655860202182ee6d1b5edd042dbe?s=96&d=mm&r=g","caption":"David Andr\u00e9s Aguirre"},"url":"https:\/\/ciudadyregion.com.co\/index.php\/author\/diegoaguirre\/"}]}},"jetpack_featured_media_url":"https:\/\/i0.wp.com\/ciudadyregion.com.co\/wp-content\/uploads\/2025\/11\/Pag-39.jpg?fit=800%2C445&ssl=1","jetpack_sharing_enabled":true,"jetpack_shortlink":"https:\/\/wp.me\/pbS7hh-cvd","jetpack-related-posts":[],"_links":{"self":[{"href":"https:\/\/ciudadyregion.com.co\/index.php\/wp-json\/wp\/v2\/posts\/48063"}],"collection":[{"href":"https:\/\/ciudadyregion.com.co\/index.php\/wp-json\/wp\/v2\/posts"}],"about":[{"href":"https:\/\/ciudadyregion.com.co\/index.php\/wp-json\/wp\/v2\/types\/post"}],"author":[{"embeddable":true,"href":"https:\/\/ciudadyregion.com.co\/index.php\/wp-json\/wp\/v2\/users\/2"}],"replies":[{"embeddable":true,"href":"https:\/\/ciudadyregion.com.co\/index.php\/wp-json\/wp\/v2\/comments?post=48063"}],"version-history":[{"count":1,"href":"https:\/\/ciudadyregion.com.co\/index.php\/wp-json\/wp\/v2\/posts\/48063\/revisions"}],"predecessor-version":[{"id":48088,"href":"https:\/\/ciudadyregion.com.co\/index.php\/wp-json\/wp\/v2\/posts\/48063\/revisions\/48088"}],"wp:featuredmedia":[{"embeddable":true,"href":"https:\/\/ciudadyregion.com.co\/index.php\/wp-json\/wp\/v2\/media\/48073"}],"wp:attachment":[{"href":"https:\/\/ciudadyregion.com.co\/index.php\/wp-json\/wp\/v2\/media?parent=48063"}],"wp:term":[{"taxonomy":"category","embeddable":true,"href":"https:\/\/ciudadyregion.com.co\/index.php\/wp-json\/wp\/v2\/categories?post=48063"},{"taxonomy":"post_tag","embeddable":true,"href":"https:\/\/ciudadyregion.com.co\/index.php\/wp-json\/wp\/v2\/tags?post=48063"}],"curies":[{"name":"wp","href":"https:\/\/api.w.org\/{rel}","templated":true}]}}