{"id":48059,"date":"2025-11-04T08:32:06","date_gmt":"2025-11-04T13:32:06","guid":{"rendered":"https:\/\/ciudadyregion.com.co\/?p=48059"},"modified":"2025-11-04T08:32:06","modified_gmt":"2025-11-04T13:32:06","slug":"petro-critica-decision-de-la-onu-y-acusa-influencia-de-ee-uu-sobre-colombia","status":"publish","type":"post","link":"https:\/\/ciudadyregion.com.co\/index.php\/petro-critica-decision-de-la-onu-y-acusa-influencia-de-ee-uu-sobre-colombia\/internacional\/","title":{"rendered":"Petro critica decisi\u00f3n de la ONU y acusa influencia de EE.\u202fUU. sobre Colombia"},"content":{"rendered":"<p>El presidente Gustavo Petro (@petrogustavo) cuestion\u00f3 la decisi\u00f3n del Consejo de Seguridad de la ONU de retirar a la @MisionONUCol el mandato de verificar las sanciones emitidas por la Jurisdicci\u00f3n Especial para la Paz (@JEP_Colombia), calific\u00e1ndola como una muestra de la \u201cdisplicencia del gobierno actual de los EE.\u202fUU. con la verdad en Colombia\u201d.<\/p>\n<p>Seg\u00fan el mandatario, esta medida no es neutral y refleja los intereses pol\u00edticos de Estados Unidos y sus aliados en Colombia, particularmente en relaci\u00f3n con el narcotr\u00e1fico y ciertos sectores pol\u00edticos locales. Petro asegur\u00f3 que la decisi\u00f3n debilita la supervisi\u00f3n internacional sobre el cumplimiento del Acuerdo de Paz y, en particular, sobre los casos que afectan a las v\u00edctimas del conflicto armado y a la justicia transicional en el pa\u00eds.<\/p>\n<p>El retiro de este mandato, seg\u00fan el presidente, afecta directamente a la JEP, que ha sido un instrumento clave para sancionar y juzgar a responsables de cr\u00edmenes graves cometidos durante el conflicto armado, y limita la capacidad de la comunidad internacional para garantizar que las sanciones se cumplan efectivamente.<\/p>\n<p>Petro enfatiz\u00f3 que esta situaci\u00f3n demuestra la necesidad de que Colombia fortalezca sus mecanismos de justicia y protecci\u00f3n de los derechos de las v\u00edctimas, incluso frente a presiones externas que podr\u00edan obstaculizar la consolidaci\u00f3n de una paz con justicia.<\/p>\n","protected":false},"excerpt":{"rendered":"<p>El presidente Gustavo Petro (@petrogustavo) cuestion\u00f3 la decisi\u00f3n del Consejo de Seguridad de la ONU de retirar a la @MisionONUCol el mandato de verificar las sanciones emitidas por la Jurisdicci\u00f3n Especial para la Paz (@JEP_Colombia), calific\u00e1ndola como una muestra de la \u201cdisplicencia del gobierno actual de los EE.\u202fUU. con la<span class=\"more-link\"><a href=\"https:\/\/ciudadyregion.com.co\/index.php\/petro-critica-decision-de-la-onu-y-acusa-influencia-de-ee-uu-sobre-colombia\/internacional\/\">Continuar Leyendo<\/a><\/span><\/p>\n","protected":false},"author":2,"featured_media":48060,"comment_status":"open","ping_status":"open","sticky":false,"template":"","format":"standard","meta":{"_uf_show_specific_survey":0,"_uf_disable_surveys":false,"_jetpack_memberships_contains_paid_content":false,"footnotes":"","jetpack_publicize_message":"","jetpack_publicize_feature_enabled":true,"jetpack_social_post_already_shared":true,"jetpack_social_options":{"image_generator_settings":{"template":"highway","enabled":false},"version":2}},"categories":[20],"tags":[],"class_list":["entry","author-diegoaguirre","post-48059","post","type-post","status-publish","format-standard","has-post-thumbnail","category-internacional"],"jetpack_publicize_connections":[],"yoast_head":"<!-- This site is optimized with the Yoast SEO plugin v24.3 - https:\/\/yoast.com\/wordpress\/plugins\/seo\/ -->\n<title>Petro critica decisi\u00f3n de la ONU y acusa influencia de EE.\u202fUU. sobre Colombia - Ciudad y Region<\/title>\n<meta name=\"robots\" content=\"index, follow, max-snippet:-1, max-image-preview:large, max-video-preview:-1\" \/>\n<link rel=\"canonical\" href=\"https:\/\/ciudadyregion.com.co\/index.php\/petro-critica-decision-de-la-onu-y-acusa-influencia-de-ee-uu-sobre-colombia\/internacional\/\" \/>\n<meta property=\"og:locale\" content=\"es_ES\" \/>\n<meta property=\"og:type\" content=\"article\" \/>\n<meta property=\"og:title\" content=\"Petro critica decisi\u00f3n de la ONU y acusa influencia de EE.\u202fUU. sobre Colombia - Ciudad y Region\" \/>\n<meta property=\"og:description\" content=\"El presidente Gustavo Petro (@petrogustavo) cuestion\u00f3 la decisi\u00f3n del Consejo de Seguridad de la ONU de retirar a la @MisionONUCol el mandato de verificar las sanciones emitidas por la Jurisdicci\u00f3n Especial para la Paz (@JEP_Colombia), calific\u00e1ndola como una muestra de la \u201cdisplicencia del gobierno actual de los EE.\u202fUU. con laContinuar Leyendo\" \/>\n<meta property=\"og:url\" content=\"https:\/\/ciudadyregion.com.co\/index.php\/petro-critica-decision-de-la-onu-y-acusa-influencia-de-ee-uu-sobre-colombia\/internacional\/\" \/>\n<meta property=\"og:site_name\" content=\"Ciudad y Region\" \/>\n<meta property=\"article:published_time\" content=\"2025-11-04T13:32:06+00:00\" \/>\n<meta property=\"og:image\" content=\"https:\/\/ciudadyregion.com.co\/wp-content\/uploads\/2025\/11\/petro-onu.webp\" \/>\n\t<meta property=\"og:image:width\" content=\"800\" \/>\n\t<meta property=\"og:image:height\" content=\"445\" \/>\n\t<meta property=\"og:image:type\" content=\"image\/webp\" \/>\n<meta name=\"author\" content=\"David Andr\u00e9s Aguirre\" \/>\n<meta name=\"twitter:card\" content=\"summary_large_image\" \/>\n<meta name=\"twitter:label1\" content=\"Escrito por\" \/>\n\t<meta name=\"twitter:data1\" content=\"David Andr\u00e9s Aguirre\" \/>\n\t<meta name=\"twitter:label2\" content=\"Tiempo de lectura\" \/>\n\t<meta name=\"twitter:data2\" content=\"2 minutos\" \/>\n<script type=\"application\/ld+json\" class=\"yoast-schema-graph\">{\"@context\":\"https:\/\/schema.org\",\"@graph\":[{\"@type\":\"WebPage\",\"@id\":\"https:\/\/ciudadyregion.com.co\/index.php\/petro-critica-decision-de-la-onu-y-acusa-influencia-de-ee-uu-sobre-colombia\/internacional\/\",\"url\":\"https:\/\/ciudadyregion.com.co\/index.php\/petro-critica-decision-de-la-onu-y-acusa-influencia-de-ee-uu-sobre-colombia\/internacional\/\",\"name\":\"Petro critica decisi\u00f3n de la ONU y acusa influencia de EE.\u202fUU. sobre Colombia - Ciudad y Region\",\"isPartOf\":{\"@id\":\"https:\/\/ciudadyregion.com.co\/#website\"},\"primaryImageOfPage\":{\"@id\":\"https:\/\/ciudadyregion.com.co\/index.php\/petro-critica-decision-de-la-onu-y-acusa-influencia-de-ee-uu-sobre-colombia\/internacional\/#primaryimage\"},\"image\":{\"@id\":\"https:\/\/ciudadyregion.com.co\/index.php\/petro-critica-decision-de-la-onu-y-acusa-influencia-de-ee-uu-sobre-colombia\/internacional\/#primaryimage\"},\"thumbnailUrl\":\"https:\/\/i0.wp.com\/ciudadyregion.com.co\/wp-content\/uploads\/2025\/11\/petro-onu.webp?fit=800%2C445&ssl=1\",\"datePublished\":\"2025-11-04T13:32:06+00:00\",\"dateModified\":\"2025-11-04T13:32:06+00:00\",\"author\":{\"@id\":\"https:\/\/ciudadyregion.com.co\/#\/schema\/person\/04a4954373ebc4051f46e8c65ff78622\"},\"breadcrumb\":{\"@id\":\"https:\/\/ciudadyregion.com.co\/index.php\/petro-critica-decision-de-la-onu-y-acusa-influencia-de-ee-uu-sobre-colombia\/internacional\/#breadcrumb\"},\"inLanguage\":\"es\",\"potentialAction\":[{\"@type\":\"ReadAction\",\"target\":[\"https:\/\/ciudadyregion.com.co\/index.php\/petro-critica-decision-de-la-onu-y-acusa-influencia-de-ee-uu-sobre-colombia\/internacional\/\"]}]},{\"@type\":\"ImageObject\",\"inLanguage\":\"es\",\"@id\":\"https:\/\/ciudadyregion.com.co\/index.php\/petro-critica-decision-de-la-onu-y-acusa-influencia-de-ee-uu-sobre-colombia\/internacional\/#primaryimage\",\"url\":\"https:\/\/i0.wp.com\/ciudadyregion.com.co\/wp-content\/uploads\/2025\/11\/petro-onu.webp?fit=800%2C445&ssl=1\",\"contentUrl\":\"https:\/\/i0.wp.com\/ciudadyregion.com.co\/wp-content\/uploads\/2025\/11\/petro-onu.webp?fit=800%2C445&ssl=1\",\"width\":800,\"height\":445},{\"@type\":\"BreadcrumbList\",\"@id\":\"https:\/\/ciudadyregion.com.co\/index.php\/petro-critica-decision-de-la-onu-y-acusa-influencia-de-ee-uu-sobre-colombia\/internacional\/#breadcrumb\",\"itemListElement\":[{\"@type\":\"ListItem\",\"position\":1,\"name\":\"Portada\",\"item\":\"https:\/\/ciudadyregion.com.co\/\"},{\"@type\":\"ListItem\",\"position\":2,\"name\":\"Petro critica decisi\u00f3n de la ONU y acusa influencia de EE.\u202fUU. sobre Colombia\"}]},{\"@type\":\"WebSite\",\"@id\":\"https:\/\/ciudadyregion.com.co\/#website\",\"url\":\"https:\/\/ciudadyregion.com.co\/\",\"name\":\"Ciudad y Region\",\"description\":\"\",\"potentialAction\":[{\"@type\":\"SearchAction\",\"target\":{\"@type\":\"EntryPoint\",\"urlTemplate\":\"https:\/\/ciudadyregion.com.co\/?s={search_term_string}\"},\"query-input\":{\"@type\":\"PropertyValueSpecification\",\"valueRequired\":true,\"valueName\":\"search_term_string\"}}],\"inLanguage\":\"es\"},{\"@type\":\"Person\",\"@id\":\"https:\/\/ciudadyregion.com.co\/#\/schema\/person\/04a4954373ebc4051f46e8c65ff78622\",\"name\":\"David Andr\u00e9s Aguirre\",\"image\":{\"@type\":\"ImageObject\",\"inLanguage\":\"es\",\"@id\":\"https:\/\/ciudadyregion.com.co\/#\/schema\/person\/image\/\",\"url\":\"https:\/\/secure.gravatar.com\/avatar\/bc3c655860202182ee6d1b5edd042dbe?s=96&d=mm&r=g\",\"contentUrl\":\"https:\/\/secure.gravatar.com\/avatar\/bc3c655860202182ee6d1b5edd042dbe?s=96&d=mm&r=g\",\"caption\":\"David Andr\u00e9s Aguirre\"},\"url\":\"https:\/\/ciudadyregion.com.co\/index.php\/author\/diegoaguirre\/\"}]}<\/script>\n<!-- \/ Yoast SEO plugin. -->","yoast_head_json":{"title":"Petro critica decisi\u00f3n de la ONU y acusa influencia de EE.\u202fUU. sobre Colombia - Ciudad y Region","robots":{"index":"index","follow":"follow","max-snippet":"max-snippet:-1","max-image-preview":"max-image-preview:large","max-video-preview":"max-video-preview:-1"},"canonical":"https:\/\/ciudadyregion.com.co\/index.php\/petro-critica-decision-de-la-onu-y-acusa-influencia-de-ee-uu-sobre-colombia\/internacional\/","og_locale":"es_ES","og_type":"article","og_title":"Petro critica decisi\u00f3n de la ONU y acusa influencia de EE.\u202fUU. sobre Colombia - Ciudad y Region","og_description":"El presidente Gustavo Petro (@petrogustavo) cuestion\u00f3 la decisi\u00f3n del Consejo de Seguridad de la ONU de retirar a la @MisionONUCol el mandato de verificar las sanciones emitidas por la Jurisdicci\u00f3n Especial para la Paz (@JEP_Colombia), calific\u00e1ndola como una muestra de la \u201cdisplicencia del gobierno actual de los EE.\u202fUU. con laContinuar Leyendo","og_url":"https:\/\/ciudadyregion.com.co\/index.php\/petro-critica-decision-de-la-onu-y-acusa-influencia-de-ee-uu-sobre-colombia\/internacional\/","og_site_name":"Ciudad y Region","article_published_time":"2025-11-04T13:32:06+00:00","og_image":[{"width":800,"height":445,"url":"https:\/\/ciudadyregion.com.co\/wp-content\/uploads\/2025\/11\/petro-onu.webp","type":"image\/webp"}],"author":"David Andr\u00e9s Aguirre","twitter_card":"summary_large_image","twitter_misc":{"Escrito por":"David Andr\u00e9s Aguirre","Tiempo de lectura":"2 minutos"},"schema":{"@context":"https:\/\/schema.org","@graph":[{"@type":"WebPage","@id":"https:\/\/ciudadyregion.com.co\/index.php\/petro-critica-decision-de-la-onu-y-acusa-influencia-de-ee-uu-sobre-colombia\/internacional\/","url":"https:\/\/ciudadyregion.com.co\/index.php\/petro-critica-decision-de-la-onu-y-acusa-influencia-de-ee-uu-sobre-colombia\/internacional\/","name":"Petro critica decisi\u00f3n de la ONU y acusa influencia de EE.\u202fUU. sobre Colombia - Ciudad y Region","isPartOf":{"@id":"https:\/\/ciudadyregion.com.co\/#website"},"primaryImageOfPage":{"@id":"https:\/\/ciudadyregion.com.co\/index.php\/petro-critica-decision-de-la-onu-y-acusa-influencia-de-ee-uu-sobre-colombia\/internacional\/#primaryimage"},"image":{"@id":"https:\/\/ciudadyregion.com.co\/index.php\/petro-critica-decision-de-la-onu-y-acusa-influencia-de-ee-uu-sobre-colombia\/internacional\/#primaryimage"},"thumbnailUrl":"https:\/\/i0.wp.com\/ciudadyregion.com.co\/wp-content\/uploads\/2025\/11\/petro-onu.webp?fit=800%2C445&ssl=1","datePublished":"2025-11-04T13:32:06+00:00","dateModified":"2025-11-04T13:32:06+00:00","author":{"@id":"https:\/\/ciudadyregion.com.co\/#\/schema\/person\/04a4954373ebc4051f46e8c65ff78622"},"breadcrumb":{"@id":"https:\/\/ciudadyregion.com.co\/index.php\/petro-critica-decision-de-la-onu-y-acusa-influencia-de-ee-uu-sobre-colombia\/internacional\/#breadcrumb"},"inLanguage":"es","potentialAction":[{"@type":"ReadAction","target":["https:\/\/ciudadyregion.com.co\/index.php\/petro-critica-decision-de-la-onu-y-acusa-influencia-de-ee-uu-sobre-colombia\/internacional\/"]}]},{"@type":"ImageObject","inLanguage":"es","@id":"https:\/\/ciudadyregion.com.co\/index.php\/petro-critica-decision-de-la-onu-y-acusa-influencia-de-ee-uu-sobre-colombia\/internacional\/#primaryimage","url":"https:\/\/i0.wp.com\/ciudadyregion.com.co\/wp-content\/uploads\/2025\/11\/petro-onu.webp?fit=800%2C445&ssl=1","contentUrl":"https:\/\/i0.wp.com\/ciudadyregion.com.co\/wp-content\/uploads\/2025\/11\/petro-onu.webp?fit=800%2C445&ssl=1","width":800,"height":445},{"@type":"BreadcrumbList","@id":"https:\/\/ciudadyregion.com.co\/index.php\/petro-critica-decision-de-la-onu-y-acusa-influencia-de-ee-uu-sobre-colombia\/internacional\/#breadcrumb","itemListElement":[{"@type":"ListItem","position":1,"name":"Portada","item":"https:\/\/ciudadyregion.com.co\/"},{"@type":"ListItem","position":2,"name":"Petro critica decisi\u00f3n de la ONU y acusa influencia de EE.\u202fUU. sobre Colombia"}]},{"@type":"WebSite","@id":"https:\/\/ciudadyregion.com.co\/#website","url":"https:\/\/ciudadyregion.com.co\/","name":"Ciudad y Region","description":"","potentialAction":[{"@type":"SearchAction","target":{"@type":"EntryPoint","urlTemplate":"https:\/\/ciudadyregion.com.co\/?s={search_term_string}"},"query-input":{"@type":"PropertyValueSpecification","valueRequired":true,"valueName":"search_term_string"}}],"inLanguage":"es"},{"@type":"Person","@id":"https:\/\/ciudadyregion.com.co\/#\/schema\/person\/04a4954373ebc4051f46e8c65ff78622","name":"David Andr\u00e9s Aguirre","image":{"@type":"ImageObject","inLanguage":"es","@id":"https:\/\/ciudadyregion.com.co\/#\/schema\/person\/image\/","url":"https:\/\/secure.gravatar.com\/avatar\/bc3c655860202182ee6d1b5edd042dbe?s=96&d=mm&r=g","contentUrl":"https:\/\/secure.gravatar.com\/avatar\/bc3c655860202182ee6d1b5edd042dbe?s=96&d=mm&r=g","caption":"David Andr\u00e9s Aguirre"},"url":"https:\/\/ciudadyregion.com.co\/index.php\/author\/diegoaguirre\/"}]}},"jetpack_featured_media_url":"https:\/\/i0.wp.com\/ciudadyregion.com.co\/wp-content\/uploads\/2025\/11\/petro-onu.webp?fit=800%2C445&ssl=1","jetpack_sharing_enabled":true,"jetpack_shortlink":"https:\/\/wp.me\/pbS7hh-cv9","jetpack-related-posts":[],"_links":{"self":[{"href":"https:\/\/ciudadyregion.com.co\/index.php\/wp-json\/wp\/v2\/posts\/48059"}],"collection":[{"href":"https:\/\/ciudadyregion.com.co\/index.php\/wp-json\/wp\/v2\/posts"}],"about":[{"href":"https:\/\/ciudadyregion.com.co\/index.php\/wp-json\/wp\/v2\/types\/post"}],"author":[{"embeddable":true,"href":"https:\/\/ciudadyregion.com.co\/index.php\/wp-json\/wp\/v2\/users\/2"}],"replies":[{"embeddable":true,"href":"https:\/\/ciudadyregion.com.co\/index.php\/wp-json\/wp\/v2\/comments?post=48059"}],"version-history":[{"count":1,"href":"https:\/\/ciudadyregion.com.co\/index.php\/wp-json\/wp\/v2\/posts\/48059\/revisions"}],"predecessor-version":[{"id":48061,"href":"https:\/\/ciudadyregion.com.co\/index.php\/wp-json\/wp\/v2\/posts\/48059\/revisions\/48061"}],"wp:featuredmedia":[{"embeddable":true,"href":"https:\/\/ciudadyregion.com.co\/index.php\/wp-json\/wp\/v2\/media\/48060"}],"wp:attachment":[{"href":"https:\/\/ciudadyregion.com.co\/index.php\/wp-json\/wp\/v2\/media?parent=48059"}],"wp:term":[{"taxonomy":"category","embeddable":true,"href":"https:\/\/ciudadyregion.com.co\/index.php\/wp-json\/wp\/v2\/categories?post=48059"},{"taxonomy":"post_tag","embeddable":true,"href":"https:\/\/ciudadyregion.com.co\/index.php\/wp-json\/wp\/v2\/tags?post=48059"}],"curies":[{"name":"wp","href":"https:\/\/api.w.org\/{rel}","templated":true}]}}