{"id":48053,"date":"2025-11-04T08:17:19","date_gmt":"2025-11-04T13:17:19","guid":{"rendered":"https:\/\/ciudadyregion.com.co\/?p=48053"},"modified":"2025-11-04T08:17:19","modified_gmt":"2025-11-04T13:17:19","slug":"noviembre-llega-con-una-agenda-cultural-gratuita-y-para-todas-las-edades-en-el-museo-panoptico","status":"publish","type":"post","link":"https:\/\/ciudadyregion.com.co\/index.php\/noviembre-llega-con-una-agenda-cultural-gratuita-y-para-todas-las-edades-en-el-museo-panoptico\/cultura\/","title":{"rendered":"Noviembre llega con una agenda cultural gratuita y para todas las edades en el Museo Pan\u00f3ptico"},"content":{"rendered":"<p>Nueva exposici\u00f3n, taller para personas con discapacidad y recorridos guiados ser\u00e1n algunas de las actividades.<\/p>\n<p>El Museo Pan\u00f3ptico de Ibagu\u00e9 presenta una variada agenda cultural durante el mes de noviembre, con actividades gratuitas dise\u00f1adas para todos los p\u00fablicos, reafirmando su compromiso con la promoci\u00f3n del arte, la memoria y la inclusi\u00f3n.<\/p>\n<p>En el marco de la conmemoraci\u00f3n de los 40 a\u00f1os de la tragedia de Armero, en articulaci\u00f3n con la Academia de Historia del Tolima, la Fundaci\u00f3n Armando Armero y el Museo Alfonso L\u00f3pez Pumarejo, inaugurar\u00e1 la exposici\u00f3n \u2018Cuatro Artistas en el Olvido\u2019, un homenaje a la memoria, la resiliencia y el legado cultural de la antigua ciudad blanca.<\/p>\n<blockquote><p>\u201cAdem\u00e1s, contaremos con actividades incluyentes dirigidas a personas con discapacidad auditiva, garantizando el acceso a los espacios culturales\u201d, coment\u00f3 Antonio Arag\u00f3n, curador del Museo Pan\u00f3ptico.<\/p><\/blockquote>\n<p>Los asistentes tambi\u00e9n podr\u00e1n disfrutar de la programaci\u00f3n del Cinema Pan\u00f3ptico, recorridos guiados por las exposiciones permanentes y temporales, as\u00ed como una completa agenda cultural pensada para el disfrute de las familias ibaguere\u00f1as y visitantes.<\/p>\n<p>\u201cInvitamos a toda la comunidad a participar de esta programaci\u00f3n nutrida, que busca fortalecer el sentido de pertenencia y el di\u00e1logo con nuestra historia a trav\u00e9s del arte y la cultura\u201d, expres\u00f3 Arag\u00f3n.<\/p>\n","protected":false},"excerpt":{"rendered":"<p>Nueva exposici\u00f3n, taller para personas con discapacidad y recorridos guiados ser\u00e1n algunas de las actividades. El Museo Pan\u00f3ptico de Ibagu\u00e9 presenta una variada agenda cultural durante el mes de noviembre, con actividades gratuitas dise\u00f1adas para todos los p\u00fablicos, reafirmando su compromiso con la promoci\u00f3n del arte, la memoria y la<span class=\"more-link\"><a href=\"https:\/\/ciudadyregion.com.co\/index.php\/noviembre-llega-con-una-agenda-cultural-gratuita-y-para-todas-las-edades-en-el-museo-panoptico\/cultura\/\">Continuar Leyendo<\/a><\/span><\/p>\n","protected":false},"author":2,"featured_media":48054,"comment_status":"open","ping_status":"open","sticky":false,"template":"","format":"standard","meta":{"_uf_show_specific_survey":0,"_uf_disable_surveys":false,"_jetpack_memberships_contains_paid_content":false,"footnotes":"","jetpack_publicize_message":"","jetpack_publicize_feature_enabled":true,"jetpack_social_post_already_shared":true,"jetpack_social_options":{"image_generator_settings":{"template":"highway","enabled":false},"version":2}},"categories":[30],"tags":[],"class_list":["entry","author-diegoaguirre","post-48053","post","type-post","status-publish","format-standard","has-post-thumbnail","category-cultura"],"jetpack_publicize_connections":[],"yoast_head":"<!-- This site is optimized with the Yoast SEO plugin v24.3 - https:\/\/yoast.com\/wordpress\/plugins\/seo\/ -->\n<title>Noviembre llega con una agenda cultural gratuita y para todas las edades en el Museo Pan\u00f3ptico - Ciudad y Region<\/title>\n<meta name=\"robots\" content=\"index, follow, max-snippet:-1, max-image-preview:large, max-video-preview:-1\" \/>\n<link rel=\"canonical\" href=\"https:\/\/ciudadyregion.com.co\/index.php\/noviembre-llega-con-una-agenda-cultural-gratuita-y-para-todas-las-edades-en-el-museo-panoptico\/cultura\/\" \/>\n<meta property=\"og:locale\" content=\"es_ES\" \/>\n<meta property=\"og:type\" content=\"article\" \/>\n<meta property=\"og:title\" content=\"Noviembre llega con una agenda cultural gratuita y para todas las edades en el Museo Pan\u00f3ptico - Ciudad y Region\" \/>\n<meta property=\"og:description\" content=\"Nueva exposici\u00f3n, taller para personas con discapacidad y recorridos guiados ser\u00e1n algunas de las actividades. El Museo Pan\u00f3ptico de Ibagu\u00e9 presenta una variada agenda cultural durante el mes de noviembre, con actividades gratuitas dise\u00f1adas para todos los p\u00fablicos, reafirmando su compromiso con la promoci\u00f3n del arte, la memoria y laContinuar Leyendo\" \/>\n<meta property=\"og:url\" content=\"https:\/\/ciudadyregion.com.co\/index.php\/noviembre-llega-con-una-agenda-cultural-gratuita-y-para-todas-las-edades-en-el-museo-panoptico\/cultura\/\" \/>\n<meta property=\"og:site_name\" content=\"Ciudad y Region\" \/>\n<meta property=\"article:published_time\" content=\"2025-11-04T13:17:19+00:00\" \/>\n<meta property=\"og:image\" content=\"https:\/\/ciudadyregion.com.co\/wp-content\/uploads\/2025\/11\/panoptico.jpg\" \/>\n\t<meta property=\"og:image:width\" content=\"800\" \/>\n\t<meta property=\"og:image:height\" content=\"445\" \/>\n\t<meta property=\"og:image:type\" content=\"image\/jpeg\" \/>\n<meta name=\"author\" content=\"David Andr\u00e9s Aguirre\" \/>\n<meta name=\"twitter:card\" content=\"summary_large_image\" \/>\n<meta name=\"twitter:label1\" content=\"Escrito por\" \/>\n\t<meta name=\"twitter:data1\" content=\"David Andr\u00e9s Aguirre\" \/>\n\t<meta name=\"twitter:label2\" content=\"Tiempo de lectura\" \/>\n\t<meta name=\"twitter:data2\" content=\"2 minutos\" \/>\n<script type=\"application\/ld+json\" class=\"yoast-schema-graph\">{\"@context\":\"https:\/\/schema.org\",\"@graph\":[{\"@type\":\"WebPage\",\"@id\":\"https:\/\/ciudadyregion.com.co\/index.php\/noviembre-llega-con-una-agenda-cultural-gratuita-y-para-todas-las-edades-en-el-museo-panoptico\/cultura\/\",\"url\":\"https:\/\/ciudadyregion.com.co\/index.php\/noviembre-llega-con-una-agenda-cultural-gratuita-y-para-todas-las-edades-en-el-museo-panoptico\/cultura\/\",\"name\":\"Noviembre llega con una agenda cultural gratuita y para todas las edades en el Museo Pan\u00f3ptico - Ciudad y Region\",\"isPartOf\":{\"@id\":\"https:\/\/ciudadyregion.com.co\/#website\"},\"primaryImageOfPage\":{\"@id\":\"https:\/\/ciudadyregion.com.co\/index.php\/noviembre-llega-con-una-agenda-cultural-gratuita-y-para-todas-las-edades-en-el-museo-panoptico\/cultura\/#primaryimage\"},\"image\":{\"@id\":\"https:\/\/ciudadyregion.com.co\/index.php\/noviembre-llega-con-una-agenda-cultural-gratuita-y-para-todas-las-edades-en-el-museo-panoptico\/cultura\/#primaryimage\"},\"thumbnailUrl\":\"https:\/\/i0.wp.com\/ciudadyregion.com.co\/wp-content\/uploads\/2025\/11\/panoptico.jpg?fit=800%2C445&ssl=1\",\"datePublished\":\"2025-11-04T13:17:19+00:00\",\"dateModified\":\"2025-11-04T13:17:19+00:00\",\"author\":{\"@id\":\"https:\/\/ciudadyregion.com.co\/#\/schema\/person\/04a4954373ebc4051f46e8c65ff78622\"},\"breadcrumb\":{\"@id\":\"https:\/\/ciudadyregion.com.co\/index.php\/noviembre-llega-con-una-agenda-cultural-gratuita-y-para-todas-las-edades-en-el-museo-panoptico\/cultura\/#breadcrumb\"},\"inLanguage\":\"es\",\"potentialAction\":[{\"@type\":\"ReadAction\",\"target\":[\"https:\/\/ciudadyregion.com.co\/index.php\/noviembre-llega-con-una-agenda-cultural-gratuita-y-para-todas-las-edades-en-el-museo-panoptico\/cultura\/\"]}]},{\"@type\":\"ImageObject\",\"inLanguage\":\"es\",\"@id\":\"https:\/\/ciudadyregion.com.co\/index.php\/noviembre-llega-con-una-agenda-cultural-gratuita-y-para-todas-las-edades-en-el-museo-panoptico\/cultura\/#primaryimage\",\"url\":\"https:\/\/i0.wp.com\/ciudadyregion.com.co\/wp-content\/uploads\/2025\/11\/panoptico.jpg?fit=800%2C445&ssl=1\",\"contentUrl\":\"https:\/\/i0.wp.com\/ciudadyregion.com.co\/wp-content\/uploads\/2025\/11\/panoptico.jpg?fit=800%2C445&ssl=1\",\"width\":800,\"height\":445},{\"@type\":\"BreadcrumbList\",\"@id\":\"https:\/\/ciudadyregion.com.co\/index.php\/noviembre-llega-con-una-agenda-cultural-gratuita-y-para-todas-las-edades-en-el-museo-panoptico\/cultura\/#breadcrumb\",\"itemListElement\":[{\"@type\":\"ListItem\",\"position\":1,\"name\":\"Portada\",\"item\":\"https:\/\/ciudadyregion.com.co\/\"},{\"@type\":\"ListItem\",\"position\":2,\"name\":\"Noviembre llega con una agenda cultural gratuita y para todas las edades en el Museo Pan\u00f3ptico\"}]},{\"@type\":\"WebSite\",\"@id\":\"https:\/\/ciudadyregion.com.co\/#website\",\"url\":\"https:\/\/ciudadyregion.com.co\/\",\"name\":\"Ciudad y Region\",\"description\":\"\",\"potentialAction\":[{\"@type\":\"SearchAction\",\"target\":{\"@type\":\"EntryPoint\",\"urlTemplate\":\"https:\/\/ciudadyregion.com.co\/?s={search_term_string}\"},\"query-input\":{\"@type\":\"PropertyValueSpecification\",\"valueRequired\":true,\"valueName\":\"search_term_string\"}}],\"inLanguage\":\"es\"},{\"@type\":\"Person\",\"@id\":\"https:\/\/ciudadyregion.com.co\/#\/schema\/person\/04a4954373ebc4051f46e8c65ff78622\",\"name\":\"David Andr\u00e9s Aguirre\",\"image\":{\"@type\":\"ImageObject\",\"inLanguage\":\"es\",\"@id\":\"https:\/\/ciudadyregion.com.co\/#\/schema\/person\/image\/\",\"url\":\"https:\/\/secure.gravatar.com\/avatar\/bc3c655860202182ee6d1b5edd042dbe?s=96&d=mm&r=g\",\"contentUrl\":\"https:\/\/secure.gravatar.com\/avatar\/bc3c655860202182ee6d1b5edd042dbe?s=96&d=mm&r=g\",\"caption\":\"David Andr\u00e9s Aguirre\"},\"url\":\"https:\/\/ciudadyregion.com.co\/index.php\/author\/diegoaguirre\/\"}]}<\/script>\n<!-- \/ Yoast SEO plugin. -->","yoast_head_json":{"title":"Noviembre llega con una agenda cultural gratuita y para todas las edades en el Museo Pan\u00f3ptico - Ciudad y Region","robots":{"index":"index","follow":"follow","max-snippet":"max-snippet:-1","max-image-preview":"max-image-preview:large","max-video-preview":"max-video-preview:-1"},"canonical":"https:\/\/ciudadyregion.com.co\/index.php\/noviembre-llega-con-una-agenda-cultural-gratuita-y-para-todas-las-edades-en-el-museo-panoptico\/cultura\/","og_locale":"es_ES","og_type":"article","og_title":"Noviembre llega con una agenda cultural gratuita y para todas las edades en el Museo Pan\u00f3ptico - Ciudad y Region","og_description":"Nueva exposici\u00f3n, taller para personas con discapacidad y recorridos guiados ser\u00e1n algunas de las actividades. El Museo Pan\u00f3ptico de Ibagu\u00e9 presenta una variada agenda cultural durante el mes de noviembre, con actividades gratuitas dise\u00f1adas para todos los p\u00fablicos, reafirmando su compromiso con la promoci\u00f3n del arte, la memoria y laContinuar Leyendo","og_url":"https:\/\/ciudadyregion.com.co\/index.php\/noviembre-llega-con-una-agenda-cultural-gratuita-y-para-todas-las-edades-en-el-museo-panoptico\/cultura\/","og_site_name":"Ciudad y Region","article_published_time":"2025-11-04T13:17:19+00:00","og_image":[{"width":800,"height":445,"url":"https:\/\/ciudadyregion.com.co\/wp-content\/uploads\/2025\/11\/panoptico.jpg","type":"image\/jpeg"}],"author":"David Andr\u00e9s Aguirre","twitter_card":"summary_large_image","twitter_misc":{"Escrito por":"David Andr\u00e9s Aguirre","Tiempo de lectura":"2 minutos"},"schema":{"@context":"https:\/\/schema.org","@graph":[{"@type":"WebPage","@id":"https:\/\/ciudadyregion.com.co\/index.php\/noviembre-llega-con-una-agenda-cultural-gratuita-y-para-todas-las-edades-en-el-museo-panoptico\/cultura\/","url":"https:\/\/ciudadyregion.com.co\/index.php\/noviembre-llega-con-una-agenda-cultural-gratuita-y-para-todas-las-edades-en-el-museo-panoptico\/cultura\/","name":"Noviembre llega con una agenda cultural gratuita y para todas las edades en el Museo Pan\u00f3ptico - Ciudad y Region","isPartOf":{"@id":"https:\/\/ciudadyregion.com.co\/#website"},"primaryImageOfPage":{"@id":"https:\/\/ciudadyregion.com.co\/index.php\/noviembre-llega-con-una-agenda-cultural-gratuita-y-para-todas-las-edades-en-el-museo-panoptico\/cultura\/#primaryimage"},"image":{"@id":"https:\/\/ciudadyregion.com.co\/index.php\/noviembre-llega-con-una-agenda-cultural-gratuita-y-para-todas-las-edades-en-el-museo-panoptico\/cultura\/#primaryimage"},"thumbnailUrl":"https:\/\/i0.wp.com\/ciudadyregion.com.co\/wp-content\/uploads\/2025\/11\/panoptico.jpg?fit=800%2C445&ssl=1","datePublished":"2025-11-04T13:17:19+00:00","dateModified":"2025-11-04T13:17:19+00:00","author":{"@id":"https:\/\/ciudadyregion.com.co\/#\/schema\/person\/04a4954373ebc4051f46e8c65ff78622"},"breadcrumb":{"@id":"https:\/\/ciudadyregion.com.co\/index.php\/noviembre-llega-con-una-agenda-cultural-gratuita-y-para-todas-las-edades-en-el-museo-panoptico\/cultura\/#breadcrumb"},"inLanguage":"es","potentialAction":[{"@type":"ReadAction","target":["https:\/\/ciudadyregion.com.co\/index.php\/noviembre-llega-con-una-agenda-cultural-gratuita-y-para-todas-las-edades-en-el-museo-panoptico\/cultura\/"]}]},{"@type":"ImageObject","inLanguage":"es","@id":"https:\/\/ciudadyregion.com.co\/index.php\/noviembre-llega-con-una-agenda-cultural-gratuita-y-para-todas-las-edades-en-el-museo-panoptico\/cultura\/#primaryimage","url":"https:\/\/i0.wp.com\/ciudadyregion.com.co\/wp-content\/uploads\/2025\/11\/panoptico.jpg?fit=800%2C445&ssl=1","contentUrl":"https:\/\/i0.wp.com\/ciudadyregion.com.co\/wp-content\/uploads\/2025\/11\/panoptico.jpg?fit=800%2C445&ssl=1","width":800,"height":445},{"@type":"BreadcrumbList","@id":"https:\/\/ciudadyregion.com.co\/index.php\/noviembre-llega-con-una-agenda-cultural-gratuita-y-para-todas-las-edades-en-el-museo-panoptico\/cultura\/#breadcrumb","itemListElement":[{"@type":"ListItem","position":1,"name":"Portada","item":"https:\/\/ciudadyregion.com.co\/"},{"@type":"ListItem","position":2,"name":"Noviembre llega con una agenda cultural gratuita y para todas las edades en el Museo Pan\u00f3ptico"}]},{"@type":"WebSite","@id":"https:\/\/ciudadyregion.com.co\/#website","url":"https:\/\/ciudadyregion.com.co\/","name":"Ciudad y Region","description":"","potentialAction":[{"@type":"SearchAction","target":{"@type":"EntryPoint","urlTemplate":"https:\/\/ciudadyregion.com.co\/?s={search_term_string}"},"query-input":{"@type":"PropertyValueSpecification","valueRequired":true,"valueName":"search_term_string"}}],"inLanguage":"es"},{"@type":"Person","@id":"https:\/\/ciudadyregion.com.co\/#\/schema\/person\/04a4954373ebc4051f46e8c65ff78622","name":"David Andr\u00e9s Aguirre","image":{"@type":"ImageObject","inLanguage":"es","@id":"https:\/\/ciudadyregion.com.co\/#\/schema\/person\/image\/","url":"https:\/\/secure.gravatar.com\/avatar\/bc3c655860202182ee6d1b5edd042dbe?s=96&d=mm&r=g","contentUrl":"https:\/\/secure.gravatar.com\/avatar\/bc3c655860202182ee6d1b5edd042dbe?s=96&d=mm&r=g","caption":"David Andr\u00e9s Aguirre"},"url":"https:\/\/ciudadyregion.com.co\/index.php\/author\/diegoaguirre\/"}]}},"jetpack_featured_media_url":"https:\/\/i0.wp.com\/ciudadyregion.com.co\/wp-content\/uploads\/2025\/11\/panoptico.jpg?fit=800%2C445&ssl=1","jetpack_sharing_enabled":true,"jetpack_shortlink":"https:\/\/wp.me\/pbS7hh-cv3","jetpack-related-posts":[],"_links":{"self":[{"href":"https:\/\/ciudadyregion.com.co\/index.php\/wp-json\/wp\/v2\/posts\/48053"}],"collection":[{"href":"https:\/\/ciudadyregion.com.co\/index.php\/wp-json\/wp\/v2\/posts"}],"about":[{"href":"https:\/\/ciudadyregion.com.co\/index.php\/wp-json\/wp\/v2\/types\/post"}],"author":[{"embeddable":true,"href":"https:\/\/ciudadyregion.com.co\/index.php\/wp-json\/wp\/v2\/users\/2"}],"replies":[{"embeddable":true,"href":"https:\/\/ciudadyregion.com.co\/index.php\/wp-json\/wp\/v2\/comments?post=48053"}],"version-history":[{"count":1,"href":"https:\/\/ciudadyregion.com.co\/index.php\/wp-json\/wp\/v2\/posts\/48053\/revisions"}],"predecessor-version":[{"id":48055,"href":"https:\/\/ciudadyregion.com.co\/index.php\/wp-json\/wp\/v2\/posts\/48053\/revisions\/48055"}],"wp:featuredmedia":[{"embeddable":true,"href":"https:\/\/ciudadyregion.com.co\/index.php\/wp-json\/wp\/v2\/media\/48054"}],"wp:attachment":[{"href":"https:\/\/ciudadyregion.com.co\/index.php\/wp-json\/wp\/v2\/media?parent=48053"}],"wp:term":[{"taxonomy":"category","embeddable":true,"href":"https:\/\/ciudadyregion.com.co\/index.php\/wp-json\/wp\/v2\/categories?post=48053"},{"taxonomy":"post_tag","embeddable":true,"href":"https:\/\/ciudadyregion.com.co\/index.php\/wp-json\/wp\/v2\/tags?post=48053"}],"curies":[{"name":"wp","href":"https:\/\/api.w.org\/{rel}","templated":true}]}}