{"id":48050,"date":"2025-11-04T08:15:16","date_gmt":"2025-11-04T13:15:16","guid":{"rendered":"https:\/\/ciudadyregion.com.co\/?p=48050"},"modified":"2025-11-04T08:15:16","modified_gmt":"2025-11-04T13:15:16","slug":"ibal-un-aliado-estrategico-del-setp-en-la-rehabilitacion-de-la-carrera-quinta-alcaldia-de-ibague","status":"publish","type":"post","link":"https:\/\/ciudadyregion.com.co\/index.php\/ibal-un-aliado-estrategico-del-setp-en-la-rehabilitacion-de-la-carrera-quinta-alcaldia-de-ibague\/ibague\/","title":{"rendered":"\u00abIBAL, un aliado estrat\u00e9gico del SETP en la rehabilitaci\u00f3n de la carrera Quinta\u00bb: Alcald\u00eda de Ibagu\u00e9"},"content":{"rendered":"<p>Durante la ejecuci\u00f3n de las obras de pavimentaci\u00f3n, la entidad ha realizado reposiciones de tuber\u00edas antiguas y deterioradas, as\u00ed como la renovaci\u00f3n de conexiones domiciliarias.<\/p>\n<p>La Empresa Ibaguere\u00f1a de Acueducto y Alcantarillado, IBAL, es un actor clave en los procesos de transformaci\u00f3n urbana que lidera la alcaldesa Johana Aranda. En esta oportunidad, la entidad acompa\u00f1a los trabajos de rehabilitaci\u00f3n vial que ejecuta el Sistema Estrat\u00e9gico de Transporte P\u00fablico, SETP, sobre la carrera Quinta, aportando a la modernizaci\u00f3n de las redes hidrosanitarias.<\/p>\n<p>Durante la intervenci\u00f3n, el IBAL ha realizado reposiciones importantes en tramos con redes obsoletas, como las calles 11 y 15, donde se reemplaz\u00f3 una tuber\u00eda de acueducto en hierro fundido y se rehabilitaron conexiones domiciliarias de alcantarillado que presentaban deterioro.<\/p>\n<p>Asimismo, en los sectores comprendidos entre las calles 15 y 18, y entre las calles 24 y 25, la empresa adelant\u00f3 trabajos puntuales, incluyendo la reposici\u00f3n de un tramo de alcantarillado de 24 pulgadas, con el objetivo de garantizar un servicio estable y evitar afectaciones futuras.<\/p>\n<blockquote><p>\u201cLo que yo quiero aclarar es que era muy dif\u00edcil hacer la previsi\u00f3n de esos trabajos. Lo que nosotros hemos hecho es apoyar, cumplir con nuestra labor para que las obras del SETP no tengan inconvenientes a futuro. Generalmente eso s\u00ed ocasiona alg\u00fan retraso, pero no es por una situaci\u00f3n que tuviera previsto que hubiera podido controlar la empresa originalmente\u201d, indic\u00f3 Roberto Santofimio, gerente del IBAL.<\/p><\/blockquote>\n<p>Con esta labor articulada, el IBAL reafirma su papel como aliado t\u00e9cnico en los procesos de modernizaci\u00f3n vial, trabajando por una ciudad con servicios eficientes y una infraestructura m\u00e1s sostenible.<\/p>\n","protected":false},"excerpt":{"rendered":"<p>Durante la ejecuci\u00f3n de las obras de pavimentaci\u00f3n, la entidad ha realizado reposiciones de tuber\u00edas antiguas y deterioradas, as\u00ed como la renovaci\u00f3n de conexiones domiciliarias. La Empresa Ibaguere\u00f1a de Acueducto y Alcantarillado, IBAL, es un actor clave en los procesos de transformaci\u00f3n urbana que lidera la alcaldesa Johana Aranda. En<span class=\"more-link\"><a href=\"https:\/\/ciudadyregion.com.co\/index.php\/ibal-un-aliado-estrategico-del-setp-en-la-rehabilitacion-de-la-carrera-quinta-alcaldia-de-ibague\/ibague\/\">Continuar Leyendo<\/a><\/span><\/p>\n","protected":false},"author":2,"featured_media":48051,"comment_status":"open","ping_status":"open","sticky":false,"template":"","format":"standard","meta":{"_uf_show_specific_survey":0,"_uf_disable_surveys":false,"_jetpack_memberships_contains_paid_content":false,"footnotes":"","jetpack_publicize_message":"","jetpack_publicize_feature_enabled":true,"jetpack_social_post_already_shared":true,"jetpack_social_options":{"image_generator_settings":{"template":"highway","enabled":false},"version":2}},"categories":[14],"tags":[],"class_list":["entry","author-diegoaguirre","post-48050","post","type-post","status-publish","format-standard","has-post-thumbnail","category-ibague"],"jetpack_publicize_connections":[],"yoast_head":"<!-- This site is optimized with the Yoast SEO plugin v24.3 - https:\/\/yoast.com\/wordpress\/plugins\/seo\/ -->\n<title>&quot;IBAL, un aliado estrat\u00e9gico del SETP en la rehabilitaci\u00f3n de la carrera Quinta&quot;: Alcald\u00eda de Ibagu\u00e9 - Ciudad y Region<\/title>\n<meta name=\"robots\" content=\"index, follow, max-snippet:-1, max-image-preview:large, max-video-preview:-1\" \/>\n<link rel=\"canonical\" href=\"https:\/\/ciudadyregion.com.co\/index.php\/ibal-un-aliado-estrategico-del-setp-en-la-rehabilitacion-de-la-carrera-quinta-alcaldia-de-ibague\/ibague\/\" \/>\n<meta property=\"og:locale\" content=\"es_ES\" \/>\n<meta property=\"og:type\" content=\"article\" \/>\n<meta property=\"og:title\" content=\"&quot;IBAL, un aliado estrat\u00e9gico del SETP en la rehabilitaci\u00f3n de la carrera Quinta&quot;: Alcald\u00eda de Ibagu\u00e9 - Ciudad y Region\" \/>\n<meta property=\"og:description\" content=\"Durante la ejecuci\u00f3n de las obras de pavimentaci\u00f3n, la entidad ha realizado reposiciones de tuber\u00edas antiguas y deterioradas, as\u00ed como la renovaci\u00f3n de conexiones domiciliarias. La Empresa Ibaguere\u00f1a de Acueducto y Alcantarillado, IBAL, es un actor clave en los procesos de transformaci\u00f3n urbana que lidera la alcaldesa Johana Aranda. EnContinuar Leyendo\" \/>\n<meta property=\"og:url\" content=\"https:\/\/ciudadyregion.com.co\/index.php\/ibal-un-aliado-estrategico-del-setp-en-la-rehabilitacion-de-la-carrera-quinta-alcaldia-de-ibague\/ibague\/\" \/>\n<meta property=\"og:site_name\" content=\"Ciudad y Region\" \/>\n<meta property=\"article:published_time\" content=\"2025-11-04T13:15:16+00:00\" \/>\n<meta property=\"og:image\" content=\"https:\/\/ciudadyregion.com.co\/wp-content\/uploads\/2025\/11\/Pag-37.jpg\" \/>\n\t<meta property=\"og:image:width\" content=\"800\" \/>\n\t<meta property=\"og:image:height\" content=\"445\" \/>\n\t<meta property=\"og:image:type\" content=\"image\/jpeg\" \/>\n<meta name=\"author\" content=\"David Andr\u00e9s Aguirre\" \/>\n<meta name=\"twitter:card\" content=\"summary_large_image\" \/>\n<meta name=\"twitter:label1\" content=\"Escrito por\" \/>\n\t<meta name=\"twitter:data1\" content=\"David Andr\u00e9s Aguirre\" \/>\n\t<meta name=\"twitter:label2\" content=\"Tiempo de lectura\" \/>\n\t<meta name=\"twitter:data2\" content=\"2 minutos\" \/>\n<script type=\"application\/ld+json\" class=\"yoast-schema-graph\">{\"@context\":\"https:\/\/schema.org\",\"@graph\":[{\"@type\":\"WebPage\",\"@id\":\"https:\/\/ciudadyregion.com.co\/index.php\/ibal-un-aliado-estrategico-del-setp-en-la-rehabilitacion-de-la-carrera-quinta-alcaldia-de-ibague\/ibague\/\",\"url\":\"https:\/\/ciudadyregion.com.co\/index.php\/ibal-un-aliado-estrategico-del-setp-en-la-rehabilitacion-de-la-carrera-quinta-alcaldia-de-ibague\/ibague\/\",\"name\":\"\\\"IBAL, un aliado estrat\u00e9gico del SETP en la rehabilitaci\u00f3n de la carrera Quinta\\\": Alcald\u00eda de Ibagu\u00e9 - Ciudad y Region\",\"isPartOf\":{\"@id\":\"https:\/\/ciudadyregion.com.co\/#website\"},\"primaryImageOfPage\":{\"@id\":\"https:\/\/ciudadyregion.com.co\/index.php\/ibal-un-aliado-estrategico-del-setp-en-la-rehabilitacion-de-la-carrera-quinta-alcaldia-de-ibague\/ibague\/#primaryimage\"},\"image\":{\"@id\":\"https:\/\/ciudadyregion.com.co\/index.php\/ibal-un-aliado-estrategico-del-setp-en-la-rehabilitacion-de-la-carrera-quinta-alcaldia-de-ibague\/ibague\/#primaryimage\"},\"thumbnailUrl\":\"https:\/\/i0.wp.com\/ciudadyregion.com.co\/wp-content\/uploads\/2025\/11\/Pag-37.jpg?fit=800%2C445&ssl=1\",\"datePublished\":\"2025-11-04T13:15:16+00:00\",\"dateModified\":\"2025-11-04T13:15:16+00:00\",\"author\":{\"@id\":\"https:\/\/ciudadyregion.com.co\/#\/schema\/person\/04a4954373ebc4051f46e8c65ff78622\"},\"breadcrumb\":{\"@id\":\"https:\/\/ciudadyregion.com.co\/index.php\/ibal-un-aliado-estrategico-del-setp-en-la-rehabilitacion-de-la-carrera-quinta-alcaldia-de-ibague\/ibague\/#breadcrumb\"},\"inLanguage\":\"es\",\"potentialAction\":[{\"@type\":\"ReadAction\",\"target\":[\"https:\/\/ciudadyregion.com.co\/index.php\/ibal-un-aliado-estrategico-del-setp-en-la-rehabilitacion-de-la-carrera-quinta-alcaldia-de-ibague\/ibague\/\"]}]},{\"@type\":\"ImageObject\",\"inLanguage\":\"es\",\"@id\":\"https:\/\/ciudadyregion.com.co\/index.php\/ibal-un-aliado-estrategico-del-setp-en-la-rehabilitacion-de-la-carrera-quinta-alcaldia-de-ibague\/ibague\/#primaryimage\",\"url\":\"https:\/\/i0.wp.com\/ciudadyregion.com.co\/wp-content\/uploads\/2025\/11\/Pag-37.jpg?fit=800%2C445&ssl=1\",\"contentUrl\":\"https:\/\/i0.wp.com\/ciudadyregion.com.co\/wp-content\/uploads\/2025\/11\/Pag-37.jpg?fit=800%2C445&ssl=1\",\"width\":800,\"height\":445},{\"@type\":\"BreadcrumbList\",\"@id\":\"https:\/\/ciudadyregion.com.co\/index.php\/ibal-un-aliado-estrategico-del-setp-en-la-rehabilitacion-de-la-carrera-quinta-alcaldia-de-ibague\/ibague\/#breadcrumb\",\"itemListElement\":[{\"@type\":\"ListItem\",\"position\":1,\"name\":\"Portada\",\"item\":\"https:\/\/ciudadyregion.com.co\/\"},{\"@type\":\"ListItem\",\"position\":2,\"name\":\"\u00abIBAL, un aliado estrat\u00e9gico del SETP en la rehabilitaci\u00f3n de la carrera Quinta\u00bb: Alcald\u00eda de Ibagu\u00e9\"}]},{\"@type\":\"WebSite\",\"@id\":\"https:\/\/ciudadyregion.com.co\/#website\",\"url\":\"https:\/\/ciudadyregion.com.co\/\",\"name\":\"Ciudad y Region\",\"description\":\"\",\"potentialAction\":[{\"@type\":\"SearchAction\",\"target\":{\"@type\":\"EntryPoint\",\"urlTemplate\":\"https:\/\/ciudadyregion.com.co\/?s={search_term_string}\"},\"query-input\":{\"@type\":\"PropertyValueSpecification\",\"valueRequired\":true,\"valueName\":\"search_term_string\"}}],\"inLanguage\":\"es\"},{\"@type\":\"Person\",\"@id\":\"https:\/\/ciudadyregion.com.co\/#\/schema\/person\/04a4954373ebc4051f46e8c65ff78622\",\"name\":\"David Andr\u00e9s Aguirre\",\"image\":{\"@type\":\"ImageObject\",\"inLanguage\":\"es\",\"@id\":\"https:\/\/ciudadyregion.com.co\/#\/schema\/person\/image\/\",\"url\":\"https:\/\/secure.gravatar.com\/avatar\/bc3c655860202182ee6d1b5edd042dbe?s=96&d=mm&r=g\",\"contentUrl\":\"https:\/\/secure.gravatar.com\/avatar\/bc3c655860202182ee6d1b5edd042dbe?s=96&d=mm&r=g\",\"caption\":\"David Andr\u00e9s Aguirre\"},\"url\":\"https:\/\/ciudadyregion.com.co\/index.php\/author\/diegoaguirre\/\"}]}<\/script>\n<!-- \/ Yoast SEO plugin. -->","yoast_head_json":{"title":"\"IBAL, un aliado estrat\u00e9gico del SETP en la rehabilitaci\u00f3n de la carrera Quinta\": Alcald\u00eda de Ibagu\u00e9 - Ciudad y Region","robots":{"index":"index","follow":"follow","max-snippet":"max-snippet:-1","max-image-preview":"max-image-preview:large","max-video-preview":"max-video-preview:-1"},"canonical":"https:\/\/ciudadyregion.com.co\/index.php\/ibal-un-aliado-estrategico-del-setp-en-la-rehabilitacion-de-la-carrera-quinta-alcaldia-de-ibague\/ibague\/","og_locale":"es_ES","og_type":"article","og_title":"\"IBAL, un aliado estrat\u00e9gico del SETP en la rehabilitaci\u00f3n de la carrera Quinta\": Alcald\u00eda de Ibagu\u00e9 - Ciudad y Region","og_description":"Durante la ejecuci\u00f3n de las obras de pavimentaci\u00f3n, la entidad ha realizado reposiciones de tuber\u00edas antiguas y deterioradas, as\u00ed como la renovaci\u00f3n de conexiones domiciliarias. La Empresa Ibaguere\u00f1a de Acueducto y Alcantarillado, IBAL, es un actor clave en los procesos de transformaci\u00f3n urbana que lidera la alcaldesa Johana Aranda. EnContinuar Leyendo","og_url":"https:\/\/ciudadyregion.com.co\/index.php\/ibal-un-aliado-estrategico-del-setp-en-la-rehabilitacion-de-la-carrera-quinta-alcaldia-de-ibague\/ibague\/","og_site_name":"Ciudad y Region","article_published_time":"2025-11-04T13:15:16+00:00","og_image":[{"width":800,"height":445,"url":"https:\/\/ciudadyregion.com.co\/wp-content\/uploads\/2025\/11\/Pag-37.jpg","type":"image\/jpeg"}],"author":"David Andr\u00e9s Aguirre","twitter_card":"summary_large_image","twitter_misc":{"Escrito por":"David Andr\u00e9s Aguirre","Tiempo de lectura":"2 minutos"},"schema":{"@context":"https:\/\/schema.org","@graph":[{"@type":"WebPage","@id":"https:\/\/ciudadyregion.com.co\/index.php\/ibal-un-aliado-estrategico-del-setp-en-la-rehabilitacion-de-la-carrera-quinta-alcaldia-de-ibague\/ibague\/","url":"https:\/\/ciudadyregion.com.co\/index.php\/ibal-un-aliado-estrategico-del-setp-en-la-rehabilitacion-de-la-carrera-quinta-alcaldia-de-ibague\/ibague\/","name":"\"IBAL, un aliado estrat\u00e9gico del SETP en la rehabilitaci\u00f3n de la carrera Quinta\": Alcald\u00eda de Ibagu\u00e9 - Ciudad y Region","isPartOf":{"@id":"https:\/\/ciudadyregion.com.co\/#website"},"primaryImageOfPage":{"@id":"https:\/\/ciudadyregion.com.co\/index.php\/ibal-un-aliado-estrategico-del-setp-en-la-rehabilitacion-de-la-carrera-quinta-alcaldia-de-ibague\/ibague\/#primaryimage"},"image":{"@id":"https:\/\/ciudadyregion.com.co\/index.php\/ibal-un-aliado-estrategico-del-setp-en-la-rehabilitacion-de-la-carrera-quinta-alcaldia-de-ibague\/ibague\/#primaryimage"},"thumbnailUrl":"https:\/\/i0.wp.com\/ciudadyregion.com.co\/wp-content\/uploads\/2025\/11\/Pag-37.jpg?fit=800%2C445&ssl=1","datePublished":"2025-11-04T13:15:16+00:00","dateModified":"2025-11-04T13:15:16+00:00","author":{"@id":"https:\/\/ciudadyregion.com.co\/#\/schema\/person\/04a4954373ebc4051f46e8c65ff78622"},"breadcrumb":{"@id":"https:\/\/ciudadyregion.com.co\/index.php\/ibal-un-aliado-estrategico-del-setp-en-la-rehabilitacion-de-la-carrera-quinta-alcaldia-de-ibague\/ibague\/#breadcrumb"},"inLanguage":"es","potentialAction":[{"@type":"ReadAction","target":["https:\/\/ciudadyregion.com.co\/index.php\/ibal-un-aliado-estrategico-del-setp-en-la-rehabilitacion-de-la-carrera-quinta-alcaldia-de-ibague\/ibague\/"]}]},{"@type":"ImageObject","inLanguage":"es","@id":"https:\/\/ciudadyregion.com.co\/index.php\/ibal-un-aliado-estrategico-del-setp-en-la-rehabilitacion-de-la-carrera-quinta-alcaldia-de-ibague\/ibague\/#primaryimage","url":"https:\/\/i0.wp.com\/ciudadyregion.com.co\/wp-content\/uploads\/2025\/11\/Pag-37.jpg?fit=800%2C445&ssl=1","contentUrl":"https:\/\/i0.wp.com\/ciudadyregion.com.co\/wp-content\/uploads\/2025\/11\/Pag-37.jpg?fit=800%2C445&ssl=1","width":800,"height":445},{"@type":"BreadcrumbList","@id":"https:\/\/ciudadyregion.com.co\/index.php\/ibal-un-aliado-estrategico-del-setp-en-la-rehabilitacion-de-la-carrera-quinta-alcaldia-de-ibague\/ibague\/#breadcrumb","itemListElement":[{"@type":"ListItem","position":1,"name":"Portada","item":"https:\/\/ciudadyregion.com.co\/"},{"@type":"ListItem","position":2,"name":"\u00abIBAL, un aliado estrat\u00e9gico del SETP en la rehabilitaci\u00f3n de la carrera Quinta\u00bb: Alcald\u00eda de Ibagu\u00e9"}]},{"@type":"WebSite","@id":"https:\/\/ciudadyregion.com.co\/#website","url":"https:\/\/ciudadyregion.com.co\/","name":"Ciudad y Region","description":"","potentialAction":[{"@type":"SearchAction","target":{"@type":"EntryPoint","urlTemplate":"https:\/\/ciudadyregion.com.co\/?s={search_term_string}"},"query-input":{"@type":"PropertyValueSpecification","valueRequired":true,"valueName":"search_term_string"}}],"inLanguage":"es"},{"@type":"Person","@id":"https:\/\/ciudadyregion.com.co\/#\/schema\/person\/04a4954373ebc4051f46e8c65ff78622","name":"David Andr\u00e9s Aguirre","image":{"@type":"ImageObject","inLanguage":"es","@id":"https:\/\/ciudadyregion.com.co\/#\/schema\/person\/image\/","url":"https:\/\/secure.gravatar.com\/avatar\/bc3c655860202182ee6d1b5edd042dbe?s=96&d=mm&r=g","contentUrl":"https:\/\/secure.gravatar.com\/avatar\/bc3c655860202182ee6d1b5edd042dbe?s=96&d=mm&r=g","caption":"David Andr\u00e9s Aguirre"},"url":"https:\/\/ciudadyregion.com.co\/index.php\/author\/diegoaguirre\/"}]}},"jetpack_featured_media_url":"https:\/\/i0.wp.com\/ciudadyregion.com.co\/wp-content\/uploads\/2025\/11\/Pag-37.jpg?fit=800%2C445&ssl=1","jetpack_sharing_enabled":true,"jetpack_shortlink":"https:\/\/wp.me\/pbS7hh-cv0","jetpack-related-posts":[],"_links":{"self":[{"href":"https:\/\/ciudadyregion.com.co\/index.php\/wp-json\/wp\/v2\/posts\/48050"}],"collection":[{"href":"https:\/\/ciudadyregion.com.co\/index.php\/wp-json\/wp\/v2\/posts"}],"about":[{"href":"https:\/\/ciudadyregion.com.co\/index.php\/wp-json\/wp\/v2\/types\/post"}],"author":[{"embeddable":true,"href":"https:\/\/ciudadyregion.com.co\/index.php\/wp-json\/wp\/v2\/users\/2"}],"replies":[{"embeddable":true,"href":"https:\/\/ciudadyregion.com.co\/index.php\/wp-json\/wp\/v2\/comments?post=48050"}],"version-history":[{"count":1,"href":"https:\/\/ciudadyregion.com.co\/index.php\/wp-json\/wp\/v2\/posts\/48050\/revisions"}],"predecessor-version":[{"id":48052,"href":"https:\/\/ciudadyregion.com.co\/index.php\/wp-json\/wp\/v2\/posts\/48050\/revisions\/48052"}],"wp:featuredmedia":[{"embeddable":true,"href":"https:\/\/ciudadyregion.com.co\/index.php\/wp-json\/wp\/v2\/media\/48051"}],"wp:attachment":[{"href":"https:\/\/ciudadyregion.com.co\/index.php\/wp-json\/wp\/v2\/media?parent=48050"}],"wp:term":[{"taxonomy":"category","embeddable":true,"href":"https:\/\/ciudadyregion.com.co\/index.php\/wp-json\/wp\/v2\/categories?post=48050"},{"taxonomy":"post_tag","embeddable":true,"href":"https:\/\/ciudadyregion.com.co\/index.php\/wp-json\/wp\/v2\/tags?post=48050"}],"curies":[{"name":"wp","href":"https:\/\/api.w.org\/{rel}","templated":true}]}}