{"id":48046,"date":"2025-11-04T08:12:53","date_gmt":"2025-11-04T13:12:53","guid":{"rendered":"https:\/\/ciudadyregion.com.co\/?p=48046"},"modified":"2025-11-04T08:12:53","modified_gmt":"2025-11-04T13:12:53","slug":"alcaldia-atiende-emergencia-por-desbordamiento-de-quebrada-en-el-canon-del-combeima","status":"publish","type":"post","link":"https:\/\/ciudadyregion.com.co\/index.php\/alcaldia-atiende-emergencia-por-desbordamiento-de-quebrada-en-el-canon-del-combeima\/ibague\/","title":{"rendered":"Alcald\u00eda atiende emergencia por desbordamiento de quebrada en el Ca\u00f1\u00f3n del Combeima"},"content":{"rendered":"<ul>\n<li><em><strong>La v\u00eda ya se encuentra habilitada para el tr\u00e1nsito de veh\u00edculos.<\/strong><\/em><\/li>\n<\/ul>\n<p>Debido a las fuertes lluvias registradas durante la noche del lunes festivo, se present\u00f3 una emergencia en el sector de Berl\u00edn, v\u00eda al Ca\u00f1\u00f3n del Combeima, donde el desbordamiento de una quebrada caus\u00f3 deslizamientos, inundaciones y ca\u00eddas de \u00e1rboles.<\/p>\n<blockquote><p>\u201cDesde el momento en que se reporta este incidente, se desplazan unidades bomberiles de la estaci\u00f3n Centro, las cuales inician con la remoci\u00f3n de material vegetal, los cuales cayeron sobre la carretera\u201d, indic\u00f3 Jean Pineda, director de bomberos.<\/p><\/blockquote>\n<p>Es importante mencionar que personal de la Secretar\u00eda de Agricultura y Desarrollo Rural, Gesti\u00f3n del Riesgo y Bomberos Voluntarios, estuvo prestando la ayuda necesaria, hasta altas horas de la madrugada.<\/p>\n<p>Se espera que durante la ma\u00f1ana de este martes se trasladen nuevamente unidades de la Administraci\u00f3n Municipal, para llevar a cabo el levantamiento de los censos de familias afectadas y poder realizar la entrega de ayudas necesarias.<\/p>\n<p>Por otro lado, cabe mencionar que no se presentaron p\u00e9rdidas de vidas humanas y que la esta importante v\u00eda ya se encuentra habilitada para el paso de veh\u00edculos.<\/p>\n","protected":false},"excerpt":{"rendered":"<p>La v\u00eda ya se encuentra habilitada para el tr\u00e1nsito de veh\u00edculos. Debido a las fuertes lluvias registradas durante la noche del lunes festivo, se present\u00f3 una emergencia en el sector de Berl\u00edn, v\u00eda al Ca\u00f1\u00f3n del Combeima, donde el desbordamiento de una quebrada caus\u00f3 deslizamientos, inundaciones y ca\u00eddas de \u00e1rboles.<span class=\"more-link\"><a href=\"https:\/\/ciudadyregion.com.co\/index.php\/alcaldia-atiende-emergencia-por-desbordamiento-de-quebrada-en-el-canon-del-combeima\/ibague\/\">Continuar Leyendo<\/a><\/span><\/p>\n","protected":false},"author":2,"featured_media":48048,"comment_status":"open","ping_status":"open","sticky":false,"template":"","format":"standard","meta":{"_uf_show_specific_survey":0,"_uf_disable_surveys":false,"_jetpack_memberships_contains_paid_content":false,"footnotes":"","jetpack_publicize_message":"","jetpack_publicize_feature_enabled":true,"jetpack_social_post_already_shared":true,"jetpack_social_options":{"image_generator_settings":{"template":"highway","enabled":false},"version":2}},"categories":[14],"tags":[],"class_list":["entry","author-diegoaguirre","post-48046","post","type-post","status-publish","format-standard","has-post-thumbnail","category-ibague"],"jetpack_publicize_connections":[],"yoast_head":"<!-- This site is optimized with the Yoast SEO plugin v24.3 - https:\/\/yoast.com\/wordpress\/plugins\/seo\/ -->\n<title>Alcald\u00eda atiende emergencia por desbordamiento de quebrada en el Ca\u00f1\u00f3n del Combeima - Ciudad y Region<\/title>\n<meta name=\"robots\" content=\"index, follow, max-snippet:-1, max-image-preview:large, max-video-preview:-1\" \/>\n<link rel=\"canonical\" href=\"https:\/\/ciudadyregion.com.co\/index.php\/alcaldia-atiende-emergencia-por-desbordamiento-de-quebrada-en-el-canon-del-combeima\/ibague\/\" \/>\n<meta property=\"og:locale\" content=\"es_ES\" \/>\n<meta property=\"og:type\" content=\"article\" \/>\n<meta property=\"og:title\" content=\"Alcald\u00eda atiende emergencia por desbordamiento de quebrada en el Ca\u00f1\u00f3n del Combeima - Ciudad y Region\" \/>\n<meta property=\"og:description\" content=\"La v\u00eda ya se encuentra habilitada para el tr\u00e1nsito de veh\u00edculos. Debido a las fuertes lluvias registradas durante la noche del lunes festivo, se present\u00f3 una emergencia en el sector de Berl\u00edn, v\u00eda al Ca\u00f1\u00f3n del Combeima, donde el desbordamiento de una quebrada caus\u00f3 deslizamientos, inundaciones y ca\u00eddas de \u00e1rboles.Continuar Leyendo\" \/>\n<meta property=\"og:url\" content=\"https:\/\/ciudadyregion.com.co\/index.php\/alcaldia-atiende-emergencia-por-desbordamiento-de-quebrada-en-el-canon-del-combeima\/ibague\/\" \/>\n<meta property=\"og:site_name\" content=\"Ciudad y Region\" \/>\n<meta property=\"article:published_time\" content=\"2025-11-04T13:12:53+00:00\" \/>\n<meta property=\"og:image\" content=\"https:\/\/ciudadyregion.com.co\/wp-content\/uploads\/2025\/11\/Pag-36.jpg\" \/>\n\t<meta property=\"og:image:width\" content=\"800\" \/>\n\t<meta property=\"og:image:height\" content=\"445\" \/>\n\t<meta property=\"og:image:type\" content=\"image\/jpeg\" \/>\n<meta name=\"author\" content=\"David Andr\u00e9s Aguirre\" \/>\n<meta name=\"twitter:card\" content=\"summary_large_image\" \/>\n<meta name=\"twitter:label1\" content=\"Escrito por\" \/>\n\t<meta name=\"twitter:data1\" content=\"David Andr\u00e9s Aguirre\" \/>\n\t<meta name=\"twitter:label2\" content=\"Tiempo de lectura\" \/>\n\t<meta name=\"twitter:data2\" content=\"1 minuto\" \/>\n<script type=\"application\/ld+json\" class=\"yoast-schema-graph\">{\"@context\":\"https:\/\/schema.org\",\"@graph\":[{\"@type\":\"WebPage\",\"@id\":\"https:\/\/ciudadyregion.com.co\/index.php\/alcaldia-atiende-emergencia-por-desbordamiento-de-quebrada-en-el-canon-del-combeima\/ibague\/\",\"url\":\"https:\/\/ciudadyregion.com.co\/index.php\/alcaldia-atiende-emergencia-por-desbordamiento-de-quebrada-en-el-canon-del-combeima\/ibague\/\",\"name\":\"Alcald\u00eda atiende emergencia por desbordamiento de quebrada en el Ca\u00f1\u00f3n del Combeima - Ciudad y Region\",\"isPartOf\":{\"@id\":\"https:\/\/ciudadyregion.com.co\/#website\"},\"primaryImageOfPage\":{\"@id\":\"https:\/\/ciudadyregion.com.co\/index.php\/alcaldia-atiende-emergencia-por-desbordamiento-de-quebrada-en-el-canon-del-combeima\/ibague\/#primaryimage\"},\"image\":{\"@id\":\"https:\/\/ciudadyregion.com.co\/index.php\/alcaldia-atiende-emergencia-por-desbordamiento-de-quebrada-en-el-canon-del-combeima\/ibague\/#primaryimage\"},\"thumbnailUrl\":\"https:\/\/i0.wp.com\/ciudadyregion.com.co\/wp-content\/uploads\/2025\/11\/Pag-36.jpg?fit=800%2C445&ssl=1\",\"datePublished\":\"2025-11-04T13:12:53+00:00\",\"dateModified\":\"2025-11-04T13:12:53+00:00\",\"author\":{\"@id\":\"https:\/\/ciudadyregion.com.co\/#\/schema\/person\/04a4954373ebc4051f46e8c65ff78622\"},\"breadcrumb\":{\"@id\":\"https:\/\/ciudadyregion.com.co\/index.php\/alcaldia-atiende-emergencia-por-desbordamiento-de-quebrada-en-el-canon-del-combeima\/ibague\/#breadcrumb\"},\"inLanguage\":\"es\",\"potentialAction\":[{\"@type\":\"ReadAction\",\"target\":[\"https:\/\/ciudadyregion.com.co\/index.php\/alcaldia-atiende-emergencia-por-desbordamiento-de-quebrada-en-el-canon-del-combeima\/ibague\/\"]}]},{\"@type\":\"ImageObject\",\"inLanguage\":\"es\",\"@id\":\"https:\/\/ciudadyregion.com.co\/index.php\/alcaldia-atiende-emergencia-por-desbordamiento-de-quebrada-en-el-canon-del-combeima\/ibague\/#primaryimage\",\"url\":\"https:\/\/i0.wp.com\/ciudadyregion.com.co\/wp-content\/uploads\/2025\/11\/Pag-36.jpg?fit=800%2C445&ssl=1\",\"contentUrl\":\"https:\/\/i0.wp.com\/ciudadyregion.com.co\/wp-content\/uploads\/2025\/11\/Pag-36.jpg?fit=800%2C445&ssl=1\",\"width\":800,\"height\":445},{\"@type\":\"BreadcrumbList\",\"@id\":\"https:\/\/ciudadyregion.com.co\/index.php\/alcaldia-atiende-emergencia-por-desbordamiento-de-quebrada-en-el-canon-del-combeima\/ibague\/#breadcrumb\",\"itemListElement\":[{\"@type\":\"ListItem\",\"position\":1,\"name\":\"Portada\",\"item\":\"https:\/\/ciudadyregion.com.co\/\"},{\"@type\":\"ListItem\",\"position\":2,\"name\":\"Alcald\u00eda atiende emergencia por desbordamiento de quebrada en el Ca\u00f1\u00f3n del Combeima\"}]},{\"@type\":\"WebSite\",\"@id\":\"https:\/\/ciudadyregion.com.co\/#website\",\"url\":\"https:\/\/ciudadyregion.com.co\/\",\"name\":\"Ciudad y Region\",\"description\":\"\",\"potentialAction\":[{\"@type\":\"SearchAction\",\"target\":{\"@type\":\"EntryPoint\",\"urlTemplate\":\"https:\/\/ciudadyregion.com.co\/?s={search_term_string}\"},\"query-input\":{\"@type\":\"PropertyValueSpecification\",\"valueRequired\":true,\"valueName\":\"search_term_string\"}}],\"inLanguage\":\"es\"},{\"@type\":\"Person\",\"@id\":\"https:\/\/ciudadyregion.com.co\/#\/schema\/person\/04a4954373ebc4051f46e8c65ff78622\",\"name\":\"David Andr\u00e9s Aguirre\",\"image\":{\"@type\":\"ImageObject\",\"inLanguage\":\"es\",\"@id\":\"https:\/\/ciudadyregion.com.co\/#\/schema\/person\/image\/\",\"url\":\"https:\/\/secure.gravatar.com\/avatar\/bc3c655860202182ee6d1b5edd042dbe?s=96&d=mm&r=g\",\"contentUrl\":\"https:\/\/secure.gravatar.com\/avatar\/bc3c655860202182ee6d1b5edd042dbe?s=96&d=mm&r=g\",\"caption\":\"David Andr\u00e9s Aguirre\"},\"url\":\"https:\/\/ciudadyregion.com.co\/index.php\/author\/diegoaguirre\/\"}]}<\/script>\n<!-- \/ Yoast SEO plugin. -->","yoast_head_json":{"title":"Alcald\u00eda atiende emergencia por desbordamiento de quebrada en el Ca\u00f1\u00f3n del Combeima - Ciudad y Region","robots":{"index":"index","follow":"follow","max-snippet":"max-snippet:-1","max-image-preview":"max-image-preview:large","max-video-preview":"max-video-preview:-1"},"canonical":"https:\/\/ciudadyregion.com.co\/index.php\/alcaldia-atiende-emergencia-por-desbordamiento-de-quebrada-en-el-canon-del-combeima\/ibague\/","og_locale":"es_ES","og_type":"article","og_title":"Alcald\u00eda atiende emergencia por desbordamiento de quebrada en el Ca\u00f1\u00f3n del Combeima - Ciudad y Region","og_description":"La v\u00eda ya se encuentra habilitada para el tr\u00e1nsito de veh\u00edculos. Debido a las fuertes lluvias registradas durante la noche del lunes festivo, se present\u00f3 una emergencia en el sector de Berl\u00edn, v\u00eda al Ca\u00f1\u00f3n del Combeima, donde el desbordamiento de una quebrada caus\u00f3 deslizamientos, inundaciones y ca\u00eddas de \u00e1rboles.Continuar Leyendo","og_url":"https:\/\/ciudadyregion.com.co\/index.php\/alcaldia-atiende-emergencia-por-desbordamiento-de-quebrada-en-el-canon-del-combeima\/ibague\/","og_site_name":"Ciudad y Region","article_published_time":"2025-11-04T13:12:53+00:00","og_image":[{"width":800,"height":445,"url":"https:\/\/ciudadyregion.com.co\/wp-content\/uploads\/2025\/11\/Pag-36.jpg","type":"image\/jpeg"}],"author":"David Andr\u00e9s Aguirre","twitter_card":"summary_large_image","twitter_misc":{"Escrito por":"David Andr\u00e9s Aguirre","Tiempo de lectura":"1 minuto"},"schema":{"@context":"https:\/\/schema.org","@graph":[{"@type":"WebPage","@id":"https:\/\/ciudadyregion.com.co\/index.php\/alcaldia-atiende-emergencia-por-desbordamiento-de-quebrada-en-el-canon-del-combeima\/ibague\/","url":"https:\/\/ciudadyregion.com.co\/index.php\/alcaldia-atiende-emergencia-por-desbordamiento-de-quebrada-en-el-canon-del-combeima\/ibague\/","name":"Alcald\u00eda atiende emergencia por desbordamiento de quebrada en el Ca\u00f1\u00f3n del Combeima - Ciudad y Region","isPartOf":{"@id":"https:\/\/ciudadyregion.com.co\/#website"},"primaryImageOfPage":{"@id":"https:\/\/ciudadyregion.com.co\/index.php\/alcaldia-atiende-emergencia-por-desbordamiento-de-quebrada-en-el-canon-del-combeima\/ibague\/#primaryimage"},"image":{"@id":"https:\/\/ciudadyregion.com.co\/index.php\/alcaldia-atiende-emergencia-por-desbordamiento-de-quebrada-en-el-canon-del-combeima\/ibague\/#primaryimage"},"thumbnailUrl":"https:\/\/i0.wp.com\/ciudadyregion.com.co\/wp-content\/uploads\/2025\/11\/Pag-36.jpg?fit=800%2C445&ssl=1","datePublished":"2025-11-04T13:12:53+00:00","dateModified":"2025-11-04T13:12:53+00:00","author":{"@id":"https:\/\/ciudadyregion.com.co\/#\/schema\/person\/04a4954373ebc4051f46e8c65ff78622"},"breadcrumb":{"@id":"https:\/\/ciudadyregion.com.co\/index.php\/alcaldia-atiende-emergencia-por-desbordamiento-de-quebrada-en-el-canon-del-combeima\/ibague\/#breadcrumb"},"inLanguage":"es","potentialAction":[{"@type":"ReadAction","target":["https:\/\/ciudadyregion.com.co\/index.php\/alcaldia-atiende-emergencia-por-desbordamiento-de-quebrada-en-el-canon-del-combeima\/ibague\/"]}]},{"@type":"ImageObject","inLanguage":"es","@id":"https:\/\/ciudadyregion.com.co\/index.php\/alcaldia-atiende-emergencia-por-desbordamiento-de-quebrada-en-el-canon-del-combeima\/ibague\/#primaryimage","url":"https:\/\/i0.wp.com\/ciudadyregion.com.co\/wp-content\/uploads\/2025\/11\/Pag-36.jpg?fit=800%2C445&ssl=1","contentUrl":"https:\/\/i0.wp.com\/ciudadyregion.com.co\/wp-content\/uploads\/2025\/11\/Pag-36.jpg?fit=800%2C445&ssl=1","width":800,"height":445},{"@type":"BreadcrumbList","@id":"https:\/\/ciudadyregion.com.co\/index.php\/alcaldia-atiende-emergencia-por-desbordamiento-de-quebrada-en-el-canon-del-combeima\/ibague\/#breadcrumb","itemListElement":[{"@type":"ListItem","position":1,"name":"Portada","item":"https:\/\/ciudadyregion.com.co\/"},{"@type":"ListItem","position":2,"name":"Alcald\u00eda atiende emergencia por desbordamiento de quebrada en el Ca\u00f1\u00f3n del Combeima"}]},{"@type":"WebSite","@id":"https:\/\/ciudadyregion.com.co\/#website","url":"https:\/\/ciudadyregion.com.co\/","name":"Ciudad y Region","description":"","potentialAction":[{"@type":"SearchAction","target":{"@type":"EntryPoint","urlTemplate":"https:\/\/ciudadyregion.com.co\/?s={search_term_string}"},"query-input":{"@type":"PropertyValueSpecification","valueRequired":true,"valueName":"search_term_string"}}],"inLanguage":"es"},{"@type":"Person","@id":"https:\/\/ciudadyregion.com.co\/#\/schema\/person\/04a4954373ebc4051f46e8c65ff78622","name":"David Andr\u00e9s Aguirre","image":{"@type":"ImageObject","inLanguage":"es","@id":"https:\/\/ciudadyregion.com.co\/#\/schema\/person\/image\/","url":"https:\/\/secure.gravatar.com\/avatar\/bc3c655860202182ee6d1b5edd042dbe?s=96&d=mm&r=g","contentUrl":"https:\/\/secure.gravatar.com\/avatar\/bc3c655860202182ee6d1b5edd042dbe?s=96&d=mm&r=g","caption":"David Andr\u00e9s Aguirre"},"url":"https:\/\/ciudadyregion.com.co\/index.php\/author\/diegoaguirre\/"}]}},"jetpack_featured_media_url":"https:\/\/i0.wp.com\/ciudadyregion.com.co\/wp-content\/uploads\/2025\/11\/Pag-36.jpg?fit=800%2C445&ssl=1","jetpack_sharing_enabled":true,"jetpack_shortlink":"https:\/\/wp.me\/pbS7hh-cuW","jetpack-related-posts":[],"_links":{"self":[{"href":"https:\/\/ciudadyregion.com.co\/index.php\/wp-json\/wp\/v2\/posts\/48046"}],"collection":[{"href":"https:\/\/ciudadyregion.com.co\/index.php\/wp-json\/wp\/v2\/posts"}],"about":[{"href":"https:\/\/ciudadyregion.com.co\/index.php\/wp-json\/wp\/v2\/types\/post"}],"author":[{"embeddable":true,"href":"https:\/\/ciudadyregion.com.co\/index.php\/wp-json\/wp\/v2\/users\/2"}],"replies":[{"embeddable":true,"href":"https:\/\/ciudadyregion.com.co\/index.php\/wp-json\/wp\/v2\/comments?post=48046"}],"version-history":[{"count":1,"href":"https:\/\/ciudadyregion.com.co\/index.php\/wp-json\/wp\/v2\/posts\/48046\/revisions"}],"predecessor-version":[{"id":48049,"href":"https:\/\/ciudadyregion.com.co\/index.php\/wp-json\/wp\/v2\/posts\/48046\/revisions\/48049"}],"wp:featuredmedia":[{"embeddable":true,"href":"https:\/\/ciudadyregion.com.co\/index.php\/wp-json\/wp\/v2\/media\/48048"}],"wp:attachment":[{"href":"https:\/\/ciudadyregion.com.co\/index.php\/wp-json\/wp\/v2\/media?parent=48046"}],"wp:term":[{"taxonomy":"category","embeddable":true,"href":"https:\/\/ciudadyregion.com.co\/index.php\/wp-json\/wp\/v2\/categories?post=48046"},{"taxonomy":"post_tag","embeddable":true,"href":"https:\/\/ciudadyregion.com.co\/index.php\/wp-json\/wp\/v2\/tags?post=48046"}],"curies":[{"name":"wp","href":"https:\/\/api.w.org\/{rel}","templated":true}]}}