{"id":48042,"date":"2025-11-04T08:10:05","date_gmt":"2025-11-04T13:10:05","guid":{"rendered":"https:\/\/ciudadyregion.com.co\/?p=48042"},"modified":"2025-11-04T08:10:05","modified_gmt":"2025-11-04T13:10:05","slug":"los-habitantes-de-la-alcancia-en-el-libano-cuentan-con-la-gobernacion-del-tolima","status":"publish","type":"post","link":"https:\/\/ciudadyregion.com.co\/index.php\/los-habitantes-de-la-alcancia-en-el-libano-cuentan-con-la-gobernacion-del-tolima\/regional\/","title":{"rendered":"Los habitantes de La Alcanc\u00eda, en El L\u00edbano, cuentan con la Gobernaci\u00f3n del Tolima"},"content":{"rendered":"<p>Un equipo t\u00e9cnico del Gobierno Departamental se desplaz\u00f3 hacia esta zona del Norte tolimense para realizar acompa\u00f1amiento e inspecci\u00f3n a la situaci\u00f3n que se gener\u00f3 por el colapso del puente que pasa sobre la quebrada La Honda, en la Vereda La Alcanc\u00eda de la Ciudad de las Torres Blancas.<\/p>\n<p>El d\u00eda jueves, 30 de octubre, en horas del mediod\u00eda, se present\u00f3 una emergencia en la vereda La Alcanc\u00eda, en el municipio de El L\u00edbano, luego que un puente mular que est\u00e1 ubicado en una v\u00eda terciaria que conecta el este sector con la instituci\u00f3n educativa de la zona, colaps\u00f3 al paso de un grupo considerable de estudiantes que ven\u00edan de la instituci\u00f3n educativa de la sede de Tierradentro a realizar una pr\u00e1ctica de campo.<\/p>\n<p>Luego de la ca\u00edda de la estructura de l\u00e1mina, que tiene cerca de cuarenta a\u00f1os de haber sido instalada, se presentaron afectaciones para algunos estudiantes, quienes fueron remitidos al hospital Alfonso Jaramillo Salazar.<\/p>\n<p>Muy temprano, el viernes 31 de octubre, la gobernadora, Adriana Magali Matiz encarg\u00f3 un equipo t\u00e9cnico encabezado por la Secretar\u00eda General y acompa\u00f1ado por Secretar\u00eda de Infraestructura y H\u00e1bitat, Secretar\u00eda de Ambiente y Gesti\u00f3n del Riesgo y Secretar\u00eda de Educaci\u00f3n para desplazarse a la zona y conocer de primera mano la situaci\u00f3n que aconteci\u00f3.<\/p>\n<blockquote><p>\u00abVinimos como equipo del Gobierno Departamental a realizar una inspecci\u00f3n ocular, a dialogar con los funcionarios de la Alcald\u00eda Municipal y la comunidad, para enterarnos de qu\u00e9 fue lo que lo que pas\u00f3, y ponernos a disposici\u00f3n, como ha sido la instrucci\u00f3n de nuestra Gobernadora, para aunar esfuerzos y buscar soluci\u00f3n a esta problem\u00e1tica\u00bb, indic\u00f3 el secretario general de la Gobernaci\u00f3n del Tolima, Carlos Andr\u00e9s Portela.<\/p><\/blockquote>\n<p>Dentro de las conclusiones de esta visita ocular se determin\u00f3, por sugerencia de la parte t\u00e9cnica del Gobierno Seccional, que se debe realizar la remoci\u00f3n de la estructura que est\u00e1 sobre la quebrada La Honda, ya que podr\u00eda generar afectaciones ante una creciente s\u00fabita, tomando en cuenta las fuertes lluvias que est\u00e1n cayendo por estos d\u00edas.<\/p>\n<p>De igual forma, se hizo un acompa\u00f1amiento por parte del secretario de Educaci\u00f3n del Tolima a los estudiantes que resultaron lesionados, quienes se encuentran en evoluci\u00f3n m\u00e9dica en el hospital Alfonso Jaramillo Salazar.<\/p>\n<p>Otro punto importante es que se verific\u00f3 que los 12 estudiantes de la instituci\u00f3n educativa La Alcanc\u00eda no podr\u00e1n regresar a las clases presenciales; tomar\u00e1n clases virtuales hasta el cierre del a\u00f1o escolar.<\/p>\n<p>La Gobernaci\u00f3n del Tolima desarrollar\u00e1 una mesa t\u00e9cnica con la Alcald\u00eda de El L\u00edbano, de acuerdo con las instrucciones de la gobernadora, Adriana Magali Matiz, y se evaluar\u00e1 el informe que presentar\u00e1n las secretar\u00edas de Gesti\u00f3n del Riesgo y de Infraestructura y H\u00e1bitat sobre las posibles soluciones que podr\u00edan tomarse en cuenta para la instalaci\u00f3n de una nueva estructura en este sector.<\/p>\n<p>La estructura ca\u00edda tambi\u00e9n sirve a un grupo de mujeres campesinas que tienen un emprendimiento de espirulina; una alga que es ucomplemento alimenticio y que es una novedad dentro de los procesos de generaci\u00f3n de oportunidades a trav\u00e9s del campo en esta zona del Norte tolimense.<\/p>\n","protected":false},"excerpt":{"rendered":"<p>Un equipo t\u00e9cnico del Gobierno Departamental se desplaz\u00f3 hacia esta zona del Norte tolimense para realizar acompa\u00f1amiento e inspecci\u00f3n a la situaci\u00f3n que se gener\u00f3 por el colapso del puente que pasa sobre la quebrada La Honda, en la Vereda La Alcanc\u00eda de la Ciudad de las Torres Blancas. El<span class=\"more-link\"><a href=\"https:\/\/ciudadyregion.com.co\/index.php\/los-habitantes-de-la-alcancia-en-el-libano-cuentan-con-la-gobernacion-del-tolima\/regional\/\">Continuar Leyendo<\/a><\/span><\/p>\n","protected":false},"author":2,"featured_media":48043,"comment_status":"open","ping_status":"open","sticky":false,"template":"","format":"standard","meta":{"_uf_show_specific_survey":0,"_uf_disable_surveys":false,"_jetpack_memberships_contains_paid_content":false,"footnotes":"","jetpack_publicize_message":"","jetpack_publicize_feature_enabled":true,"jetpack_social_post_already_shared":true,"jetpack_social_options":{"image_generator_settings":{"template":"highway","enabled":false},"version":2}},"categories":[13],"tags":[],"class_list":["entry","author-diegoaguirre","post-48042","post","type-post","status-publish","format-standard","has-post-thumbnail","category-regional"],"jetpack_publicize_connections":[],"yoast_head":"<!-- This site is optimized with the Yoast SEO plugin v24.3 - https:\/\/yoast.com\/wordpress\/plugins\/seo\/ -->\n<title>Los habitantes de La Alcanc\u00eda, en El L\u00edbano, cuentan con la Gobernaci\u00f3n del Tolima - Ciudad y Region<\/title>\n<meta name=\"robots\" content=\"index, follow, max-snippet:-1, max-image-preview:large, max-video-preview:-1\" \/>\n<link rel=\"canonical\" href=\"https:\/\/ciudadyregion.com.co\/index.php\/los-habitantes-de-la-alcancia-en-el-libano-cuentan-con-la-gobernacion-del-tolima\/regional\/\" \/>\n<meta property=\"og:locale\" content=\"es_ES\" \/>\n<meta property=\"og:type\" content=\"article\" \/>\n<meta property=\"og:title\" content=\"Los habitantes de La Alcanc\u00eda, en El L\u00edbano, cuentan con la Gobernaci\u00f3n del Tolima - Ciudad y Region\" \/>\n<meta property=\"og:description\" content=\"Un equipo t\u00e9cnico del Gobierno Departamental se desplaz\u00f3 hacia esta zona del Norte tolimense para realizar acompa\u00f1amiento e inspecci\u00f3n a la situaci\u00f3n que se gener\u00f3 por el colapso del puente que pasa sobre la quebrada La Honda, en la Vereda La Alcanc\u00eda de la Ciudad de las Torres Blancas. ElContinuar Leyendo\" \/>\n<meta property=\"og:url\" content=\"https:\/\/ciudadyregion.com.co\/index.php\/los-habitantes-de-la-alcancia-en-el-libano-cuentan-con-la-gobernacion-del-tolima\/regional\/\" \/>\n<meta property=\"og:site_name\" content=\"Ciudad y Region\" \/>\n<meta property=\"article:published_time\" content=\"2025-11-04T13:10:05+00:00\" \/>\n<meta property=\"og:image\" content=\"https:\/\/ciudadyregion.com.co\/wp-content\/uploads\/2025\/11\/Pag-35.jpg\" \/>\n\t<meta property=\"og:image:width\" content=\"800\" \/>\n\t<meta property=\"og:image:height\" content=\"445\" \/>\n\t<meta property=\"og:image:type\" content=\"image\/jpeg\" \/>\n<meta name=\"author\" content=\"David Andr\u00e9s Aguirre\" \/>\n<meta name=\"twitter:card\" content=\"summary_large_image\" \/>\n<meta name=\"twitter:label1\" content=\"Escrito por\" \/>\n\t<meta name=\"twitter:data1\" content=\"David Andr\u00e9s Aguirre\" \/>\n\t<meta name=\"twitter:label2\" content=\"Tiempo de lectura\" \/>\n\t<meta name=\"twitter:data2\" content=\"3 minutos\" \/>\n<script type=\"application\/ld+json\" class=\"yoast-schema-graph\">{\"@context\":\"https:\/\/schema.org\",\"@graph\":[{\"@type\":\"WebPage\",\"@id\":\"https:\/\/ciudadyregion.com.co\/index.php\/los-habitantes-de-la-alcancia-en-el-libano-cuentan-con-la-gobernacion-del-tolima\/regional\/\",\"url\":\"https:\/\/ciudadyregion.com.co\/index.php\/los-habitantes-de-la-alcancia-en-el-libano-cuentan-con-la-gobernacion-del-tolima\/regional\/\",\"name\":\"Los habitantes de La Alcanc\u00eda, en El L\u00edbano, cuentan con la Gobernaci\u00f3n del Tolima - Ciudad y Region\",\"isPartOf\":{\"@id\":\"https:\/\/ciudadyregion.com.co\/#website\"},\"primaryImageOfPage\":{\"@id\":\"https:\/\/ciudadyregion.com.co\/index.php\/los-habitantes-de-la-alcancia-en-el-libano-cuentan-con-la-gobernacion-del-tolima\/regional\/#primaryimage\"},\"image\":{\"@id\":\"https:\/\/ciudadyregion.com.co\/index.php\/los-habitantes-de-la-alcancia-en-el-libano-cuentan-con-la-gobernacion-del-tolima\/regional\/#primaryimage\"},\"thumbnailUrl\":\"https:\/\/i0.wp.com\/ciudadyregion.com.co\/wp-content\/uploads\/2025\/11\/Pag-35.jpg?fit=800%2C445&ssl=1\",\"datePublished\":\"2025-11-04T13:10:05+00:00\",\"dateModified\":\"2025-11-04T13:10:05+00:00\",\"author\":{\"@id\":\"https:\/\/ciudadyregion.com.co\/#\/schema\/person\/04a4954373ebc4051f46e8c65ff78622\"},\"breadcrumb\":{\"@id\":\"https:\/\/ciudadyregion.com.co\/index.php\/los-habitantes-de-la-alcancia-en-el-libano-cuentan-con-la-gobernacion-del-tolima\/regional\/#breadcrumb\"},\"inLanguage\":\"es\",\"potentialAction\":[{\"@type\":\"ReadAction\",\"target\":[\"https:\/\/ciudadyregion.com.co\/index.php\/los-habitantes-de-la-alcancia-en-el-libano-cuentan-con-la-gobernacion-del-tolima\/regional\/\"]}]},{\"@type\":\"ImageObject\",\"inLanguage\":\"es\",\"@id\":\"https:\/\/ciudadyregion.com.co\/index.php\/los-habitantes-de-la-alcancia-en-el-libano-cuentan-con-la-gobernacion-del-tolima\/regional\/#primaryimage\",\"url\":\"https:\/\/i0.wp.com\/ciudadyregion.com.co\/wp-content\/uploads\/2025\/11\/Pag-35.jpg?fit=800%2C445&ssl=1\",\"contentUrl\":\"https:\/\/i0.wp.com\/ciudadyregion.com.co\/wp-content\/uploads\/2025\/11\/Pag-35.jpg?fit=800%2C445&ssl=1\",\"width\":800,\"height\":445},{\"@type\":\"BreadcrumbList\",\"@id\":\"https:\/\/ciudadyregion.com.co\/index.php\/los-habitantes-de-la-alcancia-en-el-libano-cuentan-con-la-gobernacion-del-tolima\/regional\/#breadcrumb\",\"itemListElement\":[{\"@type\":\"ListItem\",\"position\":1,\"name\":\"Portada\",\"item\":\"https:\/\/ciudadyregion.com.co\/\"},{\"@type\":\"ListItem\",\"position\":2,\"name\":\"Los habitantes de La Alcanc\u00eda, en El L\u00edbano, cuentan con la Gobernaci\u00f3n del Tolima\"}]},{\"@type\":\"WebSite\",\"@id\":\"https:\/\/ciudadyregion.com.co\/#website\",\"url\":\"https:\/\/ciudadyregion.com.co\/\",\"name\":\"Ciudad y Region\",\"description\":\"\",\"potentialAction\":[{\"@type\":\"SearchAction\",\"target\":{\"@type\":\"EntryPoint\",\"urlTemplate\":\"https:\/\/ciudadyregion.com.co\/?s={search_term_string}\"},\"query-input\":{\"@type\":\"PropertyValueSpecification\",\"valueRequired\":true,\"valueName\":\"search_term_string\"}}],\"inLanguage\":\"es\"},{\"@type\":\"Person\",\"@id\":\"https:\/\/ciudadyregion.com.co\/#\/schema\/person\/04a4954373ebc4051f46e8c65ff78622\",\"name\":\"David Andr\u00e9s Aguirre\",\"image\":{\"@type\":\"ImageObject\",\"inLanguage\":\"es\",\"@id\":\"https:\/\/ciudadyregion.com.co\/#\/schema\/person\/image\/\",\"url\":\"https:\/\/secure.gravatar.com\/avatar\/bc3c655860202182ee6d1b5edd042dbe?s=96&d=mm&r=g\",\"contentUrl\":\"https:\/\/secure.gravatar.com\/avatar\/bc3c655860202182ee6d1b5edd042dbe?s=96&d=mm&r=g\",\"caption\":\"David Andr\u00e9s Aguirre\"},\"url\":\"https:\/\/ciudadyregion.com.co\/index.php\/author\/diegoaguirre\/\"}]}<\/script>\n<!-- \/ Yoast SEO plugin. -->","yoast_head_json":{"title":"Los habitantes de La Alcanc\u00eda, en El L\u00edbano, cuentan con la Gobernaci\u00f3n del Tolima - Ciudad y Region","robots":{"index":"index","follow":"follow","max-snippet":"max-snippet:-1","max-image-preview":"max-image-preview:large","max-video-preview":"max-video-preview:-1"},"canonical":"https:\/\/ciudadyregion.com.co\/index.php\/los-habitantes-de-la-alcancia-en-el-libano-cuentan-con-la-gobernacion-del-tolima\/regional\/","og_locale":"es_ES","og_type":"article","og_title":"Los habitantes de La Alcanc\u00eda, en El L\u00edbano, cuentan con la Gobernaci\u00f3n del Tolima - Ciudad y Region","og_description":"Un equipo t\u00e9cnico del Gobierno Departamental se desplaz\u00f3 hacia esta zona del Norte tolimense para realizar acompa\u00f1amiento e inspecci\u00f3n a la situaci\u00f3n que se gener\u00f3 por el colapso del puente que pasa sobre la quebrada La Honda, en la Vereda La Alcanc\u00eda de la Ciudad de las Torres Blancas. ElContinuar Leyendo","og_url":"https:\/\/ciudadyregion.com.co\/index.php\/los-habitantes-de-la-alcancia-en-el-libano-cuentan-con-la-gobernacion-del-tolima\/regional\/","og_site_name":"Ciudad y Region","article_published_time":"2025-11-04T13:10:05+00:00","og_image":[{"width":800,"height":445,"url":"https:\/\/ciudadyregion.com.co\/wp-content\/uploads\/2025\/11\/Pag-35.jpg","type":"image\/jpeg"}],"author":"David Andr\u00e9s Aguirre","twitter_card":"summary_large_image","twitter_misc":{"Escrito por":"David Andr\u00e9s Aguirre","Tiempo de lectura":"3 minutos"},"schema":{"@context":"https:\/\/schema.org","@graph":[{"@type":"WebPage","@id":"https:\/\/ciudadyregion.com.co\/index.php\/los-habitantes-de-la-alcancia-en-el-libano-cuentan-con-la-gobernacion-del-tolima\/regional\/","url":"https:\/\/ciudadyregion.com.co\/index.php\/los-habitantes-de-la-alcancia-en-el-libano-cuentan-con-la-gobernacion-del-tolima\/regional\/","name":"Los habitantes de La Alcanc\u00eda, en El L\u00edbano, cuentan con la Gobernaci\u00f3n del Tolima - Ciudad y Region","isPartOf":{"@id":"https:\/\/ciudadyregion.com.co\/#website"},"primaryImageOfPage":{"@id":"https:\/\/ciudadyregion.com.co\/index.php\/los-habitantes-de-la-alcancia-en-el-libano-cuentan-con-la-gobernacion-del-tolima\/regional\/#primaryimage"},"image":{"@id":"https:\/\/ciudadyregion.com.co\/index.php\/los-habitantes-de-la-alcancia-en-el-libano-cuentan-con-la-gobernacion-del-tolima\/regional\/#primaryimage"},"thumbnailUrl":"https:\/\/i0.wp.com\/ciudadyregion.com.co\/wp-content\/uploads\/2025\/11\/Pag-35.jpg?fit=800%2C445&ssl=1","datePublished":"2025-11-04T13:10:05+00:00","dateModified":"2025-11-04T13:10:05+00:00","author":{"@id":"https:\/\/ciudadyregion.com.co\/#\/schema\/person\/04a4954373ebc4051f46e8c65ff78622"},"breadcrumb":{"@id":"https:\/\/ciudadyregion.com.co\/index.php\/los-habitantes-de-la-alcancia-en-el-libano-cuentan-con-la-gobernacion-del-tolima\/regional\/#breadcrumb"},"inLanguage":"es","potentialAction":[{"@type":"ReadAction","target":["https:\/\/ciudadyregion.com.co\/index.php\/los-habitantes-de-la-alcancia-en-el-libano-cuentan-con-la-gobernacion-del-tolima\/regional\/"]}]},{"@type":"ImageObject","inLanguage":"es","@id":"https:\/\/ciudadyregion.com.co\/index.php\/los-habitantes-de-la-alcancia-en-el-libano-cuentan-con-la-gobernacion-del-tolima\/regional\/#primaryimage","url":"https:\/\/i0.wp.com\/ciudadyregion.com.co\/wp-content\/uploads\/2025\/11\/Pag-35.jpg?fit=800%2C445&ssl=1","contentUrl":"https:\/\/i0.wp.com\/ciudadyregion.com.co\/wp-content\/uploads\/2025\/11\/Pag-35.jpg?fit=800%2C445&ssl=1","width":800,"height":445},{"@type":"BreadcrumbList","@id":"https:\/\/ciudadyregion.com.co\/index.php\/los-habitantes-de-la-alcancia-en-el-libano-cuentan-con-la-gobernacion-del-tolima\/regional\/#breadcrumb","itemListElement":[{"@type":"ListItem","position":1,"name":"Portada","item":"https:\/\/ciudadyregion.com.co\/"},{"@type":"ListItem","position":2,"name":"Los habitantes de La Alcanc\u00eda, en El L\u00edbano, cuentan con la Gobernaci\u00f3n del Tolima"}]},{"@type":"WebSite","@id":"https:\/\/ciudadyregion.com.co\/#website","url":"https:\/\/ciudadyregion.com.co\/","name":"Ciudad y Region","description":"","potentialAction":[{"@type":"SearchAction","target":{"@type":"EntryPoint","urlTemplate":"https:\/\/ciudadyregion.com.co\/?s={search_term_string}"},"query-input":{"@type":"PropertyValueSpecification","valueRequired":true,"valueName":"search_term_string"}}],"inLanguage":"es"},{"@type":"Person","@id":"https:\/\/ciudadyregion.com.co\/#\/schema\/person\/04a4954373ebc4051f46e8c65ff78622","name":"David Andr\u00e9s Aguirre","image":{"@type":"ImageObject","inLanguage":"es","@id":"https:\/\/ciudadyregion.com.co\/#\/schema\/person\/image\/","url":"https:\/\/secure.gravatar.com\/avatar\/bc3c655860202182ee6d1b5edd042dbe?s=96&d=mm&r=g","contentUrl":"https:\/\/secure.gravatar.com\/avatar\/bc3c655860202182ee6d1b5edd042dbe?s=96&d=mm&r=g","caption":"David Andr\u00e9s Aguirre"},"url":"https:\/\/ciudadyregion.com.co\/index.php\/author\/diegoaguirre\/"}]}},"jetpack_featured_media_url":"https:\/\/i0.wp.com\/ciudadyregion.com.co\/wp-content\/uploads\/2025\/11\/Pag-35.jpg?fit=800%2C445&ssl=1","jetpack_sharing_enabled":true,"jetpack_shortlink":"https:\/\/wp.me\/pbS7hh-cuS","jetpack-related-posts":[],"_links":{"self":[{"href":"https:\/\/ciudadyregion.com.co\/index.php\/wp-json\/wp\/v2\/posts\/48042"}],"collection":[{"href":"https:\/\/ciudadyregion.com.co\/index.php\/wp-json\/wp\/v2\/posts"}],"about":[{"href":"https:\/\/ciudadyregion.com.co\/index.php\/wp-json\/wp\/v2\/types\/post"}],"author":[{"embeddable":true,"href":"https:\/\/ciudadyregion.com.co\/index.php\/wp-json\/wp\/v2\/users\/2"}],"replies":[{"embeddable":true,"href":"https:\/\/ciudadyregion.com.co\/index.php\/wp-json\/wp\/v2\/comments?post=48042"}],"version-history":[{"count":2,"href":"https:\/\/ciudadyregion.com.co\/index.php\/wp-json\/wp\/v2\/posts\/48042\/revisions"}],"predecessor-version":[{"id":48045,"href":"https:\/\/ciudadyregion.com.co\/index.php\/wp-json\/wp\/v2\/posts\/48042\/revisions\/48045"}],"wp:featuredmedia":[{"embeddable":true,"href":"https:\/\/ciudadyregion.com.co\/index.php\/wp-json\/wp\/v2\/media\/48043"}],"wp:attachment":[{"href":"https:\/\/ciudadyregion.com.co\/index.php\/wp-json\/wp\/v2\/media?parent=48042"}],"wp:term":[{"taxonomy":"category","embeddable":true,"href":"https:\/\/ciudadyregion.com.co\/index.php\/wp-json\/wp\/v2\/categories?post=48042"},{"taxonomy":"post_tag","embeddable":true,"href":"https:\/\/ciudadyregion.com.co\/index.php\/wp-json\/wp\/v2\/tags?post=48042"}],"curies":[{"name":"wp","href":"https:\/\/api.w.org\/{rel}","templated":true}]}}