{"id":48036,"date":"2025-11-04T08:04:41","date_gmt":"2025-11-04T13:04:41","guid":{"rendered":"https:\/\/ciudadyregion.com.co\/?p=48036"},"modified":"2025-11-04T08:04:41","modified_gmt":"2025-11-04T13:04:41","slug":"la-alegria-se-tomo-la-cartagena-en-una-noche-llena-de-sonrisas-y-union","status":"publish","type":"post","link":"https:\/\/ciudadyregion.com.co\/index.php\/la-alegria-se-tomo-la-cartagena-en-una-noche-llena-de-sonrisas-y-union\/entretenimiento\/","title":{"rendered":"La alegr\u00eda se tom\u00f3 La Cartagena en una noche llena de sonrisas y uni\u00f3n"},"content":{"rendered":"<p>Con motivo de la celebraci\u00f3n del D\u00eda de los Ni\u00f1os, el barrio La Cartagena, ubicado en la comuna 11 al sur de Ibagu\u00e9, vivi\u00f3 una jornada llena de sonrisas, juegos y uni\u00f3n comunitaria<\/p>\n<p>Gracias al respaldo de la gobernadora Adriana Magali Matiz y a la iniciativa de la secretaria administrativa Yurany Prieto, junto a distintos l\u00edderes del sector, los ni\u00f1os y ni\u00f1as del barrio disfrutaron de un espacios especial que incluy\u00f3 recreaci\u00f3n, concursos, dulces, regalos, refrigerios, helados y muchas actividades dise\u00f1adas para compartir en familia y fortalecer el tejido social.<\/p>\n<p>El presidente comunal de La Cartagena, Helmer Bocanegra, expres\u00f3 su gratitud por la jornada:<\/p>\n<blockquote><p>\u201cQuiero darle un agradecimiento muy grande, muy especial a la doctora Adriana Magali y a la doctora Yurany, ya que se llev\u00f3 este evento tan bueno. Se pas\u00f3 muy divertido, buena comida, buenos regalos, y estoy muy agradecido de parte m\u00eda y de la comunidad. Muchas gracias, doctora. Le quedo muy agradecido\u201d.<\/p><\/blockquote>\n<p>Por su parte, Yurany Prieto destac\u00f3 que estas actividades reflejan el compromiso de la administraci\u00f3n departamental por llegar a cada rinc\u00f3n del Tolima con espacios que promueven el respeto, la convivencia y la alegr\u00eda de nuestros ni\u00f1os.<\/p>\n<p>La noche en La Cartagena fue un reflejo de compromiso y cercan\u00eda con la gente: un encuentro donde la ni\u00f1ez fue protagonista y la comunidad volvi\u00f3 a sentirse m\u00e1s unida que nunca.<\/p>\n","protected":false},"excerpt":{"rendered":"<p>Con motivo de la celebraci\u00f3n del D\u00eda de los Ni\u00f1os, el barrio La Cartagena, ubicado en la comuna 11 al sur de Ibagu\u00e9, vivi\u00f3 una jornada llena de sonrisas, juegos y uni\u00f3n comunitaria Gracias al respaldo de la gobernadora Adriana Magali Matiz y a la iniciativa de la secretaria administrativa<span class=\"more-link\"><a href=\"https:\/\/ciudadyregion.com.co\/index.php\/la-alegria-se-tomo-la-cartagena-en-una-noche-llena-de-sonrisas-y-union\/entretenimiento\/\">Continuar Leyendo<\/a><\/span><\/p>\n","protected":false},"author":2,"featured_media":48037,"comment_status":"open","ping_status":"open","sticky":false,"template":"","format":"standard","meta":{"_uf_show_specific_survey":0,"_uf_disable_surveys":false,"_jetpack_memberships_contains_paid_content":false,"footnotes":"","jetpack_publicize_message":"","jetpack_publicize_feature_enabled":true,"jetpack_social_post_already_shared":true,"jetpack_social_options":{"image_generator_settings":{"template":"highway","enabled":false},"version":2}},"categories":[31],"tags":[],"class_list":["entry","author-diegoaguirre","post-48036","post","type-post","status-publish","format-standard","has-post-thumbnail","category-entretenimiento"],"jetpack_publicize_connections":[],"yoast_head":"<!-- This site is optimized with the Yoast SEO plugin v24.3 - https:\/\/yoast.com\/wordpress\/plugins\/seo\/ -->\n<title>La alegr\u00eda se tom\u00f3 La Cartagena en una noche llena de sonrisas y uni\u00f3n - Ciudad y Region<\/title>\n<meta name=\"robots\" content=\"index, follow, max-snippet:-1, max-image-preview:large, max-video-preview:-1\" \/>\n<link rel=\"canonical\" href=\"https:\/\/ciudadyregion.com.co\/index.php\/la-alegria-se-tomo-la-cartagena-en-una-noche-llena-de-sonrisas-y-union\/entretenimiento\/\" \/>\n<meta property=\"og:locale\" content=\"es_ES\" \/>\n<meta property=\"og:type\" content=\"article\" \/>\n<meta property=\"og:title\" content=\"La alegr\u00eda se tom\u00f3 La Cartagena en una noche llena de sonrisas y uni\u00f3n - Ciudad y Region\" \/>\n<meta property=\"og:description\" content=\"Con motivo de la celebraci\u00f3n del D\u00eda de los Ni\u00f1os, el barrio La Cartagena, ubicado en la comuna 11 al sur de Ibagu\u00e9, vivi\u00f3 una jornada llena de sonrisas, juegos y uni\u00f3n comunitaria Gracias al respaldo de la gobernadora Adriana Magali Matiz y a la iniciativa de la secretaria administrativaContinuar Leyendo\" \/>\n<meta property=\"og:url\" content=\"https:\/\/ciudadyregion.com.co\/index.php\/la-alegria-se-tomo-la-cartagena-en-una-noche-llena-de-sonrisas-y-union\/entretenimiento\/\" \/>\n<meta property=\"og:site_name\" content=\"Ciudad y Region\" \/>\n<meta property=\"article:published_time\" content=\"2025-11-04T13:04:41+00:00\" \/>\n<meta property=\"og:image\" content=\"https:\/\/ciudadyregion.com.co\/wp-content\/uploads\/2025\/11\/Pag-1.png\" \/>\n\t<meta property=\"og:image:width\" content=\"800\" \/>\n\t<meta property=\"og:image:height\" content=\"445\" \/>\n\t<meta property=\"og:image:type\" content=\"image\/png\" \/>\n<meta name=\"author\" content=\"David Andr\u00e9s Aguirre\" \/>\n<meta name=\"twitter:card\" content=\"summary_large_image\" \/>\n<meta name=\"twitter:label1\" content=\"Escrito por\" \/>\n\t<meta name=\"twitter:data1\" content=\"David Andr\u00e9s Aguirre\" \/>\n\t<meta name=\"twitter:label2\" content=\"Tiempo de lectura\" \/>\n\t<meta name=\"twitter:data2\" content=\"1 minuto\" \/>\n<script type=\"application\/ld+json\" class=\"yoast-schema-graph\">{\"@context\":\"https:\/\/schema.org\",\"@graph\":[{\"@type\":\"WebPage\",\"@id\":\"https:\/\/ciudadyregion.com.co\/index.php\/la-alegria-se-tomo-la-cartagena-en-una-noche-llena-de-sonrisas-y-union\/entretenimiento\/\",\"url\":\"https:\/\/ciudadyregion.com.co\/index.php\/la-alegria-se-tomo-la-cartagena-en-una-noche-llena-de-sonrisas-y-union\/entretenimiento\/\",\"name\":\"La alegr\u00eda se tom\u00f3 La Cartagena en una noche llena de sonrisas y uni\u00f3n - Ciudad y Region\",\"isPartOf\":{\"@id\":\"https:\/\/ciudadyregion.com.co\/#website\"},\"primaryImageOfPage\":{\"@id\":\"https:\/\/ciudadyregion.com.co\/index.php\/la-alegria-se-tomo-la-cartagena-en-una-noche-llena-de-sonrisas-y-union\/entretenimiento\/#primaryimage\"},\"image\":{\"@id\":\"https:\/\/ciudadyregion.com.co\/index.php\/la-alegria-se-tomo-la-cartagena-en-una-noche-llena-de-sonrisas-y-union\/entretenimiento\/#primaryimage\"},\"thumbnailUrl\":\"https:\/\/i0.wp.com\/ciudadyregion.com.co\/wp-content\/uploads\/2025\/11\/Pag-1.png?fit=800%2C445&ssl=1\",\"datePublished\":\"2025-11-04T13:04:41+00:00\",\"dateModified\":\"2025-11-04T13:04:41+00:00\",\"author\":{\"@id\":\"https:\/\/ciudadyregion.com.co\/#\/schema\/person\/04a4954373ebc4051f46e8c65ff78622\"},\"breadcrumb\":{\"@id\":\"https:\/\/ciudadyregion.com.co\/index.php\/la-alegria-se-tomo-la-cartagena-en-una-noche-llena-de-sonrisas-y-union\/entretenimiento\/#breadcrumb\"},\"inLanguage\":\"es\",\"potentialAction\":[{\"@type\":\"ReadAction\",\"target\":[\"https:\/\/ciudadyregion.com.co\/index.php\/la-alegria-se-tomo-la-cartagena-en-una-noche-llena-de-sonrisas-y-union\/entretenimiento\/\"]}]},{\"@type\":\"ImageObject\",\"inLanguage\":\"es\",\"@id\":\"https:\/\/ciudadyregion.com.co\/index.php\/la-alegria-se-tomo-la-cartagena-en-una-noche-llena-de-sonrisas-y-union\/entretenimiento\/#primaryimage\",\"url\":\"https:\/\/i0.wp.com\/ciudadyregion.com.co\/wp-content\/uploads\/2025\/11\/Pag-1.png?fit=800%2C445&ssl=1\",\"contentUrl\":\"https:\/\/i0.wp.com\/ciudadyregion.com.co\/wp-content\/uploads\/2025\/11\/Pag-1.png?fit=800%2C445&ssl=1\",\"width\":800,\"height\":445},{\"@type\":\"BreadcrumbList\",\"@id\":\"https:\/\/ciudadyregion.com.co\/index.php\/la-alegria-se-tomo-la-cartagena-en-una-noche-llena-de-sonrisas-y-union\/entretenimiento\/#breadcrumb\",\"itemListElement\":[{\"@type\":\"ListItem\",\"position\":1,\"name\":\"Portada\",\"item\":\"https:\/\/ciudadyregion.com.co\/\"},{\"@type\":\"ListItem\",\"position\":2,\"name\":\"La alegr\u00eda se tom\u00f3 La Cartagena en una noche llena de sonrisas y uni\u00f3n\"}]},{\"@type\":\"WebSite\",\"@id\":\"https:\/\/ciudadyregion.com.co\/#website\",\"url\":\"https:\/\/ciudadyregion.com.co\/\",\"name\":\"Ciudad y Region\",\"description\":\"\",\"potentialAction\":[{\"@type\":\"SearchAction\",\"target\":{\"@type\":\"EntryPoint\",\"urlTemplate\":\"https:\/\/ciudadyregion.com.co\/?s={search_term_string}\"},\"query-input\":{\"@type\":\"PropertyValueSpecification\",\"valueRequired\":true,\"valueName\":\"search_term_string\"}}],\"inLanguage\":\"es\"},{\"@type\":\"Person\",\"@id\":\"https:\/\/ciudadyregion.com.co\/#\/schema\/person\/04a4954373ebc4051f46e8c65ff78622\",\"name\":\"David Andr\u00e9s Aguirre\",\"image\":{\"@type\":\"ImageObject\",\"inLanguage\":\"es\",\"@id\":\"https:\/\/ciudadyregion.com.co\/#\/schema\/person\/image\/\",\"url\":\"https:\/\/secure.gravatar.com\/avatar\/bc3c655860202182ee6d1b5edd042dbe?s=96&d=mm&r=g\",\"contentUrl\":\"https:\/\/secure.gravatar.com\/avatar\/bc3c655860202182ee6d1b5edd042dbe?s=96&d=mm&r=g\",\"caption\":\"David Andr\u00e9s Aguirre\"},\"url\":\"https:\/\/ciudadyregion.com.co\/index.php\/author\/diegoaguirre\/\"}]}<\/script>\n<!-- \/ Yoast SEO plugin. -->","yoast_head_json":{"title":"La alegr\u00eda se tom\u00f3 La Cartagena en una noche llena de sonrisas y uni\u00f3n - Ciudad y Region","robots":{"index":"index","follow":"follow","max-snippet":"max-snippet:-1","max-image-preview":"max-image-preview:large","max-video-preview":"max-video-preview:-1"},"canonical":"https:\/\/ciudadyregion.com.co\/index.php\/la-alegria-se-tomo-la-cartagena-en-una-noche-llena-de-sonrisas-y-union\/entretenimiento\/","og_locale":"es_ES","og_type":"article","og_title":"La alegr\u00eda se tom\u00f3 La Cartagena en una noche llena de sonrisas y uni\u00f3n - Ciudad y Region","og_description":"Con motivo de la celebraci\u00f3n del D\u00eda de los Ni\u00f1os, el barrio La Cartagena, ubicado en la comuna 11 al sur de Ibagu\u00e9, vivi\u00f3 una jornada llena de sonrisas, juegos y uni\u00f3n comunitaria Gracias al respaldo de la gobernadora Adriana Magali Matiz y a la iniciativa de la secretaria administrativaContinuar Leyendo","og_url":"https:\/\/ciudadyregion.com.co\/index.php\/la-alegria-se-tomo-la-cartagena-en-una-noche-llena-de-sonrisas-y-union\/entretenimiento\/","og_site_name":"Ciudad y Region","article_published_time":"2025-11-04T13:04:41+00:00","og_image":[{"width":800,"height":445,"url":"https:\/\/ciudadyregion.com.co\/wp-content\/uploads\/2025\/11\/Pag-1.png","type":"image\/png"}],"author":"David Andr\u00e9s Aguirre","twitter_card":"summary_large_image","twitter_misc":{"Escrito por":"David Andr\u00e9s Aguirre","Tiempo de lectura":"1 minuto"},"schema":{"@context":"https:\/\/schema.org","@graph":[{"@type":"WebPage","@id":"https:\/\/ciudadyregion.com.co\/index.php\/la-alegria-se-tomo-la-cartagena-en-una-noche-llena-de-sonrisas-y-union\/entretenimiento\/","url":"https:\/\/ciudadyregion.com.co\/index.php\/la-alegria-se-tomo-la-cartagena-en-una-noche-llena-de-sonrisas-y-union\/entretenimiento\/","name":"La alegr\u00eda se tom\u00f3 La Cartagena en una noche llena de sonrisas y uni\u00f3n - Ciudad y Region","isPartOf":{"@id":"https:\/\/ciudadyregion.com.co\/#website"},"primaryImageOfPage":{"@id":"https:\/\/ciudadyregion.com.co\/index.php\/la-alegria-se-tomo-la-cartagena-en-una-noche-llena-de-sonrisas-y-union\/entretenimiento\/#primaryimage"},"image":{"@id":"https:\/\/ciudadyregion.com.co\/index.php\/la-alegria-se-tomo-la-cartagena-en-una-noche-llena-de-sonrisas-y-union\/entretenimiento\/#primaryimage"},"thumbnailUrl":"https:\/\/i0.wp.com\/ciudadyregion.com.co\/wp-content\/uploads\/2025\/11\/Pag-1.png?fit=800%2C445&ssl=1","datePublished":"2025-11-04T13:04:41+00:00","dateModified":"2025-11-04T13:04:41+00:00","author":{"@id":"https:\/\/ciudadyregion.com.co\/#\/schema\/person\/04a4954373ebc4051f46e8c65ff78622"},"breadcrumb":{"@id":"https:\/\/ciudadyregion.com.co\/index.php\/la-alegria-se-tomo-la-cartagena-en-una-noche-llena-de-sonrisas-y-union\/entretenimiento\/#breadcrumb"},"inLanguage":"es","potentialAction":[{"@type":"ReadAction","target":["https:\/\/ciudadyregion.com.co\/index.php\/la-alegria-se-tomo-la-cartagena-en-una-noche-llena-de-sonrisas-y-union\/entretenimiento\/"]}]},{"@type":"ImageObject","inLanguage":"es","@id":"https:\/\/ciudadyregion.com.co\/index.php\/la-alegria-se-tomo-la-cartagena-en-una-noche-llena-de-sonrisas-y-union\/entretenimiento\/#primaryimage","url":"https:\/\/i0.wp.com\/ciudadyregion.com.co\/wp-content\/uploads\/2025\/11\/Pag-1.png?fit=800%2C445&ssl=1","contentUrl":"https:\/\/i0.wp.com\/ciudadyregion.com.co\/wp-content\/uploads\/2025\/11\/Pag-1.png?fit=800%2C445&ssl=1","width":800,"height":445},{"@type":"BreadcrumbList","@id":"https:\/\/ciudadyregion.com.co\/index.php\/la-alegria-se-tomo-la-cartagena-en-una-noche-llena-de-sonrisas-y-union\/entretenimiento\/#breadcrumb","itemListElement":[{"@type":"ListItem","position":1,"name":"Portada","item":"https:\/\/ciudadyregion.com.co\/"},{"@type":"ListItem","position":2,"name":"La alegr\u00eda se tom\u00f3 La Cartagena en una noche llena de sonrisas y uni\u00f3n"}]},{"@type":"WebSite","@id":"https:\/\/ciudadyregion.com.co\/#website","url":"https:\/\/ciudadyregion.com.co\/","name":"Ciudad y Region","description":"","potentialAction":[{"@type":"SearchAction","target":{"@type":"EntryPoint","urlTemplate":"https:\/\/ciudadyregion.com.co\/?s={search_term_string}"},"query-input":{"@type":"PropertyValueSpecification","valueRequired":true,"valueName":"search_term_string"}}],"inLanguage":"es"},{"@type":"Person","@id":"https:\/\/ciudadyregion.com.co\/#\/schema\/person\/04a4954373ebc4051f46e8c65ff78622","name":"David Andr\u00e9s Aguirre","image":{"@type":"ImageObject","inLanguage":"es","@id":"https:\/\/ciudadyregion.com.co\/#\/schema\/person\/image\/","url":"https:\/\/secure.gravatar.com\/avatar\/bc3c655860202182ee6d1b5edd042dbe?s=96&d=mm&r=g","contentUrl":"https:\/\/secure.gravatar.com\/avatar\/bc3c655860202182ee6d1b5edd042dbe?s=96&d=mm&r=g","caption":"David Andr\u00e9s Aguirre"},"url":"https:\/\/ciudadyregion.com.co\/index.php\/author\/diegoaguirre\/"}]}},"jetpack_featured_media_url":"https:\/\/i0.wp.com\/ciudadyregion.com.co\/wp-content\/uploads\/2025\/11\/Pag-1.png?fit=800%2C445&ssl=1","jetpack_sharing_enabled":true,"jetpack_shortlink":"https:\/\/wp.me\/pbS7hh-cuM","jetpack-related-posts":[],"_links":{"self":[{"href":"https:\/\/ciudadyregion.com.co\/index.php\/wp-json\/wp\/v2\/posts\/48036"}],"collection":[{"href":"https:\/\/ciudadyregion.com.co\/index.php\/wp-json\/wp\/v2\/posts"}],"about":[{"href":"https:\/\/ciudadyregion.com.co\/index.php\/wp-json\/wp\/v2\/types\/post"}],"author":[{"embeddable":true,"href":"https:\/\/ciudadyregion.com.co\/index.php\/wp-json\/wp\/v2\/users\/2"}],"replies":[{"embeddable":true,"href":"https:\/\/ciudadyregion.com.co\/index.php\/wp-json\/wp\/v2\/comments?post=48036"}],"version-history":[{"count":1,"href":"https:\/\/ciudadyregion.com.co\/index.php\/wp-json\/wp\/v2\/posts\/48036\/revisions"}],"predecessor-version":[{"id":48038,"href":"https:\/\/ciudadyregion.com.co\/index.php\/wp-json\/wp\/v2\/posts\/48036\/revisions\/48038"}],"wp:featuredmedia":[{"embeddable":true,"href":"https:\/\/ciudadyregion.com.co\/index.php\/wp-json\/wp\/v2\/media\/48037"}],"wp:attachment":[{"href":"https:\/\/ciudadyregion.com.co\/index.php\/wp-json\/wp\/v2\/media?parent=48036"}],"wp:term":[{"taxonomy":"category","embeddable":true,"href":"https:\/\/ciudadyregion.com.co\/index.php\/wp-json\/wp\/v2\/categories?post=48036"},{"taxonomy":"post_tag","embeddable":true,"href":"https:\/\/ciudadyregion.com.co\/index.php\/wp-json\/wp\/v2\/tags?post=48036"}],"curies":[{"name":"wp","href":"https:\/\/api.w.org\/{rel}","templated":true}]}}