{"id":48033,"date":"2025-11-04T08:01:37","date_gmt":"2025-11-04T13:01:37","guid":{"rendered":"https:\/\/ciudadyregion.com.co\/?p=48033"},"modified":"2025-11-04T08:01:37","modified_gmt":"2025-11-04T13:01:37","slug":"en-el-tolima-no-daremos-un-solo-paso-atras-frente-a-la-criminalidad-no-habra-tregua-gobernadora-matiz-tras-revelaciones-de-mindefensa","status":"publish","type":"post","link":"https:\/\/ciudadyregion.com.co\/index.php\/en-el-tolima-no-daremos-un-solo-paso-atras-frente-a-la-criminalidad-no-habra-tregua-gobernadora-matiz-tras-revelaciones-de-mindefensa\/politica\/","title":{"rendered":"\u201dEn el Tolima no daremos un solo paso atr\u00e1s frente a la criminalidad. No habr\u00e1 tregua\u201d: gobernadora Matiz tras revelaciones de Mindefensa"},"content":{"rendered":"<p>La mandataria del Tolima se pronunci\u00f3 a trav\u00e9s de redes sociales sobre la informaci\u00f3n \u201cconfirmada\u201d que horas antes hab\u00eda revelado el ministro de Defensa, Pedro S\u00e1nchez, sobre la captura de dos, presuntos responsables del plan para atentar contra la integridad de Matiz.<\/p>\n<p>Al conocer las revelaciones del ministro de Defensa Nacional, Pedro S\u00e1nchez, sobre la captura de dos disidentes que amenazaban la integridad de la gobernadora del Tolima, la mandataria reaccion\u00f3 a trav\u00e9s de sus redes sociales.<\/p>\n<p>Inicialmente, Adriana Matiz resalt\u00f3 y agradeci\u00f3 la respuesta operacional de las autoridades: \u201cEste resultado es una muestra del compromiso y la capacidad de nuestro @COL_EJERCITO , @PoliciaColombia , y @FuerzaAereaCol, a quienes expreso mi m\u00e1s profundo agradecimiento\u201d.<\/p>\n<p>Seguidamente, la mandataria reiter\u00f3 su compromiso con la tranquilidad y seguridad de los tolimenses. \u201cSeguiremos firmes, trabajando en el territorio, escuchando a las comunidades, construyendo seguridad y confianza desde cada rinc\u00f3n del departamento. El Tolima se respeta, se defiende y se gobierna con la gente y para la gente\u201d, escribi\u00f3 en otro trino.<\/p>\n<p>La gobernadora Matiz revel\u00f3 que la informaci\u00f3n divulgada por el jefe de la cartera de Defensa Nacional es confirmada: \u201cSeg\u00fan informaci\u00f3n confirmada por el se\u00f1or ministro de Defensa, @PedroSanchezCol, las autoridades lograron en zona rural de Rovira, la captura de dos integrantes de las disidencias de las FARC vinculados con amenazas contra mi integridad\u201d.<\/p>\n<p>Muy temprano, el ministro S\u00e1nchez, tambi\u00e9n a trav\u00e9s de la red social X, hab\u00eda dado cuenta de la captura de los dos delincuentes en una acci\u00f3n operacional lograda en el \u00e1rea rural del municipio de Rovira.<\/p>\n<p>\u201cGracias a una operaci\u00f3n conjunta en la vereda Tuamo (Rovira, Tolima), fueron capturados dos criminales, de las disidencias se\u00f1alados de amenazar a la se\u00f1ora Gobernadora del Tolima\u201d, escribi\u00f3 el ministro.<\/p>\n<p>Luego, agreg\u00f3: \u201cLa acci\u00f3n se desarroll\u00f3 tras labores de inteligencia y allanamiento, en coordinaci\u00f3n entre nuestro @COL_EJERCITO, @FuerzaAereaCol, @PoliciaColombia y unidades especializadas. Se incautaron armas cortas, escopetas y munici\u00f3n de varios calibres, afectando su capacidad criminal\u201d.<\/p>\n","protected":false},"excerpt":{"rendered":"<p>La mandataria del Tolima se pronunci\u00f3 a trav\u00e9s de redes sociales sobre la informaci\u00f3n \u201cconfirmada\u201d que horas antes hab\u00eda revelado el ministro de Defensa, Pedro S\u00e1nchez, sobre la captura de dos, presuntos responsables del plan para atentar contra la integridad de Matiz. Al conocer las revelaciones del ministro de Defensa<span class=\"more-link\"><a href=\"https:\/\/ciudadyregion.com.co\/index.php\/en-el-tolima-no-daremos-un-solo-paso-atras-frente-a-la-criminalidad-no-habra-tregua-gobernadora-matiz-tras-revelaciones-de-mindefensa\/politica\/\">Continuar Leyendo<\/a><\/span><\/p>\n","protected":false},"author":2,"featured_media":48034,"comment_status":"open","ping_status":"open","sticky":false,"template":"","format":"standard","meta":{"_uf_show_specific_survey":0,"_uf_disable_surveys":false,"_jetpack_memberships_contains_paid_content":false,"footnotes":"","jetpack_publicize_message":"","jetpack_publicize_feature_enabled":true,"jetpack_social_post_already_shared":true,"jetpack_social_options":{"image_generator_settings":{"template":"highway","enabled":false},"version":2}},"categories":[17],"tags":[],"class_list":["entry","author-diegoaguirre","post-48033","post","type-post","status-publish","format-standard","has-post-thumbnail","category-politica"],"jetpack_publicize_connections":[],"yoast_head":"<!-- This site is optimized with the Yoast SEO plugin v24.3 - https:\/\/yoast.com\/wordpress\/plugins\/seo\/ -->\n<title>\u201dEn el Tolima no daremos un solo paso atr\u00e1s frente a la criminalidad. No habr\u00e1 tregua\u201d: gobernadora Matiz tras revelaciones de Mindefensa - Ciudad y Region<\/title>\n<meta name=\"robots\" content=\"index, follow, max-snippet:-1, max-image-preview:large, max-video-preview:-1\" \/>\n<link rel=\"canonical\" href=\"https:\/\/ciudadyregion.com.co\/index.php\/en-el-tolima-no-daremos-un-solo-paso-atras-frente-a-la-criminalidad-no-habra-tregua-gobernadora-matiz-tras-revelaciones-de-mindefensa\/politica\/\" \/>\n<meta property=\"og:locale\" content=\"es_ES\" \/>\n<meta property=\"og:type\" content=\"article\" \/>\n<meta property=\"og:title\" content=\"\u201dEn el Tolima no daremos un solo paso atr\u00e1s frente a la criminalidad. No habr\u00e1 tregua\u201d: gobernadora Matiz tras revelaciones de Mindefensa - Ciudad y Region\" \/>\n<meta property=\"og:description\" content=\"La mandataria del Tolima se pronunci\u00f3 a trav\u00e9s de redes sociales sobre la informaci\u00f3n \u201cconfirmada\u201d que horas antes hab\u00eda revelado el ministro de Defensa, Pedro S\u00e1nchez, sobre la captura de dos, presuntos responsables del plan para atentar contra la integridad de Matiz. Al conocer las revelaciones del ministro de DefensaContinuar Leyendo\" \/>\n<meta property=\"og:url\" content=\"https:\/\/ciudadyregion.com.co\/index.php\/en-el-tolima-no-daremos-un-solo-paso-atras-frente-a-la-criminalidad-no-habra-tregua-gobernadora-matiz-tras-revelaciones-de-mindefensa\/politica\/\" \/>\n<meta property=\"og:site_name\" content=\"Ciudad y Region\" \/>\n<meta property=\"article:published_time\" content=\"2025-11-04T13:01:37+00:00\" \/>\n<meta property=\"og:image\" content=\"https:\/\/ciudadyregion.com.co\/wp-content\/uploads\/2025\/11\/Pag-33.jpg\" \/>\n\t<meta property=\"og:image:width\" content=\"800\" \/>\n\t<meta property=\"og:image:height\" content=\"445\" \/>\n\t<meta property=\"og:image:type\" content=\"image\/jpeg\" \/>\n<meta name=\"author\" content=\"David Andr\u00e9s Aguirre\" \/>\n<meta name=\"twitter:card\" content=\"summary_large_image\" \/>\n<meta name=\"twitter:label1\" content=\"Escrito por\" \/>\n\t<meta name=\"twitter:data1\" content=\"David Andr\u00e9s Aguirre\" \/>\n\t<meta name=\"twitter:label2\" content=\"Tiempo de lectura\" \/>\n\t<meta name=\"twitter:data2\" content=\"2 minutos\" \/>\n<script type=\"application\/ld+json\" class=\"yoast-schema-graph\">{\"@context\":\"https:\/\/schema.org\",\"@graph\":[{\"@type\":\"WebPage\",\"@id\":\"https:\/\/ciudadyregion.com.co\/index.php\/en-el-tolima-no-daremos-un-solo-paso-atras-frente-a-la-criminalidad-no-habra-tregua-gobernadora-matiz-tras-revelaciones-de-mindefensa\/politica\/\",\"url\":\"https:\/\/ciudadyregion.com.co\/index.php\/en-el-tolima-no-daremos-un-solo-paso-atras-frente-a-la-criminalidad-no-habra-tregua-gobernadora-matiz-tras-revelaciones-de-mindefensa\/politica\/\",\"name\":\"\u201dEn el Tolima no daremos un solo paso atr\u00e1s frente a la criminalidad. No habr\u00e1 tregua\u201d: gobernadora Matiz tras revelaciones de Mindefensa - Ciudad y Region\",\"isPartOf\":{\"@id\":\"https:\/\/ciudadyregion.com.co\/#website\"},\"primaryImageOfPage\":{\"@id\":\"https:\/\/ciudadyregion.com.co\/index.php\/en-el-tolima-no-daremos-un-solo-paso-atras-frente-a-la-criminalidad-no-habra-tregua-gobernadora-matiz-tras-revelaciones-de-mindefensa\/politica\/#primaryimage\"},\"image\":{\"@id\":\"https:\/\/ciudadyregion.com.co\/index.php\/en-el-tolima-no-daremos-un-solo-paso-atras-frente-a-la-criminalidad-no-habra-tregua-gobernadora-matiz-tras-revelaciones-de-mindefensa\/politica\/#primaryimage\"},\"thumbnailUrl\":\"https:\/\/i0.wp.com\/ciudadyregion.com.co\/wp-content\/uploads\/2025\/11\/Pag-33.jpg?fit=800%2C445&ssl=1\",\"datePublished\":\"2025-11-04T13:01:37+00:00\",\"dateModified\":\"2025-11-04T13:01:37+00:00\",\"author\":{\"@id\":\"https:\/\/ciudadyregion.com.co\/#\/schema\/person\/04a4954373ebc4051f46e8c65ff78622\"},\"breadcrumb\":{\"@id\":\"https:\/\/ciudadyregion.com.co\/index.php\/en-el-tolima-no-daremos-un-solo-paso-atras-frente-a-la-criminalidad-no-habra-tregua-gobernadora-matiz-tras-revelaciones-de-mindefensa\/politica\/#breadcrumb\"},\"inLanguage\":\"es\",\"potentialAction\":[{\"@type\":\"ReadAction\",\"target\":[\"https:\/\/ciudadyregion.com.co\/index.php\/en-el-tolima-no-daremos-un-solo-paso-atras-frente-a-la-criminalidad-no-habra-tregua-gobernadora-matiz-tras-revelaciones-de-mindefensa\/politica\/\"]}]},{\"@type\":\"ImageObject\",\"inLanguage\":\"es\",\"@id\":\"https:\/\/ciudadyregion.com.co\/index.php\/en-el-tolima-no-daremos-un-solo-paso-atras-frente-a-la-criminalidad-no-habra-tregua-gobernadora-matiz-tras-revelaciones-de-mindefensa\/politica\/#primaryimage\",\"url\":\"https:\/\/i0.wp.com\/ciudadyregion.com.co\/wp-content\/uploads\/2025\/11\/Pag-33.jpg?fit=800%2C445&ssl=1\",\"contentUrl\":\"https:\/\/i0.wp.com\/ciudadyregion.com.co\/wp-content\/uploads\/2025\/11\/Pag-33.jpg?fit=800%2C445&ssl=1\",\"width\":800,\"height\":445},{\"@type\":\"BreadcrumbList\",\"@id\":\"https:\/\/ciudadyregion.com.co\/index.php\/en-el-tolima-no-daremos-un-solo-paso-atras-frente-a-la-criminalidad-no-habra-tregua-gobernadora-matiz-tras-revelaciones-de-mindefensa\/politica\/#breadcrumb\",\"itemListElement\":[{\"@type\":\"ListItem\",\"position\":1,\"name\":\"Portada\",\"item\":\"https:\/\/ciudadyregion.com.co\/\"},{\"@type\":\"ListItem\",\"position\":2,\"name\":\"\u201dEn el Tolima no daremos un solo paso atr\u00e1s frente a la criminalidad. No habr\u00e1 tregua\u201d: gobernadora Matiz tras revelaciones de Mindefensa\"}]},{\"@type\":\"WebSite\",\"@id\":\"https:\/\/ciudadyregion.com.co\/#website\",\"url\":\"https:\/\/ciudadyregion.com.co\/\",\"name\":\"Ciudad y Region\",\"description\":\"\",\"potentialAction\":[{\"@type\":\"SearchAction\",\"target\":{\"@type\":\"EntryPoint\",\"urlTemplate\":\"https:\/\/ciudadyregion.com.co\/?s={search_term_string}\"},\"query-input\":{\"@type\":\"PropertyValueSpecification\",\"valueRequired\":true,\"valueName\":\"search_term_string\"}}],\"inLanguage\":\"es\"},{\"@type\":\"Person\",\"@id\":\"https:\/\/ciudadyregion.com.co\/#\/schema\/person\/04a4954373ebc4051f46e8c65ff78622\",\"name\":\"David Andr\u00e9s Aguirre\",\"image\":{\"@type\":\"ImageObject\",\"inLanguage\":\"es\",\"@id\":\"https:\/\/ciudadyregion.com.co\/#\/schema\/person\/image\/\",\"url\":\"https:\/\/secure.gravatar.com\/avatar\/bc3c655860202182ee6d1b5edd042dbe?s=96&d=mm&r=g\",\"contentUrl\":\"https:\/\/secure.gravatar.com\/avatar\/bc3c655860202182ee6d1b5edd042dbe?s=96&d=mm&r=g\",\"caption\":\"David Andr\u00e9s Aguirre\"},\"url\":\"https:\/\/ciudadyregion.com.co\/index.php\/author\/diegoaguirre\/\"}]}<\/script>\n<!-- \/ Yoast SEO plugin. -->","yoast_head_json":{"title":"\u201dEn el Tolima no daremos un solo paso atr\u00e1s frente a la criminalidad. No habr\u00e1 tregua\u201d: gobernadora Matiz tras revelaciones de Mindefensa - Ciudad y Region","robots":{"index":"index","follow":"follow","max-snippet":"max-snippet:-1","max-image-preview":"max-image-preview:large","max-video-preview":"max-video-preview:-1"},"canonical":"https:\/\/ciudadyregion.com.co\/index.php\/en-el-tolima-no-daremos-un-solo-paso-atras-frente-a-la-criminalidad-no-habra-tregua-gobernadora-matiz-tras-revelaciones-de-mindefensa\/politica\/","og_locale":"es_ES","og_type":"article","og_title":"\u201dEn el Tolima no daremos un solo paso atr\u00e1s frente a la criminalidad. No habr\u00e1 tregua\u201d: gobernadora Matiz tras revelaciones de Mindefensa - Ciudad y Region","og_description":"La mandataria del Tolima se pronunci\u00f3 a trav\u00e9s de redes sociales sobre la informaci\u00f3n \u201cconfirmada\u201d que horas antes hab\u00eda revelado el ministro de Defensa, Pedro S\u00e1nchez, sobre la captura de dos, presuntos responsables del plan para atentar contra la integridad de Matiz. Al conocer las revelaciones del ministro de DefensaContinuar Leyendo","og_url":"https:\/\/ciudadyregion.com.co\/index.php\/en-el-tolima-no-daremos-un-solo-paso-atras-frente-a-la-criminalidad-no-habra-tregua-gobernadora-matiz-tras-revelaciones-de-mindefensa\/politica\/","og_site_name":"Ciudad y Region","article_published_time":"2025-11-04T13:01:37+00:00","og_image":[{"width":800,"height":445,"url":"https:\/\/ciudadyregion.com.co\/wp-content\/uploads\/2025\/11\/Pag-33.jpg","type":"image\/jpeg"}],"author":"David Andr\u00e9s Aguirre","twitter_card":"summary_large_image","twitter_misc":{"Escrito por":"David Andr\u00e9s Aguirre","Tiempo de lectura":"2 minutos"},"schema":{"@context":"https:\/\/schema.org","@graph":[{"@type":"WebPage","@id":"https:\/\/ciudadyregion.com.co\/index.php\/en-el-tolima-no-daremos-un-solo-paso-atras-frente-a-la-criminalidad-no-habra-tregua-gobernadora-matiz-tras-revelaciones-de-mindefensa\/politica\/","url":"https:\/\/ciudadyregion.com.co\/index.php\/en-el-tolima-no-daremos-un-solo-paso-atras-frente-a-la-criminalidad-no-habra-tregua-gobernadora-matiz-tras-revelaciones-de-mindefensa\/politica\/","name":"\u201dEn el Tolima no daremos un solo paso atr\u00e1s frente a la criminalidad. No habr\u00e1 tregua\u201d: gobernadora Matiz tras revelaciones de Mindefensa - Ciudad y Region","isPartOf":{"@id":"https:\/\/ciudadyregion.com.co\/#website"},"primaryImageOfPage":{"@id":"https:\/\/ciudadyregion.com.co\/index.php\/en-el-tolima-no-daremos-un-solo-paso-atras-frente-a-la-criminalidad-no-habra-tregua-gobernadora-matiz-tras-revelaciones-de-mindefensa\/politica\/#primaryimage"},"image":{"@id":"https:\/\/ciudadyregion.com.co\/index.php\/en-el-tolima-no-daremos-un-solo-paso-atras-frente-a-la-criminalidad-no-habra-tregua-gobernadora-matiz-tras-revelaciones-de-mindefensa\/politica\/#primaryimage"},"thumbnailUrl":"https:\/\/i0.wp.com\/ciudadyregion.com.co\/wp-content\/uploads\/2025\/11\/Pag-33.jpg?fit=800%2C445&ssl=1","datePublished":"2025-11-04T13:01:37+00:00","dateModified":"2025-11-04T13:01:37+00:00","author":{"@id":"https:\/\/ciudadyregion.com.co\/#\/schema\/person\/04a4954373ebc4051f46e8c65ff78622"},"breadcrumb":{"@id":"https:\/\/ciudadyregion.com.co\/index.php\/en-el-tolima-no-daremos-un-solo-paso-atras-frente-a-la-criminalidad-no-habra-tregua-gobernadora-matiz-tras-revelaciones-de-mindefensa\/politica\/#breadcrumb"},"inLanguage":"es","potentialAction":[{"@type":"ReadAction","target":["https:\/\/ciudadyregion.com.co\/index.php\/en-el-tolima-no-daremos-un-solo-paso-atras-frente-a-la-criminalidad-no-habra-tregua-gobernadora-matiz-tras-revelaciones-de-mindefensa\/politica\/"]}]},{"@type":"ImageObject","inLanguage":"es","@id":"https:\/\/ciudadyregion.com.co\/index.php\/en-el-tolima-no-daremos-un-solo-paso-atras-frente-a-la-criminalidad-no-habra-tregua-gobernadora-matiz-tras-revelaciones-de-mindefensa\/politica\/#primaryimage","url":"https:\/\/i0.wp.com\/ciudadyregion.com.co\/wp-content\/uploads\/2025\/11\/Pag-33.jpg?fit=800%2C445&ssl=1","contentUrl":"https:\/\/i0.wp.com\/ciudadyregion.com.co\/wp-content\/uploads\/2025\/11\/Pag-33.jpg?fit=800%2C445&ssl=1","width":800,"height":445},{"@type":"BreadcrumbList","@id":"https:\/\/ciudadyregion.com.co\/index.php\/en-el-tolima-no-daremos-un-solo-paso-atras-frente-a-la-criminalidad-no-habra-tregua-gobernadora-matiz-tras-revelaciones-de-mindefensa\/politica\/#breadcrumb","itemListElement":[{"@type":"ListItem","position":1,"name":"Portada","item":"https:\/\/ciudadyregion.com.co\/"},{"@type":"ListItem","position":2,"name":"\u201dEn el Tolima no daremos un solo paso atr\u00e1s frente a la criminalidad. No habr\u00e1 tregua\u201d: gobernadora Matiz tras revelaciones de Mindefensa"}]},{"@type":"WebSite","@id":"https:\/\/ciudadyregion.com.co\/#website","url":"https:\/\/ciudadyregion.com.co\/","name":"Ciudad y Region","description":"","potentialAction":[{"@type":"SearchAction","target":{"@type":"EntryPoint","urlTemplate":"https:\/\/ciudadyregion.com.co\/?s={search_term_string}"},"query-input":{"@type":"PropertyValueSpecification","valueRequired":true,"valueName":"search_term_string"}}],"inLanguage":"es"},{"@type":"Person","@id":"https:\/\/ciudadyregion.com.co\/#\/schema\/person\/04a4954373ebc4051f46e8c65ff78622","name":"David Andr\u00e9s Aguirre","image":{"@type":"ImageObject","inLanguage":"es","@id":"https:\/\/ciudadyregion.com.co\/#\/schema\/person\/image\/","url":"https:\/\/secure.gravatar.com\/avatar\/bc3c655860202182ee6d1b5edd042dbe?s=96&d=mm&r=g","contentUrl":"https:\/\/secure.gravatar.com\/avatar\/bc3c655860202182ee6d1b5edd042dbe?s=96&d=mm&r=g","caption":"David Andr\u00e9s Aguirre"},"url":"https:\/\/ciudadyregion.com.co\/index.php\/author\/diegoaguirre\/"}]}},"jetpack_featured_media_url":"https:\/\/i0.wp.com\/ciudadyregion.com.co\/wp-content\/uploads\/2025\/11\/Pag-33.jpg?fit=800%2C445&ssl=1","jetpack_sharing_enabled":true,"jetpack_shortlink":"https:\/\/wp.me\/pbS7hh-cuJ","jetpack-related-posts":[],"_links":{"self":[{"href":"https:\/\/ciudadyregion.com.co\/index.php\/wp-json\/wp\/v2\/posts\/48033"}],"collection":[{"href":"https:\/\/ciudadyregion.com.co\/index.php\/wp-json\/wp\/v2\/posts"}],"about":[{"href":"https:\/\/ciudadyregion.com.co\/index.php\/wp-json\/wp\/v2\/types\/post"}],"author":[{"embeddable":true,"href":"https:\/\/ciudadyregion.com.co\/index.php\/wp-json\/wp\/v2\/users\/2"}],"replies":[{"embeddable":true,"href":"https:\/\/ciudadyregion.com.co\/index.php\/wp-json\/wp\/v2\/comments?post=48033"}],"version-history":[{"count":1,"href":"https:\/\/ciudadyregion.com.co\/index.php\/wp-json\/wp\/v2\/posts\/48033\/revisions"}],"predecessor-version":[{"id":48035,"href":"https:\/\/ciudadyregion.com.co\/index.php\/wp-json\/wp\/v2\/posts\/48033\/revisions\/48035"}],"wp:featuredmedia":[{"embeddable":true,"href":"https:\/\/ciudadyregion.com.co\/index.php\/wp-json\/wp\/v2\/media\/48034"}],"wp:attachment":[{"href":"https:\/\/ciudadyregion.com.co\/index.php\/wp-json\/wp\/v2\/media?parent=48033"}],"wp:term":[{"taxonomy":"category","embeddable":true,"href":"https:\/\/ciudadyregion.com.co\/index.php\/wp-json\/wp\/v2\/categories?post=48033"},{"taxonomy":"post_tag","embeddable":true,"href":"https:\/\/ciudadyregion.com.co\/index.php\/wp-json\/wp\/v2\/tags?post=48033"}],"curies":[{"name":"wp","href":"https:\/\/api.w.org\/{rel}","templated":true}]}}