{"id":48030,"date":"2025-11-04T07:54:46","date_gmt":"2025-11-04T12:54:46","guid":{"rendered":"https:\/\/ciudadyregion.com.co\/?p=48030"},"modified":"2025-11-04T07:54:46","modified_gmt":"2025-11-04T12:54:46","slug":"graduados-de-la-universidad-del-tolima-descubren-nueva-especie-de-planta-endemica-en-los-andes-colombianos","status":"publish","type":"post","link":"https:\/\/ciudadyregion.com.co\/index.php\/graduados-de-la-universidad-del-tolima-descubren-nueva-especie-de-planta-endemica-en-los-andes-colombianos\/educacion\/","title":{"rendered":"Graduados de la Universidad del Tolima descubren nueva especie de planta end\u00e9mica en los Andes colombianos"},"content":{"rendered":"<p data-wahfont=\"14\">Una nueva especie de planta, perteneciente a la familia\u00a0<em>Gesneriaceae<\/em>\u00a0y nombrada como\u00a0<em>Columnea cumanday,<\/em>\u00a0fue descubierta en los bosques h\u00famedos de la Cordillera Central por un equipo de investigadores conformado por graduados de la Universidad del Tolima, e investigadores del Jard\u00edn Bot\u00e1nico Alejandro von Humboldt y del herbario TOLI del alma mater.<\/p>\n<p data-wahfont=\"14\">La especie fue nombrada en homenaje al nevado del\u00a0<em>Cumanday<\/em>, como los pueblos ind\u00edgenas denominaban al actual Nevado del Ruiz. Habita en los alrededores de esta monta\u00f1a y fue descubierta originalmente en el municipio de Casabianca, en el Tolima. Posteriormente, se ha registrado tambi\u00e9n en Villahermosa (Tolima) y Santa Rosa de Cabal (Risaralda), en los bosques h\u00famedos andinos que rodean esta emblem\u00e1tica monta\u00f1a.<\/p>\n<p data-wahfont=\"14\">El estudio fue desarrollado por Mario A. Sierra Ariza, licenciado en Ciencias Naturales y Educaci\u00f3n Ambiental, estudiante de la Maestr\u00eda en Ciencias Biol\u00f3gicas de la Universidad del Tolima y asistente profesional del Jard\u00edn Bot\u00e1nico Alejandro von Humboldt; Nicol\u00e1s Parra Lizcano, ingeniero forestal y curador de la secci\u00f3n de Dendrolog\u00eda del Herbario TOLI, y por Carlos A. Solano C. estudiante de Ingenier\u00eda Forestal de la Universidad Distrital Francisco Jos\u00e9 de Caldas.<\/p>\n<p data-wahfont=\"14\">Seg\u00fan los investigadores, el hallazgo \u201cenriquece el conocimiento sobre la flora andina colombiana y resalta la importancia de conservar los ecosistemas de monta\u00f1a\u201d. UT AL D\u00cdA habl\u00f3 con los dos investigadores graduados del alma mater.<\/p>\n<p><img data-recalc-dims=\"1\" loading=\"lazy\" decoding=\"async\" class=\" wp-image-27709 alignleft\" src=\"https:\/\/i0.wp.com\/medios.ut.edu.co\/wp-content\/uploads\/2025\/10\/WhatsApp-Image-2025-10-29-at-4.43.42-PM-2-300x201.jpeg?resize=348%2C233\" sizes=\"(max-width: 348px) 100vw, 348px\" srcset=\"https:\/\/medios.ut.edu.co\/wp-content\/uploads\/2025\/10\/WhatsApp-Image-2025-10-29-at-4.43.42-PM-2-300x201.jpeg 300w, https:\/\/medios.ut.edu.co\/wp-content\/uploads\/2025\/10\/WhatsApp-Image-2025-10-29-at-4.43.42-PM-2-768x514.jpeg 768w, https:\/\/medios.ut.edu.co\/wp-content\/uploads\/2025\/10\/WhatsApp-Image-2025-10-29-at-4.43.42-PM-2-1024x685.jpeg 1024w, https:\/\/medios.ut.edu.co\/wp-content\/uploads\/2025\/10\/WhatsApp-Image-2025-10-29-at-4.43.42-PM-2-1320x883.jpeg 1320w, https:\/\/medios.ut.edu.co\/wp-content\/uploads\/2025\/10\/WhatsApp-Image-2025-10-29-at-4.43.42-PM-2-272x182.jpeg 272w, https:\/\/medios.ut.edu.co\/wp-content\/uploads\/2025\/10\/WhatsApp-Image-2025-10-29-at-4.43.42-PM-2.jpeg 1600w\" alt=\"\" width=\"348\" height=\"233\" \/><\/p>\n<p data-wahfont=\"14\">\n<p data-wahfont=\"14\">\n<p data-wahfont=\"14\">\n<p data-wahfont=\"14\">\n<p data-wahfont=\"14\">\n<p data-wahfont=\"14\">\n<p data-wahfont=\"14\">\n<p data-wahfont=\"14\"><strong>\u00bfC\u00f3mo surgi\u00f3 el hallazgo de\u00a0<em>Columnea cumanday<\/em>\u00a0y en qu\u00e9 circunstancias se realiz\u00f3 la primera observaci\u00f3n de la especie?<\/strong><\/p>\n<p data-wahfont=\"14\">El hallazgo surgi\u00f3 durante una expedici\u00f3n bot\u00e1nica que realizamos en abril de 2025 en los municipios de Casabianca y Villahermosa, en el norte del Tolima. Durante ese trabajo de campo registramos dos poblaciones en su h\u00e1bitat natural, en bosques muy h\u00famedos de la Cordillera Central. Desde el primer momento, las caracter\u00edsticas de esta planta llamaron nuestra atenci\u00f3n por no corresponder con ninguna especie conocida del g\u00e9nero. Posteriormente, al revisar bases de datos y plataformas de ciencia ciudadana, encontramos que la especie tambi\u00e9n hab\u00eda sido observada en Santa Rosa de Cabal, en el departamento de Risaralda, lo que ampli\u00f3 su registro de distribuci\u00f3n m\u00e1s all\u00e1 de los primeros hallazgos en Tolima.<\/p>\n<p data-wahfont=\"14\"><strong>\u00bfQu\u00e9 sintieron usted y su equipo al confirmar que se trataba de una especie no descrita anteriormente?<\/strong><\/p>\n<p data-wahfont=\"14\">Fue una mezcla de emoci\u00f3n, orgullo y responsabilidad. Confirmar que est\u00e1bamos frente a una especie nueva para la ciencia es un momento dif\u00edcil de describir: uno siente que est\u00e1 aportando una pieza nueva al rompecabezas de la biodiversidad de Colombia. Tambi\u00e9n sentimos un fuerte compromiso por documentarla adecuadamente y visibilizar la necesidad de proteger su h\u00e1bitat.<\/p>\n<p data-wahfont=\"14\"><strong>\u00bfPor qu\u00e9 decidieron nombrarla<em>\u00a0Columnea cumanday\u00a0<\/em>y qu\u00e9 simbolismo tiene este homenaje al Nevado del Ruiz?<\/strong><\/p>\n<p data-wahfont=\"14\">Elegimos el nombre\u00a0<em>cumanday<\/em>\u00a0porque as\u00ed llamaban los pueblos prehisp\u00e1nicos Carrapa y Quimbaya al Nevado del Ruiz: \u201cMonta\u00f1a Blanca\u201d. Para nosotros, era un homenaje necesario al territorio donde la especie habita y a la riqueza biocultural de la regi\u00f3n. El nombre conecta el conocimiento cient\u00edfico con la memoria ancestral que ha nombrado y protegido este paisaje mucho antes de la ciencia moderna.<\/p>\n<p data-wahfont=\"14\"><img data-recalc-dims=\"1\" loading=\"lazy\" decoding=\"async\" class=\" wp-image-27708 alignleft\" src=\"https:\/\/i0.wp.com\/medios.ut.edu.co\/wp-content\/uploads\/2025\/10\/WhatsApp-Image-2025-10-24-at-3.31.38-PM-218x300.jpeg?resize=371%2C511\" sizes=\"(max-width: 371px) 100vw, 371px\" srcset=\"https:\/\/medios.ut.edu.co\/wp-content\/uploads\/2025\/10\/WhatsApp-Image-2025-10-24-at-3.31.38-PM-218x300.jpeg 218w, https:\/\/medios.ut.edu.co\/wp-content\/uploads\/2025\/10\/WhatsApp-Image-2025-10-24-at-3.31.38-PM-768x1057.jpeg 768w, https:\/\/medios.ut.edu.co\/wp-content\/uploads\/2025\/10\/WhatsApp-Image-2025-10-24-at-3.31.38-PM-744x1024.jpeg 744w, https:\/\/medios.ut.edu.co\/wp-content\/uploads\/2025\/10\/WhatsApp-Image-2025-10-24-at-3.31.38-PM.jpeg 930w\" alt=\"\" width=\"371\" height=\"511\" \/><\/p>\n<p data-wahfont=\"14\">\n<p data-wahfont=\"14\">\n<p data-wahfont=\"14\">\n<p data-wahfont=\"14\">\n<p data-wahfont=\"14\">\n<p data-wahfont=\"14\">\n<p data-wahfont=\"14\">\n<p data-wahfont=\"14\">\n<p data-wahfont=\"14\">\n<p data-wahfont=\"14\">\n<p data-wahfont=\"14\">\n<p data-wahfont=\"14\">\n<p data-wahfont=\"14\">\n<p data-wahfont=\"14\">\n<p data-wahfont=\"14\"><strong>\u00bfQu\u00e9 importancia tiene recuperar nombres ind\u00edgenas como \u201c<em>Cumanday\u201d<\/em>\u00a0en el contexto de la ciencia y la conservaci\u00f3n?<\/strong><br \/>\nRecuperar nombres ind\u00edgenas es reconocer que el territorio tiene historia, voz y cultura.\u00a0<em>\u201cCumanday\u201d<\/em>\u00a0fue el nombre dado ancestralmente al Nevado del Ruiz por los pueblos originarios que habitaron esta regi\u00f3n, como los Carrapa y los Quimbaya, y honrarlo es una forma de reconocer la presencia y el legado cultural de quienes han habitado estos territorios desde antes de la colonizaci\u00f3n. Integrar estos nombres en la ciencia no solo visibiliza la identidad local, sino que tambi\u00e9n fortalece el sentido de pertenencia hacia la naturaleza y promueve una relaci\u00f3n m\u00e1s respetuosa con el entorno. Adem\u00e1s, permite que la conservaci\u00f3n se construya desde narrativas m\u00e1s inclusivas y sensibles al territorio, acercando el conocimiento cient\u00edfico a las comunidades y reconociendo los saberes que han coexistido con la biodiversidad por generaciones.<\/p>\n<p data-wahfont=\"14\"><strong>\u00bfCu\u00e1les son las principales caracter\u00edsticas morfol\u00f3gicas o ecol\u00f3gicas que distinguen a\u00a0<em>Columnea cumanday<\/em>\u00a0dentro de la familia\u00a0<em>Gesneriaceae<\/em>?<br \/>\n<\/strong>La especie se distingue por sus br\u00e1cteas y l\u00f3bulos del c\u00e1liz lanceolados con m\u00e1rgenes laciniados, donde cada lacina presenta una gl\u00e1ndula verde en el \u00e1pice. Adem\u00e1s, posee una corola completamente p\u00farpura con tricomas glandulares multicelulares, cuatro nectarios glandulares \u2014uno dorsal bilobado a trilobado y tres deltoides\u2014 y un fruto en baya rojo-anaranjado cubierto de tricomas p\u00farpura. Estas combinaciones la diferencian claramente de sus cong\u00e9neres.<\/p>\n<p data-wahfont=\"14\"><strong>\u00bfEn qu\u00e9 tipo de h\u00e1bitat se encuentra y qu\u00e9 condiciones ambientales necesita para desarrollarse?<\/strong><br \/>\nSe encuentra entre los 2500 y 2700 m de altitud, creciendo como ep\u00edfita sobre \u00e1rboles cubiertos de bri\u00f3fitas en remanentes de Bosque muy H\u00famedo Montano Bajo. Son ambientes con precipitaciones altas (2000\u20134000 mm al a\u00f1o) y temperaturas promedio entre 12 y 18 \u00b0C. Lamentablemente, son fragmentos rodeados por \u00e1reas ganaderas y agr\u00edcolas, lo que genera presi\u00f3n sobre su supervivencia.<\/p>\n<p data-wahfont=\"14\"><strong>Adem\u00e1s de Casabianca, Villahermosa y Santa Rosa de Cabal, \u00bfexisten otros lugares donde se haya identificado su presencia?<\/strong><br \/>\nHasta el momento, adem\u00e1s de las dos poblaciones que documentamos en Tolima, se ha registrado un individuo en la vertiente occidental de la Cordillera Central, en el departamento de Risaralda. Sin embargo, es importante aclarar que, al tratarse de una especie recientemente descrita para la ciencia, es posible que habite en otros sectores de los bosques montanos andinos que a\u00fan no han sido explorados o reportados. Por ahora, estas son las \u00fanicas localidades confirmadas, pero se espera que futuros estudios y nuevas observaciones permitan ampliar su distribuci\u00f3n.<\/p>\n<p data-wahfont=\"14\"><strong>\u00bfQu\u00e9 papel cumple\u00a0<em>Columnea cumanday<\/em>\u00a0en los ecosistemas de los bosques h\u00famedos andinos?<\/strong><br \/>\nComo planta ep\u00edfita, cumple un papel importante en la estructura del bosque y aporta a la din\u00e1mica ecol\u00f3gica al ofrecer microh\u00e1bitats y recursos para la fauna. Si bien a\u00fan se requieren estudios espec\u00edficos para\u00a0<em>Columnea cumanday<\/em>, dentro del g\u00e9nero\u00a0<em>Columnea<\/em>\u00a0es com\u00fan la polinizaci\u00f3n por colibr\u00edes, por lo que sus caracter\u00edsticas florales podr\u00edan estar asociadas a este tipo de interacci\u00f3n. Adem\u00e1s, el fruto podr\u00eda tambi\u00e9n representar una fuente de alimento para algunas especies de fauna silvestre, lo que refuerza su papel ecol\u00f3gico en el ecosistema.<\/p>\n<p data-wahfont=\"14\"><strong>\u00bfQu\u00e9 aporta este descubrimiento al conocimiento de la biodiversidad del Tolima y de los Andes colombianos?<\/strong><br \/>\nAporta una nueva pieza al inventario flor\u00edstico de la regi\u00f3n y reafirma que los Andes colombianos siguen siendo un centro de alta diversidad y endemismo. Este hallazgo resalta la urgencia de seguir explorando cient\u00edficamente estos bosques, pues a\u00fan guardan especies no descritas que podr\u00edan desaparecer antes de ser conocidas.<\/p>\n<p data-wahfont=\"14\"><strong>\u00bfQu\u00e9 mensaje deja este hallazgo sobre la necesidad de proteger los ecosistemas de alta monta\u00f1a?<\/strong><br \/>\nNos recuerda que los ecosistemas de alta monta\u00f1a, especialmente los bosques andinos, son fr\u00e1giles, \u00fanicos y est\u00e1n bajo una intensa presi\u00f3n por actividades humanas. Descubrir una especie nueva en un paisaje fragmentado es un llamado a actuar: conservar estos relictos no solo protege una planta, sino todo un sistema de vida que depende de ellos.<\/p>\n<p data-wahfont=\"14\">Por Kimberly Casta\u00f1eda V.<\/p>\n","protected":false},"excerpt":{"rendered":"<p>Una nueva especie de planta, perteneciente a la familia\u00a0Gesneriaceae\u00a0y nombrada como\u00a0Columnea cumanday,\u00a0fue descubierta en los bosques h\u00famedos de la Cordillera Central por un equipo de investigadores conformado por graduados de la Universidad del Tolima, e investigadores del Jard\u00edn Bot\u00e1nico Alejandro von Humboldt y del herbario TOLI del alma mater. La<span class=\"more-link\"><a href=\"https:\/\/ciudadyregion.com.co\/index.php\/graduados-de-la-universidad-del-tolima-descubren-nueva-especie-de-planta-endemica-en-los-andes-colombianos\/educacion\/\">Continuar Leyendo<\/a><\/span><\/p>\n","protected":false},"author":2,"featured_media":48031,"comment_status":"open","ping_status":"open","sticky":false,"template":"","format":"standard","meta":{"_uf_show_specific_survey":0,"_uf_disable_surveys":false,"_jetpack_memberships_contains_paid_content":false,"footnotes":"","jetpack_publicize_message":"","jetpack_publicize_feature_enabled":true,"jetpack_social_post_already_shared":true,"jetpack_social_options":{"image_generator_settings":{"template":"highway","enabled":false},"version":2}},"categories":[22,32],"tags":[],"class_list":["entry","author-diegoaguirre","post-48030","post","type-post","status-publish","format-standard","has-post-thumbnail","category-educacion","category-medio-ambiente"],"jetpack_publicize_connections":[],"yoast_head":"<!-- This site is optimized with the Yoast SEO plugin v24.3 - https:\/\/yoast.com\/wordpress\/plugins\/seo\/ -->\n<title>Graduados de la Universidad del Tolima descubren nueva especie de planta end\u00e9mica en los Andes colombianos - Ciudad y Region<\/title>\n<meta name=\"robots\" content=\"index, follow, max-snippet:-1, max-image-preview:large, max-video-preview:-1\" \/>\n<link rel=\"canonical\" href=\"https:\/\/ciudadyregion.com.co\/index.php\/graduados-de-la-universidad-del-tolima-descubren-nueva-especie-de-planta-endemica-en-los-andes-colombianos\/educacion\/\" \/>\n<meta property=\"og:locale\" content=\"es_ES\" \/>\n<meta property=\"og:type\" content=\"article\" \/>\n<meta property=\"og:title\" content=\"Graduados de la Universidad del Tolima descubren nueva especie de planta end\u00e9mica en los Andes colombianos - Ciudad y Region\" \/>\n<meta property=\"og:description\" content=\"Una nueva especie de planta, perteneciente a la familia\u00a0Gesneriaceae\u00a0y nombrada como\u00a0Columnea cumanday,\u00a0fue descubierta en los bosques h\u00famedos de la Cordillera Central por un equipo de investigadores conformado por graduados de la Universidad del Tolima, e investigadores del Jard\u00edn Bot\u00e1nico Alejandro von Humboldt y del herbario TOLI del alma mater. LaContinuar Leyendo\" \/>\n<meta property=\"og:url\" content=\"https:\/\/ciudadyregion.com.co\/index.php\/graduados-de-la-universidad-del-tolima-descubren-nueva-especie-de-planta-endemica-en-los-andes-colombianos\/educacion\/\" \/>\n<meta property=\"og:site_name\" content=\"Ciudad y Region\" \/>\n<meta property=\"article:published_time\" content=\"2025-11-04T12:54:46+00:00\" \/>\n<meta property=\"og:image\" content=\"https:\/\/ciudadyregion.com.co\/wp-content\/uploads\/2025\/11\/Pag.png\" \/>\n\t<meta property=\"og:image:width\" content=\"800\" \/>\n\t<meta property=\"og:image:height\" content=\"445\" \/>\n\t<meta property=\"og:image:type\" content=\"image\/png\" \/>\n<meta name=\"author\" content=\"David Andr\u00e9s Aguirre\" \/>\n<meta name=\"twitter:card\" content=\"summary_large_image\" \/>\n<meta name=\"twitter:label1\" content=\"Escrito por\" \/>\n\t<meta name=\"twitter:data1\" content=\"David Andr\u00e9s Aguirre\" \/>\n\t<meta name=\"twitter:label2\" content=\"Tiempo de lectura\" \/>\n\t<meta name=\"twitter:data2\" content=\"6 minutos\" \/>\n<script type=\"application\/ld+json\" class=\"yoast-schema-graph\">{\"@context\":\"https:\/\/schema.org\",\"@graph\":[{\"@type\":\"WebPage\",\"@id\":\"https:\/\/ciudadyregion.com.co\/index.php\/graduados-de-la-universidad-del-tolima-descubren-nueva-especie-de-planta-endemica-en-los-andes-colombianos\/educacion\/\",\"url\":\"https:\/\/ciudadyregion.com.co\/index.php\/graduados-de-la-universidad-del-tolima-descubren-nueva-especie-de-planta-endemica-en-los-andes-colombianos\/educacion\/\",\"name\":\"Graduados de la Universidad del Tolima descubren nueva especie de planta end\u00e9mica en los Andes colombianos - Ciudad y Region\",\"isPartOf\":{\"@id\":\"https:\/\/ciudadyregion.com.co\/#website\"},\"primaryImageOfPage\":{\"@id\":\"https:\/\/ciudadyregion.com.co\/index.php\/graduados-de-la-universidad-del-tolima-descubren-nueva-especie-de-planta-endemica-en-los-andes-colombianos\/educacion\/#primaryimage\"},\"image\":{\"@id\":\"https:\/\/ciudadyregion.com.co\/index.php\/graduados-de-la-universidad-del-tolima-descubren-nueva-especie-de-planta-endemica-en-los-andes-colombianos\/educacion\/#primaryimage\"},\"thumbnailUrl\":\"https:\/\/i0.wp.com\/ciudadyregion.com.co\/wp-content\/uploads\/2025\/11\/Pag.png?fit=800%2C445&ssl=1\",\"datePublished\":\"2025-11-04T12:54:46+00:00\",\"dateModified\":\"2025-11-04T12:54:46+00:00\",\"author\":{\"@id\":\"https:\/\/ciudadyregion.com.co\/#\/schema\/person\/04a4954373ebc4051f46e8c65ff78622\"},\"breadcrumb\":{\"@id\":\"https:\/\/ciudadyregion.com.co\/index.php\/graduados-de-la-universidad-del-tolima-descubren-nueva-especie-de-planta-endemica-en-los-andes-colombianos\/educacion\/#breadcrumb\"},\"inLanguage\":\"es\",\"potentialAction\":[{\"@type\":\"ReadAction\",\"target\":[\"https:\/\/ciudadyregion.com.co\/index.php\/graduados-de-la-universidad-del-tolima-descubren-nueva-especie-de-planta-endemica-en-los-andes-colombianos\/educacion\/\"]}]},{\"@type\":\"ImageObject\",\"inLanguage\":\"es\",\"@id\":\"https:\/\/ciudadyregion.com.co\/index.php\/graduados-de-la-universidad-del-tolima-descubren-nueva-especie-de-planta-endemica-en-los-andes-colombianos\/educacion\/#primaryimage\",\"url\":\"https:\/\/i0.wp.com\/ciudadyregion.com.co\/wp-content\/uploads\/2025\/11\/Pag.png?fit=800%2C445&ssl=1\",\"contentUrl\":\"https:\/\/i0.wp.com\/ciudadyregion.com.co\/wp-content\/uploads\/2025\/11\/Pag.png?fit=800%2C445&ssl=1\",\"width\":800,\"height\":445},{\"@type\":\"BreadcrumbList\",\"@id\":\"https:\/\/ciudadyregion.com.co\/index.php\/graduados-de-la-universidad-del-tolima-descubren-nueva-especie-de-planta-endemica-en-los-andes-colombianos\/educacion\/#breadcrumb\",\"itemListElement\":[{\"@type\":\"ListItem\",\"position\":1,\"name\":\"Portada\",\"item\":\"https:\/\/ciudadyregion.com.co\/\"},{\"@type\":\"ListItem\",\"position\":2,\"name\":\"Graduados de la Universidad del Tolima descubren nueva especie de planta end\u00e9mica en los Andes colombianos\"}]},{\"@type\":\"WebSite\",\"@id\":\"https:\/\/ciudadyregion.com.co\/#website\",\"url\":\"https:\/\/ciudadyregion.com.co\/\",\"name\":\"Ciudad y Region\",\"description\":\"\",\"potentialAction\":[{\"@type\":\"SearchAction\",\"target\":{\"@type\":\"EntryPoint\",\"urlTemplate\":\"https:\/\/ciudadyregion.com.co\/?s={search_term_string}\"},\"query-input\":{\"@type\":\"PropertyValueSpecification\",\"valueRequired\":true,\"valueName\":\"search_term_string\"}}],\"inLanguage\":\"es\"},{\"@type\":\"Person\",\"@id\":\"https:\/\/ciudadyregion.com.co\/#\/schema\/person\/04a4954373ebc4051f46e8c65ff78622\",\"name\":\"David Andr\u00e9s Aguirre\",\"image\":{\"@type\":\"ImageObject\",\"inLanguage\":\"es\",\"@id\":\"https:\/\/ciudadyregion.com.co\/#\/schema\/person\/image\/\",\"url\":\"https:\/\/secure.gravatar.com\/avatar\/bc3c655860202182ee6d1b5edd042dbe?s=96&d=mm&r=g\",\"contentUrl\":\"https:\/\/secure.gravatar.com\/avatar\/bc3c655860202182ee6d1b5edd042dbe?s=96&d=mm&r=g\",\"caption\":\"David Andr\u00e9s Aguirre\"},\"url\":\"https:\/\/ciudadyregion.com.co\/index.php\/author\/diegoaguirre\/\"}]}<\/script>\n<!-- \/ Yoast SEO plugin. -->","yoast_head_json":{"title":"Graduados de la Universidad del Tolima descubren nueva especie de planta end\u00e9mica en los Andes colombianos - Ciudad y Region","robots":{"index":"index","follow":"follow","max-snippet":"max-snippet:-1","max-image-preview":"max-image-preview:large","max-video-preview":"max-video-preview:-1"},"canonical":"https:\/\/ciudadyregion.com.co\/index.php\/graduados-de-la-universidad-del-tolima-descubren-nueva-especie-de-planta-endemica-en-los-andes-colombianos\/educacion\/","og_locale":"es_ES","og_type":"article","og_title":"Graduados de la Universidad del Tolima descubren nueva especie de planta end\u00e9mica en los Andes colombianos - Ciudad y Region","og_description":"Una nueva especie de planta, perteneciente a la familia\u00a0Gesneriaceae\u00a0y nombrada como\u00a0Columnea cumanday,\u00a0fue descubierta en los bosques h\u00famedos de la Cordillera Central por un equipo de investigadores conformado por graduados de la Universidad del Tolima, e investigadores del Jard\u00edn Bot\u00e1nico Alejandro von Humboldt y del herbario TOLI del alma mater. LaContinuar Leyendo","og_url":"https:\/\/ciudadyregion.com.co\/index.php\/graduados-de-la-universidad-del-tolima-descubren-nueva-especie-de-planta-endemica-en-los-andes-colombianos\/educacion\/","og_site_name":"Ciudad y Region","article_published_time":"2025-11-04T12:54:46+00:00","og_image":[{"width":800,"height":445,"url":"https:\/\/ciudadyregion.com.co\/wp-content\/uploads\/2025\/11\/Pag.png","type":"image\/png"}],"author":"David Andr\u00e9s Aguirre","twitter_card":"summary_large_image","twitter_misc":{"Escrito por":"David Andr\u00e9s Aguirre","Tiempo de lectura":"6 minutos"},"schema":{"@context":"https:\/\/schema.org","@graph":[{"@type":"WebPage","@id":"https:\/\/ciudadyregion.com.co\/index.php\/graduados-de-la-universidad-del-tolima-descubren-nueva-especie-de-planta-endemica-en-los-andes-colombianos\/educacion\/","url":"https:\/\/ciudadyregion.com.co\/index.php\/graduados-de-la-universidad-del-tolima-descubren-nueva-especie-de-planta-endemica-en-los-andes-colombianos\/educacion\/","name":"Graduados de la Universidad del Tolima descubren nueva especie de planta end\u00e9mica en los Andes colombianos - Ciudad y Region","isPartOf":{"@id":"https:\/\/ciudadyregion.com.co\/#website"},"primaryImageOfPage":{"@id":"https:\/\/ciudadyregion.com.co\/index.php\/graduados-de-la-universidad-del-tolima-descubren-nueva-especie-de-planta-endemica-en-los-andes-colombianos\/educacion\/#primaryimage"},"image":{"@id":"https:\/\/ciudadyregion.com.co\/index.php\/graduados-de-la-universidad-del-tolima-descubren-nueva-especie-de-planta-endemica-en-los-andes-colombianos\/educacion\/#primaryimage"},"thumbnailUrl":"https:\/\/i0.wp.com\/ciudadyregion.com.co\/wp-content\/uploads\/2025\/11\/Pag.png?fit=800%2C445&ssl=1","datePublished":"2025-11-04T12:54:46+00:00","dateModified":"2025-11-04T12:54:46+00:00","author":{"@id":"https:\/\/ciudadyregion.com.co\/#\/schema\/person\/04a4954373ebc4051f46e8c65ff78622"},"breadcrumb":{"@id":"https:\/\/ciudadyregion.com.co\/index.php\/graduados-de-la-universidad-del-tolima-descubren-nueva-especie-de-planta-endemica-en-los-andes-colombianos\/educacion\/#breadcrumb"},"inLanguage":"es","potentialAction":[{"@type":"ReadAction","target":["https:\/\/ciudadyregion.com.co\/index.php\/graduados-de-la-universidad-del-tolima-descubren-nueva-especie-de-planta-endemica-en-los-andes-colombianos\/educacion\/"]}]},{"@type":"ImageObject","inLanguage":"es","@id":"https:\/\/ciudadyregion.com.co\/index.php\/graduados-de-la-universidad-del-tolima-descubren-nueva-especie-de-planta-endemica-en-los-andes-colombianos\/educacion\/#primaryimage","url":"https:\/\/i0.wp.com\/ciudadyregion.com.co\/wp-content\/uploads\/2025\/11\/Pag.png?fit=800%2C445&ssl=1","contentUrl":"https:\/\/i0.wp.com\/ciudadyregion.com.co\/wp-content\/uploads\/2025\/11\/Pag.png?fit=800%2C445&ssl=1","width":800,"height":445},{"@type":"BreadcrumbList","@id":"https:\/\/ciudadyregion.com.co\/index.php\/graduados-de-la-universidad-del-tolima-descubren-nueva-especie-de-planta-endemica-en-los-andes-colombianos\/educacion\/#breadcrumb","itemListElement":[{"@type":"ListItem","position":1,"name":"Portada","item":"https:\/\/ciudadyregion.com.co\/"},{"@type":"ListItem","position":2,"name":"Graduados de la Universidad del Tolima descubren nueva especie de planta end\u00e9mica en los Andes colombianos"}]},{"@type":"WebSite","@id":"https:\/\/ciudadyregion.com.co\/#website","url":"https:\/\/ciudadyregion.com.co\/","name":"Ciudad y Region","description":"","potentialAction":[{"@type":"SearchAction","target":{"@type":"EntryPoint","urlTemplate":"https:\/\/ciudadyregion.com.co\/?s={search_term_string}"},"query-input":{"@type":"PropertyValueSpecification","valueRequired":true,"valueName":"search_term_string"}}],"inLanguage":"es"},{"@type":"Person","@id":"https:\/\/ciudadyregion.com.co\/#\/schema\/person\/04a4954373ebc4051f46e8c65ff78622","name":"David Andr\u00e9s Aguirre","image":{"@type":"ImageObject","inLanguage":"es","@id":"https:\/\/ciudadyregion.com.co\/#\/schema\/person\/image\/","url":"https:\/\/secure.gravatar.com\/avatar\/bc3c655860202182ee6d1b5edd042dbe?s=96&d=mm&r=g","contentUrl":"https:\/\/secure.gravatar.com\/avatar\/bc3c655860202182ee6d1b5edd042dbe?s=96&d=mm&r=g","caption":"David Andr\u00e9s Aguirre"},"url":"https:\/\/ciudadyregion.com.co\/index.php\/author\/diegoaguirre\/"}]}},"jetpack_featured_media_url":"https:\/\/i0.wp.com\/ciudadyregion.com.co\/wp-content\/uploads\/2025\/11\/Pag.png?fit=800%2C445&ssl=1","jetpack_sharing_enabled":true,"jetpack_shortlink":"https:\/\/wp.me\/pbS7hh-cuG","jetpack-related-posts":[],"_links":{"self":[{"href":"https:\/\/ciudadyregion.com.co\/index.php\/wp-json\/wp\/v2\/posts\/48030"}],"collection":[{"href":"https:\/\/ciudadyregion.com.co\/index.php\/wp-json\/wp\/v2\/posts"}],"about":[{"href":"https:\/\/ciudadyregion.com.co\/index.php\/wp-json\/wp\/v2\/types\/post"}],"author":[{"embeddable":true,"href":"https:\/\/ciudadyregion.com.co\/index.php\/wp-json\/wp\/v2\/users\/2"}],"replies":[{"embeddable":true,"href":"https:\/\/ciudadyregion.com.co\/index.php\/wp-json\/wp\/v2\/comments?post=48030"}],"version-history":[{"count":1,"href":"https:\/\/ciudadyregion.com.co\/index.php\/wp-json\/wp\/v2\/posts\/48030\/revisions"}],"predecessor-version":[{"id":48032,"href":"https:\/\/ciudadyregion.com.co\/index.php\/wp-json\/wp\/v2\/posts\/48030\/revisions\/48032"}],"wp:featuredmedia":[{"embeddable":true,"href":"https:\/\/ciudadyregion.com.co\/index.php\/wp-json\/wp\/v2\/media\/48031"}],"wp:attachment":[{"href":"https:\/\/ciudadyregion.com.co\/index.php\/wp-json\/wp\/v2\/media?parent=48030"}],"wp:term":[{"taxonomy":"category","embeddable":true,"href":"https:\/\/ciudadyregion.com.co\/index.php\/wp-json\/wp\/v2\/categories?post=48030"},{"taxonomy":"post_tag","embeddable":true,"href":"https:\/\/ciudadyregion.com.co\/index.php\/wp-json\/wp\/v2\/tags?post=48030"}],"curies":[{"name":"wp","href":"https:\/\/api.w.org\/{rel}","templated":true}]}}