{"id":48027,"date":"2025-11-04T07:52:04","date_gmt":"2025-11-04T12:52:04","guid":{"rendered":"https:\/\/ciudadyregion.com.co\/?p=48027"},"modified":"2025-11-04T07:52:04","modified_gmt":"2025-11-04T12:52:04","slug":"consejo-academico-de-la-ut-aprobo-ajustes-al-plan-de-estudios-del-doctorado-en-ciencias-de-la-educacion","status":"publish","type":"post","link":"https:\/\/ciudadyregion.com.co\/index.php\/consejo-academico-de-la-ut-aprobo-ajustes-al-plan-de-estudios-del-doctorado-en-ciencias-de-la-educacion\/educacion\/","title":{"rendered":"Consejo Acad\u00e9mico de la UT aprob\u00f3 ajustes al Plan de Estudios del Doctorado en Ciencias de la Educaci\u00f3n"},"content":{"rendered":"<p data-wahfont=\"14\">En sesi\u00f3n extraordinaria del Consejo Acad\u00e9mico, fue aprobado el proyecto de acuerdo \u201cPor medio del cual se ajusta el Plan de Estudios del Doctorado en Ciencias de la Educaci\u00f3n de la Universidad del Tolima, L\u00ednea de Formaci\u00f3n Doctoral Curr\u00edculo y Sociedad, y se crea el Plan de Equivalencias\u201d, con el prop\u00f3sito de fortalecer el componente de investigaci\u00f3n y optimizar la ruta formativa de los estudiantes del programa.<\/p>\n<p data-wahfont=\"14\">El profesor Jose Juli\u00e1n \u00d1\u00e1\u00f1ez, director del Doctorado, explic\u00f3 que los principales cambios consisten en la reorganizaci\u00f3n de dos seminarios, uno del componente pedag\u00f3gico y otro del componente de profundizaci\u00f3n, cuyos cr\u00e9ditos fueron trasladados al componente de investigaci\u00f3n.<\/p>\n<blockquote>\n<p data-wahfont=\"14\">\u201cLa esencia de un doctorado es la investigaci\u00f3n. Por eso se crean dos nuevos seminarios de investigaci\u00f3n, de dos cr\u00e9ditos cada uno, en los que los estudiantes socializar\u00e1n sus avances al finalizar el primer y segundo a\u00f1o. Esto les permitir\u00e1 fortalecer sus procesos investigativos y prepararse mejor para su examen de suficiencia\u201d, se\u00f1al\u00f3.<\/p>\n<\/blockquote>\n<p data-wahfont=\"14\">Asimismo, se incorpor\u00f3 un cuarto seminario denominado Direcci\u00f3n de Tesis, que busca consolidar el acompa\u00f1amiento permanente entre el estudiante y su director durante los dos primeros a\u00f1os de formaci\u00f3n, con el fin de garantizar un proceso continuo y de calidad en la elaboraci\u00f3n de la tesis doctoral. El docente tambi\u00e9n explic\u00f3 que esta decisi\u00f3n responde a la necesidad de agilizar los procesos acad\u00e9micos de los estudiantes y atender situaciones detectadas en la din\u00e1mica del programa.<\/p>\n<blockquote>\n<p data-wahfont=\"14\">\u201cAlgunos de nuestros doctorandos presentaban demoras en la entrega de su examen de suficiencia, por lo que se decidi\u00f3 fortalecer el componente investigativo. Lo que hoy aprobamos en el Consejo Acad\u00e9mico es la materializaci\u00f3n de una propuesta que ya estaba contemplada en el reglamento estudiantil\u201d, indic\u00f3.<\/p>\n<\/blockquote>\n<p data-wahfont=\"14\">El Doctorado en Ciencias de la Educaci\u00f3n de la Universidad del Tolima hace parte de la Red de Universidades Estatales de Educaci\u00f3n \u2013 RUDECOLOMBIA, integrada por diez universidades p\u00fablicas regionales que comparten el mismo programa acad\u00e9mico. \u201cTodas las decisiones acad\u00e9micas se discuten y aprueban en red, tanto en los comit\u00e9s curriculares como por los rectores de las universidades que la conforman. Esta articulaci\u00f3n ha sido clave para el \u00e9xito del programa\u201d, resalt\u00f3 el profesor Juli\u00e1n.<\/p>\n<p data-wahfont=\"14\">Finalmente, destac\u00f3 que la red RUDECOLOMBIA celebrar\u00e1 sus 30 a\u00f1os en 2026, a\u00f1o en que el Doctorado en Ciencias de la Educaci\u00f3n de la Universidad del Tolima cumplir\u00e1 dos d\u00e9cadas de trayectoria, consolid\u00e1ndose como un referente nacional en la formaci\u00f3n doctoral en el campo educativo.<\/p>\n","protected":false},"excerpt":{"rendered":"<p>En sesi\u00f3n extraordinaria del Consejo Acad\u00e9mico, fue aprobado el proyecto de acuerdo \u201cPor medio del cual se ajusta el Plan de Estudios del Doctorado en Ciencias de la Educaci\u00f3n de la Universidad del Tolima, L\u00ednea de Formaci\u00f3n Doctoral Curr\u00edculo y Sociedad, y se crea el Plan de Equivalencias\u201d, con el<span class=\"more-link\"><a href=\"https:\/\/ciudadyregion.com.co\/index.php\/consejo-academico-de-la-ut-aprobo-ajustes-al-plan-de-estudios-del-doctorado-en-ciencias-de-la-educacion\/educacion\/\">Continuar Leyendo<\/a><\/span><\/p>\n","protected":false},"author":2,"featured_media":48028,"comment_status":"open","ping_status":"open","sticky":false,"template":"","format":"standard","meta":{"_uf_show_specific_survey":0,"_uf_disable_surveys":false,"_jetpack_memberships_contains_paid_content":false,"footnotes":"","jetpack_publicize_message":"","jetpack_publicize_feature_enabled":true,"jetpack_social_post_already_shared":true,"jetpack_social_options":{"image_generator_settings":{"template":"highway","enabled":false},"version":2}},"categories":[22],"tags":[],"class_list":["entry","author-diegoaguirre","post-48027","post","type-post","status-publish","format-standard","has-post-thumbnail","category-educacion"],"jetpack_publicize_connections":[],"yoast_head":"<!-- This site is optimized with the Yoast SEO plugin v24.3 - https:\/\/yoast.com\/wordpress\/plugins\/seo\/ -->\n<title>Consejo Acad\u00e9mico de la UT aprob\u00f3 ajustes al Plan de Estudios del Doctorado en Ciencias de la Educaci\u00f3n - Ciudad y Region<\/title>\n<meta name=\"robots\" content=\"index, follow, max-snippet:-1, max-image-preview:large, max-video-preview:-1\" \/>\n<link rel=\"canonical\" href=\"https:\/\/ciudadyregion.com.co\/index.php\/consejo-academico-de-la-ut-aprobo-ajustes-al-plan-de-estudios-del-doctorado-en-ciencias-de-la-educacion\/educacion\/\" \/>\n<meta property=\"og:locale\" content=\"es_ES\" \/>\n<meta property=\"og:type\" content=\"article\" \/>\n<meta property=\"og:title\" content=\"Consejo Acad\u00e9mico de la UT aprob\u00f3 ajustes al Plan de Estudios del Doctorado en Ciencias de la Educaci\u00f3n - Ciudad y Region\" \/>\n<meta property=\"og:description\" content=\"En sesi\u00f3n extraordinaria del Consejo Acad\u00e9mico, fue aprobado el proyecto de acuerdo \u201cPor medio del cual se ajusta el Plan de Estudios del Doctorado en Ciencias de la Educaci\u00f3n de la Universidad del Tolima, L\u00ednea de Formaci\u00f3n Doctoral Curr\u00edculo y Sociedad, y se crea el Plan de Equivalencias\u201d, con elContinuar Leyendo\" \/>\n<meta property=\"og:url\" content=\"https:\/\/ciudadyregion.com.co\/index.php\/consejo-academico-de-la-ut-aprobo-ajustes-al-plan-de-estudios-del-doctorado-en-ciencias-de-la-educacion\/educacion\/\" \/>\n<meta property=\"og:site_name\" content=\"Ciudad y Region\" \/>\n<meta property=\"article:published_time\" content=\"2025-11-04T12:52:04+00:00\" \/>\n<meta property=\"og:image\" content=\"https:\/\/ciudadyregion.com.co\/wp-content\/uploads\/2025\/11\/Pag-32.jpg\" \/>\n\t<meta property=\"og:image:width\" content=\"800\" \/>\n\t<meta property=\"og:image:height\" content=\"445\" \/>\n\t<meta property=\"og:image:type\" content=\"image\/jpeg\" \/>\n<meta name=\"author\" content=\"David Andr\u00e9s Aguirre\" \/>\n<meta name=\"twitter:card\" content=\"summary_large_image\" \/>\n<meta name=\"twitter:label1\" content=\"Escrito por\" \/>\n\t<meta name=\"twitter:data1\" content=\"David Andr\u00e9s Aguirre\" \/>\n\t<meta name=\"twitter:label2\" content=\"Tiempo de lectura\" \/>\n\t<meta name=\"twitter:data2\" content=\"2 minutos\" \/>\n<script type=\"application\/ld+json\" class=\"yoast-schema-graph\">{\"@context\":\"https:\/\/schema.org\",\"@graph\":[{\"@type\":\"WebPage\",\"@id\":\"https:\/\/ciudadyregion.com.co\/index.php\/consejo-academico-de-la-ut-aprobo-ajustes-al-plan-de-estudios-del-doctorado-en-ciencias-de-la-educacion\/educacion\/\",\"url\":\"https:\/\/ciudadyregion.com.co\/index.php\/consejo-academico-de-la-ut-aprobo-ajustes-al-plan-de-estudios-del-doctorado-en-ciencias-de-la-educacion\/educacion\/\",\"name\":\"Consejo Acad\u00e9mico de la UT aprob\u00f3 ajustes al Plan de Estudios del Doctorado en Ciencias de la Educaci\u00f3n - Ciudad y Region\",\"isPartOf\":{\"@id\":\"https:\/\/ciudadyregion.com.co\/#website\"},\"primaryImageOfPage\":{\"@id\":\"https:\/\/ciudadyregion.com.co\/index.php\/consejo-academico-de-la-ut-aprobo-ajustes-al-plan-de-estudios-del-doctorado-en-ciencias-de-la-educacion\/educacion\/#primaryimage\"},\"image\":{\"@id\":\"https:\/\/ciudadyregion.com.co\/index.php\/consejo-academico-de-la-ut-aprobo-ajustes-al-plan-de-estudios-del-doctorado-en-ciencias-de-la-educacion\/educacion\/#primaryimage\"},\"thumbnailUrl\":\"https:\/\/i0.wp.com\/ciudadyregion.com.co\/wp-content\/uploads\/2025\/11\/Pag-32.jpg?fit=800%2C445&ssl=1\",\"datePublished\":\"2025-11-04T12:52:04+00:00\",\"dateModified\":\"2025-11-04T12:52:04+00:00\",\"author\":{\"@id\":\"https:\/\/ciudadyregion.com.co\/#\/schema\/person\/04a4954373ebc4051f46e8c65ff78622\"},\"breadcrumb\":{\"@id\":\"https:\/\/ciudadyregion.com.co\/index.php\/consejo-academico-de-la-ut-aprobo-ajustes-al-plan-de-estudios-del-doctorado-en-ciencias-de-la-educacion\/educacion\/#breadcrumb\"},\"inLanguage\":\"es\",\"potentialAction\":[{\"@type\":\"ReadAction\",\"target\":[\"https:\/\/ciudadyregion.com.co\/index.php\/consejo-academico-de-la-ut-aprobo-ajustes-al-plan-de-estudios-del-doctorado-en-ciencias-de-la-educacion\/educacion\/\"]}]},{\"@type\":\"ImageObject\",\"inLanguage\":\"es\",\"@id\":\"https:\/\/ciudadyregion.com.co\/index.php\/consejo-academico-de-la-ut-aprobo-ajustes-al-plan-de-estudios-del-doctorado-en-ciencias-de-la-educacion\/educacion\/#primaryimage\",\"url\":\"https:\/\/i0.wp.com\/ciudadyregion.com.co\/wp-content\/uploads\/2025\/11\/Pag-32.jpg?fit=800%2C445&ssl=1\",\"contentUrl\":\"https:\/\/i0.wp.com\/ciudadyregion.com.co\/wp-content\/uploads\/2025\/11\/Pag-32.jpg?fit=800%2C445&ssl=1\",\"width\":800,\"height\":445},{\"@type\":\"BreadcrumbList\",\"@id\":\"https:\/\/ciudadyregion.com.co\/index.php\/consejo-academico-de-la-ut-aprobo-ajustes-al-plan-de-estudios-del-doctorado-en-ciencias-de-la-educacion\/educacion\/#breadcrumb\",\"itemListElement\":[{\"@type\":\"ListItem\",\"position\":1,\"name\":\"Portada\",\"item\":\"https:\/\/ciudadyregion.com.co\/\"},{\"@type\":\"ListItem\",\"position\":2,\"name\":\"Consejo Acad\u00e9mico de la UT aprob\u00f3 ajustes al Plan de Estudios del Doctorado en Ciencias de la Educaci\u00f3n\"}]},{\"@type\":\"WebSite\",\"@id\":\"https:\/\/ciudadyregion.com.co\/#website\",\"url\":\"https:\/\/ciudadyregion.com.co\/\",\"name\":\"Ciudad y Region\",\"description\":\"\",\"potentialAction\":[{\"@type\":\"SearchAction\",\"target\":{\"@type\":\"EntryPoint\",\"urlTemplate\":\"https:\/\/ciudadyregion.com.co\/?s={search_term_string}\"},\"query-input\":{\"@type\":\"PropertyValueSpecification\",\"valueRequired\":true,\"valueName\":\"search_term_string\"}}],\"inLanguage\":\"es\"},{\"@type\":\"Person\",\"@id\":\"https:\/\/ciudadyregion.com.co\/#\/schema\/person\/04a4954373ebc4051f46e8c65ff78622\",\"name\":\"David Andr\u00e9s Aguirre\",\"image\":{\"@type\":\"ImageObject\",\"inLanguage\":\"es\",\"@id\":\"https:\/\/ciudadyregion.com.co\/#\/schema\/person\/image\/\",\"url\":\"https:\/\/secure.gravatar.com\/avatar\/bc3c655860202182ee6d1b5edd042dbe?s=96&d=mm&r=g\",\"contentUrl\":\"https:\/\/secure.gravatar.com\/avatar\/bc3c655860202182ee6d1b5edd042dbe?s=96&d=mm&r=g\",\"caption\":\"David Andr\u00e9s Aguirre\"},\"url\":\"https:\/\/ciudadyregion.com.co\/index.php\/author\/diegoaguirre\/\"}]}<\/script>\n<!-- \/ Yoast SEO plugin. -->","yoast_head_json":{"title":"Consejo Acad\u00e9mico de la UT aprob\u00f3 ajustes al Plan de Estudios del Doctorado en Ciencias de la Educaci\u00f3n - Ciudad y Region","robots":{"index":"index","follow":"follow","max-snippet":"max-snippet:-1","max-image-preview":"max-image-preview:large","max-video-preview":"max-video-preview:-1"},"canonical":"https:\/\/ciudadyregion.com.co\/index.php\/consejo-academico-de-la-ut-aprobo-ajustes-al-plan-de-estudios-del-doctorado-en-ciencias-de-la-educacion\/educacion\/","og_locale":"es_ES","og_type":"article","og_title":"Consejo Acad\u00e9mico de la UT aprob\u00f3 ajustes al Plan de Estudios del Doctorado en Ciencias de la Educaci\u00f3n - Ciudad y Region","og_description":"En sesi\u00f3n extraordinaria del Consejo Acad\u00e9mico, fue aprobado el proyecto de acuerdo \u201cPor medio del cual se ajusta el Plan de Estudios del Doctorado en Ciencias de la Educaci\u00f3n de la Universidad del Tolima, L\u00ednea de Formaci\u00f3n Doctoral Curr\u00edculo y Sociedad, y se crea el Plan de Equivalencias\u201d, con elContinuar Leyendo","og_url":"https:\/\/ciudadyregion.com.co\/index.php\/consejo-academico-de-la-ut-aprobo-ajustes-al-plan-de-estudios-del-doctorado-en-ciencias-de-la-educacion\/educacion\/","og_site_name":"Ciudad y Region","article_published_time":"2025-11-04T12:52:04+00:00","og_image":[{"width":800,"height":445,"url":"https:\/\/ciudadyregion.com.co\/wp-content\/uploads\/2025\/11\/Pag-32.jpg","type":"image\/jpeg"}],"author":"David Andr\u00e9s Aguirre","twitter_card":"summary_large_image","twitter_misc":{"Escrito por":"David Andr\u00e9s Aguirre","Tiempo de lectura":"2 minutos"},"schema":{"@context":"https:\/\/schema.org","@graph":[{"@type":"WebPage","@id":"https:\/\/ciudadyregion.com.co\/index.php\/consejo-academico-de-la-ut-aprobo-ajustes-al-plan-de-estudios-del-doctorado-en-ciencias-de-la-educacion\/educacion\/","url":"https:\/\/ciudadyregion.com.co\/index.php\/consejo-academico-de-la-ut-aprobo-ajustes-al-plan-de-estudios-del-doctorado-en-ciencias-de-la-educacion\/educacion\/","name":"Consejo Acad\u00e9mico de la UT aprob\u00f3 ajustes al Plan de Estudios del Doctorado en Ciencias de la Educaci\u00f3n - Ciudad y Region","isPartOf":{"@id":"https:\/\/ciudadyregion.com.co\/#website"},"primaryImageOfPage":{"@id":"https:\/\/ciudadyregion.com.co\/index.php\/consejo-academico-de-la-ut-aprobo-ajustes-al-plan-de-estudios-del-doctorado-en-ciencias-de-la-educacion\/educacion\/#primaryimage"},"image":{"@id":"https:\/\/ciudadyregion.com.co\/index.php\/consejo-academico-de-la-ut-aprobo-ajustes-al-plan-de-estudios-del-doctorado-en-ciencias-de-la-educacion\/educacion\/#primaryimage"},"thumbnailUrl":"https:\/\/i0.wp.com\/ciudadyregion.com.co\/wp-content\/uploads\/2025\/11\/Pag-32.jpg?fit=800%2C445&ssl=1","datePublished":"2025-11-04T12:52:04+00:00","dateModified":"2025-11-04T12:52:04+00:00","author":{"@id":"https:\/\/ciudadyregion.com.co\/#\/schema\/person\/04a4954373ebc4051f46e8c65ff78622"},"breadcrumb":{"@id":"https:\/\/ciudadyregion.com.co\/index.php\/consejo-academico-de-la-ut-aprobo-ajustes-al-plan-de-estudios-del-doctorado-en-ciencias-de-la-educacion\/educacion\/#breadcrumb"},"inLanguage":"es","potentialAction":[{"@type":"ReadAction","target":["https:\/\/ciudadyregion.com.co\/index.php\/consejo-academico-de-la-ut-aprobo-ajustes-al-plan-de-estudios-del-doctorado-en-ciencias-de-la-educacion\/educacion\/"]}]},{"@type":"ImageObject","inLanguage":"es","@id":"https:\/\/ciudadyregion.com.co\/index.php\/consejo-academico-de-la-ut-aprobo-ajustes-al-plan-de-estudios-del-doctorado-en-ciencias-de-la-educacion\/educacion\/#primaryimage","url":"https:\/\/i0.wp.com\/ciudadyregion.com.co\/wp-content\/uploads\/2025\/11\/Pag-32.jpg?fit=800%2C445&ssl=1","contentUrl":"https:\/\/i0.wp.com\/ciudadyregion.com.co\/wp-content\/uploads\/2025\/11\/Pag-32.jpg?fit=800%2C445&ssl=1","width":800,"height":445},{"@type":"BreadcrumbList","@id":"https:\/\/ciudadyregion.com.co\/index.php\/consejo-academico-de-la-ut-aprobo-ajustes-al-plan-de-estudios-del-doctorado-en-ciencias-de-la-educacion\/educacion\/#breadcrumb","itemListElement":[{"@type":"ListItem","position":1,"name":"Portada","item":"https:\/\/ciudadyregion.com.co\/"},{"@type":"ListItem","position":2,"name":"Consejo Acad\u00e9mico de la UT aprob\u00f3 ajustes al Plan de Estudios del Doctorado en Ciencias de la Educaci\u00f3n"}]},{"@type":"WebSite","@id":"https:\/\/ciudadyregion.com.co\/#website","url":"https:\/\/ciudadyregion.com.co\/","name":"Ciudad y Region","description":"","potentialAction":[{"@type":"SearchAction","target":{"@type":"EntryPoint","urlTemplate":"https:\/\/ciudadyregion.com.co\/?s={search_term_string}"},"query-input":{"@type":"PropertyValueSpecification","valueRequired":true,"valueName":"search_term_string"}}],"inLanguage":"es"},{"@type":"Person","@id":"https:\/\/ciudadyregion.com.co\/#\/schema\/person\/04a4954373ebc4051f46e8c65ff78622","name":"David Andr\u00e9s Aguirre","image":{"@type":"ImageObject","inLanguage":"es","@id":"https:\/\/ciudadyregion.com.co\/#\/schema\/person\/image\/","url":"https:\/\/secure.gravatar.com\/avatar\/bc3c655860202182ee6d1b5edd042dbe?s=96&d=mm&r=g","contentUrl":"https:\/\/secure.gravatar.com\/avatar\/bc3c655860202182ee6d1b5edd042dbe?s=96&d=mm&r=g","caption":"David Andr\u00e9s Aguirre"},"url":"https:\/\/ciudadyregion.com.co\/index.php\/author\/diegoaguirre\/"}]}},"jetpack_featured_media_url":"https:\/\/i0.wp.com\/ciudadyregion.com.co\/wp-content\/uploads\/2025\/11\/Pag-32.jpg?fit=800%2C445&ssl=1","jetpack_sharing_enabled":true,"jetpack_shortlink":"https:\/\/wp.me\/pbS7hh-cuD","jetpack-related-posts":[],"_links":{"self":[{"href":"https:\/\/ciudadyregion.com.co\/index.php\/wp-json\/wp\/v2\/posts\/48027"}],"collection":[{"href":"https:\/\/ciudadyregion.com.co\/index.php\/wp-json\/wp\/v2\/posts"}],"about":[{"href":"https:\/\/ciudadyregion.com.co\/index.php\/wp-json\/wp\/v2\/types\/post"}],"author":[{"embeddable":true,"href":"https:\/\/ciudadyregion.com.co\/index.php\/wp-json\/wp\/v2\/users\/2"}],"replies":[{"embeddable":true,"href":"https:\/\/ciudadyregion.com.co\/index.php\/wp-json\/wp\/v2\/comments?post=48027"}],"version-history":[{"count":1,"href":"https:\/\/ciudadyregion.com.co\/index.php\/wp-json\/wp\/v2\/posts\/48027\/revisions"}],"predecessor-version":[{"id":48029,"href":"https:\/\/ciudadyregion.com.co\/index.php\/wp-json\/wp\/v2\/posts\/48027\/revisions\/48029"}],"wp:featuredmedia":[{"embeddable":true,"href":"https:\/\/ciudadyregion.com.co\/index.php\/wp-json\/wp\/v2\/media\/48028"}],"wp:attachment":[{"href":"https:\/\/ciudadyregion.com.co\/index.php\/wp-json\/wp\/v2\/media?parent=48027"}],"wp:term":[{"taxonomy":"category","embeddable":true,"href":"https:\/\/ciudadyregion.com.co\/index.php\/wp-json\/wp\/v2\/categories?post=48027"},{"taxonomy":"post_tag","embeddable":true,"href":"https:\/\/ciudadyregion.com.co\/index.php\/wp-json\/wp\/v2\/tags?post=48027"}],"curies":[{"name":"wp","href":"https:\/\/api.w.org\/{rel}","templated":true}]}}