{"id":48022,"date":"2025-11-04T07:48:53","date_gmt":"2025-11-04T12:48:53","guid":{"rendered":"https:\/\/ciudadyregion.com.co\/?p=48022"},"modified":"2025-11-04T07:48:53","modified_gmt":"2025-11-04T12:48:53","slug":"estudiantes-y-docentes-de-enfermeria-de-la-ut-obtienen-segundo-puesto-en-ponencia-oral-en-el-xxv-encuentro-de-jovenes-investigadores","status":"publish","type":"post","link":"https:\/\/ciudadyregion.com.co\/index.php\/estudiantes-y-docentes-de-enfermeria-de-la-ut-obtienen-segundo-puesto-en-ponencia-oral-en-el-xxv-encuentro-de-jovenes-investigadores\/educacion\/","title":{"rendered":"Estudiantes y docentes de Enfermer\u00eda de la UT obtienen segundo puesto en ponencia oral en el XXV Encuentro de J\u00f3venes Investigadores"},"content":{"rendered":"<p data-wahfont=\"14\">Con orgullo institucional, la Universidad del Tolima celebra el reconocimiento obtenido por los estudian\u00adtes Luisa Mar\u00eda Vargas Pulido y Dami\u00e1n Andrey Tru\u00adjillo Salazar, junto a los docentes Luz Aida Aristiz\u00e1bal Quintero y Juan Domingo Palacio Abello, quienes al\u00adcanzaron el segundo puesto en la categor\u00eda de Ponen\u00adcia Oral durante el XXV Encuentro de J\u00f3venes Inves\u00adtigadores, organizado por la Universidad del Rosario y la Fundaci\u00f3n Universitaria Sanitas el pasado 26 de septiembre de 2025.<\/p>\n<p data-wahfont=\"14\">El equipo particip\u00f3 con la ponencia titulada \u201cCuidado de enfermer\u00eda en una persona con lesi\u00f3n p\u00e9lvica trau\u00adm\u00e1tica: una mirada a la recuperaci\u00f3n funcional y emo\u00adcional\u201d, trabajo que destac\u00f3 entre un amplio n\u00famero de propuestas nacionales por su rigurosidad metodo\u00adl\u00f3gica, pertinencia cl\u00ednica y aporte al fortalecimiento del cuidado desde la pr\u00e1ctica profesional de enfermer\u00eda.<\/p>\n<p data-wahfont=\"14\"><strong>Un reconocimiento al compromiso acad\u00e9mico<\/strong><\/p>\n<p data-wahfont=\"14\">El XXV Encuentro de J\u00f3venes Investigadores se con\u00adsolid\u00f3 como un espacio de encuentro entre distintas instituciones de educaci\u00f3n superior, que promueve la visibilizaci\u00f3n del talento y el intercambio de experien\u00adcias acad\u00e9micas en torno al cuidado y la innovaci\u00f3n en salud.<\/p>\n<p data-wahfont=\"14\">En este contexto, la participaci\u00f3n de la Universidad del Tolima evidenci\u00f3 c\u00f3mo la formaci\u00f3n en enfermer\u00eda trasciende la pr\u00e1ctica asistencial y se convierte en una oportunidad para innovar, cuidar y transformar desde la ciencia.<\/p>\n<p data-wahfont=\"14\">Este reconocimiento representa el fruto del trabajo colaborativo entre estudiantes y docentes, quienes asumieron este ejercicio acad\u00e9mico como una opor\u00adtunidad para integrar el conocimiento te\u00f3rico con la pr\u00e1ctica cl\u00ednica y fortalecer sus competencias profe\u00adsionales. La calidad de la ponencia refleja el compro\u00admiso del Programa de Enfermer\u00eda con la formaci\u00f3n integral y el pensamiento cr\u00edtico reflexivo.<\/p>\n<p data-wahfont=\"14\"><strong>La ciencia del cuidado en acci\u00f3n<\/strong><\/p>\n<p data-wahfont=\"14\">El certificado oficial, emitido el 20 de octubre de 2025, reconoce a los representantes de la Universidad del Tolima por haber obtenido el Segundo Puesto Nacio\u00adnal en Ponencia Oral, una distinci\u00f3n que consolida el liderazgo acad\u00e9mico y la capacidad de proyecci\u00f3n del programa.<\/p>\n<p data-wahfont=\"14\">La participaci\u00f3n en este evento permiti\u00f3 a los estu\u00addiantes y docentes fortalecer sus competencias co\u00admunicativas y anal\u00edticas, compartir experiencias con otras universidades y proyectar el trabajo de la UT en un escenario nacional de alto nivel.<\/p>\n<p data-wahfont=\"14\">Durante la jornada, el grupo recibi\u00f3 comentarios favo\u00adrables del jurado y de otros asistentes por la integra\u00adci\u00f3n entre la evidencia cient\u00edfica y la pr\u00e1ctica cl\u00ednica, as\u00ed como por el enfoque reflexivo que promueve la comprensi\u00f3n del rol de la enfermer\u00eda en la recupera\u00adci\u00f3n integral de las personas.<\/p>\n<p data-wahfont=\"14\">\u201cParticipar en este encuentro fue una experiencia muy significativa. Comprendimos que la enfermer\u00eda no solo se basa en procedimientos, sino en reconocer al ser humano integralmente. Este premio nos motiva a se\u00adguir aprendiendo y a continuar aportando al fortaleci\u00admiento del cuidado desde la ciencia y la sensibilidad\u201d, expresaron los ponentes de la Universidad del Tolima.<\/p>\n<p data-wahfont=\"14\"><strong>Proyecci\u00f3n institucional y compromiso con la formaci\u00f3n<\/strong><\/p>\n<p data-wahfont=\"14\">La Facultad de Ciencias de la Salud y el Programa de Enfermer\u00eda de la Universidad del Tolima contin\u00faan fortaleciendo la formaci\u00f3n de sus estudiantes y do\u00adcentes, promoviendo la integraci\u00f3n del conocimiento cient\u00edfico con la pr\u00e1ctica profesional y el sentido \u00e9tico del cuidado.<\/p>\n<p data-wahfont=\"14\">Este logro, adem\u00e1s de representar un hito acad\u00e9mico, evidencia la capacidad de la enfermer\u00eda tolimense para desarrollar experiencias innovadoras que integran la reflexi\u00f3n y el compromiso humano.<\/p>\n<p data-wahfont=\"14\">Felicitamos a los ponentes por este reconocimiento y agradecemos el trabajo colectivo que permiti\u00f3 la pre\u00adsentaci\u00f3n.<\/p>\n","protected":false},"excerpt":{"rendered":"<p>Con orgullo institucional, la Universidad del Tolima celebra el reconocimiento obtenido por los estudian\u00adtes Luisa Mar\u00eda Vargas Pulido y Dami\u00e1n Andrey Tru\u00adjillo Salazar, junto a los docentes Luz Aida Aristiz\u00e1bal Quintero y Juan Domingo Palacio Abello, quienes al\u00adcanzaron el segundo puesto en la categor\u00eda de Ponen\u00adcia Oral durante el XXV<span class=\"more-link\"><a href=\"https:\/\/ciudadyregion.com.co\/index.php\/estudiantes-y-docentes-de-enfermeria-de-la-ut-obtienen-segundo-puesto-en-ponencia-oral-en-el-xxv-encuentro-de-jovenes-investigadores\/educacion\/\">Continuar Leyendo<\/a><\/span><\/p>\n","protected":false},"author":2,"featured_media":48024,"comment_status":"open","ping_status":"open","sticky":false,"template":"","format":"standard","meta":{"_uf_show_specific_survey":0,"_uf_disable_surveys":false,"_jetpack_memberships_contains_paid_content":false,"footnotes":"","jetpack_publicize_message":"","jetpack_publicize_feature_enabled":true,"jetpack_social_post_already_shared":true,"jetpack_social_options":{"image_generator_settings":{"template":"highway","enabled":false},"version":2}},"categories":[22],"tags":[],"class_list":["entry","author-diegoaguirre","post-48022","post","type-post","status-publish","format-standard","has-post-thumbnail","category-educacion"],"jetpack_publicize_connections":[],"yoast_head":"<!-- This site is optimized with the Yoast SEO plugin v24.3 - https:\/\/yoast.com\/wordpress\/plugins\/seo\/ -->\n<title>Estudiantes y docentes de Enfermer\u00eda de la UT obtienen segundo puesto en ponencia oral en el XXV Encuentro de J\u00f3venes Investigadores - Ciudad y Region<\/title>\n<meta name=\"robots\" content=\"index, follow, max-snippet:-1, max-image-preview:large, max-video-preview:-1\" \/>\n<link rel=\"canonical\" href=\"https:\/\/ciudadyregion.com.co\/index.php\/estudiantes-y-docentes-de-enfermeria-de-la-ut-obtienen-segundo-puesto-en-ponencia-oral-en-el-xxv-encuentro-de-jovenes-investigadores\/educacion\/\" \/>\n<meta property=\"og:locale\" content=\"es_ES\" \/>\n<meta property=\"og:type\" content=\"article\" \/>\n<meta property=\"og:title\" content=\"Estudiantes y docentes de Enfermer\u00eda de la UT obtienen segundo puesto en ponencia oral en el XXV Encuentro de J\u00f3venes Investigadores - Ciudad y Region\" \/>\n<meta property=\"og:description\" content=\"Con orgullo institucional, la Universidad del Tolima celebra el reconocimiento obtenido por los estudian\u00adtes Luisa Mar\u00eda Vargas Pulido y Dami\u00e1n Andrey Tru\u00adjillo Salazar, junto a los docentes Luz Aida Aristiz\u00e1bal Quintero y Juan Domingo Palacio Abello, quienes al\u00adcanzaron el segundo puesto en la categor\u00eda de Ponen\u00adcia Oral durante el XXVContinuar Leyendo\" \/>\n<meta property=\"og:url\" content=\"https:\/\/ciudadyregion.com.co\/index.php\/estudiantes-y-docentes-de-enfermeria-de-la-ut-obtienen-segundo-puesto-en-ponencia-oral-en-el-xxv-encuentro-de-jovenes-investigadores\/educacion\/\" \/>\n<meta property=\"og:site_name\" content=\"Ciudad y Region\" \/>\n<meta property=\"article:published_time\" content=\"2025-11-04T12:48:53+00:00\" \/>\n<meta property=\"og:image\" content=\"https:\/\/ciudadyregion.com.co\/wp-content\/uploads\/2025\/11\/Pag-31.jpg\" \/>\n\t<meta property=\"og:image:width\" content=\"800\" \/>\n\t<meta property=\"og:image:height\" content=\"445\" \/>\n\t<meta property=\"og:image:type\" content=\"image\/jpeg\" \/>\n<meta name=\"author\" content=\"David Andr\u00e9s Aguirre\" \/>\n<meta name=\"twitter:card\" content=\"summary_large_image\" \/>\n<meta name=\"twitter:label1\" content=\"Escrito por\" \/>\n\t<meta name=\"twitter:data1\" content=\"David Andr\u00e9s Aguirre\" \/>\n\t<meta name=\"twitter:label2\" content=\"Tiempo de lectura\" \/>\n\t<meta name=\"twitter:data2\" content=\"3 minutos\" \/>\n<script type=\"application\/ld+json\" class=\"yoast-schema-graph\">{\"@context\":\"https:\/\/schema.org\",\"@graph\":[{\"@type\":\"WebPage\",\"@id\":\"https:\/\/ciudadyregion.com.co\/index.php\/estudiantes-y-docentes-de-enfermeria-de-la-ut-obtienen-segundo-puesto-en-ponencia-oral-en-el-xxv-encuentro-de-jovenes-investigadores\/educacion\/\",\"url\":\"https:\/\/ciudadyregion.com.co\/index.php\/estudiantes-y-docentes-de-enfermeria-de-la-ut-obtienen-segundo-puesto-en-ponencia-oral-en-el-xxv-encuentro-de-jovenes-investigadores\/educacion\/\",\"name\":\"Estudiantes y docentes de Enfermer\u00eda de la UT obtienen segundo puesto en ponencia oral en el XXV Encuentro de J\u00f3venes Investigadores - Ciudad y Region\",\"isPartOf\":{\"@id\":\"https:\/\/ciudadyregion.com.co\/#website\"},\"primaryImageOfPage\":{\"@id\":\"https:\/\/ciudadyregion.com.co\/index.php\/estudiantes-y-docentes-de-enfermeria-de-la-ut-obtienen-segundo-puesto-en-ponencia-oral-en-el-xxv-encuentro-de-jovenes-investigadores\/educacion\/#primaryimage\"},\"image\":{\"@id\":\"https:\/\/ciudadyregion.com.co\/index.php\/estudiantes-y-docentes-de-enfermeria-de-la-ut-obtienen-segundo-puesto-en-ponencia-oral-en-el-xxv-encuentro-de-jovenes-investigadores\/educacion\/#primaryimage\"},\"thumbnailUrl\":\"https:\/\/i0.wp.com\/ciudadyregion.com.co\/wp-content\/uploads\/2025\/11\/Pag-31.jpg?fit=800%2C445&ssl=1\",\"datePublished\":\"2025-11-04T12:48:53+00:00\",\"dateModified\":\"2025-11-04T12:48:53+00:00\",\"author\":{\"@id\":\"https:\/\/ciudadyregion.com.co\/#\/schema\/person\/04a4954373ebc4051f46e8c65ff78622\"},\"breadcrumb\":{\"@id\":\"https:\/\/ciudadyregion.com.co\/index.php\/estudiantes-y-docentes-de-enfermeria-de-la-ut-obtienen-segundo-puesto-en-ponencia-oral-en-el-xxv-encuentro-de-jovenes-investigadores\/educacion\/#breadcrumb\"},\"inLanguage\":\"es\",\"potentialAction\":[{\"@type\":\"ReadAction\",\"target\":[\"https:\/\/ciudadyregion.com.co\/index.php\/estudiantes-y-docentes-de-enfermeria-de-la-ut-obtienen-segundo-puesto-en-ponencia-oral-en-el-xxv-encuentro-de-jovenes-investigadores\/educacion\/\"]}]},{\"@type\":\"ImageObject\",\"inLanguage\":\"es\",\"@id\":\"https:\/\/ciudadyregion.com.co\/index.php\/estudiantes-y-docentes-de-enfermeria-de-la-ut-obtienen-segundo-puesto-en-ponencia-oral-en-el-xxv-encuentro-de-jovenes-investigadores\/educacion\/#primaryimage\",\"url\":\"https:\/\/i0.wp.com\/ciudadyregion.com.co\/wp-content\/uploads\/2025\/11\/Pag-31.jpg?fit=800%2C445&ssl=1\",\"contentUrl\":\"https:\/\/i0.wp.com\/ciudadyregion.com.co\/wp-content\/uploads\/2025\/11\/Pag-31.jpg?fit=800%2C445&ssl=1\",\"width\":800,\"height\":445},{\"@type\":\"BreadcrumbList\",\"@id\":\"https:\/\/ciudadyregion.com.co\/index.php\/estudiantes-y-docentes-de-enfermeria-de-la-ut-obtienen-segundo-puesto-en-ponencia-oral-en-el-xxv-encuentro-de-jovenes-investigadores\/educacion\/#breadcrumb\",\"itemListElement\":[{\"@type\":\"ListItem\",\"position\":1,\"name\":\"Portada\",\"item\":\"https:\/\/ciudadyregion.com.co\/\"},{\"@type\":\"ListItem\",\"position\":2,\"name\":\"Estudiantes y docentes de Enfermer\u00eda de la UT obtienen segundo puesto en ponencia oral en el XXV Encuentro de J\u00f3venes Investigadores\"}]},{\"@type\":\"WebSite\",\"@id\":\"https:\/\/ciudadyregion.com.co\/#website\",\"url\":\"https:\/\/ciudadyregion.com.co\/\",\"name\":\"Ciudad y Region\",\"description\":\"\",\"potentialAction\":[{\"@type\":\"SearchAction\",\"target\":{\"@type\":\"EntryPoint\",\"urlTemplate\":\"https:\/\/ciudadyregion.com.co\/?s={search_term_string}\"},\"query-input\":{\"@type\":\"PropertyValueSpecification\",\"valueRequired\":true,\"valueName\":\"search_term_string\"}}],\"inLanguage\":\"es\"},{\"@type\":\"Person\",\"@id\":\"https:\/\/ciudadyregion.com.co\/#\/schema\/person\/04a4954373ebc4051f46e8c65ff78622\",\"name\":\"David Andr\u00e9s Aguirre\",\"image\":{\"@type\":\"ImageObject\",\"inLanguage\":\"es\",\"@id\":\"https:\/\/ciudadyregion.com.co\/#\/schema\/person\/image\/\",\"url\":\"https:\/\/secure.gravatar.com\/avatar\/bc3c655860202182ee6d1b5edd042dbe?s=96&d=mm&r=g\",\"contentUrl\":\"https:\/\/secure.gravatar.com\/avatar\/bc3c655860202182ee6d1b5edd042dbe?s=96&d=mm&r=g\",\"caption\":\"David Andr\u00e9s Aguirre\"},\"url\":\"https:\/\/ciudadyregion.com.co\/index.php\/author\/diegoaguirre\/\"}]}<\/script>\n<!-- \/ Yoast SEO plugin. -->","yoast_head_json":{"title":"Estudiantes y docentes de Enfermer\u00eda de la UT obtienen segundo puesto en ponencia oral en el XXV Encuentro de J\u00f3venes Investigadores - Ciudad y Region","robots":{"index":"index","follow":"follow","max-snippet":"max-snippet:-1","max-image-preview":"max-image-preview:large","max-video-preview":"max-video-preview:-1"},"canonical":"https:\/\/ciudadyregion.com.co\/index.php\/estudiantes-y-docentes-de-enfermeria-de-la-ut-obtienen-segundo-puesto-en-ponencia-oral-en-el-xxv-encuentro-de-jovenes-investigadores\/educacion\/","og_locale":"es_ES","og_type":"article","og_title":"Estudiantes y docentes de Enfermer\u00eda de la UT obtienen segundo puesto en ponencia oral en el XXV Encuentro de J\u00f3venes Investigadores - Ciudad y Region","og_description":"Con orgullo institucional, la Universidad del Tolima celebra el reconocimiento obtenido por los estudian\u00adtes Luisa Mar\u00eda Vargas Pulido y Dami\u00e1n Andrey Tru\u00adjillo Salazar, junto a los docentes Luz Aida Aristiz\u00e1bal Quintero y Juan Domingo Palacio Abello, quienes al\u00adcanzaron el segundo puesto en la categor\u00eda de Ponen\u00adcia Oral durante el XXVContinuar Leyendo","og_url":"https:\/\/ciudadyregion.com.co\/index.php\/estudiantes-y-docentes-de-enfermeria-de-la-ut-obtienen-segundo-puesto-en-ponencia-oral-en-el-xxv-encuentro-de-jovenes-investigadores\/educacion\/","og_site_name":"Ciudad y Region","article_published_time":"2025-11-04T12:48:53+00:00","og_image":[{"width":800,"height":445,"url":"https:\/\/ciudadyregion.com.co\/wp-content\/uploads\/2025\/11\/Pag-31.jpg","type":"image\/jpeg"}],"author":"David Andr\u00e9s Aguirre","twitter_card":"summary_large_image","twitter_misc":{"Escrito por":"David Andr\u00e9s Aguirre","Tiempo de lectura":"3 minutos"},"schema":{"@context":"https:\/\/schema.org","@graph":[{"@type":"WebPage","@id":"https:\/\/ciudadyregion.com.co\/index.php\/estudiantes-y-docentes-de-enfermeria-de-la-ut-obtienen-segundo-puesto-en-ponencia-oral-en-el-xxv-encuentro-de-jovenes-investigadores\/educacion\/","url":"https:\/\/ciudadyregion.com.co\/index.php\/estudiantes-y-docentes-de-enfermeria-de-la-ut-obtienen-segundo-puesto-en-ponencia-oral-en-el-xxv-encuentro-de-jovenes-investigadores\/educacion\/","name":"Estudiantes y docentes de Enfermer\u00eda de la UT obtienen segundo puesto en ponencia oral en el XXV Encuentro de J\u00f3venes Investigadores - Ciudad y Region","isPartOf":{"@id":"https:\/\/ciudadyregion.com.co\/#website"},"primaryImageOfPage":{"@id":"https:\/\/ciudadyregion.com.co\/index.php\/estudiantes-y-docentes-de-enfermeria-de-la-ut-obtienen-segundo-puesto-en-ponencia-oral-en-el-xxv-encuentro-de-jovenes-investigadores\/educacion\/#primaryimage"},"image":{"@id":"https:\/\/ciudadyregion.com.co\/index.php\/estudiantes-y-docentes-de-enfermeria-de-la-ut-obtienen-segundo-puesto-en-ponencia-oral-en-el-xxv-encuentro-de-jovenes-investigadores\/educacion\/#primaryimage"},"thumbnailUrl":"https:\/\/i0.wp.com\/ciudadyregion.com.co\/wp-content\/uploads\/2025\/11\/Pag-31.jpg?fit=800%2C445&ssl=1","datePublished":"2025-11-04T12:48:53+00:00","dateModified":"2025-11-04T12:48:53+00:00","author":{"@id":"https:\/\/ciudadyregion.com.co\/#\/schema\/person\/04a4954373ebc4051f46e8c65ff78622"},"breadcrumb":{"@id":"https:\/\/ciudadyregion.com.co\/index.php\/estudiantes-y-docentes-de-enfermeria-de-la-ut-obtienen-segundo-puesto-en-ponencia-oral-en-el-xxv-encuentro-de-jovenes-investigadores\/educacion\/#breadcrumb"},"inLanguage":"es","potentialAction":[{"@type":"ReadAction","target":["https:\/\/ciudadyregion.com.co\/index.php\/estudiantes-y-docentes-de-enfermeria-de-la-ut-obtienen-segundo-puesto-en-ponencia-oral-en-el-xxv-encuentro-de-jovenes-investigadores\/educacion\/"]}]},{"@type":"ImageObject","inLanguage":"es","@id":"https:\/\/ciudadyregion.com.co\/index.php\/estudiantes-y-docentes-de-enfermeria-de-la-ut-obtienen-segundo-puesto-en-ponencia-oral-en-el-xxv-encuentro-de-jovenes-investigadores\/educacion\/#primaryimage","url":"https:\/\/i0.wp.com\/ciudadyregion.com.co\/wp-content\/uploads\/2025\/11\/Pag-31.jpg?fit=800%2C445&ssl=1","contentUrl":"https:\/\/i0.wp.com\/ciudadyregion.com.co\/wp-content\/uploads\/2025\/11\/Pag-31.jpg?fit=800%2C445&ssl=1","width":800,"height":445},{"@type":"BreadcrumbList","@id":"https:\/\/ciudadyregion.com.co\/index.php\/estudiantes-y-docentes-de-enfermeria-de-la-ut-obtienen-segundo-puesto-en-ponencia-oral-en-el-xxv-encuentro-de-jovenes-investigadores\/educacion\/#breadcrumb","itemListElement":[{"@type":"ListItem","position":1,"name":"Portada","item":"https:\/\/ciudadyregion.com.co\/"},{"@type":"ListItem","position":2,"name":"Estudiantes y docentes de Enfermer\u00eda de la UT obtienen segundo puesto en ponencia oral en el XXV Encuentro de J\u00f3venes Investigadores"}]},{"@type":"WebSite","@id":"https:\/\/ciudadyregion.com.co\/#website","url":"https:\/\/ciudadyregion.com.co\/","name":"Ciudad y Region","description":"","potentialAction":[{"@type":"SearchAction","target":{"@type":"EntryPoint","urlTemplate":"https:\/\/ciudadyregion.com.co\/?s={search_term_string}"},"query-input":{"@type":"PropertyValueSpecification","valueRequired":true,"valueName":"search_term_string"}}],"inLanguage":"es"},{"@type":"Person","@id":"https:\/\/ciudadyregion.com.co\/#\/schema\/person\/04a4954373ebc4051f46e8c65ff78622","name":"David Andr\u00e9s Aguirre","image":{"@type":"ImageObject","inLanguage":"es","@id":"https:\/\/ciudadyregion.com.co\/#\/schema\/person\/image\/","url":"https:\/\/secure.gravatar.com\/avatar\/bc3c655860202182ee6d1b5edd042dbe?s=96&d=mm&r=g","contentUrl":"https:\/\/secure.gravatar.com\/avatar\/bc3c655860202182ee6d1b5edd042dbe?s=96&d=mm&r=g","caption":"David Andr\u00e9s Aguirre"},"url":"https:\/\/ciudadyregion.com.co\/index.php\/author\/diegoaguirre\/"}]}},"jetpack_featured_media_url":"https:\/\/i0.wp.com\/ciudadyregion.com.co\/wp-content\/uploads\/2025\/11\/Pag-31.jpg?fit=800%2C445&ssl=1","jetpack_sharing_enabled":true,"jetpack_shortlink":"https:\/\/wp.me\/pbS7hh-cuy","jetpack-related-posts":[],"_links":{"self":[{"href":"https:\/\/ciudadyregion.com.co\/index.php\/wp-json\/wp\/v2\/posts\/48022"}],"collection":[{"href":"https:\/\/ciudadyregion.com.co\/index.php\/wp-json\/wp\/v2\/posts"}],"about":[{"href":"https:\/\/ciudadyregion.com.co\/index.php\/wp-json\/wp\/v2\/types\/post"}],"author":[{"embeddable":true,"href":"https:\/\/ciudadyregion.com.co\/index.php\/wp-json\/wp\/v2\/users\/2"}],"replies":[{"embeddable":true,"href":"https:\/\/ciudadyregion.com.co\/index.php\/wp-json\/wp\/v2\/comments?post=48022"}],"version-history":[{"count":2,"href":"https:\/\/ciudadyregion.com.co\/index.php\/wp-json\/wp\/v2\/posts\/48022\/revisions"}],"predecessor-version":[{"id":48026,"href":"https:\/\/ciudadyregion.com.co\/index.php\/wp-json\/wp\/v2\/posts\/48022\/revisions\/48026"}],"wp:featuredmedia":[{"embeddable":true,"href":"https:\/\/ciudadyregion.com.co\/index.php\/wp-json\/wp\/v2\/media\/48024"}],"wp:attachment":[{"href":"https:\/\/ciudadyregion.com.co\/index.php\/wp-json\/wp\/v2\/media?parent=48022"}],"wp:term":[{"taxonomy":"category","embeddable":true,"href":"https:\/\/ciudadyregion.com.co\/index.php\/wp-json\/wp\/v2\/categories?post=48022"},{"taxonomy":"post_tag","embeddable":true,"href":"https:\/\/ciudadyregion.com.co\/index.php\/wp-json\/wp\/v2\/tags?post=48022"}],"curies":[{"name":"wp","href":"https:\/\/api.w.org\/{rel}","templated":true}]}}