{"id":480,"date":"2023-10-24T11:39:48","date_gmt":"2023-10-24T16:39:48","guid":{"rendered":"https:\/\/ciudadyregion.com.co\/?p=480"},"modified":"2023-10-24T11:39:48","modified_gmt":"2023-10-24T16:39:48","slug":"no-te-la-pierdas-la-3ra-feria-del-libro-de-la-universidad-del-tolima-se-realizara-a-inicios-de-noviembre","status":"publish","type":"post","link":"https:\/\/ciudadyregion.com.co\/index.php\/no-te-la-pierdas-la-3ra-feria-del-libro-de-la-universidad-del-tolima-se-realizara-a-inicios-de-noviembre\/educacion\/","title":{"rendered":"No te la pierdas: La 3ra Feria del Libro de la Universidad del Tolima se realizar\u00e1 a inicios de noviembre"},"content":{"rendered":"<p>Estamos a pocos d\u00edas de iniciar la 3ra Feria del Libro Universidad del Tolima, que se va a realizar del 02 al 03 de noviembre en distintos puntos de la ciudad, dando cabida a una serie de presentaciones de libros, talleres y una conferencia inaugural cuyo tema principal es la Inteligencia Artificial (AI), adem\u00e1s de la integraci\u00f3n en el Festival del Libro del Tolima, organizado por la Gobernaci\u00f3n del Tolima y la Direcci\u00f3n de Cultura Departamental.<\/p>\n<p>Esta tercera edici\u00f3n de la feria trae la presentaci\u00f3n 41 t\u00edtulos diferentes, ya no solo de nuestra universidad sino tambi\u00e9n de editoriales en el departamento, adem\u00e1s de universidades nacionales e internacionales invitadas, como la Universidad de la Republica de Uruguay y la Universidad Nacional Aut\u00f3noma de M\u00e9xico. Estas presentaciones se llevar\u00e1n a cabo de forma hibrida: presencial en la Sala m\u00faltiple en los bajos de la biblioteca de la Universidad del Tolima el jueves 02 de noviembre y en el auditorio de la Facultad de Ciencias el viernes 03 de noviembre. Las presentaciones virtuales se transmitir\u00e1n por el Canal de YouTube del Sello Editorial Universidad del Tolima.<\/p>\n<p>A su vez, se realizar\u00e1n dos talleres, uno orientado para ni\u00f1os de las zonas rurales del municipio en donde aprender\u00e1n a realizar comics, en el Parque Interactivo Innovamente en donde, adem\u00e1s, podr\u00e1n disfrutar de sus experiencias. Y el segundo taller tiene como tem\u00e1tica el dise\u00f1o editorial, orientado a las personas con inter\u00e9s en esta \u00e1rea, el cual se llevar\u00e1 a cabo en los salones de artes de la sede principal de la Universidad del Tolima.<\/p>\n<p>Contaremos con dos espacios para exhibici\u00f3n de material bibliogr\u00e1fico: uno en el arte de los comics, coordinada por el profesor Ricardo Moreno, en donde se exhibir\u00e1n cerca de 55 comics inspirados en el informe final de Jurisdicci\u00f3n Especial para la Paz, de la Comisi\u00f3n de la Verdad. All\u00ed las personas se podr\u00e1n acercar para conocer estos trabajos e interactuar de forma directa con sus creadores.<\/p>\n<p>El segundo espacio corresponde a la participaci\u00f3n de la Universidad del Tolima en el Festival del Libro del Tolima, que se realizar\u00e1 del 01 al 04 de noviembre en el Centro de Convenciones Alfonso L\u00f3pez Pumarejo de la Gobernaci\u00f3n del Tolima, en donde los asistentes podr\u00e1n visitar nuestro stand, conocer las publicaciones del Sello Editorial y comprarlas.<\/p>\n<p>Conoce m\u00e1s de esta edici\u00f3n de la 3ra Feria del Libro Universidad del Tolima en nuestras redes sociales:<\/p>\n<p>Facebook e Instagram:<a href=\"http:\/\/www.facebook.com\/selloeditorialut\"> www.facebook.com\/selloeditorialut<\/a> \u2013 <a href=\"http:\/\/www.instagram.com\/selloeditorialut\">www.instagram.com\/selloeditorialut<\/a><\/p>\n<p>Y ve las presentaciones programas en vivo a trav\u00e9s de nuestro canal de YouTube: <a href=\"http:\/\/www.youtube.com\/c\/selloeditorialuniversidaddeltolima\">www.youtube.com\/c\/selloeditorialuniversidaddeltolima<\/a><\/p>\n<p>\u00a1Has parte de la 3ra Feria del Libro Universidad del Tolima! #incentivemoslalectura #incentivemoslainvestigacion #3FLUT<\/p>\n<p>&nbsp;<\/p>\n<p>&nbsp;<\/p>\n<p>&nbsp;<\/p>\n<p>&nbsp;<\/p>\n<p>&nbsp;<\/p>\n<p>Cr\u00e9ditos: Universidad del Tolima<\/p>\n","protected":false},"excerpt":{"rendered":"<p>Estamos a pocos d\u00edas de iniciar la 3ra Feria del Libro Universidad del Tolima, que se va a realizar del 02 al 03 de noviembre en distintos puntos de la ciudad, dando cabida a una serie de presentaciones de libros, talleres y una conferencia inaugural cuyo tema principal es la<span class=\"more-link\"><a href=\"https:\/\/ciudadyregion.com.co\/index.php\/no-te-la-pierdas-la-3ra-feria-del-libro-de-la-universidad-del-tolima-se-realizara-a-inicios-de-noviembre\/educacion\/\">Continuar Leyendo<\/a><\/span><\/p>\n","protected":false},"author":2,"featured_media":481,"comment_status":"open","ping_status":"open","sticky":false,"template":"","format":"standard","meta":{"_uf_show_specific_survey":0,"_uf_disable_surveys":false,"_jetpack_memberships_contains_paid_content":false,"footnotes":"","jetpack_publicize_message":"","jetpack_publicize_feature_enabled":true,"jetpack_social_post_already_shared":false,"jetpack_social_options":{"image_generator_settings":{"template":"highway","enabled":false},"version":2}},"categories":[22],"tags":[],"class_list":["entry","author-diegoaguirre","post-480","post","type-post","status-publish","format-standard","has-post-thumbnail","category-educacion"],"jetpack_publicize_connections":[],"yoast_head":"<!-- This site is optimized with the Yoast SEO plugin v24.3 - https:\/\/yoast.com\/wordpress\/plugins\/seo\/ -->\n<title>No te la pierdas: La 3ra Feria del Libro de la Universidad del Tolima se realizar\u00e1 a inicios de noviembre - Ciudad y Region<\/title>\n<meta name=\"robots\" content=\"index, follow, max-snippet:-1, max-image-preview:large, max-video-preview:-1\" \/>\n<link rel=\"canonical\" href=\"https:\/\/ciudadyregion.com.co\/index.php\/no-te-la-pierdas-la-3ra-feria-del-libro-de-la-universidad-del-tolima-se-realizara-a-inicios-de-noviembre\/educacion\/\" \/>\n<meta property=\"og:locale\" content=\"es_ES\" \/>\n<meta property=\"og:type\" content=\"article\" \/>\n<meta property=\"og:title\" content=\"No te la pierdas: La 3ra Feria del Libro de la Universidad del Tolima se realizar\u00e1 a inicios de noviembre - Ciudad y Region\" \/>\n<meta property=\"og:description\" content=\"Estamos a pocos d\u00edas de iniciar la 3ra Feria del Libro Universidad del Tolima, que se va a realizar del 02 al 03 de noviembre en distintos puntos de la ciudad, dando cabida a una serie de presentaciones de libros, talleres y una conferencia inaugural cuyo tema principal es laContinuar Leyendo\" \/>\n<meta property=\"og:url\" content=\"https:\/\/ciudadyregion.com.co\/index.php\/no-te-la-pierdas-la-3ra-feria-del-libro-de-la-universidad-del-tolima-se-realizara-a-inicios-de-noviembre\/educacion\/\" \/>\n<meta property=\"og:site_name\" content=\"Ciudad y Region\" \/>\n<meta property=\"article:published_time\" content=\"2023-10-24T16:39:48+00:00\" \/>\n<meta property=\"og:image\" content=\"https:\/\/ciudadyregion.com.co\/wp-content\/uploads\/2023\/10\/feria-del-libro.jpg\" \/>\n\t<meta property=\"og:image:width\" content=\"800\" \/>\n\t<meta property=\"og:image:height\" content=\"445\" \/>\n\t<meta property=\"og:image:type\" content=\"image\/jpeg\" \/>\n<meta name=\"author\" content=\"David Andr\u00e9s Aguirre\" \/>\n<meta name=\"twitter:card\" content=\"summary_large_image\" \/>\n<meta name=\"twitter:label1\" content=\"Escrito por\" \/>\n\t<meta name=\"twitter:data1\" content=\"David Andr\u00e9s Aguirre\" \/>\n\t<meta name=\"twitter:label2\" content=\"Tiempo de lectura\" \/>\n\t<meta name=\"twitter:data2\" content=\"2 minutos\" \/>\n<script type=\"application\/ld+json\" class=\"yoast-schema-graph\">{\"@context\":\"https:\/\/schema.org\",\"@graph\":[{\"@type\":\"WebPage\",\"@id\":\"https:\/\/ciudadyregion.com.co\/index.php\/no-te-la-pierdas-la-3ra-feria-del-libro-de-la-universidad-del-tolima-se-realizara-a-inicios-de-noviembre\/educacion\/\",\"url\":\"https:\/\/ciudadyregion.com.co\/index.php\/no-te-la-pierdas-la-3ra-feria-del-libro-de-la-universidad-del-tolima-se-realizara-a-inicios-de-noviembre\/educacion\/\",\"name\":\"No te la pierdas: La 3ra Feria del Libro de la Universidad del Tolima se realizar\u00e1 a inicios de noviembre - Ciudad y Region\",\"isPartOf\":{\"@id\":\"https:\/\/ciudadyregion.com.co\/#website\"},\"primaryImageOfPage\":{\"@id\":\"https:\/\/ciudadyregion.com.co\/index.php\/no-te-la-pierdas-la-3ra-feria-del-libro-de-la-universidad-del-tolima-se-realizara-a-inicios-de-noviembre\/educacion\/#primaryimage\"},\"image\":{\"@id\":\"https:\/\/ciudadyregion.com.co\/index.php\/no-te-la-pierdas-la-3ra-feria-del-libro-de-la-universidad-del-tolima-se-realizara-a-inicios-de-noviembre\/educacion\/#primaryimage\"},\"thumbnailUrl\":\"https:\/\/i0.wp.com\/ciudadyregion.com.co\/wp-content\/uploads\/2023\/10\/feria-del-libro.jpg?fit=800%2C445&ssl=1\",\"datePublished\":\"2023-10-24T16:39:48+00:00\",\"dateModified\":\"2023-10-24T16:39:48+00:00\",\"author\":{\"@id\":\"https:\/\/ciudadyregion.com.co\/#\/schema\/person\/04a4954373ebc4051f46e8c65ff78622\"},\"breadcrumb\":{\"@id\":\"https:\/\/ciudadyregion.com.co\/index.php\/no-te-la-pierdas-la-3ra-feria-del-libro-de-la-universidad-del-tolima-se-realizara-a-inicios-de-noviembre\/educacion\/#breadcrumb\"},\"inLanguage\":\"es\",\"potentialAction\":[{\"@type\":\"ReadAction\",\"target\":[\"https:\/\/ciudadyregion.com.co\/index.php\/no-te-la-pierdas-la-3ra-feria-del-libro-de-la-universidad-del-tolima-se-realizara-a-inicios-de-noviembre\/educacion\/\"]}]},{\"@type\":\"ImageObject\",\"inLanguage\":\"es\",\"@id\":\"https:\/\/ciudadyregion.com.co\/index.php\/no-te-la-pierdas-la-3ra-feria-del-libro-de-la-universidad-del-tolima-se-realizara-a-inicios-de-noviembre\/educacion\/#primaryimage\",\"url\":\"https:\/\/i0.wp.com\/ciudadyregion.com.co\/wp-content\/uploads\/2023\/10\/feria-del-libro.jpg?fit=800%2C445&ssl=1\",\"contentUrl\":\"https:\/\/i0.wp.com\/ciudadyregion.com.co\/wp-content\/uploads\/2023\/10\/feria-del-libro.jpg?fit=800%2C445&ssl=1\",\"width\":800,\"height\":445},{\"@type\":\"BreadcrumbList\",\"@id\":\"https:\/\/ciudadyregion.com.co\/index.php\/no-te-la-pierdas-la-3ra-feria-del-libro-de-la-universidad-del-tolima-se-realizara-a-inicios-de-noviembre\/educacion\/#breadcrumb\",\"itemListElement\":[{\"@type\":\"ListItem\",\"position\":1,\"name\":\"Portada\",\"item\":\"https:\/\/ciudadyregion.com.co\/\"},{\"@type\":\"ListItem\",\"position\":2,\"name\":\"No te la pierdas: La 3ra Feria del Libro de la Universidad del Tolima se realizar\u00e1 a inicios de noviembre\"}]},{\"@type\":\"WebSite\",\"@id\":\"https:\/\/ciudadyregion.com.co\/#website\",\"url\":\"https:\/\/ciudadyregion.com.co\/\",\"name\":\"Ciudad y Region\",\"description\":\"\",\"potentialAction\":[{\"@type\":\"SearchAction\",\"target\":{\"@type\":\"EntryPoint\",\"urlTemplate\":\"https:\/\/ciudadyregion.com.co\/?s={search_term_string}\"},\"query-input\":{\"@type\":\"PropertyValueSpecification\",\"valueRequired\":true,\"valueName\":\"search_term_string\"}}],\"inLanguage\":\"es\"},{\"@type\":\"Person\",\"@id\":\"https:\/\/ciudadyregion.com.co\/#\/schema\/person\/04a4954373ebc4051f46e8c65ff78622\",\"name\":\"David Andr\u00e9s Aguirre\",\"image\":{\"@type\":\"ImageObject\",\"inLanguage\":\"es\",\"@id\":\"https:\/\/ciudadyregion.com.co\/#\/schema\/person\/image\/\",\"url\":\"https:\/\/secure.gravatar.com\/avatar\/bc3c655860202182ee6d1b5edd042dbe?s=96&d=mm&r=g\",\"contentUrl\":\"https:\/\/secure.gravatar.com\/avatar\/bc3c655860202182ee6d1b5edd042dbe?s=96&d=mm&r=g\",\"caption\":\"David Andr\u00e9s Aguirre\"},\"url\":\"https:\/\/ciudadyregion.com.co\/index.php\/author\/diegoaguirre\/\"}]}<\/script>\n<!-- \/ Yoast SEO plugin. -->","yoast_head_json":{"title":"No te la pierdas: La 3ra Feria del Libro de la Universidad del Tolima se realizar\u00e1 a inicios de noviembre - Ciudad y Region","robots":{"index":"index","follow":"follow","max-snippet":"max-snippet:-1","max-image-preview":"max-image-preview:large","max-video-preview":"max-video-preview:-1"},"canonical":"https:\/\/ciudadyregion.com.co\/index.php\/no-te-la-pierdas-la-3ra-feria-del-libro-de-la-universidad-del-tolima-se-realizara-a-inicios-de-noviembre\/educacion\/","og_locale":"es_ES","og_type":"article","og_title":"No te la pierdas: La 3ra Feria del Libro de la Universidad del Tolima se realizar\u00e1 a inicios de noviembre - Ciudad y Region","og_description":"Estamos a pocos d\u00edas de iniciar la 3ra Feria del Libro Universidad del Tolima, que se va a realizar del 02 al 03 de noviembre en distintos puntos de la ciudad, dando cabida a una serie de presentaciones de libros, talleres y una conferencia inaugural cuyo tema principal es laContinuar Leyendo","og_url":"https:\/\/ciudadyregion.com.co\/index.php\/no-te-la-pierdas-la-3ra-feria-del-libro-de-la-universidad-del-tolima-se-realizara-a-inicios-de-noviembre\/educacion\/","og_site_name":"Ciudad y Region","article_published_time":"2023-10-24T16:39:48+00:00","og_image":[{"width":800,"height":445,"url":"https:\/\/ciudadyregion.com.co\/wp-content\/uploads\/2023\/10\/feria-del-libro.jpg","type":"image\/jpeg"}],"author":"David Andr\u00e9s Aguirre","twitter_card":"summary_large_image","twitter_misc":{"Escrito por":"David Andr\u00e9s Aguirre","Tiempo de lectura":"2 minutos"},"schema":{"@context":"https:\/\/schema.org","@graph":[{"@type":"WebPage","@id":"https:\/\/ciudadyregion.com.co\/index.php\/no-te-la-pierdas-la-3ra-feria-del-libro-de-la-universidad-del-tolima-se-realizara-a-inicios-de-noviembre\/educacion\/","url":"https:\/\/ciudadyregion.com.co\/index.php\/no-te-la-pierdas-la-3ra-feria-del-libro-de-la-universidad-del-tolima-se-realizara-a-inicios-de-noviembre\/educacion\/","name":"No te la pierdas: La 3ra Feria del Libro de la Universidad del Tolima se realizar\u00e1 a inicios de noviembre - Ciudad y Region","isPartOf":{"@id":"https:\/\/ciudadyregion.com.co\/#website"},"primaryImageOfPage":{"@id":"https:\/\/ciudadyregion.com.co\/index.php\/no-te-la-pierdas-la-3ra-feria-del-libro-de-la-universidad-del-tolima-se-realizara-a-inicios-de-noviembre\/educacion\/#primaryimage"},"image":{"@id":"https:\/\/ciudadyregion.com.co\/index.php\/no-te-la-pierdas-la-3ra-feria-del-libro-de-la-universidad-del-tolima-se-realizara-a-inicios-de-noviembre\/educacion\/#primaryimage"},"thumbnailUrl":"https:\/\/i0.wp.com\/ciudadyregion.com.co\/wp-content\/uploads\/2023\/10\/feria-del-libro.jpg?fit=800%2C445&ssl=1","datePublished":"2023-10-24T16:39:48+00:00","dateModified":"2023-10-24T16:39:48+00:00","author":{"@id":"https:\/\/ciudadyregion.com.co\/#\/schema\/person\/04a4954373ebc4051f46e8c65ff78622"},"breadcrumb":{"@id":"https:\/\/ciudadyregion.com.co\/index.php\/no-te-la-pierdas-la-3ra-feria-del-libro-de-la-universidad-del-tolima-se-realizara-a-inicios-de-noviembre\/educacion\/#breadcrumb"},"inLanguage":"es","potentialAction":[{"@type":"ReadAction","target":["https:\/\/ciudadyregion.com.co\/index.php\/no-te-la-pierdas-la-3ra-feria-del-libro-de-la-universidad-del-tolima-se-realizara-a-inicios-de-noviembre\/educacion\/"]}]},{"@type":"ImageObject","inLanguage":"es","@id":"https:\/\/ciudadyregion.com.co\/index.php\/no-te-la-pierdas-la-3ra-feria-del-libro-de-la-universidad-del-tolima-se-realizara-a-inicios-de-noviembre\/educacion\/#primaryimage","url":"https:\/\/i0.wp.com\/ciudadyregion.com.co\/wp-content\/uploads\/2023\/10\/feria-del-libro.jpg?fit=800%2C445&ssl=1","contentUrl":"https:\/\/i0.wp.com\/ciudadyregion.com.co\/wp-content\/uploads\/2023\/10\/feria-del-libro.jpg?fit=800%2C445&ssl=1","width":800,"height":445},{"@type":"BreadcrumbList","@id":"https:\/\/ciudadyregion.com.co\/index.php\/no-te-la-pierdas-la-3ra-feria-del-libro-de-la-universidad-del-tolima-se-realizara-a-inicios-de-noviembre\/educacion\/#breadcrumb","itemListElement":[{"@type":"ListItem","position":1,"name":"Portada","item":"https:\/\/ciudadyregion.com.co\/"},{"@type":"ListItem","position":2,"name":"No te la pierdas: La 3ra Feria del Libro de la Universidad del Tolima se realizar\u00e1 a inicios de noviembre"}]},{"@type":"WebSite","@id":"https:\/\/ciudadyregion.com.co\/#website","url":"https:\/\/ciudadyregion.com.co\/","name":"Ciudad y Region","description":"","potentialAction":[{"@type":"SearchAction","target":{"@type":"EntryPoint","urlTemplate":"https:\/\/ciudadyregion.com.co\/?s={search_term_string}"},"query-input":{"@type":"PropertyValueSpecification","valueRequired":true,"valueName":"search_term_string"}}],"inLanguage":"es"},{"@type":"Person","@id":"https:\/\/ciudadyregion.com.co\/#\/schema\/person\/04a4954373ebc4051f46e8c65ff78622","name":"David Andr\u00e9s Aguirre","image":{"@type":"ImageObject","inLanguage":"es","@id":"https:\/\/ciudadyregion.com.co\/#\/schema\/person\/image\/","url":"https:\/\/secure.gravatar.com\/avatar\/bc3c655860202182ee6d1b5edd042dbe?s=96&d=mm&r=g","contentUrl":"https:\/\/secure.gravatar.com\/avatar\/bc3c655860202182ee6d1b5edd042dbe?s=96&d=mm&r=g","caption":"David Andr\u00e9s Aguirre"},"url":"https:\/\/ciudadyregion.com.co\/index.php\/author\/diegoaguirre\/"}]}},"jetpack_featured_media_url":"https:\/\/i0.wp.com\/ciudadyregion.com.co\/wp-content\/uploads\/2023\/10\/feria-del-libro.jpg?fit=800%2C445&ssl=1","jetpack_sharing_enabled":true,"jetpack_shortlink":"https:\/\/wp.me\/pbS7hh-7K","jetpack-related-posts":[],"_links":{"self":[{"href":"https:\/\/ciudadyregion.com.co\/index.php\/wp-json\/wp\/v2\/posts\/480"}],"collection":[{"href":"https:\/\/ciudadyregion.com.co\/index.php\/wp-json\/wp\/v2\/posts"}],"about":[{"href":"https:\/\/ciudadyregion.com.co\/index.php\/wp-json\/wp\/v2\/types\/post"}],"author":[{"embeddable":true,"href":"https:\/\/ciudadyregion.com.co\/index.php\/wp-json\/wp\/v2\/users\/2"}],"replies":[{"embeddable":true,"href":"https:\/\/ciudadyregion.com.co\/index.php\/wp-json\/wp\/v2\/comments?post=480"}],"version-history":[{"count":2,"href":"https:\/\/ciudadyregion.com.co\/index.php\/wp-json\/wp\/v2\/posts\/480\/revisions"}],"predecessor-version":[{"id":483,"href":"https:\/\/ciudadyregion.com.co\/index.php\/wp-json\/wp\/v2\/posts\/480\/revisions\/483"}],"wp:featuredmedia":[{"embeddable":true,"href":"https:\/\/ciudadyregion.com.co\/index.php\/wp-json\/wp\/v2\/media\/481"}],"wp:attachment":[{"href":"https:\/\/ciudadyregion.com.co\/index.php\/wp-json\/wp\/v2\/media?parent=480"}],"wp:term":[{"taxonomy":"category","embeddable":true,"href":"https:\/\/ciudadyregion.com.co\/index.php\/wp-json\/wp\/v2\/categories?post=480"},{"taxonomy":"post_tag","embeddable":true,"href":"https:\/\/ciudadyregion.com.co\/index.php\/wp-json\/wp\/v2\/tags?post=480"}],"curies":[{"name":"wp","href":"https:\/\/api.w.org\/{rel}","templated":true}]}}