{"id":47996,"date":"2025-11-01T08:33:54","date_gmt":"2025-11-01T13:33:54","guid":{"rendered":"https:\/\/ciudadyregion.com.co\/?p=47996"},"modified":"2025-11-01T08:33:54","modified_gmt":"2025-11-01T13:33:54","slug":"asesor-clave-del-gobierno-de-petro-despierta-polemica-por-denuncias-de-acoso","status":"publish","type":"post","link":"https:\/\/ciudadyregion.com.co\/index.php\/asesor-clave-del-gobierno-de-petro-despierta-polemica-por-denuncias-de-acoso\/politica\/","title":{"rendered":"Asesor clave del gobierno de Petro despierta pol\u00e9mica por denuncias de acoso"},"content":{"rendered":"<p>V\u00edctor de\u202fCurrea\u2011Lugo ha asumido un rol de alto perfil como asesor en la administraci\u00f3n del presidente Gustavo\u202fPetro, pese a los se\u00f1alamientos por presunto acoso sexual a estudiantes. En 2023, abandon\u00f3 una candidatura como embajador ante Emiratos \u00c1rabes Unidos tras la divulgaci\u00f3n de denuncias, pero posteriormente ingres\u00f3 en el entorno presidencial como especialista en pol\u00edticas internacionales y sociales.<\/p>\n<p>Su presencia ha sido cada vez m\u00e1s visible: participa junto al presidente Petro en eventos oficiales, firma de acuerdos de paz y negociaciones estrat\u00e9gicas, lo que refleja la confianza depositada en su capacidad. Entre 2018 y 2023, al menos cinco exalumnas de la Pontificia Universidad Javeriana y la Universidad Nacional presentaron testimonios por presunto acoso sexual contra \u00e9l, sin que hasta la fecha se conozcan procesos judiciales concluyentes. La titular de la Defensor\u00eda del Pueblo, Iris\u202fMar\u00edn, ha cuestionado la permanencia de funcionarios con denuncias de violencia de g\u00e9nero argumentando que env\u00eda una se\u00f1al equivocada sobre la lucha institucional contra estas conductas.<\/p>\n<p>La designaci\u00f3n de De\u202fCurrea\u2011Lugo plantea una tensi\u00f3n entre la necesidad de t\u00e9cnicos especializados en el gobierno y la exigencia social de coherencia \u00e9tica en los altos cargos p\u00fablicos. Por un lado, cr\u00edticos consideran que su continuidad contraviene los discursos de cambio y equidad del ejecutivo. Por otro, la administraci\u00f3n resalta su experiencia, redes internacionales y capacidad de interlocuci\u00f3n como elementos clave para justificar su rol.<\/p>\n<p>Este caso va m\u00e1s all\u00e1 de un simple nombramiento: expone la tensi\u00f3n entre la estrategia pol\u00edtica del gobierno y las expectativas ciudadanas en materia de transparencia y \u00e9tica p\u00fablica. El pa\u00eds observa atentamente c\u00f3mo se articula la experiencia t\u00e9cnica con la responsabilidad moral en la toma de decisiones gubernamentales.<\/p>\n","protected":false},"excerpt":{"rendered":"<p>V\u00edctor de\u202fCurrea\u2011Lugo ha asumido un rol de alto perfil como asesor en la administraci\u00f3n del presidente Gustavo\u202fPetro, pese a los se\u00f1alamientos por presunto acoso sexual a estudiantes. En 2023, abandon\u00f3 una candidatura como embajador ante Emiratos \u00c1rabes Unidos tras la divulgaci\u00f3n de denuncias, pero posteriormente ingres\u00f3 en el entorno presidencial<span class=\"more-link\"><a href=\"https:\/\/ciudadyregion.com.co\/index.php\/asesor-clave-del-gobierno-de-petro-despierta-polemica-por-denuncias-de-acoso\/politica\/\">Continuar Leyendo<\/a><\/span><\/p>\n","protected":false},"author":2,"featured_media":48007,"comment_status":"open","ping_status":"open","sticky":false,"template":"","format":"standard","meta":{"_uf_show_specific_survey":0,"_uf_disable_surveys":false,"_jetpack_memberships_contains_paid_content":false,"footnotes":"","jetpack_publicize_message":"","jetpack_publicize_feature_enabled":true,"jetpack_social_post_already_shared":true,"jetpack_social_options":{"image_generator_settings":{"template":"highway","enabled":false},"version":2}},"categories":[17],"tags":[],"class_list":["entry","author-diegoaguirre","post-47996","post","type-post","status-publish","format-standard","has-post-thumbnail","category-politica"],"jetpack_publicize_connections":[],"yoast_head":"<!-- This site is optimized with the Yoast SEO plugin v24.3 - https:\/\/yoast.com\/wordpress\/plugins\/seo\/ -->\n<title>Asesor clave del gobierno de Petro despierta pol\u00e9mica por denuncias de acoso - Ciudad y Region<\/title>\n<meta name=\"robots\" content=\"index, follow, max-snippet:-1, max-image-preview:large, max-video-preview:-1\" \/>\n<link rel=\"canonical\" href=\"https:\/\/ciudadyregion.com.co\/index.php\/asesor-clave-del-gobierno-de-petro-despierta-polemica-por-denuncias-de-acoso\/politica\/\" \/>\n<meta property=\"og:locale\" content=\"es_ES\" \/>\n<meta property=\"og:type\" content=\"article\" \/>\n<meta property=\"og:title\" content=\"Asesor clave del gobierno de Petro despierta pol\u00e9mica por denuncias de acoso - Ciudad y Region\" \/>\n<meta property=\"og:description\" content=\"V\u00edctor de\u202fCurrea\u2011Lugo ha asumido un rol de alto perfil como asesor en la administraci\u00f3n del presidente Gustavo\u202fPetro, pese a los se\u00f1alamientos por presunto acoso sexual a estudiantes. En 2023, abandon\u00f3 una candidatura como embajador ante Emiratos \u00c1rabes Unidos tras la divulgaci\u00f3n de denuncias, pero posteriormente ingres\u00f3 en el entorno presidencialContinuar Leyendo\" \/>\n<meta property=\"og:url\" content=\"https:\/\/ciudadyregion.com.co\/index.php\/asesor-clave-del-gobierno-de-petro-despierta-polemica-por-denuncias-de-acoso\/politica\/\" \/>\n<meta property=\"og:site_name\" content=\"Ciudad y Region\" \/>\n<meta property=\"article:published_time\" content=\"2025-11-01T13:33:54+00:00\" \/>\n<meta property=\"og:image\" content=\"https:\/\/ciudadyregion.com.co\/wp-content\/uploads\/2025\/11\/Pag-30.jpg\" \/>\n\t<meta property=\"og:image:width\" content=\"800\" \/>\n\t<meta property=\"og:image:height\" content=\"445\" \/>\n\t<meta property=\"og:image:type\" content=\"image\/jpeg\" \/>\n<meta name=\"author\" content=\"David Andr\u00e9s Aguirre\" \/>\n<meta name=\"twitter:card\" content=\"summary_large_image\" \/>\n<meta name=\"twitter:label1\" content=\"Escrito por\" \/>\n\t<meta name=\"twitter:data1\" content=\"David Andr\u00e9s Aguirre\" \/>\n\t<meta name=\"twitter:label2\" content=\"Tiempo de lectura\" \/>\n\t<meta name=\"twitter:data2\" content=\"2 minutos\" \/>\n<script type=\"application\/ld+json\" class=\"yoast-schema-graph\">{\"@context\":\"https:\/\/schema.org\",\"@graph\":[{\"@type\":\"WebPage\",\"@id\":\"https:\/\/ciudadyregion.com.co\/index.php\/asesor-clave-del-gobierno-de-petro-despierta-polemica-por-denuncias-de-acoso\/politica\/\",\"url\":\"https:\/\/ciudadyregion.com.co\/index.php\/asesor-clave-del-gobierno-de-petro-despierta-polemica-por-denuncias-de-acoso\/politica\/\",\"name\":\"Asesor clave del gobierno de Petro despierta pol\u00e9mica por denuncias de acoso - Ciudad y Region\",\"isPartOf\":{\"@id\":\"https:\/\/ciudadyregion.com.co\/#website\"},\"primaryImageOfPage\":{\"@id\":\"https:\/\/ciudadyregion.com.co\/index.php\/asesor-clave-del-gobierno-de-petro-despierta-polemica-por-denuncias-de-acoso\/politica\/#primaryimage\"},\"image\":{\"@id\":\"https:\/\/ciudadyregion.com.co\/index.php\/asesor-clave-del-gobierno-de-petro-despierta-polemica-por-denuncias-de-acoso\/politica\/#primaryimage\"},\"thumbnailUrl\":\"https:\/\/i0.wp.com\/ciudadyregion.com.co\/wp-content\/uploads\/2025\/11\/Pag-30.jpg?fit=800%2C445&ssl=1\",\"datePublished\":\"2025-11-01T13:33:54+00:00\",\"dateModified\":\"2025-11-01T13:33:54+00:00\",\"author\":{\"@id\":\"https:\/\/ciudadyregion.com.co\/#\/schema\/person\/04a4954373ebc4051f46e8c65ff78622\"},\"breadcrumb\":{\"@id\":\"https:\/\/ciudadyregion.com.co\/index.php\/asesor-clave-del-gobierno-de-petro-despierta-polemica-por-denuncias-de-acoso\/politica\/#breadcrumb\"},\"inLanguage\":\"es\",\"potentialAction\":[{\"@type\":\"ReadAction\",\"target\":[\"https:\/\/ciudadyregion.com.co\/index.php\/asesor-clave-del-gobierno-de-petro-despierta-polemica-por-denuncias-de-acoso\/politica\/\"]}]},{\"@type\":\"ImageObject\",\"inLanguage\":\"es\",\"@id\":\"https:\/\/ciudadyregion.com.co\/index.php\/asesor-clave-del-gobierno-de-petro-despierta-polemica-por-denuncias-de-acoso\/politica\/#primaryimage\",\"url\":\"https:\/\/i0.wp.com\/ciudadyregion.com.co\/wp-content\/uploads\/2025\/11\/Pag-30.jpg?fit=800%2C445&ssl=1\",\"contentUrl\":\"https:\/\/i0.wp.com\/ciudadyregion.com.co\/wp-content\/uploads\/2025\/11\/Pag-30.jpg?fit=800%2C445&ssl=1\",\"width\":800,\"height\":445},{\"@type\":\"BreadcrumbList\",\"@id\":\"https:\/\/ciudadyregion.com.co\/index.php\/asesor-clave-del-gobierno-de-petro-despierta-polemica-por-denuncias-de-acoso\/politica\/#breadcrumb\",\"itemListElement\":[{\"@type\":\"ListItem\",\"position\":1,\"name\":\"Portada\",\"item\":\"https:\/\/ciudadyregion.com.co\/\"},{\"@type\":\"ListItem\",\"position\":2,\"name\":\"Asesor clave del gobierno de Petro despierta pol\u00e9mica por denuncias de acoso\"}]},{\"@type\":\"WebSite\",\"@id\":\"https:\/\/ciudadyregion.com.co\/#website\",\"url\":\"https:\/\/ciudadyregion.com.co\/\",\"name\":\"Ciudad y Region\",\"description\":\"\",\"potentialAction\":[{\"@type\":\"SearchAction\",\"target\":{\"@type\":\"EntryPoint\",\"urlTemplate\":\"https:\/\/ciudadyregion.com.co\/?s={search_term_string}\"},\"query-input\":{\"@type\":\"PropertyValueSpecification\",\"valueRequired\":true,\"valueName\":\"search_term_string\"}}],\"inLanguage\":\"es\"},{\"@type\":\"Person\",\"@id\":\"https:\/\/ciudadyregion.com.co\/#\/schema\/person\/04a4954373ebc4051f46e8c65ff78622\",\"name\":\"David Andr\u00e9s Aguirre\",\"image\":{\"@type\":\"ImageObject\",\"inLanguage\":\"es\",\"@id\":\"https:\/\/ciudadyregion.com.co\/#\/schema\/person\/image\/\",\"url\":\"https:\/\/secure.gravatar.com\/avatar\/bc3c655860202182ee6d1b5edd042dbe?s=96&d=mm&r=g\",\"contentUrl\":\"https:\/\/secure.gravatar.com\/avatar\/bc3c655860202182ee6d1b5edd042dbe?s=96&d=mm&r=g\",\"caption\":\"David Andr\u00e9s Aguirre\"},\"url\":\"https:\/\/ciudadyregion.com.co\/index.php\/author\/diegoaguirre\/\"}]}<\/script>\n<!-- \/ Yoast SEO plugin. -->","yoast_head_json":{"title":"Asesor clave del gobierno de Petro despierta pol\u00e9mica por denuncias de acoso - Ciudad y Region","robots":{"index":"index","follow":"follow","max-snippet":"max-snippet:-1","max-image-preview":"max-image-preview:large","max-video-preview":"max-video-preview:-1"},"canonical":"https:\/\/ciudadyregion.com.co\/index.php\/asesor-clave-del-gobierno-de-petro-despierta-polemica-por-denuncias-de-acoso\/politica\/","og_locale":"es_ES","og_type":"article","og_title":"Asesor clave del gobierno de Petro despierta pol\u00e9mica por denuncias de acoso - Ciudad y Region","og_description":"V\u00edctor de\u202fCurrea\u2011Lugo ha asumido un rol de alto perfil como asesor en la administraci\u00f3n del presidente Gustavo\u202fPetro, pese a los se\u00f1alamientos por presunto acoso sexual a estudiantes. En 2023, abandon\u00f3 una candidatura como embajador ante Emiratos \u00c1rabes Unidos tras la divulgaci\u00f3n de denuncias, pero posteriormente ingres\u00f3 en el entorno presidencialContinuar Leyendo","og_url":"https:\/\/ciudadyregion.com.co\/index.php\/asesor-clave-del-gobierno-de-petro-despierta-polemica-por-denuncias-de-acoso\/politica\/","og_site_name":"Ciudad y Region","article_published_time":"2025-11-01T13:33:54+00:00","og_image":[{"width":800,"height":445,"url":"https:\/\/ciudadyregion.com.co\/wp-content\/uploads\/2025\/11\/Pag-30.jpg","type":"image\/jpeg"}],"author":"David Andr\u00e9s Aguirre","twitter_card":"summary_large_image","twitter_misc":{"Escrito por":"David Andr\u00e9s Aguirre","Tiempo de lectura":"2 minutos"},"schema":{"@context":"https:\/\/schema.org","@graph":[{"@type":"WebPage","@id":"https:\/\/ciudadyregion.com.co\/index.php\/asesor-clave-del-gobierno-de-petro-despierta-polemica-por-denuncias-de-acoso\/politica\/","url":"https:\/\/ciudadyregion.com.co\/index.php\/asesor-clave-del-gobierno-de-petro-despierta-polemica-por-denuncias-de-acoso\/politica\/","name":"Asesor clave del gobierno de Petro despierta pol\u00e9mica por denuncias de acoso - Ciudad y Region","isPartOf":{"@id":"https:\/\/ciudadyregion.com.co\/#website"},"primaryImageOfPage":{"@id":"https:\/\/ciudadyregion.com.co\/index.php\/asesor-clave-del-gobierno-de-petro-despierta-polemica-por-denuncias-de-acoso\/politica\/#primaryimage"},"image":{"@id":"https:\/\/ciudadyregion.com.co\/index.php\/asesor-clave-del-gobierno-de-petro-despierta-polemica-por-denuncias-de-acoso\/politica\/#primaryimage"},"thumbnailUrl":"https:\/\/i0.wp.com\/ciudadyregion.com.co\/wp-content\/uploads\/2025\/11\/Pag-30.jpg?fit=800%2C445&ssl=1","datePublished":"2025-11-01T13:33:54+00:00","dateModified":"2025-11-01T13:33:54+00:00","author":{"@id":"https:\/\/ciudadyregion.com.co\/#\/schema\/person\/04a4954373ebc4051f46e8c65ff78622"},"breadcrumb":{"@id":"https:\/\/ciudadyregion.com.co\/index.php\/asesor-clave-del-gobierno-de-petro-despierta-polemica-por-denuncias-de-acoso\/politica\/#breadcrumb"},"inLanguage":"es","potentialAction":[{"@type":"ReadAction","target":["https:\/\/ciudadyregion.com.co\/index.php\/asesor-clave-del-gobierno-de-petro-despierta-polemica-por-denuncias-de-acoso\/politica\/"]}]},{"@type":"ImageObject","inLanguage":"es","@id":"https:\/\/ciudadyregion.com.co\/index.php\/asesor-clave-del-gobierno-de-petro-despierta-polemica-por-denuncias-de-acoso\/politica\/#primaryimage","url":"https:\/\/i0.wp.com\/ciudadyregion.com.co\/wp-content\/uploads\/2025\/11\/Pag-30.jpg?fit=800%2C445&ssl=1","contentUrl":"https:\/\/i0.wp.com\/ciudadyregion.com.co\/wp-content\/uploads\/2025\/11\/Pag-30.jpg?fit=800%2C445&ssl=1","width":800,"height":445},{"@type":"BreadcrumbList","@id":"https:\/\/ciudadyregion.com.co\/index.php\/asesor-clave-del-gobierno-de-petro-despierta-polemica-por-denuncias-de-acoso\/politica\/#breadcrumb","itemListElement":[{"@type":"ListItem","position":1,"name":"Portada","item":"https:\/\/ciudadyregion.com.co\/"},{"@type":"ListItem","position":2,"name":"Asesor clave del gobierno de Petro despierta pol\u00e9mica por denuncias de acoso"}]},{"@type":"WebSite","@id":"https:\/\/ciudadyregion.com.co\/#website","url":"https:\/\/ciudadyregion.com.co\/","name":"Ciudad y Region","description":"","potentialAction":[{"@type":"SearchAction","target":{"@type":"EntryPoint","urlTemplate":"https:\/\/ciudadyregion.com.co\/?s={search_term_string}"},"query-input":{"@type":"PropertyValueSpecification","valueRequired":true,"valueName":"search_term_string"}}],"inLanguage":"es"},{"@type":"Person","@id":"https:\/\/ciudadyregion.com.co\/#\/schema\/person\/04a4954373ebc4051f46e8c65ff78622","name":"David Andr\u00e9s Aguirre","image":{"@type":"ImageObject","inLanguage":"es","@id":"https:\/\/ciudadyregion.com.co\/#\/schema\/person\/image\/","url":"https:\/\/secure.gravatar.com\/avatar\/bc3c655860202182ee6d1b5edd042dbe?s=96&d=mm&r=g","contentUrl":"https:\/\/secure.gravatar.com\/avatar\/bc3c655860202182ee6d1b5edd042dbe?s=96&d=mm&r=g","caption":"David Andr\u00e9s Aguirre"},"url":"https:\/\/ciudadyregion.com.co\/index.php\/author\/diegoaguirre\/"}]}},"jetpack_featured_media_url":"https:\/\/i0.wp.com\/ciudadyregion.com.co\/wp-content\/uploads\/2025\/11\/Pag-30.jpg?fit=800%2C445&ssl=1","jetpack_sharing_enabled":true,"jetpack_shortlink":"https:\/\/wp.me\/pbS7hh-cu8","jetpack-related-posts":[],"_links":{"self":[{"href":"https:\/\/ciudadyregion.com.co\/index.php\/wp-json\/wp\/v2\/posts\/47996"}],"collection":[{"href":"https:\/\/ciudadyregion.com.co\/index.php\/wp-json\/wp\/v2\/posts"}],"about":[{"href":"https:\/\/ciudadyregion.com.co\/index.php\/wp-json\/wp\/v2\/types\/post"}],"author":[{"embeddable":true,"href":"https:\/\/ciudadyregion.com.co\/index.php\/wp-json\/wp\/v2\/users\/2"}],"replies":[{"embeddable":true,"href":"https:\/\/ciudadyregion.com.co\/index.php\/wp-json\/wp\/v2\/comments?post=47996"}],"version-history":[{"count":1,"href":"https:\/\/ciudadyregion.com.co\/index.php\/wp-json\/wp\/v2\/posts\/47996\/revisions"}],"predecessor-version":[{"id":48008,"href":"https:\/\/ciudadyregion.com.co\/index.php\/wp-json\/wp\/v2\/posts\/47996\/revisions\/48008"}],"wp:featuredmedia":[{"embeddable":true,"href":"https:\/\/ciudadyregion.com.co\/index.php\/wp-json\/wp\/v2\/media\/48007"}],"wp:attachment":[{"href":"https:\/\/ciudadyregion.com.co\/index.php\/wp-json\/wp\/v2\/media?parent=47996"}],"wp:term":[{"taxonomy":"category","embeddable":true,"href":"https:\/\/ciudadyregion.com.co\/index.php\/wp-json\/wp\/v2\/categories?post=47996"},{"taxonomy":"post_tag","embeddable":true,"href":"https:\/\/ciudadyregion.com.co\/index.php\/wp-json\/wp\/v2\/tags?post=47996"}],"curies":[{"name":"wp","href":"https:\/\/api.w.org\/{rel}","templated":true}]}}