{"id":47994,"date":"2025-11-01T08:28:21","date_gmt":"2025-11-01T13:28:21","guid":{"rendered":"https:\/\/ciudadyregion.com.co\/?p=47994"},"modified":"2025-11-01T08:28:21","modified_gmt":"2025-11-01T13:28:21","slug":"senador-ivan-cepeda-bajo-criticas-por-ausencias-en-el-congreso-mientras-realiza-campana-electoral","status":"publish","type":"post","link":"https:\/\/ciudadyregion.com.co\/index.php\/senador-ivan-cepeda-bajo-criticas-por-ausencias-en-el-congreso-mientras-realiza-campana-electoral\/politica\/","title":{"rendered":"Senador Iv\u00e1n Cepeda bajo cr\u00edticas por ausencias en el Congreso mientras realiza campa\u00f1a electoral"},"content":{"rendered":"<p>El senador Iv\u00e1n Cepeda ha sido objeto de cuestionamientos tras reportarse que no ha asistido a sus funciones legislativas mientras participa activamente en actividades de campa\u00f1a electoral.<\/p>\n<p>Jota Per Hern\u00e1ndez denunci\u00f3 a trav\u00e9s de redes sociales que Cepeda \u201cno ha venido a trabajar\u201d y se\u00f1al\u00f3 que \u201cen un solo d\u00eda se gana lo que un colombiano promedio gana en un mes\u201d. Hern\u00e1ndez afirm\u00f3 adem\u00e1s que, si el congresista desea continuar con la campa\u00f1a, deber\u00eda considerar renunciar a su curul.<\/p>\n<p>Hasta el momento, Cepeda no se ha pronunciado sobre las cr\u00edticas. El caso ha generado un debate sobre la compatibilidad entre el desempe\u00f1o de funciones p\u00fablicas y la participaci\u00f3n pol\u00edtica simult\u00e1nea, as\u00ed como sobre la responsabilidad de los legisladores frente a sus electores.<\/p>\n","protected":false},"excerpt":{"rendered":"<p>El senador Iv\u00e1n Cepeda ha sido objeto de cuestionamientos tras reportarse que no ha asistido a sus funciones legislativas mientras participa activamente en actividades de campa\u00f1a electoral. Jota Per Hern\u00e1ndez denunci\u00f3 a trav\u00e9s de redes sociales que Cepeda \u201cno ha venido a trabajar\u201d y se\u00f1al\u00f3 que \u201cen un solo d\u00eda<span class=\"more-link\"><a href=\"https:\/\/ciudadyregion.com.co\/index.php\/senador-ivan-cepeda-bajo-criticas-por-ausencias-en-el-congreso-mientras-realiza-campana-electoral\/politica\/\">Continuar Leyendo<\/a><\/span><\/p>\n","protected":false},"author":2,"featured_media":48002,"comment_status":"open","ping_status":"open","sticky":false,"template":"","format":"standard","meta":{"_uf_show_specific_survey":0,"_uf_disable_surveys":false,"_jetpack_memberships_contains_paid_content":false,"footnotes":"","jetpack_publicize_message":"","jetpack_publicize_feature_enabled":true,"jetpack_social_post_already_shared":true,"jetpack_social_options":{"image_generator_settings":{"template":"highway","enabled":false},"version":2}},"categories":[17],"tags":[],"class_list":["entry","author-diegoaguirre","post-47994","post","type-post","status-publish","format-standard","has-post-thumbnail","category-politica"],"jetpack_publicize_connections":[],"yoast_head":"<!-- This site is optimized with the Yoast SEO plugin v24.3 - https:\/\/yoast.com\/wordpress\/plugins\/seo\/ -->\n<title>Senador Iv\u00e1n Cepeda bajo cr\u00edticas por ausencias en el Congreso mientras realiza campa\u00f1a electoral - Ciudad y Region<\/title>\n<meta name=\"robots\" content=\"index, follow, max-snippet:-1, max-image-preview:large, max-video-preview:-1\" \/>\n<link rel=\"canonical\" href=\"https:\/\/ciudadyregion.com.co\/index.php\/senador-ivan-cepeda-bajo-criticas-por-ausencias-en-el-congreso-mientras-realiza-campana-electoral\/politica\/\" \/>\n<meta property=\"og:locale\" content=\"es_ES\" \/>\n<meta property=\"og:type\" content=\"article\" \/>\n<meta property=\"og:title\" content=\"Senador Iv\u00e1n Cepeda bajo cr\u00edticas por ausencias en el Congreso mientras realiza campa\u00f1a electoral - Ciudad y Region\" \/>\n<meta property=\"og:description\" content=\"El senador Iv\u00e1n Cepeda ha sido objeto de cuestionamientos tras reportarse que no ha asistido a sus funciones legislativas mientras participa activamente en actividades de campa\u00f1a electoral. Jota Per Hern\u00e1ndez denunci\u00f3 a trav\u00e9s de redes sociales que Cepeda \u201cno ha venido a trabajar\u201d y se\u00f1al\u00f3 que \u201cen un solo d\u00edaContinuar Leyendo\" \/>\n<meta property=\"og:url\" content=\"https:\/\/ciudadyregion.com.co\/index.php\/senador-ivan-cepeda-bajo-criticas-por-ausencias-en-el-congreso-mientras-realiza-campana-electoral\/politica\/\" \/>\n<meta property=\"og:site_name\" content=\"Ciudad y Region\" \/>\n<meta property=\"article:published_time\" content=\"2025-11-01T13:28:21+00:00\" \/>\n<meta property=\"og:image\" content=\"https:\/\/ciudadyregion.com.co\/wp-content\/uploads\/2025\/11\/Ivan-Cepeda.jpg\" \/>\n\t<meta property=\"og:image:width\" content=\"800\" \/>\n\t<meta property=\"og:image:height\" content=\"445\" \/>\n\t<meta property=\"og:image:type\" content=\"image\/jpeg\" \/>\n<meta name=\"author\" content=\"David Andr\u00e9s Aguirre\" \/>\n<meta name=\"twitter:card\" content=\"summary_large_image\" \/>\n<meta name=\"twitter:label1\" content=\"Escrito por\" \/>\n\t<meta name=\"twitter:data1\" content=\"David Andr\u00e9s Aguirre\" \/>\n\t<meta name=\"twitter:label2\" content=\"Tiempo de lectura\" \/>\n\t<meta name=\"twitter:data2\" content=\"1 minuto\" \/>\n<script type=\"application\/ld+json\" class=\"yoast-schema-graph\">{\"@context\":\"https:\/\/schema.org\",\"@graph\":[{\"@type\":\"WebPage\",\"@id\":\"https:\/\/ciudadyregion.com.co\/index.php\/senador-ivan-cepeda-bajo-criticas-por-ausencias-en-el-congreso-mientras-realiza-campana-electoral\/politica\/\",\"url\":\"https:\/\/ciudadyregion.com.co\/index.php\/senador-ivan-cepeda-bajo-criticas-por-ausencias-en-el-congreso-mientras-realiza-campana-electoral\/politica\/\",\"name\":\"Senador Iv\u00e1n Cepeda bajo cr\u00edticas por ausencias en el Congreso mientras realiza campa\u00f1a electoral - Ciudad y Region\",\"isPartOf\":{\"@id\":\"https:\/\/ciudadyregion.com.co\/#website\"},\"primaryImageOfPage\":{\"@id\":\"https:\/\/ciudadyregion.com.co\/index.php\/senador-ivan-cepeda-bajo-criticas-por-ausencias-en-el-congreso-mientras-realiza-campana-electoral\/politica\/#primaryimage\"},\"image\":{\"@id\":\"https:\/\/ciudadyregion.com.co\/index.php\/senador-ivan-cepeda-bajo-criticas-por-ausencias-en-el-congreso-mientras-realiza-campana-electoral\/politica\/#primaryimage\"},\"thumbnailUrl\":\"https:\/\/i0.wp.com\/ciudadyregion.com.co\/wp-content\/uploads\/2025\/11\/Ivan-Cepeda.jpg?fit=800%2C445&ssl=1\",\"datePublished\":\"2025-11-01T13:28:21+00:00\",\"dateModified\":\"2025-11-01T13:28:21+00:00\",\"author\":{\"@id\":\"https:\/\/ciudadyregion.com.co\/#\/schema\/person\/04a4954373ebc4051f46e8c65ff78622\"},\"breadcrumb\":{\"@id\":\"https:\/\/ciudadyregion.com.co\/index.php\/senador-ivan-cepeda-bajo-criticas-por-ausencias-en-el-congreso-mientras-realiza-campana-electoral\/politica\/#breadcrumb\"},\"inLanguage\":\"es\",\"potentialAction\":[{\"@type\":\"ReadAction\",\"target\":[\"https:\/\/ciudadyregion.com.co\/index.php\/senador-ivan-cepeda-bajo-criticas-por-ausencias-en-el-congreso-mientras-realiza-campana-electoral\/politica\/\"]}]},{\"@type\":\"ImageObject\",\"inLanguage\":\"es\",\"@id\":\"https:\/\/ciudadyregion.com.co\/index.php\/senador-ivan-cepeda-bajo-criticas-por-ausencias-en-el-congreso-mientras-realiza-campana-electoral\/politica\/#primaryimage\",\"url\":\"https:\/\/i0.wp.com\/ciudadyregion.com.co\/wp-content\/uploads\/2025\/11\/Ivan-Cepeda.jpg?fit=800%2C445&ssl=1\",\"contentUrl\":\"https:\/\/i0.wp.com\/ciudadyregion.com.co\/wp-content\/uploads\/2025\/11\/Ivan-Cepeda.jpg?fit=800%2C445&ssl=1\",\"width\":800,\"height\":445},{\"@type\":\"BreadcrumbList\",\"@id\":\"https:\/\/ciudadyregion.com.co\/index.php\/senador-ivan-cepeda-bajo-criticas-por-ausencias-en-el-congreso-mientras-realiza-campana-electoral\/politica\/#breadcrumb\",\"itemListElement\":[{\"@type\":\"ListItem\",\"position\":1,\"name\":\"Portada\",\"item\":\"https:\/\/ciudadyregion.com.co\/\"},{\"@type\":\"ListItem\",\"position\":2,\"name\":\"Senador Iv\u00e1n Cepeda bajo cr\u00edticas por ausencias en el Congreso mientras realiza campa\u00f1a electoral\"}]},{\"@type\":\"WebSite\",\"@id\":\"https:\/\/ciudadyregion.com.co\/#website\",\"url\":\"https:\/\/ciudadyregion.com.co\/\",\"name\":\"Ciudad y Region\",\"description\":\"\",\"potentialAction\":[{\"@type\":\"SearchAction\",\"target\":{\"@type\":\"EntryPoint\",\"urlTemplate\":\"https:\/\/ciudadyregion.com.co\/?s={search_term_string}\"},\"query-input\":{\"@type\":\"PropertyValueSpecification\",\"valueRequired\":true,\"valueName\":\"search_term_string\"}}],\"inLanguage\":\"es\"},{\"@type\":\"Person\",\"@id\":\"https:\/\/ciudadyregion.com.co\/#\/schema\/person\/04a4954373ebc4051f46e8c65ff78622\",\"name\":\"David Andr\u00e9s Aguirre\",\"image\":{\"@type\":\"ImageObject\",\"inLanguage\":\"es\",\"@id\":\"https:\/\/ciudadyregion.com.co\/#\/schema\/person\/image\/\",\"url\":\"https:\/\/secure.gravatar.com\/avatar\/bc3c655860202182ee6d1b5edd042dbe?s=96&d=mm&r=g\",\"contentUrl\":\"https:\/\/secure.gravatar.com\/avatar\/bc3c655860202182ee6d1b5edd042dbe?s=96&d=mm&r=g\",\"caption\":\"David Andr\u00e9s Aguirre\"},\"url\":\"https:\/\/ciudadyregion.com.co\/index.php\/author\/diegoaguirre\/\"}]}<\/script>\n<!-- \/ Yoast SEO plugin. -->","yoast_head_json":{"title":"Senador Iv\u00e1n Cepeda bajo cr\u00edticas por ausencias en el Congreso mientras realiza campa\u00f1a electoral - Ciudad y Region","robots":{"index":"index","follow":"follow","max-snippet":"max-snippet:-1","max-image-preview":"max-image-preview:large","max-video-preview":"max-video-preview:-1"},"canonical":"https:\/\/ciudadyregion.com.co\/index.php\/senador-ivan-cepeda-bajo-criticas-por-ausencias-en-el-congreso-mientras-realiza-campana-electoral\/politica\/","og_locale":"es_ES","og_type":"article","og_title":"Senador Iv\u00e1n Cepeda bajo cr\u00edticas por ausencias en el Congreso mientras realiza campa\u00f1a electoral - Ciudad y Region","og_description":"El senador Iv\u00e1n Cepeda ha sido objeto de cuestionamientos tras reportarse que no ha asistido a sus funciones legislativas mientras participa activamente en actividades de campa\u00f1a electoral. Jota Per Hern\u00e1ndez denunci\u00f3 a trav\u00e9s de redes sociales que Cepeda \u201cno ha venido a trabajar\u201d y se\u00f1al\u00f3 que \u201cen un solo d\u00edaContinuar Leyendo","og_url":"https:\/\/ciudadyregion.com.co\/index.php\/senador-ivan-cepeda-bajo-criticas-por-ausencias-en-el-congreso-mientras-realiza-campana-electoral\/politica\/","og_site_name":"Ciudad y Region","article_published_time":"2025-11-01T13:28:21+00:00","og_image":[{"width":800,"height":445,"url":"https:\/\/ciudadyregion.com.co\/wp-content\/uploads\/2025\/11\/Ivan-Cepeda.jpg","type":"image\/jpeg"}],"author":"David Andr\u00e9s Aguirre","twitter_card":"summary_large_image","twitter_misc":{"Escrito por":"David Andr\u00e9s Aguirre","Tiempo de lectura":"1 minuto"},"schema":{"@context":"https:\/\/schema.org","@graph":[{"@type":"WebPage","@id":"https:\/\/ciudadyregion.com.co\/index.php\/senador-ivan-cepeda-bajo-criticas-por-ausencias-en-el-congreso-mientras-realiza-campana-electoral\/politica\/","url":"https:\/\/ciudadyregion.com.co\/index.php\/senador-ivan-cepeda-bajo-criticas-por-ausencias-en-el-congreso-mientras-realiza-campana-electoral\/politica\/","name":"Senador Iv\u00e1n Cepeda bajo cr\u00edticas por ausencias en el Congreso mientras realiza campa\u00f1a electoral - Ciudad y Region","isPartOf":{"@id":"https:\/\/ciudadyregion.com.co\/#website"},"primaryImageOfPage":{"@id":"https:\/\/ciudadyregion.com.co\/index.php\/senador-ivan-cepeda-bajo-criticas-por-ausencias-en-el-congreso-mientras-realiza-campana-electoral\/politica\/#primaryimage"},"image":{"@id":"https:\/\/ciudadyregion.com.co\/index.php\/senador-ivan-cepeda-bajo-criticas-por-ausencias-en-el-congreso-mientras-realiza-campana-electoral\/politica\/#primaryimage"},"thumbnailUrl":"https:\/\/i0.wp.com\/ciudadyregion.com.co\/wp-content\/uploads\/2025\/11\/Ivan-Cepeda.jpg?fit=800%2C445&ssl=1","datePublished":"2025-11-01T13:28:21+00:00","dateModified":"2025-11-01T13:28:21+00:00","author":{"@id":"https:\/\/ciudadyregion.com.co\/#\/schema\/person\/04a4954373ebc4051f46e8c65ff78622"},"breadcrumb":{"@id":"https:\/\/ciudadyregion.com.co\/index.php\/senador-ivan-cepeda-bajo-criticas-por-ausencias-en-el-congreso-mientras-realiza-campana-electoral\/politica\/#breadcrumb"},"inLanguage":"es","potentialAction":[{"@type":"ReadAction","target":["https:\/\/ciudadyregion.com.co\/index.php\/senador-ivan-cepeda-bajo-criticas-por-ausencias-en-el-congreso-mientras-realiza-campana-electoral\/politica\/"]}]},{"@type":"ImageObject","inLanguage":"es","@id":"https:\/\/ciudadyregion.com.co\/index.php\/senador-ivan-cepeda-bajo-criticas-por-ausencias-en-el-congreso-mientras-realiza-campana-electoral\/politica\/#primaryimage","url":"https:\/\/i0.wp.com\/ciudadyregion.com.co\/wp-content\/uploads\/2025\/11\/Ivan-Cepeda.jpg?fit=800%2C445&ssl=1","contentUrl":"https:\/\/i0.wp.com\/ciudadyregion.com.co\/wp-content\/uploads\/2025\/11\/Ivan-Cepeda.jpg?fit=800%2C445&ssl=1","width":800,"height":445},{"@type":"BreadcrumbList","@id":"https:\/\/ciudadyregion.com.co\/index.php\/senador-ivan-cepeda-bajo-criticas-por-ausencias-en-el-congreso-mientras-realiza-campana-electoral\/politica\/#breadcrumb","itemListElement":[{"@type":"ListItem","position":1,"name":"Portada","item":"https:\/\/ciudadyregion.com.co\/"},{"@type":"ListItem","position":2,"name":"Senador Iv\u00e1n Cepeda bajo cr\u00edticas por ausencias en el Congreso mientras realiza campa\u00f1a electoral"}]},{"@type":"WebSite","@id":"https:\/\/ciudadyregion.com.co\/#website","url":"https:\/\/ciudadyregion.com.co\/","name":"Ciudad y Region","description":"","potentialAction":[{"@type":"SearchAction","target":{"@type":"EntryPoint","urlTemplate":"https:\/\/ciudadyregion.com.co\/?s={search_term_string}"},"query-input":{"@type":"PropertyValueSpecification","valueRequired":true,"valueName":"search_term_string"}}],"inLanguage":"es"},{"@type":"Person","@id":"https:\/\/ciudadyregion.com.co\/#\/schema\/person\/04a4954373ebc4051f46e8c65ff78622","name":"David Andr\u00e9s Aguirre","image":{"@type":"ImageObject","inLanguage":"es","@id":"https:\/\/ciudadyregion.com.co\/#\/schema\/person\/image\/","url":"https:\/\/secure.gravatar.com\/avatar\/bc3c655860202182ee6d1b5edd042dbe?s=96&d=mm&r=g","contentUrl":"https:\/\/secure.gravatar.com\/avatar\/bc3c655860202182ee6d1b5edd042dbe?s=96&d=mm&r=g","caption":"David Andr\u00e9s Aguirre"},"url":"https:\/\/ciudadyregion.com.co\/index.php\/author\/diegoaguirre\/"}]}},"jetpack_featured_media_url":"https:\/\/i0.wp.com\/ciudadyregion.com.co\/wp-content\/uploads\/2025\/11\/Ivan-Cepeda.jpg?fit=800%2C445&ssl=1","jetpack_sharing_enabled":true,"jetpack_shortlink":"https:\/\/wp.me\/pbS7hh-cu6","jetpack-related-posts":[],"_links":{"self":[{"href":"https:\/\/ciudadyregion.com.co\/index.php\/wp-json\/wp\/v2\/posts\/47994"}],"collection":[{"href":"https:\/\/ciudadyregion.com.co\/index.php\/wp-json\/wp\/v2\/posts"}],"about":[{"href":"https:\/\/ciudadyregion.com.co\/index.php\/wp-json\/wp\/v2\/types\/post"}],"author":[{"embeddable":true,"href":"https:\/\/ciudadyregion.com.co\/index.php\/wp-json\/wp\/v2\/users\/2"}],"replies":[{"embeddable":true,"href":"https:\/\/ciudadyregion.com.co\/index.php\/wp-json\/wp\/v2\/comments?post=47994"}],"version-history":[{"count":1,"href":"https:\/\/ciudadyregion.com.co\/index.php\/wp-json\/wp\/v2\/posts\/47994\/revisions"}],"predecessor-version":[{"id":48003,"href":"https:\/\/ciudadyregion.com.co\/index.php\/wp-json\/wp\/v2\/posts\/47994\/revisions\/48003"}],"wp:featuredmedia":[{"embeddable":true,"href":"https:\/\/ciudadyregion.com.co\/index.php\/wp-json\/wp\/v2\/media\/48002"}],"wp:attachment":[{"href":"https:\/\/ciudadyregion.com.co\/index.php\/wp-json\/wp\/v2\/media?parent=47994"}],"wp:term":[{"taxonomy":"category","embeddable":true,"href":"https:\/\/ciudadyregion.com.co\/index.php\/wp-json\/wp\/v2\/categories?post=47994"},{"taxonomy":"post_tag","embeddable":true,"href":"https:\/\/ciudadyregion.com.co\/index.php\/wp-json\/wp\/v2\/tags?post=47994"}],"curies":[{"name":"wp","href":"https:\/\/api.w.org\/{rel}","templated":true}]}}