{"id":47796,"date":"2025-10-30T07:37:34","date_gmt":"2025-10-30T12:37:34","guid":{"rendered":"https:\/\/ciudadyregion.com.co\/?p=47796"},"modified":"2025-10-30T07:37:34","modified_gmt":"2025-10-30T12:37:34","slug":"ambalema-se-consolida-como-epicentro-cultural-del-tolima-con-el-primer-festival-de-magia-en-su-historia","status":"publish","type":"post","link":"https:\/\/ciudadyregion.com.co\/index.php\/ambalema-se-consolida-como-epicentro-cultural-del-tolima-con-el-primer-festival-de-magia-en-su-historia\/regional\/","title":{"rendered":"Ambalema se consolida como epicentro cultural del Tolima con el primer Festival de Magia en su historia"},"content":{"rendered":"<div>Ambalema, conocida como \u201cla Ciudad de las 1.001 Columnas\u201d, vivi\u00f3 un hecho hist\u00f3rico al convertirse en escenario del primer Festival de Magia, un evento sin precedentes que reuni\u00f3 talento nacional y regional dedicado a las artes esc\u00e9nicas y la ilusi\u00f3n.<\/div>\n<div><\/div>\n<div>Este encuentro cultural fue posible gracias a la articulaci\u00f3n institucional entre la Fundaci\u00f3n Corficolombiana, la Gobernaci\u00f3n del Tolima, Hoteles Estelar y Pajonales, aliados estrat\u00e9gicos que fortalecieron la proyecci\u00f3n tur\u00edstica y cultural del municipio.<\/div>\n<div><\/div>\n<div>\u00abEstamos convirtiendo a nuestro municipio, en un lugar de oportunidades y porvenir, antes \u00e9ramos reconocidos como la capital del miedo; hoy la apuesta se centra en la civilizaci\u00f3n y exteriorizaci\u00f3n de las costumbres y tradiciones, por las cuales nos sentimos orgullosos de ser ambalemunos\u00bb, se\u00f1al\u00f3 Marco Tulio Vel\u00e1zquez alcalde de Ambalema.<\/div>\n<div><\/div>\n<div>Impacto econ\u00f3mico y social<\/div>\n<div><\/div>\n<div>El festival dej\u00f3 resultados altamente positivos para la econom\u00eda local y el posicionamiento del territorio como destino tur\u00edstico:<\/div>\n<div><\/div>\n<div>\u2022\u2705 Aumento superior al 85% en la ocupaci\u00f3n hotelera durante los tres d\u00edas del evento.<\/div>\n<div>\u2022\u2705 Incremento del 60% en ventas del sector gastron\u00f3mico, bares y gastrobares.<\/div>\n<div>\u2022\u2705 M\u00e1s de 2.500 asistentes entre turistas, visitantes y comunidad local.<\/div>\n<div>\u2022\u2705 Participaci\u00f3n de artistas y magos de diferentes regiones del pa\u00eds, ampliando la proyecci\u00f3n cultural del municipio.<\/div>\n<div>\u2022\u2705 Generaci\u00f3n de empleo temporal y activaci\u00f3n de emprendimientos locales.<\/div>\n","protected":false},"excerpt":{"rendered":"<p>Ambalema, conocida como \u201cla Ciudad de las 1.001 Columnas\u201d, vivi\u00f3 un hecho hist\u00f3rico al convertirse en escenario del primer Festival de Magia, un evento sin precedentes que reuni\u00f3 talento nacional y regional dedicado a las artes esc\u00e9nicas y la ilusi\u00f3n. Este encuentro cultural fue posible gracias a la articulaci\u00f3n institucional<span class=\"more-link\"><a href=\"https:\/\/ciudadyregion.com.co\/index.php\/ambalema-se-consolida-como-epicentro-cultural-del-tolima-con-el-primer-festival-de-magia-en-su-historia\/regional\/\">Continuar Leyendo<\/a><\/span><\/p>\n","protected":false},"author":2,"featured_media":47797,"comment_status":"open","ping_status":"open","sticky":false,"template":"","format":"standard","meta":{"_uf_show_specific_survey":0,"_uf_disable_surveys":false,"_jetpack_memberships_contains_paid_content":false,"footnotes":"","jetpack_publicize_message":"","jetpack_publicize_feature_enabled":true,"jetpack_social_post_already_shared":true,"jetpack_social_options":{"image_generator_settings":{"template":"highway","enabled":false},"version":2}},"categories":[13],"tags":[],"class_list":["entry","author-diegoaguirre","post-47796","post","type-post","status-publish","format-standard","has-post-thumbnail","category-regional"],"jetpack_publicize_connections":[],"yoast_head":"<!-- This site is optimized with the Yoast SEO plugin v24.3 - https:\/\/yoast.com\/wordpress\/plugins\/seo\/ -->\n<title>Ambalema se consolida como epicentro cultural del Tolima con el primer Festival de Magia en su historia - Ciudad y Region<\/title>\n<meta name=\"robots\" content=\"index, follow, max-snippet:-1, max-image-preview:large, max-video-preview:-1\" \/>\n<link rel=\"canonical\" href=\"https:\/\/ciudadyregion.com.co\/index.php\/ambalema-se-consolida-como-epicentro-cultural-del-tolima-con-el-primer-festival-de-magia-en-su-historia\/regional\/\" \/>\n<meta property=\"og:locale\" content=\"es_ES\" \/>\n<meta property=\"og:type\" content=\"article\" \/>\n<meta property=\"og:title\" content=\"Ambalema se consolida como epicentro cultural del Tolima con el primer Festival de Magia en su historia - Ciudad y Region\" \/>\n<meta property=\"og:description\" content=\"Ambalema, conocida como \u201cla Ciudad de las 1.001 Columnas\u201d, vivi\u00f3 un hecho hist\u00f3rico al convertirse en escenario del primer Festival de Magia, un evento sin precedentes que reuni\u00f3 talento nacional y regional dedicado a las artes esc\u00e9nicas y la ilusi\u00f3n. Este encuentro cultural fue posible gracias a la articulaci\u00f3n institucionalContinuar Leyendo\" \/>\n<meta property=\"og:url\" content=\"https:\/\/ciudadyregion.com.co\/index.php\/ambalema-se-consolida-como-epicentro-cultural-del-tolima-con-el-primer-festival-de-magia-en-su-historia\/regional\/\" \/>\n<meta property=\"og:site_name\" content=\"Ciudad y Region\" \/>\n<meta property=\"article:published_time\" content=\"2025-10-30T12:37:34+00:00\" \/>\n<meta property=\"og:image\" content=\"https:\/\/ciudadyregion.com.co\/wp-content\/uploads\/2025\/10\/Pag-67-1.jpg\" \/>\n\t<meta property=\"og:image:width\" content=\"800\" \/>\n\t<meta property=\"og:image:height\" content=\"445\" \/>\n\t<meta property=\"og:image:type\" content=\"image\/jpeg\" \/>\n<meta name=\"author\" content=\"David Andr\u00e9s Aguirre\" \/>\n<meta name=\"twitter:card\" content=\"summary_large_image\" \/>\n<meta name=\"twitter:label1\" content=\"Escrito por\" \/>\n\t<meta name=\"twitter:data1\" content=\"David Andr\u00e9s Aguirre\" \/>\n\t<meta name=\"twitter:label2\" content=\"Tiempo de lectura\" \/>\n\t<meta name=\"twitter:data2\" content=\"2 minutos\" \/>\n<script type=\"application\/ld+json\" class=\"yoast-schema-graph\">{\"@context\":\"https:\/\/schema.org\",\"@graph\":[{\"@type\":\"WebPage\",\"@id\":\"https:\/\/ciudadyregion.com.co\/index.php\/ambalema-se-consolida-como-epicentro-cultural-del-tolima-con-el-primer-festival-de-magia-en-su-historia\/regional\/\",\"url\":\"https:\/\/ciudadyregion.com.co\/index.php\/ambalema-se-consolida-como-epicentro-cultural-del-tolima-con-el-primer-festival-de-magia-en-su-historia\/regional\/\",\"name\":\"Ambalema se consolida como epicentro cultural del Tolima con el primer Festival de Magia en su historia - Ciudad y Region\",\"isPartOf\":{\"@id\":\"https:\/\/ciudadyregion.com.co\/#website\"},\"primaryImageOfPage\":{\"@id\":\"https:\/\/ciudadyregion.com.co\/index.php\/ambalema-se-consolida-como-epicentro-cultural-del-tolima-con-el-primer-festival-de-magia-en-su-historia\/regional\/#primaryimage\"},\"image\":{\"@id\":\"https:\/\/ciudadyregion.com.co\/index.php\/ambalema-se-consolida-como-epicentro-cultural-del-tolima-con-el-primer-festival-de-magia-en-su-historia\/regional\/#primaryimage\"},\"thumbnailUrl\":\"https:\/\/i0.wp.com\/ciudadyregion.com.co\/wp-content\/uploads\/2025\/10\/Pag-67-1.jpg?fit=800%2C445&ssl=1\",\"datePublished\":\"2025-10-30T12:37:34+00:00\",\"dateModified\":\"2025-10-30T12:37:34+00:00\",\"author\":{\"@id\":\"https:\/\/ciudadyregion.com.co\/#\/schema\/person\/04a4954373ebc4051f46e8c65ff78622\"},\"breadcrumb\":{\"@id\":\"https:\/\/ciudadyregion.com.co\/index.php\/ambalema-se-consolida-como-epicentro-cultural-del-tolima-con-el-primer-festival-de-magia-en-su-historia\/regional\/#breadcrumb\"},\"inLanguage\":\"es\",\"potentialAction\":[{\"@type\":\"ReadAction\",\"target\":[\"https:\/\/ciudadyregion.com.co\/index.php\/ambalema-se-consolida-como-epicentro-cultural-del-tolima-con-el-primer-festival-de-magia-en-su-historia\/regional\/\"]}]},{\"@type\":\"ImageObject\",\"inLanguage\":\"es\",\"@id\":\"https:\/\/ciudadyregion.com.co\/index.php\/ambalema-se-consolida-como-epicentro-cultural-del-tolima-con-el-primer-festival-de-magia-en-su-historia\/regional\/#primaryimage\",\"url\":\"https:\/\/i0.wp.com\/ciudadyregion.com.co\/wp-content\/uploads\/2025\/10\/Pag-67-1.jpg?fit=800%2C445&ssl=1\",\"contentUrl\":\"https:\/\/i0.wp.com\/ciudadyregion.com.co\/wp-content\/uploads\/2025\/10\/Pag-67-1.jpg?fit=800%2C445&ssl=1\",\"width\":800,\"height\":445},{\"@type\":\"BreadcrumbList\",\"@id\":\"https:\/\/ciudadyregion.com.co\/index.php\/ambalema-se-consolida-como-epicentro-cultural-del-tolima-con-el-primer-festival-de-magia-en-su-historia\/regional\/#breadcrumb\",\"itemListElement\":[{\"@type\":\"ListItem\",\"position\":1,\"name\":\"Portada\",\"item\":\"https:\/\/ciudadyregion.com.co\/\"},{\"@type\":\"ListItem\",\"position\":2,\"name\":\"Ambalema se consolida como epicentro cultural del Tolima con el primer Festival de Magia en su historia\"}]},{\"@type\":\"WebSite\",\"@id\":\"https:\/\/ciudadyregion.com.co\/#website\",\"url\":\"https:\/\/ciudadyregion.com.co\/\",\"name\":\"Ciudad y Region\",\"description\":\"\",\"potentialAction\":[{\"@type\":\"SearchAction\",\"target\":{\"@type\":\"EntryPoint\",\"urlTemplate\":\"https:\/\/ciudadyregion.com.co\/?s={search_term_string}\"},\"query-input\":{\"@type\":\"PropertyValueSpecification\",\"valueRequired\":true,\"valueName\":\"search_term_string\"}}],\"inLanguage\":\"es\"},{\"@type\":\"Person\",\"@id\":\"https:\/\/ciudadyregion.com.co\/#\/schema\/person\/04a4954373ebc4051f46e8c65ff78622\",\"name\":\"David Andr\u00e9s Aguirre\",\"image\":{\"@type\":\"ImageObject\",\"inLanguage\":\"es\",\"@id\":\"https:\/\/ciudadyregion.com.co\/#\/schema\/person\/image\/\",\"url\":\"https:\/\/secure.gravatar.com\/avatar\/bc3c655860202182ee6d1b5edd042dbe?s=96&d=mm&r=g\",\"contentUrl\":\"https:\/\/secure.gravatar.com\/avatar\/bc3c655860202182ee6d1b5edd042dbe?s=96&d=mm&r=g\",\"caption\":\"David Andr\u00e9s Aguirre\"},\"url\":\"https:\/\/ciudadyregion.com.co\/index.php\/author\/diegoaguirre\/\"}]}<\/script>\n<!-- \/ Yoast SEO plugin. -->","yoast_head_json":{"title":"Ambalema se consolida como epicentro cultural del Tolima con el primer Festival de Magia en su historia - Ciudad y Region","robots":{"index":"index","follow":"follow","max-snippet":"max-snippet:-1","max-image-preview":"max-image-preview:large","max-video-preview":"max-video-preview:-1"},"canonical":"https:\/\/ciudadyregion.com.co\/index.php\/ambalema-se-consolida-como-epicentro-cultural-del-tolima-con-el-primer-festival-de-magia-en-su-historia\/regional\/","og_locale":"es_ES","og_type":"article","og_title":"Ambalema se consolida como epicentro cultural del Tolima con el primer Festival de Magia en su historia - Ciudad y Region","og_description":"Ambalema, conocida como \u201cla Ciudad de las 1.001 Columnas\u201d, vivi\u00f3 un hecho hist\u00f3rico al convertirse en escenario del primer Festival de Magia, un evento sin precedentes que reuni\u00f3 talento nacional y regional dedicado a las artes esc\u00e9nicas y la ilusi\u00f3n. Este encuentro cultural fue posible gracias a la articulaci\u00f3n institucionalContinuar Leyendo","og_url":"https:\/\/ciudadyregion.com.co\/index.php\/ambalema-se-consolida-como-epicentro-cultural-del-tolima-con-el-primer-festival-de-magia-en-su-historia\/regional\/","og_site_name":"Ciudad y Region","article_published_time":"2025-10-30T12:37:34+00:00","og_image":[{"width":800,"height":445,"url":"https:\/\/ciudadyregion.com.co\/wp-content\/uploads\/2025\/10\/Pag-67-1.jpg","type":"image\/jpeg"}],"author":"David Andr\u00e9s Aguirre","twitter_card":"summary_large_image","twitter_misc":{"Escrito por":"David Andr\u00e9s Aguirre","Tiempo de lectura":"2 minutos"},"schema":{"@context":"https:\/\/schema.org","@graph":[{"@type":"WebPage","@id":"https:\/\/ciudadyregion.com.co\/index.php\/ambalema-se-consolida-como-epicentro-cultural-del-tolima-con-el-primer-festival-de-magia-en-su-historia\/regional\/","url":"https:\/\/ciudadyregion.com.co\/index.php\/ambalema-se-consolida-como-epicentro-cultural-del-tolima-con-el-primer-festival-de-magia-en-su-historia\/regional\/","name":"Ambalema se consolida como epicentro cultural del Tolima con el primer Festival de Magia en su historia - Ciudad y Region","isPartOf":{"@id":"https:\/\/ciudadyregion.com.co\/#website"},"primaryImageOfPage":{"@id":"https:\/\/ciudadyregion.com.co\/index.php\/ambalema-se-consolida-como-epicentro-cultural-del-tolima-con-el-primer-festival-de-magia-en-su-historia\/regional\/#primaryimage"},"image":{"@id":"https:\/\/ciudadyregion.com.co\/index.php\/ambalema-se-consolida-como-epicentro-cultural-del-tolima-con-el-primer-festival-de-magia-en-su-historia\/regional\/#primaryimage"},"thumbnailUrl":"https:\/\/i0.wp.com\/ciudadyregion.com.co\/wp-content\/uploads\/2025\/10\/Pag-67-1.jpg?fit=800%2C445&ssl=1","datePublished":"2025-10-30T12:37:34+00:00","dateModified":"2025-10-30T12:37:34+00:00","author":{"@id":"https:\/\/ciudadyregion.com.co\/#\/schema\/person\/04a4954373ebc4051f46e8c65ff78622"},"breadcrumb":{"@id":"https:\/\/ciudadyregion.com.co\/index.php\/ambalema-se-consolida-como-epicentro-cultural-del-tolima-con-el-primer-festival-de-magia-en-su-historia\/regional\/#breadcrumb"},"inLanguage":"es","potentialAction":[{"@type":"ReadAction","target":["https:\/\/ciudadyregion.com.co\/index.php\/ambalema-se-consolida-como-epicentro-cultural-del-tolima-con-el-primer-festival-de-magia-en-su-historia\/regional\/"]}]},{"@type":"ImageObject","inLanguage":"es","@id":"https:\/\/ciudadyregion.com.co\/index.php\/ambalema-se-consolida-como-epicentro-cultural-del-tolima-con-el-primer-festival-de-magia-en-su-historia\/regional\/#primaryimage","url":"https:\/\/i0.wp.com\/ciudadyregion.com.co\/wp-content\/uploads\/2025\/10\/Pag-67-1.jpg?fit=800%2C445&ssl=1","contentUrl":"https:\/\/i0.wp.com\/ciudadyregion.com.co\/wp-content\/uploads\/2025\/10\/Pag-67-1.jpg?fit=800%2C445&ssl=1","width":800,"height":445},{"@type":"BreadcrumbList","@id":"https:\/\/ciudadyregion.com.co\/index.php\/ambalema-se-consolida-como-epicentro-cultural-del-tolima-con-el-primer-festival-de-magia-en-su-historia\/regional\/#breadcrumb","itemListElement":[{"@type":"ListItem","position":1,"name":"Portada","item":"https:\/\/ciudadyregion.com.co\/"},{"@type":"ListItem","position":2,"name":"Ambalema se consolida como epicentro cultural del Tolima con el primer Festival de Magia en su historia"}]},{"@type":"WebSite","@id":"https:\/\/ciudadyregion.com.co\/#website","url":"https:\/\/ciudadyregion.com.co\/","name":"Ciudad y Region","description":"","potentialAction":[{"@type":"SearchAction","target":{"@type":"EntryPoint","urlTemplate":"https:\/\/ciudadyregion.com.co\/?s={search_term_string}"},"query-input":{"@type":"PropertyValueSpecification","valueRequired":true,"valueName":"search_term_string"}}],"inLanguage":"es"},{"@type":"Person","@id":"https:\/\/ciudadyregion.com.co\/#\/schema\/person\/04a4954373ebc4051f46e8c65ff78622","name":"David Andr\u00e9s Aguirre","image":{"@type":"ImageObject","inLanguage":"es","@id":"https:\/\/ciudadyregion.com.co\/#\/schema\/person\/image\/","url":"https:\/\/secure.gravatar.com\/avatar\/bc3c655860202182ee6d1b5edd042dbe?s=96&d=mm&r=g","contentUrl":"https:\/\/secure.gravatar.com\/avatar\/bc3c655860202182ee6d1b5edd042dbe?s=96&d=mm&r=g","caption":"David Andr\u00e9s Aguirre"},"url":"https:\/\/ciudadyregion.com.co\/index.php\/author\/diegoaguirre\/"}]}},"jetpack_featured_media_url":"https:\/\/i0.wp.com\/ciudadyregion.com.co\/wp-content\/uploads\/2025\/10\/Pag-67-1.jpg?fit=800%2C445&ssl=1","jetpack_sharing_enabled":true,"jetpack_shortlink":"https:\/\/wp.me\/pbS7hh-cqU","jetpack-related-posts":[],"_links":{"self":[{"href":"https:\/\/ciudadyregion.com.co\/index.php\/wp-json\/wp\/v2\/posts\/47796"}],"collection":[{"href":"https:\/\/ciudadyregion.com.co\/index.php\/wp-json\/wp\/v2\/posts"}],"about":[{"href":"https:\/\/ciudadyregion.com.co\/index.php\/wp-json\/wp\/v2\/types\/post"}],"author":[{"embeddable":true,"href":"https:\/\/ciudadyregion.com.co\/index.php\/wp-json\/wp\/v2\/users\/2"}],"replies":[{"embeddable":true,"href":"https:\/\/ciudadyregion.com.co\/index.php\/wp-json\/wp\/v2\/comments?post=47796"}],"version-history":[{"count":1,"href":"https:\/\/ciudadyregion.com.co\/index.php\/wp-json\/wp\/v2\/posts\/47796\/revisions"}],"predecessor-version":[{"id":47798,"href":"https:\/\/ciudadyregion.com.co\/index.php\/wp-json\/wp\/v2\/posts\/47796\/revisions\/47798"}],"wp:featuredmedia":[{"embeddable":true,"href":"https:\/\/ciudadyregion.com.co\/index.php\/wp-json\/wp\/v2\/media\/47797"}],"wp:attachment":[{"href":"https:\/\/ciudadyregion.com.co\/index.php\/wp-json\/wp\/v2\/media?parent=47796"}],"wp:term":[{"taxonomy":"category","embeddable":true,"href":"https:\/\/ciudadyregion.com.co\/index.php\/wp-json\/wp\/v2\/categories?post=47796"},{"taxonomy":"post_tag","embeddable":true,"href":"https:\/\/ciudadyregion.com.co\/index.php\/wp-json\/wp\/v2\/tags?post=47796"}],"curies":[{"name":"wp","href":"https:\/\/api.w.org\/{rel}","templated":true}]}}