{"id":47789,"date":"2025-10-30T07:26:54","date_gmt":"2025-10-30T12:26:54","guid":{"rendered":"https:\/\/ciudadyregion.com.co\/?p=47789"},"modified":"2025-10-30T07:26:54","modified_gmt":"2025-10-30T12:26:54","slug":"adriana-matiz-participara-en-la-cumbre-de-gobernadores-y-alcaldes-por-la-seguridad-regional","status":"publish","type":"post","link":"https:\/\/ciudadyregion.com.co\/index.php\/adriana-matiz-participara-en-la-cumbre-de-gobernadores-y-alcaldes-por-la-seguridad-regional\/regional\/","title":{"rendered":"Adriana Matiz participar\u00e1 en la Cumbre de Gobernadores y Alcaldes por la Seguridad Regional"},"content":{"rendered":"<p>El encuentro de mandatarios seccionales y locales tendr\u00e1 lugar, este jueves, en la ciudad de Cali y es convocado por la Federaci\u00f3n Nacional de Departamentos FND y la Gobernaci\u00f3n del Valle.<\/p>\n<p>La gobernadora del Tolima, Adriana Magali Matiz, viaj\u00f3 a la ciudad de Cali donde participar\u00e1 en el Encuentro Nacional de Gobernadores y Alcaldes por la Unidad Territorial y la Seguridad Regional.<br \/>\nEl encuentro de los mandatarios seccionales y locales de Colombia se realizar\u00e1 durante este jueves 30 de octubre y fue convocado por la Federaci\u00f3n Nacional de Departamentos (FND) y la Gobernaci\u00f3n del Valle del Cauca; tendr\u00e1 como sede el Gran Sal\u00f3n del Hotel Spirito by Spiwak de la capital vallecaucana.<\/p>\n<p>Durante la cumbre, los gobernadores y alcaldes trabajar\u00e1n en la definici\u00f3n de una hoja de ruta com\u00fan que permita aunar esfuerzos para mejorar las condiciones de seguridad en todas las regiones. El objetivo que plantea la convocatoria es el de fortalecer la articulaci\u00f3n institucional en materia de seguridad y gobernanza regional.<\/p>\n<p>Agenda.<\/p>\n<p>El encuentro ser\u00e1 instalado a las 9:00 a.m. por la gobernadora del Valle del Cauca, Dilian Francisca Toro; el alcalde de Cali, Alejandro Eder; y el presidente de Asocapitales y alcalde de Bogot\u00e1, Carlos Fernando Gal\u00e1n. Igualmente, estar\u00e1n en la instalaci\u00f3n el director ejecutivo y el presidente de la Federaci\u00f3n Nacional de Departamentos, FND, Didier Tavera; y el gobernador de C\u00f3rdoba, Erasmo Zuleta, respectivamente.<\/p>\n<p>A las 10:00 de la ma\u00f1ana tendr\u00e1 lugar un panel sobre los retos y desaf\u00edos territoriales que afectan la seguridad y la unidad regional. All\u00ed estar\u00e1n expertos de la Oficina de las Naciones Unidas contra la Droga y el Delito (Unodc), del Sistema Integrado de Monitoreo de Cultivos Il\u00edcitos (Simci) y columnistas invitados.<\/p>\n<p>Desde las 11:00 de la ma\u00f1ana hasta la 1:00 de la tarde se tiene prevista la intervenci\u00f3n de gobernadores y alcaldes, quienes presentar\u00e1n sus experiencias y propuestas por regiones, destacando la importancia de consolidar pol\u00edticas de seguridad con enfoque territorial y diferenciado.<\/p>\n<p>De 1:00 a 3:00 de la tarde, el espacio ser\u00e1 para el alto mando de las Fuerzas Militares y de la Polic\u00eda Nacional. En esta etapa se consolidar\u00e1n las l\u00edneas de acci\u00f3n conjuntas con miras a 2026, centradas en la prevenci\u00f3n, la coordinaci\u00f3n interinstitucional y la participaci\u00f3n ciudadana como ejes de la seguridad regional.<\/p>\n<p>El encuentro de mandatarios seccionales y locales coincide con las denuncias originadas en la Fiscal\u00eda General de la Naci\u00f3n sobre la existencia de un plan criminal para atentar contra la vida de la gobernadora Adriana Matiz. Las revelaciones han despertado el rechazo generalizado y la solidaridad regional y nacional hacia la jefe de la Administraci\u00f3n Seccional del Tolima.<\/p>\n","protected":false},"excerpt":{"rendered":"<p>El encuentro de mandatarios seccionales y locales tendr\u00e1 lugar, este jueves, en la ciudad de Cali y es convocado por la Federaci\u00f3n Nacional de Departamentos FND y la Gobernaci\u00f3n del Valle. La gobernadora del Tolima, Adriana Magali Matiz, viaj\u00f3 a la ciudad de Cali donde participar\u00e1 en el Encuentro Nacional<span class=\"more-link\"><a href=\"https:\/\/ciudadyregion.com.co\/index.php\/adriana-matiz-participara-en-la-cumbre-de-gobernadores-y-alcaldes-por-la-seguridad-regional\/regional\/\">Continuar Leyendo<\/a><\/span><\/p>\n","protected":false},"author":2,"featured_media":47791,"comment_status":"open","ping_status":"open","sticky":false,"template":"","format":"standard","meta":{"_uf_show_specific_survey":0,"_uf_disable_surveys":false,"_jetpack_memberships_contains_paid_content":false,"footnotes":"","jetpack_publicize_message":"","jetpack_publicize_feature_enabled":true,"jetpack_social_post_already_shared":true,"jetpack_social_options":{"image_generator_settings":{"template":"highway","enabled":false},"version":2}},"categories":[13],"tags":[],"class_list":["entry","author-diegoaguirre","post-47789","post","type-post","status-publish","format-standard","has-post-thumbnail","category-regional"],"jetpack_publicize_connections":[],"yoast_head":"<!-- This site is optimized with the Yoast SEO plugin v24.3 - https:\/\/yoast.com\/wordpress\/plugins\/seo\/ -->\n<title>Adriana Matiz participar\u00e1 en la Cumbre de Gobernadores y Alcaldes por la Seguridad Regional - Ciudad y Region<\/title>\n<meta name=\"robots\" content=\"index, follow, max-snippet:-1, max-image-preview:large, max-video-preview:-1\" \/>\n<link rel=\"canonical\" href=\"https:\/\/ciudadyregion.com.co\/index.php\/adriana-matiz-participara-en-la-cumbre-de-gobernadores-y-alcaldes-por-la-seguridad-regional\/regional\/\" \/>\n<meta property=\"og:locale\" content=\"es_ES\" \/>\n<meta property=\"og:type\" content=\"article\" \/>\n<meta property=\"og:title\" content=\"Adriana Matiz participar\u00e1 en la Cumbre de Gobernadores y Alcaldes por la Seguridad Regional - Ciudad y Region\" \/>\n<meta property=\"og:description\" content=\"El encuentro de mandatarios seccionales y locales tendr\u00e1 lugar, este jueves, en la ciudad de Cali y es convocado por la Federaci\u00f3n Nacional de Departamentos FND y la Gobernaci\u00f3n del Valle. La gobernadora del Tolima, Adriana Magali Matiz, viaj\u00f3 a la ciudad de Cali donde participar\u00e1 en el Encuentro NacionalContinuar Leyendo\" \/>\n<meta property=\"og:url\" content=\"https:\/\/ciudadyregion.com.co\/index.php\/adriana-matiz-participara-en-la-cumbre-de-gobernadores-y-alcaldes-por-la-seguridad-regional\/regional\/\" \/>\n<meta property=\"og:site_name\" content=\"Ciudad y Region\" \/>\n<meta property=\"article:published_time\" content=\"2025-10-30T12:26:54+00:00\" \/>\n<meta property=\"og:image\" content=\"https:\/\/ciudadyregion.com.co\/wp-content\/uploads\/2025\/10\/Pag-65-1.jpg\" \/>\n\t<meta property=\"og:image:width\" content=\"800\" \/>\n\t<meta property=\"og:image:height\" content=\"445\" \/>\n\t<meta property=\"og:image:type\" content=\"image\/jpeg\" \/>\n<meta name=\"author\" content=\"David Andr\u00e9s Aguirre\" \/>\n<meta name=\"twitter:card\" content=\"summary_large_image\" \/>\n<meta name=\"twitter:label1\" content=\"Escrito por\" \/>\n\t<meta name=\"twitter:data1\" content=\"David Andr\u00e9s Aguirre\" \/>\n\t<meta name=\"twitter:label2\" content=\"Tiempo de lectura\" \/>\n\t<meta name=\"twitter:data2\" content=\"2 minutos\" \/>\n<script type=\"application\/ld+json\" class=\"yoast-schema-graph\">{\"@context\":\"https:\/\/schema.org\",\"@graph\":[{\"@type\":\"WebPage\",\"@id\":\"https:\/\/ciudadyregion.com.co\/index.php\/adriana-matiz-participara-en-la-cumbre-de-gobernadores-y-alcaldes-por-la-seguridad-regional\/regional\/\",\"url\":\"https:\/\/ciudadyregion.com.co\/index.php\/adriana-matiz-participara-en-la-cumbre-de-gobernadores-y-alcaldes-por-la-seguridad-regional\/regional\/\",\"name\":\"Adriana Matiz participar\u00e1 en la Cumbre de Gobernadores y Alcaldes por la Seguridad Regional - Ciudad y Region\",\"isPartOf\":{\"@id\":\"https:\/\/ciudadyregion.com.co\/#website\"},\"primaryImageOfPage\":{\"@id\":\"https:\/\/ciudadyregion.com.co\/index.php\/adriana-matiz-participara-en-la-cumbre-de-gobernadores-y-alcaldes-por-la-seguridad-regional\/regional\/#primaryimage\"},\"image\":{\"@id\":\"https:\/\/ciudadyregion.com.co\/index.php\/adriana-matiz-participara-en-la-cumbre-de-gobernadores-y-alcaldes-por-la-seguridad-regional\/regional\/#primaryimage\"},\"thumbnailUrl\":\"https:\/\/i0.wp.com\/ciudadyregion.com.co\/wp-content\/uploads\/2025\/10\/Pag-65-1.jpg?fit=800%2C445&ssl=1\",\"datePublished\":\"2025-10-30T12:26:54+00:00\",\"dateModified\":\"2025-10-30T12:26:54+00:00\",\"author\":{\"@id\":\"https:\/\/ciudadyregion.com.co\/#\/schema\/person\/04a4954373ebc4051f46e8c65ff78622\"},\"breadcrumb\":{\"@id\":\"https:\/\/ciudadyregion.com.co\/index.php\/adriana-matiz-participara-en-la-cumbre-de-gobernadores-y-alcaldes-por-la-seguridad-regional\/regional\/#breadcrumb\"},\"inLanguage\":\"es\",\"potentialAction\":[{\"@type\":\"ReadAction\",\"target\":[\"https:\/\/ciudadyregion.com.co\/index.php\/adriana-matiz-participara-en-la-cumbre-de-gobernadores-y-alcaldes-por-la-seguridad-regional\/regional\/\"]}]},{\"@type\":\"ImageObject\",\"inLanguage\":\"es\",\"@id\":\"https:\/\/ciudadyregion.com.co\/index.php\/adriana-matiz-participara-en-la-cumbre-de-gobernadores-y-alcaldes-por-la-seguridad-regional\/regional\/#primaryimage\",\"url\":\"https:\/\/i0.wp.com\/ciudadyregion.com.co\/wp-content\/uploads\/2025\/10\/Pag-65-1.jpg?fit=800%2C445&ssl=1\",\"contentUrl\":\"https:\/\/i0.wp.com\/ciudadyregion.com.co\/wp-content\/uploads\/2025\/10\/Pag-65-1.jpg?fit=800%2C445&ssl=1\",\"width\":800,\"height\":445},{\"@type\":\"BreadcrumbList\",\"@id\":\"https:\/\/ciudadyregion.com.co\/index.php\/adriana-matiz-participara-en-la-cumbre-de-gobernadores-y-alcaldes-por-la-seguridad-regional\/regional\/#breadcrumb\",\"itemListElement\":[{\"@type\":\"ListItem\",\"position\":1,\"name\":\"Portada\",\"item\":\"https:\/\/ciudadyregion.com.co\/\"},{\"@type\":\"ListItem\",\"position\":2,\"name\":\"Adriana Matiz participar\u00e1 en la Cumbre de Gobernadores y Alcaldes por la Seguridad Regional\"}]},{\"@type\":\"WebSite\",\"@id\":\"https:\/\/ciudadyregion.com.co\/#website\",\"url\":\"https:\/\/ciudadyregion.com.co\/\",\"name\":\"Ciudad y Region\",\"description\":\"\",\"potentialAction\":[{\"@type\":\"SearchAction\",\"target\":{\"@type\":\"EntryPoint\",\"urlTemplate\":\"https:\/\/ciudadyregion.com.co\/?s={search_term_string}\"},\"query-input\":{\"@type\":\"PropertyValueSpecification\",\"valueRequired\":true,\"valueName\":\"search_term_string\"}}],\"inLanguage\":\"es\"},{\"@type\":\"Person\",\"@id\":\"https:\/\/ciudadyregion.com.co\/#\/schema\/person\/04a4954373ebc4051f46e8c65ff78622\",\"name\":\"David Andr\u00e9s Aguirre\",\"image\":{\"@type\":\"ImageObject\",\"inLanguage\":\"es\",\"@id\":\"https:\/\/ciudadyregion.com.co\/#\/schema\/person\/image\/\",\"url\":\"https:\/\/secure.gravatar.com\/avatar\/bc3c655860202182ee6d1b5edd042dbe?s=96&d=mm&r=g\",\"contentUrl\":\"https:\/\/secure.gravatar.com\/avatar\/bc3c655860202182ee6d1b5edd042dbe?s=96&d=mm&r=g\",\"caption\":\"David Andr\u00e9s Aguirre\"},\"url\":\"https:\/\/ciudadyregion.com.co\/index.php\/author\/diegoaguirre\/\"}]}<\/script>\n<!-- \/ Yoast SEO plugin. -->","yoast_head_json":{"title":"Adriana Matiz participar\u00e1 en la Cumbre de Gobernadores y Alcaldes por la Seguridad Regional - Ciudad y Region","robots":{"index":"index","follow":"follow","max-snippet":"max-snippet:-1","max-image-preview":"max-image-preview:large","max-video-preview":"max-video-preview:-1"},"canonical":"https:\/\/ciudadyregion.com.co\/index.php\/adriana-matiz-participara-en-la-cumbre-de-gobernadores-y-alcaldes-por-la-seguridad-regional\/regional\/","og_locale":"es_ES","og_type":"article","og_title":"Adriana Matiz participar\u00e1 en la Cumbre de Gobernadores y Alcaldes por la Seguridad Regional - Ciudad y Region","og_description":"El encuentro de mandatarios seccionales y locales tendr\u00e1 lugar, este jueves, en la ciudad de Cali y es convocado por la Federaci\u00f3n Nacional de Departamentos FND y la Gobernaci\u00f3n del Valle. La gobernadora del Tolima, Adriana Magali Matiz, viaj\u00f3 a la ciudad de Cali donde participar\u00e1 en el Encuentro NacionalContinuar Leyendo","og_url":"https:\/\/ciudadyregion.com.co\/index.php\/adriana-matiz-participara-en-la-cumbre-de-gobernadores-y-alcaldes-por-la-seguridad-regional\/regional\/","og_site_name":"Ciudad y Region","article_published_time":"2025-10-30T12:26:54+00:00","og_image":[{"width":800,"height":445,"url":"https:\/\/ciudadyregion.com.co\/wp-content\/uploads\/2025\/10\/Pag-65-1.jpg","type":"image\/jpeg"}],"author":"David Andr\u00e9s Aguirre","twitter_card":"summary_large_image","twitter_misc":{"Escrito por":"David Andr\u00e9s Aguirre","Tiempo de lectura":"2 minutos"},"schema":{"@context":"https:\/\/schema.org","@graph":[{"@type":"WebPage","@id":"https:\/\/ciudadyregion.com.co\/index.php\/adriana-matiz-participara-en-la-cumbre-de-gobernadores-y-alcaldes-por-la-seguridad-regional\/regional\/","url":"https:\/\/ciudadyregion.com.co\/index.php\/adriana-matiz-participara-en-la-cumbre-de-gobernadores-y-alcaldes-por-la-seguridad-regional\/regional\/","name":"Adriana Matiz participar\u00e1 en la Cumbre de Gobernadores y Alcaldes por la Seguridad Regional - Ciudad y Region","isPartOf":{"@id":"https:\/\/ciudadyregion.com.co\/#website"},"primaryImageOfPage":{"@id":"https:\/\/ciudadyregion.com.co\/index.php\/adriana-matiz-participara-en-la-cumbre-de-gobernadores-y-alcaldes-por-la-seguridad-regional\/regional\/#primaryimage"},"image":{"@id":"https:\/\/ciudadyregion.com.co\/index.php\/adriana-matiz-participara-en-la-cumbre-de-gobernadores-y-alcaldes-por-la-seguridad-regional\/regional\/#primaryimage"},"thumbnailUrl":"https:\/\/i0.wp.com\/ciudadyregion.com.co\/wp-content\/uploads\/2025\/10\/Pag-65-1.jpg?fit=800%2C445&ssl=1","datePublished":"2025-10-30T12:26:54+00:00","dateModified":"2025-10-30T12:26:54+00:00","author":{"@id":"https:\/\/ciudadyregion.com.co\/#\/schema\/person\/04a4954373ebc4051f46e8c65ff78622"},"breadcrumb":{"@id":"https:\/\/ciudadyregion.com.co\/index.php\/adriana-matiz-participara-en-la-cumbre-de-gobernadores-y-alcaldes-por-la-seguridad-regional\/regional\/#breadcrumb"},"inLanguage":"es","potentialAction":[{"@type":"ReadAction","target":["https:\/\/ciudadyregion.com.co\/index.php\/adriana-matiz-participara-en-la-cumbre-de-gobernadores-y-alcaldes-por-la-seguridad-regional\/regional\/"]}]},{"@type":"ImageObject","inLanguage":"es","@id":"https:\/\/ciudadyregion.com.co\/index.php\/adriana-matiz-participara-en-la-cumbre-de-gobernadores-y-alcaldes-por-la-seguridad-regional\/regional\/#primaryimage","url":"https:\/\/i0.wp.com\/ciudadyregion.com.co\/wp-content\/uploads\/2025\/10\/Pag-65-1.jpg?fit=800%2C445&ssl=1","contentUrl":"https:\/\/i0.wp.com\/ciudadyregion.com.co\/wp-content\/uploads\/2025\/10\/Pag-65-1.jpg?fit=800%2C445&ssl=1","width":800,"height":445},{"@type":"BreadcrumbList","@id":"https:\/\/ciudadyregion.com.co\/index.php\/adriana-matiz-participara-en-la-cumbre-de-gobernadores-y-alcaldes-por-la-seguridad-regional\/regional\/#breadcrumb","itemListElement":[{"@type":"ListItem","position":1,"name":"Portada","item":"https:\/\/ciudadyregion.com.co\/"},{"@type":"ListItem","position":2,"name":"Adriana Matiz participar\u00e1 en la Cumbre de Gobernadores y Alcaldes por la Seguridad Regional"}]},{"@type":"WebSite","@id":"https:\/\/ciudadyregion.com.co\/#website","url":"https:\/\/ciudadyregion.com.co\/","name":"Ciudad y Region","description":"","potentialAction":[{"@type":"SearchAction","target":{"@type":"EntryPoint","urlTemplate":"https:\/\/ciudadyregion.com.co\/?s={search_term_string}"},"query-input":{"@type":"PropertyValueSpecification","valueRequired":true,"valueName":"search_term_string"}}],"inLanguage":"es"},{"@type":"Person","@id":"https:\/\/ciudadyregion.com.co\/#\/schema\/person\/04a4954373ebc4051f46e8c65ff78622","name":"David Andr\u00e9s Aguirre","image":{"@type":"ImageObject","inLanguage":"es","@id":"https:\/\/ciudadyregion.com.co\/#\/schema\/person\/image\/","url":"https:\/\/secure.gravatar.com\/avatar\/bc3c655860202182ee6d1b5edd042dbe?s=96&d=mm&r=g","contentUrl":"https:\/\/secure.gravatar.com\/avatar\/bc3c655860202182ee6d1b5edd042dbe?s=96&d=mm&r=g","caption":"David Andr\u00e9s Aguirre"},"url":"https:\/\/ciudadyregion.com.co\/index.php\/author\/diegoaguirre\/"}]}},"jetpack_featured_media_url":"https:\/\/i0.wp.com\/ciudadyregion.com.co\/wp-content\/uploads\/2025\/10\/Pag-65-1.jpg?fit=800%2C445&ssl=1","jetpack_sharing_enabled":true,"jetpack_shortlink":"https:\/\/wp.me\/pbS7hh-cqN","jetpack-related-posts":[],"_links":{"self":[{"href":"https:\/\/ciudadyregion.com.co\/index.php\/wp-json\/wp\/v2\/posts\/47789"}],"collection":[{"href":"https:\/\/ciudadyregion.com.co\/index.php\/wp-json\/wp\/v2\/posts"}],"about":[{"href":"https:\/\/ciudadyregion.com.co\/index.php\/wp-json\/wp\/v2\/types\/post"}],"author":[{"embeddable":true,"href":"https:\/\/ciudadyregion.com.co\/index.php\/wp-json\/wp\/v2\/users\/2"}],"replies":[{"embeddable":true,"href":"https:\/\/ciudadyregion.com.co\/index.php\/wp-json\/wp\/v2\/comments?post=47789"}],"version-history":[{"count":1,"href":"https:\/\/ciudadyregion.com.co\/index.php\/wp-json\/wp\/v2\/posts\/47789\/revisions"}],"predecessor-version":[{"id":47792,"href":"https:\/\/ciudadyregion.com.co\/index.php\/wp-json\/wp\/v2\/posts\/47789\/revisions\/47792"}],"wp:featuredmedia":[{"embeddable":true,"href":"https:\/\/ciudadyregion.com.co\/index.php\/wp-json\/wp\/v2\/media\/47791"}],"wp:attachment":[{"href":"https:\/\/ciudadyregion.com.co\/index.php\/wp-json\/wp\/v2\/media?parent=47789"}],"wp:term":[{"taxonomy":"category","embeddable":true,"href":"https:\/\/ciudadyregion.com.co\/index.php\/wp-json\/wp\/v2\/categories?post=47789"},{"taxonomy":"post_tag","embeddable":true,"href":"https:\/\/ciudadyregion.com.co\/index.php\/wp-json\/wp\/v2\/tags?post=47789"}],"curies":[{"name":"wp","href":"https:\/\/api.w.org\/{rel}","templated":true}]}}