{"id":47246,"date":"2025-10-24T08:12:22","date_gmt":"2025-10-24T13:12:22","guid":{"rendered":"https:\/\/ciudadyregion.com.co\/?p=47246"},"modified":"2025-10-24T08:12:22","modified_gmt":"2025-10-24T13:12:22","slug":"estudiantes-de-la-ut-eligieron-a-sus-nuevos-representantes-ante-instancias-academicas","status":"publish","type":"post","link":"https:\/\/ciudadyregion.com.co\/index.php\/estudiantes-de-la-ut-eligieron-a-sus-nuevos-representantes-ante-instancias-academicas\/educacion\/","title":{"rendered":"Estudiantes de la UT eligieron a sus nuevos representantes ante instancias acad\u00e9micas"},"content":{"rendered":"<p data-wahfont=\"14\">El pasado s\u00e1bado 18 de octubre, los y las estudiantes de la Universidad del Tolima participaron en la jornada virtual de Elecci\u00f3n de Representantes Estudiantiles ante el Consejo Acad\u00e9mico y el Consejo de la Facultad de Ciencias de la Salud, reafirmando su compromiso con los espacios democr\u00e1ticos de la instituci\u00f3n.<\/p>\n<p data-wahfont=\"14\">En total, 2634 estudiantes ingresaron al Sistema de Gesti\u00f3n de Elecciones de la UT y ejercieron su derecho al voto, lo que representa un incremento aproximado del 80 % en la participaci\u00f3n estudiantil en comparaci\u00f3n con las elecciones realizadas en junio.<\/p>\n<p data-wahfont=\"14\">Para el Consejo Acad\u00e9mico participaron seis planchas, mientras que para el Consejo de la Facultad de Ciencias de la Salud lo hicieron dos. El resultado ante el \u00f3rgano colegiado de la Instituci\u00f3n arroj\u00f3 como ganadora a la Plancha No. 01, conformada por Juli\u00e1n Alejandro Rojas Pati\u00f1o como principal y Aaron David Hera Cuello como suplente, quienes obtuvieron 1253 votos.<\/p>\n<p data-wahfont=\"14\">En la Facultad de Ciencias de la Salud tambi\u00e9n result\u00f3 ganadora la Plancha No. 01, integrada por Juan Camilo Garc\u00eda Peralta como principal y Francisco Javier Vega P\u00e9rez como suplente, con un total de 92 votos.<\/p>\n<p data-wahfont=\"14\">Cabe recordar que en el mes de junio se realiz\u00f3 una primera jornada electoral para la representaci\u00f3n ante el Consejo Acad\u00e9mico, en la cual gan\u00f3 el voto en blanco, motivo por el cual se convoc\u00f3 nuevamente este proceso.<\/p>\n<p data-wahfont=\"14\">Ethel Margarita Carvajal, Directora de la Oficina de Control Interno y delegada para la supervisi\u00f3n de la jornada, destac\u00f3 la transparencia y organizaci\u00f3n del proceso:<\/p>\n<p data-wahfont=\"14\">\u201cLa jornada de elecci\u00f3n se llev\u00f3 a cabo con total normalidad. Se resalta la participaci\u00f3n de los y las estudiantes en esta convocatoria que se hizo para elegir a los Representantes Estudiantiles seg\u00fan la Resoluci\u00f3n 1090 de agosto de los corrientes y esperamos, conforme al cronograma establecido, realizar la declaraci\u00f3n de la elecci\u00f3n el pr\u00f3ximo viernes 24 de octubre\u201d.<\/p>\n<p data-wahfont=\"14\">Con esta jornada, la Universidad ratifica su apuesta por fortalecer los espacios democr\u00e1ticos y participativos, fomentando el liderazgo estudiantil como eje fundamental de la vida universitaria.<\/p>\n<p data-wahfont=\"14\">\n","protected":false},"excerpt":{"rendered":"<p>El pasado s\u00e1bado 18 de octubre, los y las estudiantes de la Universidad del Tolima participaron en la jornada virtual de Elecci\u00f3n de Representantes Estudiantiles ante el Consejo Acad\u00e9mico y el Consejo de la Facultad de Ciencias de la Salud, reafirmando su compromiso con los espacios democr\u00e1ticos de la instituci\u00f3n.<span class=\"more-link\"><a href=\"https:\/\/ciudadyregion.com.co\/index.php\/estudiantes-de-la-ut-eligieron-a-sus-nuevos-representantes-ante-instancias-academicas\/educacion\/\">Continuar Leyendo<\/a><\/span><\/p>\n","protected":false},"author":2,"featured_media":47247,"comment_status":"open","ping_status":"open","sticky":false,"template":"","format":"standard","meta":{"_uf_show_specific_survey":0,"_uf_disable_surveys":false,"_jetpack_memberships_contains_paid_content":false,"footnotes":"","jetpack_publicize_message":"","jetpack_publicize_feature_enabled":true,"jetpack_social_post_already_shared":true,"jetpack_social_options":{"image_generator_settings":{"template":"highway","enabled":false},"version":2}},"categories":[22],"tags":[],"class_list":["entry","author-diegoaguirre","post-47246","post","type-post","status-publish","format-standard","has-post-thumbnail","category-educacion"],"jetpack_publicize_connections":[],"yoast_head":"<!-- This site is optimized with the Yoast SEO plugin v24.3 - https:\/\/yoast.com\/wordpress\/plugins\/seo\/ -->\n<title>Estudiantes de la UT eligieron a sus nuevos representantes ante instancias acad\u00e9micas - Ciudad y Region<\/title>\n<meta name=\"robots\" content=\"index, follow, max-snippet:-1, max-image-preview:large, max-video-preview:-1\" \/>\n<link rel=\"canonical\" href=\"https:\/\/ciudadyregion.com.co\/index.php\/estudiantes-de-la-ut-eligieron-a-sus-nuevos-representantes-ante-instancias-academicas\/educacion\/\" \/>\n<meta property=\"og:locale\" content=\"es_ES\" \/>\n<meta property=\"og:type\" content=\"article\" \/>\n<meta property=\"og:title\" content=\"Estudiantes de la UT eligieron a sus nuevos representantes ante instancias acad\u00e9micas - Ciudad y Region\" \/>\n<meta property=\"og:description\" content=\"El pasado s\u00e1bado 18 de octubre, los y las estudiantes de la Universidad del Tolima participaron en la jornada virtual de Elecci\u00f3n de Representantes Estudiantiles ante el Consejo Acad\u00e9mico y el Consejo de la Facultad de Ciencias de la Salud, reafirmando su compromiso con los espacios democr\u00e1ticos de la instituci\u00f3n.Continuar Leyendo\" \/>\n<meta property=\"og:url\" content=\"https:\/\/ciudadyregion.com.co\/index.php\/estudiantes-de-la-ut-eligieron-a-sus-nuevos-representantes-ante-instancias-academicas\/educacion\/\" \/>\n<meta property=\"og:site_name\" content=\"Ciudad y Region\" \/>\n<meta property=\"article:published_time\" content=\"2025-10-24T13:12:22+00:00\" \/>\n<meta property=\"og:image\" content=\"https:\/\/ciudadyregion.com.co\/wp-content\/uploads\/2025\/10\/Pag-2025-10-24T080904.465.jpg\" \/>\n\t<meta property=\"og:image:width\" content=\"800\" \/>\n\t<meta property=\"og:image:height\" content=\"445\" \/>\n\t<meta property=\"og:image:type\" content=\"image\/jpeg\" \/>\n<meta name=\"author\" content=\"David Andr\u00e9s Aguirre\" \/>\n<meta name=\"twitter:card\" content=\"summary_large_image\" \/>\n<meta name=\"twitter:label1\" content=\"Escrito por\" \/>\n\t<meta name=\"twitter:data1\" content=\"David Andr\u00e9s Aguirre\" \/>\n\t<meta name=\"twitter:label2\" content=\"Tiempo de lectura\" \/>\n\t<meta name=\"twitter:data2\" content=\"2 minutos\" \/>\n<script type=\"application\/ld+json\" class=\"yoast-schema-graph\">{\"@context\":\"https:\/\/schema.org\",\"@graph\":[{\"@type\":\"WebPage\",\"@id\":\"https:\/\/ciudadyregion.com.co\/index.php\/estudiantes-de-la-ut-eligieron-a-sus-nuevos-representantes-ante-instancias-academicas\/educacion\/\",\"url\":\"https:\/\/ciudadyregion.com.co\/index.php\/estudiantes-de-la-ut-eligieron-a-sus-nuevos-representantes-ante-instancias-academicas\/educacion\/\",\"name\":\"Estudiantes de la UT eligieron a sus nuevos representantes ante instancias acad\u00e9micas - Ciudad y Region\",\"isPartOf\":{\"@id\":\"https:\/\/ciudadyregion.com.co\/#website\"},\"primaryImageOfPage\":{\"@id\":\"https:\/\/ciudadyregion.com.co\/index.php\/estudiantes-de-la-ut-eligieron-a-sus-nuevos-representantes-ante-instancias-academicas\/educacion\/#primaryimage\"},\"image\":{\"@id\":\"https:\/\/ciudadyregion.com.co\/index.php\/estudiantes-de-la-ut-eligieron-a-sus-nuevos-representantes-ante-instancias-academicas\/educacion\/#primaryimage\"},\"thumbnailUrl\":\"https:\/\/i0.wp.com\/ciudadyregion.com.co\/wp-content\/uploads\/2025\/10\/Pag-2025-10-24T080904.465.jpg?fit=800%2C445&ssl=1\",\"datePublished\":\"2025-10-24T13:12:22+00:00\",\"dateModified\":\"2025-10-24T13:12:22+00:00\",\"author\":{\"@id\":\"https:\/\/ciudadyregion.com.co\/#\/schema\/person\/04a4954373ebc4051f46e8c65ff78622\"},\"breadcrumb\":{\"@id\":\"https:\/\/ciudadyregion.com.co\/index.php\/estudiantes-de-la-ut-eligieron-a-sus-nuevos-representantes-ante-instancias-academicas\/educacion\/#breadcrumb\"},\"inLanguage\":\"es\",\"potentialAction\":[{\"@type\":\"ReadAction\",\"target\":[\"https:\/\/ciudadyregion.com.co\/index.php\/estudiantes-de-la-ut-eligieron-a-sus-nuevos-representantes-ante-instancias-academicas\/educacion\/\"]}]},{\"@type\":\"ImageObject\",\"inLanguage\":\"es\",\"@id\":\"https:\/\/ciudadyregion.com.co\/index.php\/estudiantes-de-la-ut-eligieron-a-sus-nuevos-representantes-ante-instancias-academicas\/educacion\/#primaryimage\",\"url\":\"https:\/\/i0.wp.com\/ciudadyregion.com.co\/wp-content\/uploads\/2025\/10\/Pag-2025-10-24T080904.465.jpg?fit=800%2C445&ssl=1\",\"contentUrl\":\"https:\/\/i0.wp.com\/ciudadyregion.com.co\/wp-content\/uploads\/2025\/10\/Pag-2025-10-24T080904.465.jpg?fit=800%2C445&ssl=1\",\"width\":800,\"height\":445},{\"@type\":\"BreadcrumbList\",\"@id\":\"https:\/\/ciudadyregion.com.co\/index.php\/estudiantes-de-la-ut-eligieron-a-sus-nuevos-representantes-ante-instancias-academicas\/educacion\/#breadcrumb\",\"itemListElement\":[{\"@type\":\"ListItem\",\"position\":1,\"name\":\"Portada\",\"item\":\"https:\/\/ciudadyregion.com.co\/\"},{\"@type\":\"ListItem\",\"position\":2,\"name\":\"Estudiantes de la UT eligieron a sus nuevos representantes ante instancias acad\u00e9micas\"}]},{\"@type\":\"WebSite\",\"@id\":\"https:\/\/ciudadyregion.com.co\/#website\",\"url\":\"https:\/\/ciudadyregion.com.co\/\",\"name\":\"Ciudad y Region\",\"description\":\"\",\"potentialAction\":[{\"@type\":\"SearchAction\",\"target\":{\"@type\":\"EntryPoint\",\"urlTemplate\":\"https:\/\/ciudadyregion.com.co\/?s={search_term_string}\"},\"query-input\":{\"@type\":\"PropertyValueSpecification\",\"valueRequired\":true,\"valueName\":\"search_term_string\"}}],\"inLanguage\":\"es\"},{\"@type\":\"Person\",\"@id\":\"https:\/\/ciudadyregion.com.co\/#\/schema\/person\/04a4954373ebc4051f46e8c65ff78622\",\"name\":\"David Andr\u00e9s Aguirre\",\"image\":{\"@type\":\"ImageObject\",\"inLanguage\":\"es\",\"@id\":\"https:\/\/ciudadyregion.com.co\/#\/schema\/person\/image\/\",\"url\":\"https:\/\/secure.gravatar.com\/avatar\/bc3c655860202182ee6d1b5edd042dbe?s=96&d=mm&r=g\",\"contentUrl\":\"https:\/\/secure.gravatar.com\/avatar\/bc3c655860202182ee6d1b5edd042dbe?s=96&d=mm&r=g\",\"caption\":\"David Andr\u00e9s Aguirre\"},\"url\":\"https:\/\/ciudadyregion.com.co\/index.php\/author\/diegoaguirre\/\"}]}<\/script>\n<!-- \/ Yoast SEO plugin. -->","yoast_head_json":{"title":"Estudiantes de la UT eligieron a sus nuevos representantes ante instancias acad\u00e9micas - Ciudad y Region","robots":{"index":"index","follow":"follow","max-snippet":"max-snippet:-1","max-image-preview":"max-image-preview:large","max-video-preview":"max-video-preview:-1"},"canonical":"https:\/\/ciudadyregion.com.co\/index.php\/estudiantes-de-la-ut-eligieron-a-sus-nuevos-representantes-ante-instancias-academicas\/educacion\/","og_locale":"es_ES","og_type":"article","og_title":"Estudiantes de la UT eligieron a sus nuevos representantes ante instancias acad\u00e9micas - Ciudad y Region","og_description":"El pasado s\u00e1bado 18 de octubre, los y las estudiantes de la Universidad del Tolima participaron en la jornada virtual de Elecci\u00f3n de Representantes Estudiantiles ante el Consejo Acad\u00e9mico y el Consejo de la Facultad de Ciencias de la Salud, reafirmando su compromiso con los espacios democr\u00e1ticos de la instituci\u00f3n.Continuar Leyendo","og_url":"https:\/\/ciudadyregion.com.co\/index.php\/estudiantes-de-la-ut-eligieron-a-sus-nuevos-representantes-ante-instancias-academicas\/educacion\/","og_site_name":"Ciudad y Region","article_published_time":"2025-10-24T13:12:22+00:00","og_image":[{"width":800,"height":445,"url":"https:\/\/ciudadyregion.com.co\/wp-content\/uploads\/2025\/10\/Pag-2025-10-24T080904.465.jpg","type":"image\/jpeg"}],"author":"David Andr\u00e9s Aguirre","twitter_card":"summary_large_image","twitter_misc":{"Escrito por":"David Andr\u00e9s Aguirre","Tiempo de lectura":"2 minutos"},"schema":{"@context":"https:\/\/schema.org","@graph":[{"@type":"WebPage","@id":"https:\/\/ciudadyregion.com.co\/index.php\/estudiantes-de-la-ut-eligieron-a-sus-nuevos-representantes-ante-instancias-academicas\/educacion\/","url":"https:\/\/ciudadyregion.com.co\/index.php\/estudiantes-de-la-ut-eligieron-a-sus-nuevos-representantes-ante-instancias-academicas\/educacion\/","name":"Estudiantes de la UT eligieron a sus nuevos representantes ante instancias acad\u00e9micas - Ciudad y Region","isPartOf":{"@id":"https:\/\/ciudadyregion.com.co\/#website"},"primaryImageOfPage":{"@id":"https:\/\/ciudadyregion.com.co\/index.php\/estudiantes-de-la-ut-eligieron-a-sus-nuevos-representantes-ante-instancias-academicas\/educacion\/#primaryimage"},"image":{"@id":"https:\/\/ciudadyregion.com.co\/index.php\/estudiantes-de-la-ut-eligieron-a-sus-nuevos-representantes-ante-instancias-academicas\/educacion\/#primaryimage"},"thumbnailUrl":"https:\/\/i0.wp.com\/ciudadyregion.com.co\/wp-content\/uploads\/2025\/10\/Pag-2025-10-24T080904.465.jpg?fit=800%2C445&ssl=1","datePublished":"2025-10-24T13:12:22+00:00","dateModified":"2025-10-24T13:12:22+00:00","author":{"@id":"https:\/\/ciudadyregion.com.co\/#\/schema\/person\/04a4954373ebc4051f46e8c65ff78622"},"breadcrumb":{"@id":"https:\/\/ciudadyregion.com.co\/index.php\/estudiantes-de-la-ut-eligieron-a-sus-nuevos-representantes-ante-instancias-academicas\/educacion\/#breadcrumb"},"inLanguage":"es","potentialAction":[{"@type":"ReadAction","target":["https:\/\/ciudadyregion.com.co\/index.php\/estudiantes-de-la-ut-eligieron-a-sus-nuevos-representantes-ante-instancias-academicas\/educacion\/"]}]},{"@type":"ImageObject","inLanguage":"es","@id":"https:\/\/ciudadyregion.com.co\/index.php\/estudiantes-de-la-ut-eligieron-a-sus-nuevos-representantes-ante-instancias-academicas\/educacion\/#primaryimage","url":"https:\/\/i0.wp.com\/ciudadyregion.com.co\/wp-content\/uploads\/2025\/10\/Pag-2025-10-24T080904.465.jpg?fit=800%2C445&ssl=1","contentUrl":"https:\/\/i0.wp.com\/ciudadyregion.com.co\/wp-content\/uploads\/2025\/10\/Pag-2025-10-24T080904.465.jpg?fit=800%2C445&ssl=1","width":800,"height":445},{"@type":"BreadcrumbList","@id":"https:\/\/ciudadyregion.com.co\/index.php\/estudiantes-de-la-ut-eligieron-a-sus-nuevos-representantes-ante-instancias-academicas\/educacion\/#breadcrumb","itemListElement":[{"@type":"ListItem","position":1,"name":"Portada","item":"https:\/\/ciudadyregion.com.co\/"},{"@type":"ListItem","position":2,"name":"Estudiantes de la UT eligieron a sus nuevos representantes ante instancias acad\u00e9micas"}]},{"@type":"WebSite","@id":"https:\/\/ciudadyregion.com.co\/#website","url":"https:\/\/ciudadyregion.com.co\/","name":"Ciudad y Region","description":"","potentialAction":[{"@type":"SearchAction","target":{"@type":"EntryPoint","urlTemplate":"https:\/\/ciudadyregion.com.co\/?s={search_term_string}"},"query-input":{"@type":"PropertyValueSpecification","valueRequired":true,"valueName":"search_term_string"}}],"inLanguage":"es"},{"@type":"Person","@id":"https:\/\/ciudadyregion.com.co\/#\/schema\/person\/04a4954373ebc4051f46e8c65ff78622","name":"David Andr\u00e9s Aguirre","image":{"@type":"ImageObject","inLanguage":"es","@id":"https:\/\/ciudadyregion.com.co\/#\/schema\/person\/image\/","url":"https:\/\/secure.gravatar.com\/avatar\/bc3c655860202182ee6d1b5edd042dbe?s=96&d=mm&r=g","contentUrl":"https:\/\/secure.gravatar.com\/avatar\/bc3c655860202182ee6d1b5edd042dbe?s=96&d=mm&r=g","caption":"David Andr\u00e9s Aguirre"},"url":"https:\/\/ciudadyregion.com.co\/index.php\/author\/diegoaguirre\/"}]}},"jetpack_featured_media_url":"https:\/\/i0.wp.com\/ciudadyregion.com.co\/wp-content\/uploads\/2025\/10\/Pag-2025-10-24T080904.465.jpg?fit=800%2C445&ssl=1","jetpack_sharing_enabled":true,"jetpack_shortlink":"https:\/\/wp.me\/pbS7hh-ci2","jetpack-related-posts":[],"_links":{"self":[{"href":"https:\/\/ciudadyregion.com.co\/index.php\/wp-json\/wp\/v2\/posts\/47246"}],"collection":[{"href":"https:\/\/ciudadyregion.com.co\/index.php\/wp-json\/wp\/v2\/posts"}],"about":[{"href":"https:\/\/ciudadyregion.com.co\/index.php\/wp-json\/wp\/v2\/types\/post"}],"author":[{"embeddable":true,"href":"https:\/\/ciudadyregion.com.co\/index.php\/wp-json\/wp\/v2\/users\/2"}],"replies":[{"embeddable":true,"href":"https:\/\/ciudadyregion.com.co\/index.php\/wp-json\/wp\/v2\/comments?post=47246"}],"version-history":[{"count":1,"href":"https:\/\/ciudadyregion.com.co\/index.php\/wp-json\/wp\/v2\/posts\/47246\/revisions"}],"predecessor-version":[{"id":47248,"href":"https:\/\/ciudadyregion.com.co\/index.php\/wp-json\/wp\/v2\/posts\/47246\/revisions\/47248"}],"wp:featuredmedia":[{"embeddable":true,"href":"https:\/\/ciudadyregion.com.co\/index.php\/wp-json\/wp\/v2\/media\/47247"}],"wp:attachment":[{"href":"https:\/\/ciudadyregion.com.co\/index.php\/wp-json\/wp\/v2\/media?parent=47246"}],"wp:term":[{"taxonomy":"category","embeddable":true,"href":"https:\/\/ciudadyregion.com.co\/index.php\/wp-json\/wp\/v2\/categories?post=47246"},{"taxonomy":"post_tag","embeddable":true,"href":"https:\/\/ciudadyregion.com.co\/index.php\/wp-json\/wp\/v2\/tags?post=47246"}],"curies":[{"name":"wp","href":"https:\/\/api.w.org\/{rel}","templated":true}]}}