{"id":47243,"date":"2025-10-24T08:06:06","date_gmt":"2025-10-24T13:06:06","guid":{"rendered":"https:\/\/ciudadyregion.com.co\/?p=47243"},"modified":"2025-10-24T08:06:06","modified_gmt":"2025-10-24T13:06:06","slug":"universidades-del-tolima-e-ibague-consolidan-su-articulacion-academica-para-fortalecer-la-investigacion-y-la-proyeccion-regional","status":"publish","type":"post","link":"https:\/\/ciudadyregion.com.co\/index.php\/universidades-del-tolima-e-ibague-consolidan-su-articulacion-academica-para-fortalecer-la-investigacion-y-la-proyeccion-regional\/educacion\/","title":{"rendered":"Universidades del Tolima e Ibagu\u00e9 consolidan su articulaci\u00f3n acad\u00e9mica para fortalecer la investigaci\u00f3n y la proyecci\u00f3n regional"},"content":{"rendered":"<p data-wahfont=\"14\">Con el prop\u00f3sito de avanzar en la consolidaci\u00f3n de una alianza estrat\u00e9gica para el desarrollo regional, se llev\u00f3 a cabo el segundo encuentro de articulaci\u00f3n entre la Universidad del Tolima y la Universidad de Ibagu\u00e9, un espacio que reafirma la voluntad de ambas instituciones de trabajar de manera conjunta en investigaci\u00f3n, docencia, internacionalizaci\u00f3n y sostenibilidad.<\/p>\n<p data-wahfont=\"14\">Durante la jornada, la rectora de la Universidad de Ibagu\u00e9, Natalia Ruiz Rodgers, destac\u00f3 la importancia de este proceso, en el que participaron directivos, vicerrector\u00edas y dependencias acad\u00e9micas de ambas universidades, quienes presentaron planes conjuntos de investigaci\u00f3n y estrategias de cooperaci\u00f3n orientadas a fortalecer la ciencia y la innovaci\u00f3n en el departamento.<\/p>\n<p data-wahfont=\"14\">\u201cSe nota un claro avance en todas las vicerrector\u00edas y direcciones. Logramos definir estrategias que nos permitan fortalecer la investigaci\u00f3n en la regi\u00f3n, presentarnos a convocatorias nacionales e internacionales y, sobre todo, compartir recursos de infraestructura y equipos, todo en funci\u00f3n de un mismo desarrollo regional\u201d, afirm\u00f3 la rectora.<\/p>\n<p data-wahfont=\"14\">Entre los principales temas abordados se destacaron el fortalecimiento de los grupos de investigaci\u00f3n, la movilidad internacional y estudiantil, la Semana Internacional de los Pa\u00edses N\u00f3rdicos, los estudios de posgrado y la formaci\u00f3n continua. Asimismo, se resalt\u00f3 la creaci\u00f3n de una red de laboratorios regionales, que permitir\u00e1 compartir infraestructura cient\u00edfica y prestar servicios certificados de investigaci\u00f3n.<\/p>\n<p data-wahfont=\"14\">La rectora tambi\u00e9n subray\u00f3 la importancia de articular esfuerzos en docencia y bibliotecas, con el fin de que los estudiantes de ambas instituciones puedan acceder a recursos digitales, virtuales y presenciales, enriqueciendo as\u00ed sus procesos de aprendizaje. \u201cEste tipo de alianzas es una clara muestra de trabajo conjunto y cooperativo, orientado al bienestar de nuestros estudiantes, nuestros j\u00f3venes y al desarrollo del Tolima\u201d, se\u00f1al\u00f3.<\/p>\n<p data-wahfont=\"14\">Uno de los hitos m\u00e1s relevantes ser\u00e1 la Semana de Internacionalizaci\u00f3n de Ibagu\u00e9 2026, que se realizar\u00e1 con el apoyo de seis entidades aliadas y la participaci\u00f3n de cuatro pa\u00edses n\u00f3rdicos a trav\u00e9s del Instituto de Estudios N\u00f3rdicos. Este evento impulsar\u00e1 temas de sostenibilidad, paz e innovaci\u00f3n, alineados con los retos globales de la educaci\u00f3n superior.<\/p>\n<p data-wahfont=\"14\">Por su parte, el rector de la Universidad del Tolima, Omar Mej\u00eda Pati\u00f1o, resalt\u00f3 los avances alcanzados durante el encuentro: \u201cEste espacio nos permiti\u00f3 dialogar sobre estrategias para fortalecer nuestros grupos de investigaci\u00f3n, avanzar en la articulaci\u00f3n con Innovamente y proyectar iniciativas conjuntas de cara a convocatorias nacionales e internacionales. Tambi\u00e9n abordamos oportunidades para ampliar los estudios de posgrado, promover la formaci\u00f3n continua y la movilidad internacional\u201d. Estoy convencido de que, cuando las universidades convergen en prop\u00f3sitos comunes, se multiplican las posibilidades de transformar la regi\u00f3n desde la educaci\u00f3n\u201d<\/p>\n","protected":false},"excerpt":{"rendered":"<p>Con el prop\u00f3sito de avanzar en la consolidaci\u00f3n de una alianza estrat\u00e9gica para el desarrollo regional, se llev\u00f3 a cabo el segundo encuentro de articulaci\u00f3n entre la Universidad del Tolima y la Universidad de Ibagu\u00e9, un espacio que reafirma la voluntad de ambas instituciones de trabajar de manera conjunta en<span class=\"more-link\"><a href=\"https:\/\/ciudadyregion.com.co\/index.php\/universidades-del-tolima-e-ibague-consolidan-su-articulacion-academica-para-fortalecer-la-investigacion-y-la-proyeccion-regional\/educacion\/\">Continuar Leyendo<\/a><\/span><\/p>\n","protected":false},"author":2,"featured_media":47244,"comment_status":"open","ping_status":"open","sticky":false,"template":"","format":"standard","meta":{"_uf_show_specific_survey":0,"_uf_disable_surveys":false,"_jetpack_memberships_contains_paid_content":false,"footnotes":"","jetpack_publicize_message":"","jetpack_publicize_feature_enabled":true,"jetpack_social_post_already_shared":true,"jetpack_social_options":{"image_generator_settings":{"template":"highway","enabled":false},"version":2}},"categories":[22],"tags":[],"class_list":["entry","author-diegoaguirre","post-47243","post","type-post","status-publish","format-standard","has-post-thumbnail","category-educacion"],"jetpack_publicize_connections":[],"yoast_head":"<!-- This site is optimized with the Yoast SEO plugin v24.3 - https:\/\/yoast.com\/wordpress\/plugins\/seo\/ -->\n<title>Universidades del Tolima e Ibagu\u00e9 consolidan su articulaci\u00f3n acad\u00e9mica para fortalecer la investigaci\u00f3n y la proyecci\u00f3n regional - Ciudad y Region<\/title>\n<meta name=\"robots\" content=\"index, follow, max-snippet:-1, max-image-preview:large, max-video-preview:-1\" \/>\n<link rel=\"canonical\" href=\"https:\/\/ciudadyregion.com.co\/index.php\/universidades-del-tolima-e-ibague-consolidan-su-articulacion-academica-para-fortalecer-la-investigacion-y-la-proyeccion-regional\/educacion\/\" \/>\n<meta property=\"og:locale\" content=\"es_ES\" \/>\n<meta property=\"og:type\" content=\"article\" \/>\n<meta property=\"og:title\" content=\"Universidades del Tolima e Ibagu\u00e9 consolidan su articulaci\u00f3n acad\u00e9mica para fortalecer la investigaci\u00f3n y la proyecci\u00f3n regional - Ciudad y Region\" \/>\n<meta property=\"og:description\" content=\"Con el prop\u00f3sito de avanzar en la consolidaci\u00f3n de una alianza estrat\u00e9gica para el desarrollo regional, se llev\u00f3 a cabo el segundo encuentro de articulaci\u00f3n entre la Universidad del Tolima y la Universidad de Ibagu\u00e9, un espacio que reafirma la voluntad de ambas instituciones de trabajar de manera conjunta enContinuar Leyendo\" \/>\n<meta property=\"og:url\" content=\"https:\/\/ciudadyregion.com.co\/index.php\/universidades-del-tolima-e-ibague-consolidan-su-articulacion-academica-para-fortalecer-la-investigacion-y-la-proyeccion-regional\/educacion\/\" \/>\n<meta property=\"og:site_name\" content=\"Ciudad y Region\" \/>\n<meta property=\"article:published_time\" content=\"2025-10-24T13:06:06+00:00\" \/>\n<meta property=\"og:image\" content=\"https:\/\/ciudadyregion.com.co\/wp-content\/uploads\/2025\/10\/Pag-2025-10-24T080510.916.jpg\" \/>\n\t<meta property=\"og:image:width\" content=\"800\" \/>\n\t<meta property=\"og:image:height\" content=\"445\" \/>\n\t<meta property=\"og:image:type\" content=\"image\/jpeg\" \/>\n<meta name=\"author\" content=\"David Andr\u00e9s Aguirre\" \/>\n<meta name=\"twitter:card\" content=\"summary_large_image\" \/>\n<meta name=\"twitter:label1\" content=\"Escrito por\" \/>\n\t<meta name=\"twitter:data1\" content=\"David Andr\u00e9s Aguirre\" \/>\n\t<meta name=\"twitter:label2\" content=\"Tiempo de lectura\" \/>\n\t<meta name=\"twitter:data2\" content=\"3 minutos\" \/>\n<script type=\"application\/ld+json\" class=\"yoast-schema-graph\">{\"@context\":\"https:\/\/schema.org\",\"@graph\":[{\"@type\":\"WebPage\",\"@id\":\"https:\/\/ciudadyregion.com.co\/index.php\/universidades-del-tolima-e-ibague-consolidan-su-articulacion-academica-para-fortalecer-la-investigacion-y-la-proyeccion-regional\/educacion\/\",\"url\":\"https:\/\/ciudadyregion.com.co\/index.php\/universidades-del-tolima-e-ibague-consolidan-su-articulacion-academica-para-fortalecer-la-investigacion-y-la-proyeccion-regional\/educacion\/\",\"name\":\"Universidades del Tolima e Ibagu\u00e9 consolidan su articulaci\u00f3n acad\u00e9mica para fortalecer la investigaci\u00f3n y la proyecci\u00f3n regional - Ciudad y Region\",\"isPartOf\":{\"@id\":\"https:\/\/ciudadyregion.com.co\/#website\"},\"primaryImageOfPage\":{\"@id\":\"https:\/\/ciudadyregion.com.co\/index.php\/universidades-del-tolima-e-ibague-consolidan-su-articulacion-academica-para-fortalecer-la-investigacion-y-la-proyeccion-regional\/educacion\/#primaryimage\"},\"image\":{\"@id\":\"https:\/\/ciudadyregion.com.co\/index.php\/universidades-del-tolima-e-ibague-consolidan-su-articulacion-academica-para-fortalecer-la-investigacion-y-la-proyeccion-regional\/educacion\/#primaryimage\"},\"thumbnailUrl\":\"https:\/\/i0.wp.com\/ciudadyregion.com.co\/wp-content\/uploads\/2025\/10\/Pag-2025-10-24T080510.916.jpg?fit=800%2C445&ssl=1\",\"datePublished\":\"2025-10-24T13:06:06+00:00\",\"dateModified\":\"2025-10-24T13:06:06+00:00\",\"author\":{\"@id\":\"https:\/\/ciudadyregion.com.co\/#\/schema\/person\/04a4954373ebc4051f46e8c65ff78622\"},\"breadcrumb\":{\"@id\":\"https:\/\/ciudadyregion.com.co\/index.php\/universidades-del-tolima-e-ibague-consolidan-su-articulacion-academica-para-fortalecer-la-investigacion-y-la-proyeccion-regional\/educacion\/#breadcrumb\"},\"inLanguage\":\"es\",\"potentialAction\":[{\"@type\":\"ReadAction\",\"target\":[\"https:\/\/ciudadyregion.com.co\/index.php\/universidades-del-tolima-e-ibague-consolidan-su-articulacion-academica-para-fortalecer-la-investigacion-y-la-proyeccion-regional\/educacion\/\"]}]},{\"@type\":\"ImageObject\",\"inLanguage\":\"es\",\"@id\":\"https:\/\/ciudadyregion.com.co\/index.php\/universidades-del-tolima-e-ibague-consolidan-su-articulacion-academica-para-fortalecer-la-investigacion-y-la-proyeccion-regional\/educacion\/#primaryimage\",\"url\":\"https:\/\/i0.wp.com\/ciudadyregion.com.co\/wp-content\/uploads\/2025\/10\/Pag-2025-10-24T080510.916.jpg?fit=800%2C445&ssl=1\",\"contentUrl\":\"https:\/\/i0.wp.com\/ciudadyregion.com.co\/wp-content\/uploads\/2025\/10\/Pag-2025-10-24T080510.916.jpg?fit=800%2C445&ssl=1\",\"width\":800,\"height\":445},{\"@type\":\"BreadcrumbList\",\"@id\":\"https:\/\/ciudadyregion.com.co\/index.php\/universidades-del-tolima-e-ibague-consolidan-su-articulacion-academica-para-fortalecer-la-investigacion-y-la-proyeccion-regional\/educacion\/#breadcrumb\",\"itemListElement\":[{\"@type\":\"ListItem\",\"position\":1,\"name\":\"Portada\",\"item\":\"https:\/\/ciudadyregion.com.co\/\"},{\"@type\":\"ListItem\",\"position\":2,\"name\":\"Universidades del Tolima e Ibagu\u00e9 consolidan su articulaci\u00f3n acad\u00e9mica para fortalecer la investigaci\u00f3n y la proyecci\u00f3n regional\"}]},{\"@type\":\"WebSite\",\"@id\":\"https:\/\/ciudadyregion.com.co\/#website\",\"url\":\"https:\/\/ciudadyregion.com.co\/\",\"name\":\"Ciudad y Region\",\"description\":\"\",\"potentialAction\":[{\"@type\":\"SearchAction\",\"target\":{\"@type\":\"EntryPoint\",\"urlTemplate\":\"https:\/\/ciudadyregion.com.co\/?s={search_term_string}\"},\"query-input\":{\"@type\":\"PropertyValueSpecification\",\"valueRequired\":true,\"valueName\":\"search_term_string\"}}],\"inLanguage\":\"es\"},{\"@type\":\"Person\",\"@id\":\"https:\/\/ciudadyregion.com.co\/#\/schema\/person\/04a4954373ebc4051f46e8c65ff78622\",\"name\":\"David Andr\u00e9s Aguirre\",\"image\":{\"@type\":\"ImageObject\",\"inLanguage\":\"es\",\"@id\":\"https:\/\/ciudadyregion.com.co\/#\/schema\/person\/image\/\",\"url\":\"https:\/\/secure.gravatar.com\/avatar\/bc3c655860202182ee6d1b5edd042dbe?s=96&d=mm&r=g\",\"contentUrl\":\"https:\/\/secure.gravatar.com\/avatar\/bc3c655860202182ee6d1b5edd042dbe?s=96&d=mm&r=g\",\"caption\":\"David Andr\u00e9s Aguirre\"},\"url\":\"https:\/\/ciudadyregion.com.co\/index.php\/author\/diegoaguirre\/\"}]}<\/script>\n<!-- \/ Yoast SEO plugin. -->","yoast_head_json":{"title":"Universidades del Tolima e Ibagu\u00e9 consolidan su articulaci\u00f3n acad\u00e9mica para fortalecer la investigaci\u00f3n y la proyecci\u00f3n regional - Ciudad y Region","robots":{"index":"index","follow":"follow","max-snippet":"max-snippet:-1","max-image-preview":"max-image-preview:large","max-video-preview":"max-video-preview:-1"},"canonical":"https:\/\/ciudadyregion.com.co\/index.php\/universidades-del-tolima-e-ibague-consolidan-su-articulacion-academica-para-fortalecer-la-investigacion-y-la-proyeccion-regional\/educacion\/","og_locale":"es_ES","og_type":"article","og_title":"Universidades del Tolima e Ibagu\u00e9 consolidan su articulaci\u00f3n acad\u00e9mica para fortalecer la investigaci\u00f3n y la proyecci\u00f3n regional - Ciudad y Region","og_description":"Con el prop\u00f3sito de avanzar en la consolidaci\u00f3n de una alianza estrat\u00e9gica para el desarrollo regional, se llev\u00f3 a cabo el segundo encuentro de articulaci\u00f3n entre la Universidad del Tolima y la Universidad de Ibagu\u00e9, un espacio que reafirma la voluntad de ambas instituciones de trabajar de manera conjunta enContinuar Leyendo","og_url":"https:\/\/ciudadyregion.com.co\/index.php\/universidades-del-tolima-e-ibague-consolidan-su-articulacion-academica-para-fortalecer-la-investigacion-y-la-proyeccion-regional\/educacion\/","og_site_name":"Ciudad y Region","article_published_time":"2025-10-24T13:06:06+00:00","og_image":[{"width":800,"height":445,"url":"https:\/\/ciudadyregion.com.co\/wp-content\/uploads\/2025\/10\/Pag-2025-10-24T080510.916.jpg","type":"image\/jpeg"}],"author":"David Andr\u00e9s Aguirre","twitter_card":"summary_large_image","twitter_misc":{"Escrito por":"David Andr\u00e9s Aguirre","Tiempo de lectura":"3 minutos"},"schema":{"@context":"https:\/\/schema.org","@graph":[{"@type":"WebPage","@id":"https:\/\/ciudadyregion.com.co\/index.php\/universidades-del-tolima-e-ibague-consolidan-su-articulacion-academica-para-fortalecer-la-investigacion-y-la-proyeccion-regional\/educacion\/","url":"https:\/\/ciudadyregion.com.co\/index.php\/universidades-del-tolima-e-ibague-consolidan-su-articulacion-academica-para-fortalecer-la-investigacion-y-la-proyeccion-regional\/educacion\/","name":"Universidades del Tolima e Ibagu\u00e9 consolidan su articulaci\u00f3n acad\u00e9mica para fortalecer la investigaci\u00f3n y la proyecci\u00f3n regional - Ciudad y Region","isPartOf":{"@id":"https:\/\/ciudadyregion.com.co\/#website"},"primaryImageOfPage":{"@id":"https:\/\/ciudadyregion.com.co\/index.php\/universidades-del-tolima-e-ibague-consolidan-su-articulacion-academica-para-fortalecer-la-investigacion-y-la-proyeccion-regional\/educacion\/#primaryimage"},"image":{"@id":"https:\/\/ciudadyregion.com.co\/index.php\/universidades-del-tolima-e-ibague-consolidan-su-articulacion-academica-para-fortalecer-la-investigacion-y-la-proyeccion-regional\/educacion\/#primaryimage"},"thumbnailUrl":"https:\/\/i0.wp.com\/ciudadyregion.com.co\/wp-content\/uploads\/2025\/10\/Pag-2025-10-24T080510.916.jpg?fit=800%2C445&ssl=1","datePublished":"2025-10-24T13:06:06+00:00","dateModified":"2025-10-24T13:06:06+00:00","author":{"@id":"https:\/\/ciudadyregion.com.co\/#\/schema\/person\/04a4954373ebc4051f46e8c65ff78622"},"breadcrumb":{"@id":"https:\/\/ciudadyregion.com.co\/index.php\/universidades-del-tolima-e-ibague-consolidan-su-articulacion-academica-para-fortalecer-la-investigacion-y-la-proyeccion-regional\/educacion\/#breadcrumb"},"inLanguage":"es","potentialAction":[{"@type":"ReadAction","target":["https:\/\/ciudadyregion.com.co\/index.php\/universidades-del-tolima-e-ibague-consolidan-su-articulacion-academica-para-fortalecer-la-investigacion-y-la-proyeccion-regional\/educacion\/"]}]},{"@type":"ImageObject","inLanguage":"es","@id":"https:\/\/ciudadyregion.com.co\/index.php\/universidades-del-tolima-e-ibague-consolidan-su-articulacion-academica-para-fortalecer-la-investigacion-y-la-proyeccion-regional\/educacion\/#primaryimage","url":"https:\/\/i0.wp.com\/ciudadyregion.com.co\/wp-content\/uploads\/2025\/10\/Pag-2025-10-24T080510.916.jpg?fit=800%2C445&ssl=1","contentUrl":"https:\/\/i0.wp.com\/ciudadyregion.com.co\/wp-content\/uploads\/2025\/10\/Pag-2025-10-24T080510.916.jpg?fit=800%2C445&ssl=1","width":800,"height":445},{"@type":"BreadcrumbList","@id":"https:\/\/ciudadyregion.com.co\/index.php\/universidades-del-tolima-e-ibague-consolidan-su-articulacion-academica-para-fortalecer-la-investigacion-y-la-proyeccion-regional\/educacion\/#breadcrumb","itemListElement":[{"@type":"ListItem","position":1,"name":"Portada","item":"https:\/\/ciudadyregion.com.co\/"},{"@type":"ListItem","position":2,"name":"Universidades del Tolima e Ibagu\u00e9 consolidan su articulaci\u00f3n acad\u00e9mica para fortalecer la investigaci\u00f3n y la proyecci\u00f3n regional"}]},{"@type":"WebSite","@id":"https:\/\/ciudadyregion.com.co\/#website","url":"https:\/\/ciudadyregion.com.co\/","name":"Ciudad y Region","description":"","potentialAction":[{"@type":"SearchAction","target":{"@type":"EntryPoint","urlTemplate":"https:\/\/ciudadyregion.com.co\/?s={search_term_string}"},"query-input":{"@type":"PropertyValueSpecification","valueRequired":true,"valueName":"search_term_string"}}],"inLanguage":"es"},{"@type":"Person","@id":"https:\/\/ciudadyregion.com.co\/#\/schema\/person\/04a4954373ebc4051f46e8c65ff78622","name":"David Andr\u00e9s Aguirre","image":{"@type":"ImageObject","inLanguage":"es","@id":"https:\/\/ciudadyregion.com.co\/#\/schema\/person\/image\/","url":"https:\/\/secure.gravatar.com\/avatar\/bc3c655860202182ee6d1b5edd042dbe?s=96&d=mm&r=g","contentUrl":"https:\/\/secure.gravatar.com\/avatar\/bc3c655860202182ee6d1b5edd042dbe?s=96&d=mm&r=g","caption":"David Andr\u00e9s Aguirre"},"url":"https:\/\/ciudadyregion.com.co\/index.php\/author\/diegoaguirre\/"}]}},"jetpack_featured_media_url":"https:\/\/i0.wp.com\/ciudadyregion.com.co\/wp-content\/uploads\/2025\/10\/Pag-2025-10-24T080510.916.jpg?fit=800%2C445&ssl=1","jetpack_sharing_enabled":true,"jetpack_shortlink":"https:\/\/wp.me\/pbS7hh-chZ","jetpack-related-posts":[],"_links":{"self":[{"href":"https:\/\/ciudadyregion.com.co\/index.php\/wp-json\/wp\/v2\/posts\/47243"}],"collection":[{"href":"https:\/\/ciudadyregion.com.co\/index.php\/wp-json\/wp\/v2\/posts"}],"about":[{"href":"https:\/\/ciudadyregion.com.co\/index.php\/wp-json\/wp\/v2\/types\/post"}],"author":[{"embeddable":true,"href":"https:\/\/ciudadyregion.com.co\/index.php\/wp-json\/wp\/v2\/users\/2"}],"replies":[{"embeddable":true,"href":"https:\/\/ciudadyregion.com.co\/index.php\/wp-json\/wp\/v2\/comments?post=47243"}],"version-history":[{"count":1,"href":"https:\/\/ciudadyregion.com.co\/index.php\/wp-json\/wp\/v2\/posts\/47243\/revisions"}],"predecessor-version":[{"id":47245,"href":"https:\/\/ciudadyregion.com.co\/index.php\/wp-json\/wp\/v2\/posts\/47243\/revisions\/47245"}],"wp:featuredmedia":[{"embeddable":true,"href":"https:\/\/ciudadyregion.com.co\/index.php\/wp-json\/wp\/v2\/media\/47244"}],"wp:attachment":[{"href":"https:\/\/ciudadyregion.com.co\/index.php\/wp-json\/wp\/v2\/media?parent=47243"}],"wp:term":[{"taxonomy":"category","embeddable":true,"href":"https:\/\/ciudadyregion.com.co\/index.php\/wp-json\/wp\/v2\/categories?post=47243"},{"taxonomy":"post_tag","embeddable":true,"href":"https:\/\/ciudadyregion.com.co\/index.php\/wp-json\/wp\/v2\/tags?post=47243"}],"curies":[{"name":"wp","href":"https:\/\/api.w.org\/{rel}","templated":true}]}}