{"id":47240,"date":"2025-10-24T07:58:22","date_gmt":"2025-10-24T12:58:22","guid":{"rendered":"https:\/\/ciudadyregion.com.co\/?p=47240"},"modified":"2025-10-24T07:58:22","modified_gmt":"2025-10-24T12:58:22","slug":"universidad-de-la-amazonia-y-universidad-del-tolima-fortalecen-el-dialogo-sobre-genero-diversidad-e-inclusion","status":"publish","type":"post","link":"https:\/\/ciudadyregion.com.co\/index.php\/universidad-de-la-amazonia-y-universidad-del-tolima-fortalecen-el-dialogo-sobre-genero-diversidad-e-inclusion\/educacion\/","title":{"rendered":"Universidad de la Amazonia y Universidad del Tolima: fortalecen el di\u00e1logo sobre g\u00e9nero, diversidad e inclusi\u00f3n"},"content":{"rendered":"<p data-wahfont=\"14\">Con gran entusiasmo y esp\u00edritu de colaboraci\u00f3n, la Universidad del Tolima recibi\u00f3 en el campus Santa Helena la visita de representantes de la Universidad de la Amazonia, en el marco de un encuentro interinsti\u00adtucional orientado al intercambio de saberes y expe\u00adriencias en torno a las pol\u00edticas de g\u00e9nero, diversidad e inclusi\u00f3n.<\/p>\n<p data-wahfont=\"14\">Durante esta jornada acad\u00e9mica, que se extendi\u00f3 a lo largo de dos d\u00edas, tuvimos el privilegio de compartir espacios de di\u00e1logo y reflexi\u00f3n junto a Ang\u00e9lica Nar\u00adv\u00e1ez, coordinadora y Albert Mar\u00edn profesional univer\u00adsitario del \u00c1rea de Inclusi\u00f3n Social del departamento de bienestar universitario de la Universidad de la Ama\u00adzonia. Ambos delegados sostuvieron conversaciones con el equipo de la Universidad del Tolima sobre los avances, retos y oportunidades que enfrentan nuestras instituciones en la consolidaci\u00f3n de pol\u00edticas efectivas que garanticen la equidad de g\u00e9nero, la diversidad y la inclusi\u00f3n en el \u00e1mbito universitario.<\/p>\n<p data-wahfont=\"14\">La agenda de trabajo incluy\u00f3 un recorrido por diversos espacios estrat\u00e9gicos del campus, entre ellos la Unidad de G\u00e9nero, la Prestadora de Servicios de Salud, la sala de lactancia, la oficina del Programa de Pol\u00edtica de In\u00adclusi\u00f3n y el Centro de Lenguajes Inclusivos y Lenguas Maternas, todos adscritos a la Vicerrector\u00eda de Desa\u00adrrollo Humano. Cada uno de estos escenarios refleja el compromiso institucional de la Universidad del To\u00adlima con la construcci\u00f3n de una comunidad universi\u00adtaria plural, respetuosa y libre de cualquier forma de discriminaci\u00f3n.<\/p>\n<p data-wahfont=\"14\">Asimismo, durante las sesiones de intercambio se abordaron temas fundamentales como las rutas de atenci\u00f3n a casos de violencias basadas en g\u00e9nero, los mecanismos de acompa\u00f1amiento a la poblaci\u00f3n con capacidades diversas, y las acciones implementadas en el marco de la Pol\u00edtica Institucional de Inclusi\u00f3n. Entre los avances destacados se resaltaron la imple\u00admentaci\u00f3n de se\u00f1alizaci\u00f3n incluyente, la instalaci\u00f3n de baldosas podot\u00e1ctiles, la asignaci\u00f3n de monitores acad\u00e9micos y la formaci\u00f3n docente en competencias inclusivas, esfuerzos que buscan fortalecer la accesi\u00adbilidad y el respeto por la diferencia dentro de la vida universitaria.<\/p>\n<p data-wahfont=\"14\">Este encuentro se desarroll\u00f3 en un ambiente de coo\u00adperaci\u00f3n, respeto y aprendizaje mutuo, reafirmando la importancia de generar lazos entre instituciones de educaci\u00f3n superior comprometidas con la equidad social y la justicia de g\u00e9nero, as\u00ed mismo,\u00a0<em>\u201cha sido un intercambio de conocimiento interinstitucional que nos ha enriquecido mucho, por parte de la Universidad de la Amazonia, hemos podido compartir conocimientos, aprendizajes, vivir experiencias positivas, y lo m\u00e1s grati\u00adficante es evidenciar el trabajo que las instituciones esta\u00admos haciendo de manera articulada en nuestro pa\u00eds por mitigar y prevenir todo tipo de violencia basada en g\u00e9nero y aportar en el reconocimiento a la diferencia y la diversi\u00addad\u201d\u00a0<\/em>indic\u00f3 Ang\u00e9lica Narv\u00e1ez.<\/p>\n<p data-wahfont=\"14\">La articulaci\u00f3n entre la Unidad de G\u00e9nero de la Uni\u00adversidad del Tolima y el \u00c1rea de Inclusi\u00f3n de la Uni\u00adversidad de la Amazonia constituye un paso significa\u00adtivo hacia la consolidaci\u00f3n de alianzas estrat\u00e9gicas que potencien el desarrollo, la evaluaci\u00f3n y la mejora con\u00adtinua de nuestras pol\u00edticas institucionales en materia de g\u00e9nero, diversidad e inclusi\u00f3n.<\/p>\n<p data-wahfont=\"14\">De esta manera, la Universidad del Tolima reafirma su compromiso con la construcci\u00f3n de una universidad m\u00e1s humana, incluyente y equitativa, que reconozca en la diferencia una fuente de aprendizaje, innovaci\u00f3n y transformaci\u00f3n social.<\/p>\n<p data-wahfont=\"14\">\n","protected":false},"excerpt":{"rendered":"<p>Con gran entusiasmo y esp\u00edritu de colaboraci\u00f3n, la Universidad del Tolima recibi\u00f3 en el campus Santa Helena la visita de representantes de la Universidad de la Amazonia, en el marco de un encuentro interinsti\u00adtucional orientado al intercambio de saberes y expe\u00adriencias en torno a las pol\u00edticas de g\u00e9nero, diversidad e<span class=\"more-link\"><a href=\"https:\/\/ciudadyregion.com.co\/index.php\/universidad-de-la-amazonia-y-universidad-del-tolima-fortalecen-el-dialogo-sobre-genero-diversidad-e-inclusion\/educacion\/\">Continuar Leyendo<\/a><\/span><\/p>\n","protected":false},"author":2,"featured_media":47241,"comment_status":"open","ping_status":"open","sticky":false,"template":"","format":"standard","meta":{"_uf_show_specific_survey":0,"_uf_disable_surveys":false,"_jetpack_memberships_contains_paid_content":false,"footnotes":"","jetpack_publicize_message":"","jetpack_publicize_feature_enabled":true,"jetpack_social_post_already_shared":true,"jetpack_social_options":{"image_generator_settings":{"template":"highway","enabled":false},"version":2}},"categories":[22],"tags":[],"class_list":["entry","author-diegoaguirre","post-47240","post","type-post","status-publish","format-standard","has-post-thumbnail","category-educacion"],"jetpack_publicize_connections":[],"yoast_head":"<!-- This site is optimized with the Yoast SEO plugin v24.3 - https:\/\/yoast.com\/wordpress\/plugins\/seo\/ -->\n<title>Universidad de la Amazonia y Universidad del Tolima: fortalecen el di\u00e1logo sobre g\u00e9nero, diversidad e inclusi\u00f3n - Ciudad y Region<\/title>\n<meta name=\"robots\" content=\"index, follow, max-snippet:-1, max-image-preview:large, max-video-preview:-1\" \/>\n<link rel=\"canonical\" href=\"https:\/\/ciudadyregion.com.co\/index.php\/universidad-de-la-amazonia-y-universidad-del-tolima-fortalecen-el-dialogo-sobre-genero-diversidad-e-inclusion\/educacion\/\" \/>\n<meta property=\"og:locale\" content=\"es_ES\" \/>\n<meta property=\"og:type\" content=\"article\" \/>\n<meta property=\"og:title\" content=\"Universidad de la Amazonia y Universidad del Tolima: fortalecen el di\u00e1logo sobre g\u00e9nero, diversidad e inclusi\u00f3n - Ciudad y Region\" \/>\n<meta property=\"og:description\" content=\"Con gran entusiasmo y esp\u00edritu de colaboraci\u00f3n, la Universidad del Tolima recibi\u00f3 en el campus Santa Helena la visita de representantes de la Universidad de la Amazonia, en el marco de un encuentro interinsti\u00adtucional orientado al intercambio de saberes y expe\u00adriencias en torno a las pol\u00edticas de g\u00e9nero, diversidad eContinuar Leyendo\" \/>\n<meta property=\"og:url\" content=\"https:\/\/ciudadyregion.com.co\/index.php\/universidad-de-la-amazonia-y-universidad-del-tolima-fortalecen-el-dialogo-sobre-genero-diversidad-e-inclusion\/educacion\/\" \/>\n<meta property=\"og:site_name\" content=\"Ciudad y Region\" \/>\n<meta property=\"article:published_time\" content=\"2025-10-24T12:58:22+00:00\" \/>\n<meta property=\"og:image\" content=\"https:\/\/ciudadyregion.com.co\/wp-content\/uploads\/2025\/10\/Pag-2025-10-24T075800.033.jpg\" \/>\n\t<meta property=\"og:image:width\" content=\"800\" \/>\n\t<meta property=\"og:image:height\" content=\"445\" \/>\n\t<meta property=\"og:image:type\" content=\"image\/jpeg\" \/>\n<meta name=\"author\" content=\"David Andr\u00e9s Aguirre\" \/>\n<meta name=\"twitter:card\" content=\"summary_large_image\" \/>\n<meta name=\"twitter:label1\" content=\"Escrito por\" \/>\n\t<meta name=\"twitter:data1\" content=\"David Andr\u00e9s Aguirre\" \/>\n\t<meta name=\"twitter:label2\" content=\"Tiempo de lectura\" \/>\n\t<meta name=\"twitter:data2\" content=\"3 minutos\" \/>\n<script type=\"application\/ld+json\" class=\"yoast-schema-graph\">{\"@context\":\"https:\/\/schema.org\",\"@graph\":[{\"@type\":\"WebPage\",\"@id\":\"https:\/\/ciudadyregion.com.co\/index.php\/universidad-de-la-amazonia-y-universidad-del-tolima-fortalecen-el-dialogo-sobre-genero-diversidad-e-inclusion\/educacion\/\",\"url\":\"https:\/\/ciudadyregion.com.co\/index.php\/universidad-de-la-amazonia-y-universidad-del-tolima-fortalecen-el-dialogo-sobre-genero-diversidad-e-inclusion\/educacion\/\",\"name\":\"Universidad de la Amazonia y Universidad del Tolima: fortalecen el di\u00e1logo sobre g\u00e9nero, diversidad e inclusi\u00f3n - Ciudad y Region\",\"isPartOf\":{\"@id\":\"https:\/\/ciudadyregion.com.co\/#website\"},\"primaryImageOfPage\":{\"@id\":\"https:\/\/ciudadyregion.com.co\/index.php\/universidad-de-la-amazonia-y-universidad-del-tolima-fortalecen-el-dialogo-sobre-genero-diversidad-e-inclusion\/educacion\/#primaryimage\"},\"image\":{\"@id\":\"https:\/\/ciudadyregion.com.co\/index.php\/universidad-de-la-amazonia-y-universidad-del-tolima-fortalecen-el-dialogo-sobre-genero-diversidad-e-inclusion\/educacion\/#primaryimage\"},\"thumbnailUrl\":\"https:\/\/i0.wp.com\/ciudadyregion.com.co\/wp-content\/uploads\/2025\/10\/Pag-2025-10-24T075800.033.jpg?fit=800%2C445&ssl=1\",\"datePublished\":\"2025-10-24T12:58:22+00:00\",\"dateModified\":\"2025-10-24T12:58:22+00:00\",\"author\":{\"@id\":\"https:\/\/ciudadyregion.com.co\/#\/schema\/person\/04a4954373ebc4051f46e8c65ff78622\"},\"breadcrumb\":{\"@id\":\"https:\/\/ciudadyregion.com.co\/index.php\/universidad-de-la-amazonia-y-universidad-del-tolima-fortalecen-el-dialogo-sobre-genero-diversidad-e-inclusion\/educacion\/#breadcrumb\"},\"inLanguage\":\"es\",\"potentialAction\":[{\"@type\":\"ReadAction\",\"target\":[\"https:\/\/ciudadyregion.com.co\/index.php\/universidad-de-la-amazonia-y-universidad-del-tolima-fortalecen-el-dialogo-sobre-genero-diversidad-e-inclusion\/educacion\/\"]}]},{\"@type\":\"ImageObject\",\"inLanguage\":\"es\",\"@id\":\"https:\/\/ciudadyregion.com.co\/index.php\/universidad-de-la-amazonia-y-universidad-del-tolima-fortalecen-el-dialogo-sobre-genero-diversidad-e-inclusion\/educacion\/#primaryimage\",\"url\":\"https:\/\/i0.wp.com\/ciudadyregion.com.co\/wp-content\/uploads\/2025\/10\/Pag-2025-10-24T075800.033.jpg?fit=800%2C445&ssl=1\",\"contentUrl\":\"https:\/\/i0.wp.com\/ciudadyregion.com.co\/wp-content\/uploads\/2025\/10\/Pag-2025-10-24T075800.033.jpg?fit=800%2C445&ssl=1\",\"width\":800,\"height\":445},{\"@type\":\"BreadcrumbList\",\"@id\":\"https:\/\/ciudadyregion.com.co\/index.php\/universidad-de-la-amazonia-y-universidad-del-tolima-fortalecen-el-dialogo-sobre-genero-diversidad-e-inclusion\/educacion\/#breadcrumb\",\"itemListElement\":[{\"@type\":\"ListItem\",\"position\":1,\"name\":\"Portada\",\"item\":\"https:\/\/ciudadyregion.com.co\/\"},{\"@type\":\"ListItem\",\"position\":2,\"name\":\"Universidad de la Amazonia y Universidad del Tolima: fortalecen el di\u00e1logo sobre g\u00e9nero, diversidad e inclusi\u00f3n\"}]},{\"@type\":\"WebSite\",\"@id\":\"https:\/\/ciudadyregion.com.co\/#website\",\"url\":\"https:\/\/ciudadyregion.com.co\/\",\"name\":\"Ciudad y Region\",\"description\":\"\",\"potentialAction\":[{\"@type\":\"SearchAction\",\"target\":{\"@type\":\"EntryPoint\",\"urlTemplate\":\"https:\/\/ciudadyregion.com.co\/?s={search_term_string}\"},\"query-input\":{\"@type\":\"PropertyValueSpecification\",\"valueRequired\":true,\"valueName\":\"search_term_string\"}}],\"inLanguage\":\"es\"},{\"@type\":\"Person\",\"@id\":\"https:\/\/ciudadyregion.com.co\/#\/schema\/person\/04a4954373ebc4051f46e8c65ff78622\",\"name\":\"David Andr\u00e9s Aguirre\",\"image\":{\"@type\":\"ImageObject\",\"inLanguage\":\"es\",\"@id\":\"https:\/\/ciudadyregion.com.co\/#\/schema\/person\/image\/\",\"url\":\"https:\/\/secure.gravatar.com\/avatar\/bc3c655860202182ee6d1b5edd042dbe?s=96&d=mm&r=g\",\"contentUrl\":\"https:\/\/secure.gravatar.com\/avatar\/bc3c655860202182ee6d1b5edd042dbe?s=96&d=mm&r=g\",\"caption\":\"David Andr\u00e9s Aguirre\"},\"url\":\"https:\/\/ciudadyregion.com.co\/index.php\/author\/diegoaguirre\/\"}]}<\/script>\n<!-- \/ Yoast SEO plugin. -->","yoast_head_json":{"title":"Universidad de la Amazonia y Universidad del Tolima: fortalecen el di\u00e1logo sobre g\u00e9nero, diversidad e inclusi\u00f3n - Ciudad y Region","robots":{"index":"index","follow":"follow","max-snippet":"max-snippet:-1","max-image-preview":"max-image-preview:large","max-video-preview":"max-video-preview:-1"},"canonical":"https:\/\/ciudadyregion.com.co\/index.php\/universidad-de-la-amazonia-y-universidad-del-tolima-fortalecen-el-dialogo-sobre-genero-diversidad-e-inclusion\/educacion\/","og_locale":"es_ES","og_type":"article","og_title":"Universidad de la Amazonia y Universidad del Tolima: fortalecen el di\u00e1logo sobre g\u00e9nero, diversidad e inclusi\u00f3n - Ciudad y Region","og_description":"Con gran entusiasmo y esp\u00edritu de colaboraci\u00f3n, la Universidad del Tolima recibi\u00f3 en el campus Santa Helena la visita de representantes de la Universidad de la Amazonia, en el marco de un encuentro interinsti\u00adtucional orientado al intercambio de saberes y expe\u00adriencias en torno a las pol\u00edticas de g\u00e9nero, diversidad eContinuar Leyendo","og_url":"https:\/\/ciudadyregion.com.co\/index.php\/universidad-de-la-amazonia-y-universidad-del-tolima-fortalecen-el-dialogo-sobre-genero-diversidad-e-inclusion\/educacion\/","og_site_name":"Ciudad y Region","article_published_time":"2025-10-24T12:58:22+00:00","og_image":[{"width":800,"height":445,"url":"https:\/\/ciudadyregion.com.co\/wp-content\/uploads\/2025\/10\/Pag-2025-10-24T075800.033.jpg","type":"image\/jpeg"}],"author":"David Andr\u00e9s Aguirre","twitter_card":"summary_large_image","twitter_misc":{"Escrito por":"David Andr\u00e9s Aguirre","Tiempo de lectura":"3 minutos"},"schema":{"@context":"https:\/\/schema.org","@graph":[{"@type":"WebPage","@id":"https:\/\/ciudadyregion.com.co\/index.php\/universidad-de-la-amazonia-y-universidad-del-tolima-fortalecen-el-dialogo-sobre-genero-diversidad-e-inclusion\/educacion\/","url":"https:\/\/ciudadyregion.com.co\/index.php\/universidad-de-la-amazonia-y-universidad-del-tolima-fortalecen-el-dialogo-sobre-genero-diversidad-e-inclusion\/educacion\/","name":"Universidad de la Amazonia y Universidad del Tolima: fortalecen el di\u00e1logo sobre g\u00e9nero, diversidad e inclusi\u00f3n - Ciudad y Region","isPartOf":{"@id":"https:\/\/ciudadyregion.com.co\/#website"},"primaryImageOfPage":{"@id":"https:\/\/ciudadyregion.com.co\/index.php\/universidad-de-la-amazonia-y-universidad-del-tolima-fortalecen-el-dialogo-sobre-genero-diversidad-e-inclusion\/educacion\/#primaryimage"},"image":{"@id":"https:\/\/ciudadyregion.com.co\/index.php\/universidad-de-la-amazonia-y-universidad-del-tolima-fortalecen-el-dialogo-sobre-genero-diversidad-e-inclusion\/educacion\/#primaryimage"},"thumbnailUrl":"https:\/\/i0.wp.com\/ciudadyregion.com.co\/wp-content\/uploads\/2025\/10\/Pag-2025-10-24T075800.033.jpg?fit=800%2C445&ssl=1","datePublished":"2025-10-24T12:58:22+00:00","dateModified":"2025-10-24T12:58:22+00:00","author":{"@id":"https:\/\/ciudadyregion.com.co\/#\/schema\/person\/04a4954373ebc4051f46e8c65ff78622"},"breadcrumb":{"@id":"https:\/\/ciudadyregion.com.co\/index.php\/universidad-de-la-amazonia-y-universidad-del-tolima-fortalecen-el-dialogo-sobre-genero-diversidad-e-inclusion\/educacion\/#breadcrumb"},"inLanguage":"es","potentialAction":[{"@type":"ReadAction","target":["https:\/\/ciudadyregion.com.co\/index.php\/universidad-de-la-amazonia-y-universidad-del-tolima-fortalecen-el-dialogo-sobre-genero-diversidad-e-inclusion\/educacion\/"]}]},{"@type":"ImageObject","inLanguage":"es","@id":"https:\/\/ciudadyregion.com.co\/index.php\/universidad-de-la-amazonia-y-universidad-del-tolima-fortalecen-el-dialogo-sobre-genero-diversidad-e-inclusion\/educacion\/#primaryimage","url":"https:\/\/i0.wp.com\/ciudadyregion.com.co\/wp-content\/uploads\/2025\/10\/Pag-2025-10-24T075800.033.jpg?fit=800%2C445&ssl=1","contentUrl":"https:\/\/i0.wp.com\/ciudadyregion.com.co\/wp-content\/uploads\/2025\/10\/Pag-2025-10-24T075800.033.jpg?fit=800%2C445&ssl=1","width":800,"height":445},{"@type":"BreadcrumbList","@id":"https:\/\/ciudadyregion.com.co\/index.php\/universidad-de-la-amazonia-y-universidad-del-tolima-fortalecen-el-dialogo-sobre-genero-diversidad-e-inclusion\/educacion\/#breadcrumb","itemListElement":[{"@type":"ListItem","position":1,"name":"Portada","item":"https:\/\/ciudadyregion.com.co\/"},{"@type":"ListItem","position":2,"name":"Universidad de la Amazonia y Universidad del Tolima: fortalecen el di\u00e1logo sobre g\u00e9nero, diversidad e inclusi\u00f3n"}]},{"@type":"WebSite","@id":"https:\/\/ciudadyregion.com.co\/#website","url":"https:\/\/ciudadyregion.com.co\/","name":"Ciudad y Region","description":"","potentialAction":[{"@type":"SearchAction","target":{"@type":"EntryPoint","urlTemplate":"https:\/\/ciudadyregion.com.co\/?s={search_term_string}"},"query-input":{"@type":"PropertyValueSpecification","valueRequired":true,"valueName":"search_term_string"}}],"inLanguage":"es"},{"@type":"Person","@id":"https:\/\/ciudadyregion.com.co\/#\/schema\/person\/04a4954373ebc4051f46e8c65ff78622","name":"David Andr\u00e9s Aguirre","image":{"@type":"ImageObject","inLanguage":"es","@id":"https:\/\/ciudadyregion.com.co\/#\/schema\/person\/image\/","url":"https:\/\/secure.gravatar.com\/avatar\/bc3c655860202182ee6d1b5edd042dbe?s=96&d=mm&r=g","contentUrl":"https:\/\/secure.gravatar.com\/avatar\/bc3c655860202182ee6d1b5edd042dbe?s=96&d=mm&r=g","caption":"David Andr\u00e9s Aguirre"},"url":"https:\/\/ciudadyregion.com.co\/index.php\/author\/diegoaguirre\/"}]}},"jetpack_featured_media_url":"https:\/\/i0.wp.com\/ciudadyregion.com.co\/wp-content\/uploads\/2025\/10\/Pag-2025-10-24T075800.033.jpg?fit=800%2C445&ssl=1","jetpack_sharing_enabled":true,"jetpack_shortlink":"https:\/\/wp.me\/pbS7hh-chW","jetpack-related-posts":[],"_links":{"self":[{"href":"https:\/\/ciudadyregion.com.co\/index.php\/wp-json\/wp\/v2\/posts\/47240"}],"collection":[{"href":"https:\/\/ciudadyregion.com.co\/index.php\/wp-json\/wp\/v2\/posts"}],"about":[{"href":"https:\/\/ciudadyregion.com.co\/index.php\/wp-json\/wp\/v2\/types\/post"}],"author":[{"embeddable":true,"href":"https:\/\/ciudadyregion.com.co\/index.php\/wp-json\/wp\/v2\/users\/2"}],"replies":[{"embeddable":true,"href":"https:\/\/ciudadyregion.com.co\/index.php\/wp-json\/wp\/v2\/comments?post=47240"}],"version-history":[{"count":1,"href":"https:\/\/ciudadyregion.com.co\/index.php\/wp-json\/wp\/v2\/posts\/47240\/revisions"}],"predecessor-version":[{"id":47242,"href":"https:\/\/ciudadyregion.com.co\/index.php\/wp-json\/wp\/v2\/posts\/47240\/revisions\/47242"}],"wp:featuredmedia":[{"embeddable":true,"href":"https:\/\/ciudadyregion.com.co\/index.php\/wp-json\/wp\/v2\/media\/47241"}],"wp:attachment":[{"href":"https:\/\/ciudadyregion.com.co\/index.php\/wp-json\/wp\/v2\/media?parent=47240"}],"wp:term":[{"taxonomy":"category","embeddable":true,"href":"https:\/\/ciudadyregion.com.co\/index.php\/wp-json\/wp\/v2\/categories?post=47240"},{"taxonomy":"post_tag","embeddable":true,"href":"https:\/\/ciudadyregion.com.co\/index.php\/wp-json\/wp\/v2\/tags?post=47240"}],"curies":[{"name":"wp","href":"https:\/\/api.w.org\/{rel}","templated":true}]}}