{"id":47237,"date":"2025-10-24T07:41:34","date_gmt":"2025-10-24T12:41:34","guid":{"rendered":"https:\/\/ciudadyregion.com.co\/?p=47237"},"modified":"2025-10-24T07:41:34","modified_gmt":"2025-10-24T12:41:34","slug":"ya-cumpliste-con-tus-vacunas-este-es-un-mensaje-importante-del-ministerio-de-salud-y-proteccion-social","status":"publish","type":"post","link":"https:\/\/ciudadyregion.com.co\/index.php\/ya-cumpliste-con-tus-vacunas-este-es-un-mensaje-importante-del-ministerio-de-salud-y-proteccion-social\/salud\/","title":{"rendered":"\u00bfYa cumpliste con tus vacunas? Este es un Mensaje importante del\u00a0Ministerio de Salud y Protecci\u00f3n Social"},"content":{"rendered":"<div class=\"xdj266r x14z9mp xat24cr x1lziwak x1vvkbs x126k92a\">\n<div dir=\"auto\">Cada ni\u00f1o menor de 6 a\u00f1os debe asistir a 8 citas de vacunaci\u00f3n para estar protegido contra enfermedades prevenibles:<\/div>\n<\/div>\n<div class=\"x14z9mp xat24cr x1lziwak x1vvkbs xtlvy1s x126k92a\">\n<div dir=\"auto\">* Al nacer<\/div>\n<div dir=\"auto\">* A los 2, 4, 6 y 7 meses<\/div>\n<div dir=\"auto\">* Al a\u00f1o<\/div>\n<div dir=\"auto\">* Al a\u00f1o y medio<\/div>\n<div dir=\"auto\">* A los 5 a\u00f1os<\/div>\n<\/div>\n<div class=\"x14z9mp xat24cr x1lziwak x1vvkbs xtlvy1s x126k92a\">\n<div dir=\"auto\"><span class=\"html-span xexx8yu xyri2b x18d9i69 x1c1uobl x1hl2dhg x16tdsg8 x1vvkbs x3nfvp2 x1j61x8r x1fcty0u xdj266r xat24cr xm2jcoa x1mpyi22 xxymvpz xlup9mm x1kky2od\"><img loading=\"lazy\" decoding=\"async\" class=\"xz74otr x15mokao x1ga7v0g x16uus16 xbiv7yw\" src=\"https:\/\/static.xx.fbcdn.net\/images\/emoji.php\/v9\/t5e\/1\/16\/1f99f.png\" alt=\"\ud83e\udd9f\" width=\"16\" height=\"16\" \/><\/span> \u00a1Atenci\u00f3n! Por la presencia de fiebre amarilla, ahora tambi\u00e9n deben vacunarse a los 9 meses.<\/div>\n<\/div>\n<div class=\"x14z9mp xat24cr x1lziwak x1vvkbs xtlvy1s x126k92a\">\n<div dir=\"auto\"><span class=\"html-span xexx8yu xyri2b x18d9i69 x1c1uobl x1hl2dhg x16tdsg8 x1vvkbs x3nfvp2 x1j61x8r x1fcty0u xdj266r xat24cr xm2jcoa x1mpyi22 xxymvpz xlup9mm x1kky2od\"><img loading=\"lazy\" decoding=\"async\" class=\"xz74otr x15mokao x1ga7v0g x16uus16 xbiv7yw\" src=\"https:\/\/static.xx.fbcdn.net\/images\/emoji.php\/v9\/t7e\/1\/16\/1f4c5.png\" alt=\"\ud83d\udcc5\" width=\"16\" height=\"16\" \/><\/span> Este 25 de octubre es el D\u00eda Central de Vacunaci\u00f3n.<\/div>\n<div dir=\"auto\">Ac\u00e9rcate, participa y fortalece la inmunizaci\u00f3n en todo el pa\u00eds.<\/div>\n<div dir=\"auto\"><\/div>\n<div dir=\"auto\"><span class=\"html-span xexx8yu xyri2b x18d9i69 x1c1uobl x1hl2dhg x16tdsg8 x1vvkbs x3nfvp2 x1j61x8r x1fcty0u xdj266r xat24cr xm2jcoa x1mpyi22 xxymvpz xlup9mm x1kky2od\"><img loading=\"lazy\" decoding=\"async\" class=\"xz74otr x15mokao x1ga7v0g x16uus16 xbiv7yw\" src=\"https:\/\/static.xx.fbcdn.net\/images\/emoji.php\/v9\/tcd\/1\/16\/1f489.png\" alt=\"\ud83d\udc89\" width=\"16\" height=\"16\" \/><\/span> Contamos con 23 vacunas que protegen contra m\u00e1s de 30 enfermedades.<\/div>\n<\/div>\n<div class=\"x14z9mp xat24cr x1lziwak x1vvkbs xtlvy1s x126k92a\">\n<div dir=\"auto\">Por ti, por m\u00ed, por todos. <span class=\"html-span xdj266r x14z9mp xat24cr x1lziwak xexx8yu xyri2b x18d9i69 x1c1uobl x1hl2dhg x16tdsg8 x1vvkbs\"><a class=\"x1i10hfl xjbqb8w x1ejq31n x18oe1m7 x1sy0etr xstzfhl x972fbf x10w94by x1qhh985 x14e42zd x9f619 x1ypdohk xt0psk2 x3ct3a4 xdj266r x14z9mp xat24cr x1lziwak xexx8yu xyri2b x18d9i69 x1c1uobl x16tdsg8 x1hl2dhg xggy1nq x1a2a7pz xkrqix3 x1sur9pj x1fey0fg x1s688f\" tabindex=\"0\" role=\"link\" href=\"https:\/\/www.facebook.com\/watch\/hashtag\/vac%C3%BAnateya?__eep__=6%2F&amp;__cft__[0]=AZV_XT3iPbjyKpUAJNy7tX1cMhivXb6SwIkjdHTQdsiyI2I8BKQRdpX9iSONlgevRL-PH-Zmcmvfd0jUvWlYFGKqYpJrXYSmB0P8tUikw6kbigWZzbkQx7nmj5dquirZ6FkQyKZFu9cirV5ckChEMwzXJErZ8P32nRFN0_3lV9abDKtn1V4VnQ7qwxZxAUqJyraIUbHy422k6f0RxXlUtSMl&amp;__tn__=*NK-R\">#Vac\u00fanateYa<\/a><\/span><\/div>\n<\/div>\n<div dir=\"auto\"><\/div>\n<div dir=\"auto\">\n<div style=\"width: 720px;\" class=\"wp-video\"><!--[if lt IE 9]><script>document.createElement('video');<\/script><![endif]-->\n<video class=\"wp-video-shortcode\" id=\"video-47237-1\" width=\"720\" height=\"1280\" preload=\"metadata\" controls=\"controls\"><source type=\"video\/mp4\" src=\"https:\/\/ciudadyregion.com.co\/wp-content\/uploads\/2025\/10\/getmyfb.com_1761309638103.mp4?_=1\" \/><a href=\"https:\/\/ciudadyregion.com.co\/wp-content\/uploads\/2025\/10\/getmyfb.com_1761309638103.mp4\">https:\/\/ciudadyregion.com.co\/wp-content\/uploads\/2025\/10\/getmyfb.com_1761309638103.mp4<\/a><\/video><\/div>\n<\/div>\n<div dir=\"auto\"><\/div>\n","protected":false},"excerpt":{"rendered":"<p>Cada ni\u00f1o menor de 6 a\u00f1os debe asistir a 8 citas de vacunaci\u00f3n para estar protegido contra enfermedades prevenibles: * Al nacer * A los 2, 4, 6 y 7 meses * Al a\u00f1o * Al a\u00f1o y medio * A los 5 a\u00f1os \u00a1Atenci\u00f3n! Por la presencia de fiebre<span class=\"more-link\"><a href=\"https:\/\/ciudadyregion.com.co\/index.php\/ya-cumpliste-con-tus-vacunas-este-es-un-mensaje-importante-del-ministerio-de-salud-y-proteccion-social\/salud\/\">Continuar Leyendo<\/a><\/span><\/p>\n","protected":false},"author":2,"featured_media":33728,"comment_status":"open","ping_status":"open","sticky":false,"template":"","format":"standard","meta":{"_uf_show_specific_survey":0,"_uf_disable_surveys":false,"_jetpack_memberships_contains_paid_content":false,"footnotes":"","jetpack_publicize_message":"","jetpack_publicize_feature_enabled":true,"jetpack_social_post_already_shared":true,"jetpack_social_options":{"image_generator_settings":{"template":"highway","enabled":false},"version":2}},"categories":[29],"tags":[],"class_list":["entry","author-diegoaguirre","post-47237","post","type-post","status-publish","format-standard","has-post-thumbnail","category-salud"],"jetpack_publicize_connections":[],"yoast_head":"<!-- This site is optimized with the Yoast SEO plugin v24.3 - https:\/\/yoast.com\/wordpress\/plugins\/seo\/ -->\n<title>\u00bfYa cumpliste con tus vacunas? Este es un Mensaje importante del\u00a0Ministerio de Salud y Protecci\u00f3n Social - Ciudad y Region<\/title>\n<meta name=\"robots\" content=\"index, follow, max-snippet:-1, max-image-preview:large, max-video-preview:-1\" \/>\n<link rel=\"canonical\" href=\"https:\/\/ciudadyregion.com.co\/index.php\/ya-cumpliste-con-tus-vacunas-este-es-un-mensaje-importante-del-ministerio-de-salud-y-proteccion-social\/salud\/\" \/>\n<meta property=\"og:locale\" content=\"es_ES\" \/>\n<meta property=\"og:type\" content=\"article\" \/>\n<meta property=\"og:title\" content=\"\u00bfYa cumpliste con tus vacunas? Este es un Mensaje importante del\u00a0Ministerio de Salud y Protecci\u00f3n Social - Ciudad y Region\" \/>\n<meta property=\"og:description\" content=\"Cada ni\u00f1o menor de 6 a\u00f1os debe asistir a 8 citas de vacunaci\u00f3n para estar protegido contra enfermedades prevenibles: * Al nacer * A los 2, 4, 6 y 7 meses * Al a\u00f1o * Al a\u00f1o y medio * A los 5 a\u00f1os \u00a1Atenci\u00f3n! Por la presencia de fiebreContinuar Leyendo\" \/>\n<meta property=\"og:url\" content=\"https:\/\/ciudadyregion.com.co\/index.php\/ya-cumpliste-con-tus-vacunas-este-es-un-mensaje-importante-del-ministerio-de-salud-y-proteccion-social\/salud\/\" \/>\n<meta property=\"og:site_name\" content=\"Ciudad y Region\" \/>\n<meta property=\"article:published_time\" content=\"2025-10-24T12:41:34+00:00\" \/>\n<meta property=\"og:image\" content=\"https:\/\/ciudadyregion.com.co\/wp-content\/uploads\/2025\/04\/ministerio-de-salud-minsalud.jpg\" \/>\n\t<meta property=\"og:image:width\" content=\"800\" \/>\n\t<meta property=\"og:image:height\" content=\"445\" \/>\n\t<meta property=\"og:image:type\" content=\"image\/jpeg\" \/>\n<meta name=\"author\" content=\"David Andr\u00e9s Aguirre\" \/>\n<meta name=\"twitter:card\" content=\"summary_large_image\" \/>\n<meta name=\"twitter:label1\" content=\"Escrito por\" \/>\n\t<meta name=\"twitter:data1\" content=\"David Andr\u00e9s Aguirre\" \/>\n\t<meta name=\"twitter:label2\" content=\"Tiempo de lectura\" \/>\n\t<meta name=\"twitter:data2\" content=\"2 minutos\" \/>\n<script type=\"application\/ld+json\" class=\"yoast-schema-graph\">{\"@context\":\"https:\/\/schema.org\",\"@graph\":[{\"@type\":\"WebPage\",\"@id\":\"https:\/\/ciudadyregion.com.co\/index.php\/ya-cumpliste-con-tus-vacunas-este-es-un-mensaje-importante-del-ministerio-de-salud-y-proteccion-social\/salud\/\",\"url\":\"https:\/\/ciudadyregion.com.co\/index.php\/ya-cumpliste-con-tus-vacunas-este-es-un-mensaje-importante-del-ministerio-de-salud-y-proteccion-social\/salud\/\",\"name\":\"\u00bfYa cumpliste con tus vacunas? Este es un Mensaje importante del\u00a0Ministerio de Salud y Protecci\u00f3n Social - Ciudad y Region\",\"isPartOf\":{\"@id\":\"https:\/\/ciudadyregion.com.co\/#website\"},\"primaryImageOfPage\":{\"@id\":\"https:\/\/ciudadyregion.com.co\/index.php\/ya-cumpliste-con-tus-vacunas-este-es-un-mensaje-importante-del-ministerio-de-salud-y-proteccion-social\/salud\/#primaryimage\"},\"image\":{\"@id\":\"https:\/\/ciudadyregion.com.co\/index.php\/ya-cumpliste-con-tus-vacunas-este-es-un-mensaje-importante-del-ministerio-de-salud-y-proteccion-social\/salud\/#primaryimage\"},\"thumbnailUrl\":\"https:\/\/i0.wp.com\/ciudadyregion.com.co\/wp-content\/uploads\/2025\/04\/ministerio-de-salud-minsalud.jpg?fit=800%2C445&ssl=1\",\"datePublished\":\"2025-10-24T12:41:34+00:00\",\"dateModified\":\"2025-10-24T12:41:34+00:00\",\"author\":{\"@id\":\"https:\/\/ciudadyregion.com.co\/#\/schema\/person\/04a4954373ebc4051f46e8c65ff78622\"},\"breadcrumb\":{\"@id\":\"https:\/\/ciudadyregion.com.co\/index.php\/ya-cumpliste-con-tus-vacunas-este-es-un-mensaje-importante-del-ministerio-de-salud-y-proteccion-social\/salud\/#breadcrumb\"},\"inLanguage\":\"es\",\"potentialAction\":[{\"@type\":\"ReadAction\",\"target\":[\"https:\/\/ciudadyregion.com.co\/index.php\/ya-cumpliste-con-tus-vacunas-este-es-un-mensaje-importante-del-ministerio-de-salud-y-proteccion-social\/salud\/\"]}]},{\"@type\":\"ImageObject\",\"inLanguage\":\"es\",\"@id\":\"https:\/\/ciudadyregion.com.co\/index.php\/ya-cumpliste-con-tus-vacunas-este-es-un-mensaje-importante-del-ministerio-de-salud-y-proteccion-social\/salud\/#primaryimage\",\"url\":\"https:\/\/i0.wp.com\/ciudadyregion.com.co\/wp-content\/uploads\/2025\/04\/ministerio-de-salud-minsalud.jpg?fit=800%2C445&ssl=1\",\"contentUrl\":\"https:\/\/i0.wp.com\/ciudadyregion.com.co\/wp-content\/uploads\/2025\/04\/ministerio-de-salud-minsalud.jpg?fit=800%2C445&ssl=1\",\"width\":800,\"height\":445},{\"@type\":\"BreadcrumbList\",\"@id\":\"https:\/\/ciudadyregion.com.co\/index.php\/ya-cumpliste-con-tus-vacunas-este-es-un-mensaje-importante-del-ministerio-de-salud-y-proteccion-social\/salud\/#breadcrumb\",\"itemListElement\":[{\"@type\":\"ListItem\",\"position\":1,\"name\":\"Portada\",\"item\":\"https:\/\/ciudadyregion.com.co\/\"},{\"@type\":\"ListItem\",\"position\":2,\"name\":\"\u00bfYa cumpliste con tus vacunas? Este es un Mensaje importante del\u00a0Ministerio de Salud y Protecci\u00f3n Social\"}]},{\"@type\":\"WebSite\",\"@id\":\"https:\/\/ciudadyregion.com.co\/#website\",\"url\":\"https:\/\/ciudadyregion.com.co\/\",\"name\":\"Ciudad y Region\",\"description\":\"\",\"potentialAction\":[{\"@type\":\"SearchAction\",\"target\":{\"@type\":\"EntryPoint\",\"urlTemplate\":\"https:\/\/ciudadyregion.com.co\/?s={search_term_string}\"},\"query-input\":{\"@type\":\"PropertyValueSpecification\",\"valueRequired\":true,\"valueName\":\"search_term_string\"}}],\"inLanguage\":\"es\"},{\"@type\":\"Person\",\"@id\":\"https:\/\/ciudadyregion.com.co\/#\/schema\/person\/04a4954373ebc4051f46e8c65ff78622\",\"name\":\"David Andr\u00e9s Aguirre\",\"image\":{\"@type\":\"ImageObject\",\"inLanguage\":\"es\",\"@id\":\"https:\/\/ciudadyregion.com.co\/#\/schema\/person\/image\/\",\"url\":\"https:\/\/secure.gravatar.com\/avatar\/bc3c655860202182ee6d1b5edd042dbe?s=96&d=mm&r=g\",\"contentUrl\":\"https:\/\/secure.gravatar.com\/avatar\/bc3c655860202182ee6d1b5edd042dbe?s=96&d=mm&r=g\",\"caption\":\"David Andr\u00e9s Aguirre\"},\"url\":\"https:\/\/ciudadyregion.com.co\/index.php\/author\/diegoaguirre\/\"}]}<\/script>\n<!-- \/ Yoast SEO plugin. -->","yoast_head_json":{"title":"\u00bfYa cumpliste con tus vacunas? Este es un Mensaje importante del\u00a0Ministerio de Salud y Protecci\u00f3n Social - Ciudad y Region","robots":{"index":"index","follow":"follow","max-snippet":"max-snippet:-1","max-image-preview":"max-image-preview:large","max-video-preview":"max-video-preview:-1"},"canonical":"https:\/\/ciudadyregion.com.co\/index.php\/ya-cumpliste-con-tus-vacunas-este-es-un-mensaje-importante-del-ministerio-de-salud-y-proteccion-social\/salud\/","og_locale":"es_ES","og_type":"article","og_title":"\u00bfYa cumpliste con tus vacunas? Este es un Mensaje importante del\u00a0Ministerio de Salud y Protecci\u00f3n Social - Ciudad y Region","og_description":"Cada ni\u00f1o menor de 6 a\u00f1os debe asistir a 8 citas de vacunaci\u00f3n para estar protegido contra enfermedades prevenibles: * Al nacer * A los 2, 4, 6 y 7 meses * Al a\u00f1o * Al a\u00f1o y medio * A los 5 a\u00f1os \u00a1Atenci\u00f3n! Por la presencia de fiebreContinuar Leyendo","og_url":"https:\/\/ciudadyregion.com.co\/index.php\/ya-cumpliste-con-tus-vacunas-este-es-un-mensaje-importante-del-ministerio-de-salud-y-proteccion-social\/salud\/","og_site_name":"Ciudad y Region","article_published_time":"2025-10-24T12:41:34+00:00","og_image":[{"width":800,"height":445,"url":"https:\/\/ciudadyregion.com.co\/wp-content\/uploads\/2025\/04\/ministerio-de-salud-minsalud.jpg","type":"image\/jpeg"}],"author":"David Andr\u00e9s Aguirre","twitter_card":"summary_large_image","twitter_misc":{"Escrito por":"David Andr\u00e9s Aguirre","Tiempo de lectura":"2 minutos"},"schema":{"@context":"https:\/\/schema.org","@graph":[{"@type":"WebPage","@id":"https:\/\/ciudadyregion.com.co\/index.php\/ya-cumpliste-con-tus-vacunas-este-es-un-mensaje-importante-del-ministerio-de-salud-y-proteccion-social\/salud\/","url":"https:\/\/ciudadyregion.com.co\/index.php\/ya-cumpliste-con-tus-vacunas-este-es-un-mensaje-importante-del-ministerio-de-salud-y-proteccion-social\/salud\/","name":"\u00bfYa cumpliste con tus vacunas? Este es un Mensaje importante del\u00a0Ministerio de Salud y Protecci\u00f3n Social - Ciudad y Region","isPartOf":{"@id":"https:\/\/ciudadyregion.com.co\/#website"},"primaryImageOfPage":{"@id":"https:\/\/ciudadyregion.com.co\/index.php\/ya-cumpliste-con-tus-vacunas-este-es-un-mensaje-importante-del-ministerio-de-salud-y-proteccion-social\/salud\/#primaryimage"},"image":{"@id":"https:\/\/ciudadyregion.com.co\/index.php\/ya-cumpliste-con-tus-vacunas-este-es-un-mensaje-importante-del-ministerio-de-salud-y-proteccion-social\/salud\/#primaryimage"},"thumbnailUrl":"https:\/\/i0.wp.com\/ciudadyregion.com.co\/wp-content\/uploads\/2025\/04\/ministerio-de-salud-minsalud.jpg?fit=800%2C445&ssl=1","datePublished":"2025-10-24T12:41:34+00:00","dateModified":"2025-10-24T12:41:34+00:00","author":{"@id":"https:\/\/ciudadyregion.com.co\/#\/schema\/person\/04a4954373ebc4051f46e8c65ff78622"},"breadcrumb":{"@id":"https:\/\/ciudadyregion.com.co\/index.php\/ya-cumpliste-con-tus-vacunas-este-es-un-mensaje-importante-del-ministerio-de-salud-y-proteccion-social\/salud\/#breadcrumb"},"inLanguage":"es","potentialAction":[{"@type":"ReadAction","target":["https:\/\/ciudadyregion.com.co\/index.php\/ya-cumpliste-con-tus-vacunas-este-es-un-mensaje-importante-del-ministerio-de-salud-y-proteccion-social\/salud\/"]}]},{"@type":"ImageObject","inLanguage":"es","@id":"https:\/\/ciudadyregion.com.co\/index.php\/ya-cumpliste-con-tus-vacunas-este-es-un-mensaje-importante-del-ministerio-de-salud-y-proteccion-social\/salud\/#primaryimage","url":"https:\/\/i0.wp.com\/ciudadyregion.com.co\/wp-content\/uploads\/2025\/04\/ministerio-de-salud-minsalud.jpg?fit=800%2C445&ssl=1","contentUrl":"https:\/\/i0.wp.com\/ciudadyregion.com.co\/wp-content\/uploads\/2025\/04\/ministerio-de-salud-minsalud.jpg?fit=800%2C445&ssl=1","width":800,"height":445},{"@type":"BreadcrumbList","@id":"https:\/\/ciudadyregion.com.co\/index.php\/ya-cumpliste-con-tus-vacunas-este-es-un-mensaje-importante-del-ministerio-de-salud-y-proteccion-social\/salud\/#breadcrumb","itemListElement":[{"@type":"ListItem","position":1,"name":"Portada","item":"https:\/\/ciudadyregion.com.co\/"},{"@type":"ListItem","position":2,"name":"\u00bfYa cumpliste con tus vacunas? Este es un Mensaje importante del\u00a0Ministerio de Salud y Protecci\u00f3n Social"}]},{"@type":"WebSite","@id":"https:\/\/ciudadyregion.com.co\/#website","url":"https:\/\/ciudadyregion.com.co\/","name":"Ciudad y Region","description":"","potentialAction":[{"@type":"SearchAction","target":{"@type":"EntryPoint","urlTemplate":"https:\/\/ciudadyregion.com.co\/?s={search_term_string}"},"query-input":{"@type":"PropertyValueSpecification","valueRequired":true,"valueName":"search_term_string"}}],"inLanguage":"es"},{"@type":"Person","@id":"https:\/\/ciudadyregion.com.co\/#\/schema\/person\/04a4954373ebc4051f46e8c65ff78622","name":"David Andr\u00e9s Aguirre","image":{"@type":"ImageObject","inLanguage":"es","@id":"https:\/\/ciudadyregion.com.co\/#\/schema\/person\/image\/","url":"https:\/\/secure.gravatar.com\/avatar\/bc3c655860202182ee6d1b5edd042dbe?s=96&d=mm&r=g","contentUrl":"https:\/\/secure.gravatar.com\/avatar\/bc3c655860202182ee6d1b5edd042dbe?s=96&d=mm&r=g","caption":"David Andr\u00e9s Aguirre"},"url":"https:\/\/ciudadyregion.com.co\/index.php\/author\/diegoaguirre\/"}]}},"jetpack_featured_media_url":"https:\/\/i0.wp.com\/ciudadyregion.com.co\/wp-content\/uploads\/2025\/04\/ministerio-de-salud-minsalud.jpg?fit=800%2C445&ssl=1","jetpack_sharing_enabled":true,"jetpack_shortlink":"https:\/\/wp.me\/pbS7hh-chT","jetpack-related-posts":[],"_links":{"self":[{"href":"https:\/\/ciudadyregion.com.co\/index.php\/wp-json\/wp\/v2\/posts\/47237"}],"collection":[{"href":"https:\/\/ciudadyregion.com.co\/index.php\/wp-json\/wp\/v2\/posts"}],"about":[{"href":"https:\/\/ciudadyregion.com.co\/index.php\/wp-json\/wp\/v2\/types\/post"}],"author":[{"embeddable":true,"href":"https:\/\/ciudadyregion.com.co\/index.php\/wp-json\/wp\/v2\/users\/2"}],"replies":[{"embeddable":true,"href":"https:\/\/ciudadyregion.com.co\/index.php\/wp-json\/wp\/v2\/comments?post=47237"}],"version-history":[{"count":1,"href":"https:\/\/ciudadyregion.com.co\/index.php\/wp-json\/wp\/v2\/posts\/47237\/revisions"}],"predecessor-version":[{"id":47239,"href":"https:\/\/ciudadyregion.com.co\/index.php\/wp-json\/wp\/v2\/posts\/47237\/revisions\/47239"}],"wp:featuredmedia":[{"embeddable":true,"href":"https:\/\/ciudadyregion.com.co\/index.php\/wp-json\/wp\/v2\/media\/33728"}],"wp:attachment":[{"href":"https:\/\/ciudadyregion.com.co\/index.php\/wp-json\/wp\/v2\/media?parent=47237"}],"wp:term":[{"taxonomy":"category","embeddable":true,"href":"https:\/\/ciudadyregion.com.co\/index.php\/wp-json\/wp\/v2\/categories?post=47237"},{"taxonomy":"post_tag","embeddable":true,"href":"https:\/\/ciudadyregion.com.co\/index.php\/wp-json\/wp\/v2\/tags?post=47237"}],"curies":[{"name":"wp","href":"https:\/\/api.w.org\/{rel}","templated":true}]}}