{"id":46556,"date":"2025-10-07T10:06:02","date_gmt":"2025-10-07T15:06:02","guid":{"rendered":"https:\/\/ciudadyregion.com.co\/?p=46556"},"modified":"2025-10-07T10:06:02","modified_gmt":"2025-10-07T15:06:02","slug":"sonrisas-saludables-en-junin-alcaldia-de-venadillo-promueve-el-cuidado-bucal-con-ninos-del-corregimiento","status":"publish","type":"post","link":"https:\/\/ciudadyregion.com.co\/index.php\/sonrisas-saludables-en-junin-alcaldia-de-venadillo-promueve-el-cuidado-bucal-con-ninos-del-corregimiento\/regional\/","title":{"rendered":"\u00a1Sonrisas saludables en Jun\u00edn! Alcald\u00eda de Venadillo promueve el cuidado bucal con ni\u00f1os del corregimiento."},"content":{"rendered":"<div class=\"x14z9mp xat24cr x1lziwak x1vvkbs xtlvy1s x126k92a\">\n<div dir=\"auto\">La Alcald\u00eda Municipal de Venadillo, a trav\u00e9s del Hospital Santa B\u00e1rbara, la Direcci\u00f3n Local de Salud y el PIC \u2013 Plan de Intervenciones Colectivas, lleg\u00f3 hasta la Instituci\u00f3n Educativa Teresa Camacho de Su\u00e1rez del corregimiento de Jun\u00edn, donde se desarroll\u00f3 un seminario\u2013taller sobre salud oral dirigido a los ni\u00f1os y ni\u00f1as. <span class=\"html-span xexx8yu xyri2b x18d9i69 x1c1uobl x1hl2dhg x16tdsg8 x1vvkbs x3nfvp2 x1j61x8r x1fcty0u xdj266r xat24cr xm2jcoa x1mpyi22 xxymvpz xlup9mm x1kky2od\"><img loading=\"lazy\" decoding=\"async\" class=\"xz74otr x15mokao x1ga7v0g x16uus16 xbiv7yw\" src=\"https:\/\/static.xx.fbcdn.net\/images\/emoji.php\/v9\/t8d\/1\/16\/1f467.png\" alt=\"\ud83d\udc67\" width=\"16\" height=\"16\" \/><\/span><span class=\"html-span xexx8yu xyri2b x18d9i69 x1c1uobl x1hl2dhg x16tdsg8 x1vvkbs x3nfvp2 x1j61x8r x1fcty0u xdj266r xat24cr xm2jcoa x1mpyi22 xxymvpz xlup9mm x1kky2od\"><img loading=\"lazy\" decoding=\"async\" class=\"xz74otr x15mokao x1ga7v0g x16uus16 xbiv7yw\" src=\"https:\/\/static.xx.fbcdn.net\/images\/emoji.php\/v9\/tdf\/1\/16\/1f9d2.png\" alt=\"\ud83e\uddd2\" width=\"16\" height=\"16\" \/><\/span><\/div>\n<\/div>\n<div class=\"x14z9mp xat24cr x1lziwak x1vvkbs xtlvy1s x126k92a\">\n<div dir=\"auto\">Durante la jornada se fortalecieron los conocimientos sobre el cuidado bucal <span class=\"html-span xexx8yu xyri2b x18d9i69 x1c1uobl x1hl2dhg x16tdsg8 x1vvkbs x3nfvp2 x1j61x8r x1fcty0u xdj266r xat24cr xm2jcoa x1mpyi22 xxymvpz xlup9mm x1kky2od\"><img loading=\"lazy\" decoding=\"async\" class=\"xz74otr x15mokao x1ga7v0g x16uus16 xbiv7yw\" src=\"https:\/\/static.xx.fbcdn.net\/images\/emoji.php\/v9\/tad\/1\/16\/1faa5.png\" alt=\"\ud83e\udea5\" width=\"16\" height=\"16\" \/><\/span> y se realizaron actividades educativas al aire libre, promoviendo h\u00e1bitos saludables y bienestar integral. <span class=\"html-span xexx8yu xyri2b x18d9i69 x1c1uobl x1hl2dhg x16tdsg8 x1vvkbs x3nfvp2 x1j61x8r x1fcty0u xdj266r xat24cr xm2jcoa x1mpyi22 xxymvpz xlup9mm x1kky2od\"><img loading=\"lazy\" decoding=\"async\" class=\"xz74otr x15mokao x1ga7v0g x16uus16 xbiv7yw\" src=\"https:\/\/static.xx.fbcdn.net\/images\/emoji.php\/v9\/t1e\/1\/16\/1f33f.png\" alt=\"\ud83c\udf3f\" width=\"16\" height=\"16\" \/><\/span><span class=\"html-span xexx8yu xyri2b x18d9i69 x1c1uobl x1hl2dhg x16tdsg8 x1vvkbs x3nfvp2 x1j61x8r x1fcty0u xdj266r xat24cr xm2jcoa x1mpyi22 xxymvpz xlup9mm x1kky2od\"><img loading=\"lazy\" decoding=\"async\" class=\"xz74otr x15mokao x1ga7v0g x16uus16 xbiv7yw\" src=\"https:\/\/static.xx.fbcdn.net\/images\/emoji.php\/v9\/t6c\/1\/16\/1f499.png\" alt=\"\ud83d\udc99\" width=\"16\" height=\"16\" \/><\/span><\/div>\n<\/div>\n","protected":false},"excerpt":{"rendered":"<p>La Alcald\u00eda Municipal de Venadillo, a trav\u00e9s del Hospital Santa B\u00e1rbara, la Direcci\u00f3n Local de Salud y el PIC \u2013 Plan de Intervenciones Colectivas, lleg\u00f3 hasta la Instituci\u00f3n Educativa Teresa Camacho de Su\u00e1rez del corregimiento de Jun\u00edn, donde se desarroll\u00f3 un seminario\u2013taller sobre salud oral dirigido a los ni\u00f1os y<span class=\"more-link\"><a href=\"https:\/\/ciudadyregion.com.co\/index.php\/sonrisas-saludables-en-junin-alcaldia-de-venadillo-promueve-el-cuidado-bucal-con-ninos-del-corregimiento\/regional\/\">Continuar Leyendo<\/a><\/span><\/p>\n","protected":false},"author":2,"featured_media":46557,"comment_status":"open","ping_status":"open","sticky":false,"template":"","format":"standard","meta":{"_uf_show_specific_survey":0,"_uf_disable_surveys":false,"_jetpack_memberships_contains_paid_content":false,"footnotes":"","jetpack_publicize_message":"","jetpack_publicize_feature_enabled":true,"jetpack_social_post_already_shared":true,"jetpack_social_options":{"image_generator_settings":{"template":"highway","enabled":false},"version":2}},"categories":[13],"tags":[],"class_list":["entry","author-diegoaguirre","post-46556","post","type-post","status-publish","format-standard","has-post-thumbnail","category-regional"],"jetpack_publicize_connections":[],"yoast_head":"<!-- This site is optimized with the Yoast SEO plugin v24.3 - https:\/\/yoast.com\/wordpress\/plugins\/seo\/ -->\n<title>\u00a1Sonrisas saludables en Jun\u00edn! Alcald\u00eda de Venadillo promueve el cuidado bucal con ni\u00f1os del corregimiento. - Ciudad y Region<\/title>\n<meta name=\"robots\" content=\"index, follow, max-snippet:-1, max-image-preview:large, max-video-preview:-1\" \/>\n<link rel=\"canonical\" href=\"https:\/\/ciudadyregion.com.co\/index.php\/sonrisas-saludables-en-junin-alcaldia-de-venadillo-promueve-el-cuidado-bucal-con-ninos-del-corregimiento\/regional\/\" \/>\n<meta property=\"og:locale\" content=\"es_ES\" \/>\n<meta property=\"og:type\" content=\"article\" \/>\n<meta property=\"og:title\" content=\"\u00a1Sonrisas saludables en Jun\u00edn! Alcald\u00eda de Venadillo promueve el cuidado bucal con ni\u00f1os del corregimiento. - Ciudad y Region\" \/>\n<meta property=\"og:description\" content=\"La Alcald\u00eda Municipal de Venadillo, a trav\u00e9s del Hospital Santa B\u00e1rbara, la Direcci\u00f3n Local de Salud y el PIC \u2013 Plan de Intervenciones Colectivas, lleg\u00f3 hasta la Instituci\u00f3n Educativa Teresa Camacho de Su\u00e1rez del corregimiento de Jun\u00edn, donde se desarroll\u00f3 un seminario\u2013taller sobre salud oral dirigido a los ni\u00f1os yContinuar Leyendo\" \/>\n<meta property=\"og:url\" content=\"https:\/\/ciudadyregion.com.co\/index.php\/sonrisas-saludables-en-junin-alcaldia-de-venadillo-promueve-el-cuidado-bucal-con-ninos-del-corregimiento\/regional\/\" \/>\n<meta property=\"og:site_name\" content=\"Ciudad y Region\" \/>\n<meta property=\"article:published_time\" content=\"2025-10-07T15:06:02+00:00\" \/>\n<meta property=\"og:image\" content=\"https:\/\/ciudadyregion.com.co\/wp-content\/uploads\/2025\/10\/Pag-5.png\" \/>\n\t<meta property=\"og:image:width\" content=\"800\" \/>\n\t<meta property=\"og:image:height\" content=\"445\" \/>\n\t<meta property=\"og:image:type\" content=\"image\/png\" \/>\n<meta name=\"author\" content=\"David Andr\u00e9s Aguirre\" \/>\n<meta name=\"twitter:card\" content=\"summary_large_image\" \/>\n<meta name=\"twitter:label1\" content=\"Escrito por\" \/>\n\t<meta name=\"twitter:data1\" content=\"David Andr\u00e9s Aguirre\" \/>\n\t<meta name=\"twitter:label2\" content=\"Tiempo de lectura\" \/>\n\t<meta name=\"twitter:data2\" content=\"2 minutos\" \/>\n<script type=\"application\/ld+json\" class=\"yoast-schema-graph\">{\"@context\":\"https:\/\/schema.org\",\"@graph\":[{\"@type\":\"WebPage\",\"@id\":\"https:\/\/ciudadyregion.com.co\/index.php\/sonrisas-saludables-en-junin-alcaldia-de-venadillo-promueve-el-cuidado-bucal-con-ninos-del-corregimiento\/regional\/\",\"url\":\"https:\/\/ciudadyregion.com.co\/index.php\/sonrisas-saludables-en-junin-alcaldia-de-venadillo-promueve-el-cuidado-bucal-con-ninos-del-corregimiento\/regional\/\",\"name\":\"\u00a1Sonrisas saludables en Jun\u00edn! Alcald\u00eda de Venadillo promueve el cuidado bucal con ni\u00f1os del corregimiento. - Ciudad y Region\",\"isPartOf\":{\"@id\":\"https:\/\/ciudadyregion.com.co\/#website\"},\"primaryImageOfPage\":{\"@id\":\"https:\/\/ciudadyregion.com.co\/index.php\/sonrisas-saludables-en-junin-alcaldia-de-venadillo-promueve-el-cuidado-bucal-con-ninos-del-corregimiento\/regional\/#primaryimage\"},\"image\":{\"@id\":\"https:\/\/ciudadyregion.com.co\/index.php\/sonrisas-saludables-en-junin-alcaldia-de-venadillo-promueve-el-cuidado-bucal-con-ninos-del-corregimiento\/regional\/#primaryimage\"},\"thumbnailUrl\":\"https:\/\/i0.wp.com\/ciudadyregion.com.co\/wp-content\/uploads\/2025\/10\/Pag-5.png?fit=800%2C445&ssl=1\",\"datePublished\":\"2025-10-07T15:06:02+00:00\",\"dateModified\":\"2025-10-07T15:06:02+00:00\",\"author\":{\"@id\":\"https:\/\/ciudadyregion.com.co\/#\/schema\/person\/04a4954373ebc4051f46e8c65ff78622\"},\"breadcrumb\":{\"@id\":\"https:\/\/ciudadyregion.com.co\/index.php\/sonrisas-saludables-en-junin-alcaldia-de-venadillo-promueve-el-cuidado-bucal-con-ninos-del-corregimiento\/regional\/#breadcrumb\"},\"inLanguage\":\"es\",\"potentialAction\":[{\"@type\":\"ReadAction\",\"target\":[\"https:\/\/ciudadyregion.com.co\/index.php\/sonrisas-saludables-en-junin-alcaldia-de-venadillo-promueve-el-cuidado-bucal-con-ninos-del-corregimiento\/regional\/\"]}]},{\"@type\":\"ImageObject\",\"inLanguage\":\"es\",\"@id\":\"https:\/\/ciudadyregion.com.co\/index.php\/sonrisas-saludables-en-junin-alcaldia-de-venadillo-promueve-el-cuidado-bucal-con-ninos-del-corregimiento\/regional\/#primaryimage\",\"url\":\"https:\/\/i0.wp.com\/ciudadyregion.com.co\/wp-content\/uploads\/2025\/10\/Pag-5.png?fit=800%2C445&ssl=1\",\"contentUrl\":\"https:\/\/i0.wp.com\/ciudadyregion.com.co\/wp-content\/uploads\/2025\/10\/Pag-5.png?fit=800%2C445&ssl=1\",\"width\":800,\"height\":445},{\"@type\":\"BreadcrumbList\",\"@id\":\"https:\/\/ciudadyregion.com.co\/index.php\/sonrisas-saludables-en-junin-alcaldia-de-venadillo-promueve-el-cuidado-bucal-con-ninos-del-corregimiento\/regional\/#breadcrumb\",\"itemListElement\":[{\"@type\":\"ListItem\",\"position\":1,\"name\":\"Portada\",\"item\":\"https:\/\/ciudadyregion.com.co\/\"},{\"@type\":\"ListItem\",\"position\":2,\"name\":\"\u00a1Sonrisas saludables en Jun\u00edn! Alcald\u00eda de Venadillo promueve el cuidado bucal con ni\u00f1os del corregimiento.\"}]},{\"@type\":\"WebSite\",\"@id\":\"https:\/\/ciudadyregion.com.co\/#website\",\"url\":\"https:\/\/ciudadyregion.com.co\/\",\"name\":\"Ciudad y Region\",\"description\":\"\",\"potentialAction\":[{\"@type\":\"SearchAction\",\"target\":{\"@type\":\"EntryPoint\",\"urlTemplate\":\"https:\/\/ciudadyregion.com.co\/?s={search_term_string}\"},\"query-input\":{\"@type\":\"PropertyValueSpecification\",\"valueRequired\":true,\"valueName\":\"search_term_string\"}}],\"inLanguage\":\"es\"},{\"@type\":\"Person\",\"@id\":\"https:\/\/ciudadyregion.com.co\/#\/schema\/person\/04a4954373ebc4051f46e8c65ff78622\",\"name\":\"David Andr\u00e9s Aguirre\",\"image\":{\"@type\":\"ImageObject\",\"inLanguage\":\"es\",\"@id\":\"https:\/\/ciudadyregion.com.co\/#\/schema\/person\/image\/\",\"url\":\"https:\/\/secure.gravatar.com\/avatar\/bc3c655860202182ee6d1b5edd042dbe?s=96&d=mm&r=g\",\"contentUrl\":\"https:\/\/secure.gravatar.com\/avatar\/bc3c655860202182ee6d1b5edd042dbe?s=96&d=mm&r=g\",\"caption\":\"David Andr\u00e9s Aguirre\"},\"url\":\"https:\/\/ciudadyregion.com.co\/index.php\/author\/diegoaguirre\/\"}]}<\/script>\n<!-- \/ Yoast SEO plugin. -->","yoast_head_json":{"title":"\u00a1Sonrisas saludables en Jun\u00edn! Alcald\u00eda de Venadillo promueve el cuidado bucal con ni\u00f1os del corregimiento. - Ciudad y Region","robots":{"index":"index","follow":"follow","max-snippet":"max-snippet:-1","max-image-preview":"max-image-preview:large","max-video-preview":"max-video-preview:-1"},"canonical":"https:\/\/ciudadyregion.com.co\/index.php\/sonrisas-saludables-en-junin-alcaldia-de-venadillo-promueve-el-cuidado-bucal-con-ninos-del-corregimiento\/regional\/","og_locale":"es_ES","og_type":"article","og_title":"\u00a1Sonrisas saludables en Jun\u00edn! Alcald\u00eda de Venadillo promueve el cuidado bucal con ni\u00f1os del corregimiento. - Ciudad y Region","og_description":"La Alcald\u00eda Municipal de Venadillo, a trav\u00e9s del Hospital Santa B\u00e1rbara, la Direcci\u00f3n Local de Salud y el PIC \u2013 Plan de Intervenciones Colectivas, lleg\u00f3 hasta la Instituci\u00f3n Educativa Teresa Camacho de Su\u00e1rez del corregimiento de Jun\u00edn, donde se desarroll\u00f3 un seminario\u2013taller sobre salud oral dirigido a los ni\u00f1os yContinuar Leyendo","og_url":"https:\/\/ciudadyregion.com.co\/index.php\/sonrisas-saludables-en-junin-alcaldia-de-venadillo-promueve-el-cuidado-bucal-con-ninos-del-corregimiento\/regional\/","og_site_name":"Ciudad y Region","article_published_time":"2025-10-07T15:06:02+00:00","og_image":[{"width":800,"height":445,"url":"https:\/\/ciudadyregion.com.co\/wp-content\/uploads\/2025\/10\/Pag-5.png","type":"image\/png"}],"author":"David Andr\u00e9s Aguirre","twitter_card":"summary_large_image","twitter_misc":{"Escrito por":"David Andr\u00e9s Aguirre","Tiempo de lectura":"2 minutos"},"schema":{"@context":"https:\/\/schema.org","@graph":[{"@type":"WebPage","@id":"https:\/\/ciudadyregion.com.co\/index.php\/sonrisas-saludables-en-junin-alcaldia-de-venadillo-promueve-el-cuidado-bucal-con-ninos-del-corregimiento\/regional\/","url":"https:\/\/ciudadyregion.com.co\/index.php\/sonrisas-saludables-en-junin-alcaldia-de-venadillo-promueve-el-cuidado-bucal-con-ninos-del-corregimiento\/regional\/","name":"\u00a1Sonrisas saludables en Jun\u00edn! Alcald\u00eda de Venadillo promueve el cuidado bucal con ni\u00f1os del corregimiento. - Ciudad y Region","isPartOf":{"@id":"https:\/\/ciudadyregion.com.co\/#website"},"primaryImageOfPage":{"@id":"https:\/\/ciudadyregion.com.co\/index.php\/sonrisas-saludables-en-junin-alcaldia-de-venadillo-promueve-el-cuidado-bucal-con-ninos-del-corregimiento\/regional\/#primaryimage"},"image":{"@id":"https:\/\/ciudadyregion.com.co\/index.php\/sonrisas-saludables-en-junin-alcaldia-de-venadillo-promueve-el-cuidado-bucal-con-ninos-del-corregimiento\/regional\/#primaryimage"},"thumbnailUrl":"https:\/\/i0.wp.com\/ciudadyregion.com.co\/wp-content\/uploads\/2025\/10\/Pag-5.png?fit=800%2C445&ssl=1","datePublished":"2025-10-07T15:06:02+00:00","dateModified":"2025-10-07T15:06:02+00:00","author":{"@id":"https:\/\/ciudadyregion.com.co\/#\/schema\/person\/04a4954373ebc4051f46e8c65ff78622"},"breadcrumb":{"@id":"https:\/\/ciudadyregion.com.co\/index.php\/sonrisas-saludables-en-junin-alcaldia-de-venadillo-promueve-el-cuidado-bucal-con-ninos-del-corregimiento\/regional\/#breadcrumb"},"inLanguage":"es","potentialAction":[{"@type":"ReadAction","target":["https:\/\/ciudadyregion.com.co\/index.php\/sonrisas-saludables-en-junin-alcaldia-de-venadillo-promueve-el-cuidado-bucal-con-ninos-del-corregimiento\/regional\/"]}]},{"@type":"ImageObject","inLanguage":"es","@id":"https:\/\/ciudadyregion.com.co\/index.php\/sonrisas-saludables-en-junin-alcaldia-de-venadillo-promueve-el-cuidado-bucal-con-ninos-del-corregimiento\/regional\/#primaryimage","url":"https:\/\/i0.wp.com\/ciudadyregion.com.co\/wp-content\/uploads\/2025\/10\/Pag-5.png?fit=800%2C445&ssl=1","contentUrl":"https:\/\/i0.wp.com\/ciudadyregion.com.co\/wp-content\/uploads\/2025\/10\/Pag-5.png?fit=800%2C445&ssl=1","width":800,"height":445},{"@type":"BreadcrumbList","@id":"https:\/\/ciudadyregion.com.co\/index.php\/sonrisas-saludables-en-junin-alcaldia-de-venadillo-promueve-el-cuidado-bucal-con-ninos-del-corregimiento\/regional\/#breadcrumb","itemListElement":[{"@type":"ListItem","position":1,"name":"Portada","item":"https:\/\/ciudadyregion.com.co\/"},{"@type":"ListItem","position":2,"name":"\u00a1Sonrisas saludables en Jun\u00edn! Alcald\u00eda de Venadillo promueve el cuidado bucal con ni\u00f1os del corregimiento."}]},{"@type":"WebSite","@id":"https:\/\/ciudadyregion.com.co\/#website","url":"https:\/\/ciudadyregion.com.co\/","name":"Ciudad y Region","description":"","potentialAction":[{"@type":"SearchAction","target":{"@type":"EntryPoint","urlTemplate":"https:\/\/ciudadyregion.com.co\/?s={search_term_string}"},"query-input":{"@type":"PropertyValueSpecification","valueRequired":true,"valueName":"search_term_string"}}],"inLanguage":"es"},{"@type":"Person","@id":"https:\/\/ciudadyregion.com.co\/#\/schema\/person\/04a4954373ebc4051f46e8c65ff78622","name":"David Andr\u00e9s Aguirre","image":{"@type":"ImageObject","inLanguage":"es","@id":"https:\/\/ciudadyregion.com.co\/#\/schema\/person\/image\/","url":"https:\/\/secure.gravatar.com\/avatar\/bc3c655860202182ee6d1b5edd042dbe?s=96&d=mm&r=g","contentUrl":"https:\/\/secure.gravatar.com\/avatar\/bc3c655860202182ee6d1b5edd042dbe?s=96&d=mm&r=g","caption":"David Andr\u00e9s Aguirre"},"url":"https:\/\/ciudadyregion.com.co\/index.php\/author\/diegoaguirre\/"}]}},"jetpack_featured_media_url":"https:\/\/i0.wp.com\/ciudadyregion.com.co\/wp-content\/uploads\/2025\/10\/Pag-5.png?fit=800%2C445&ssl=1","jetpack_sharing_enabled":true,"jetpack_shortlink":"https:\/\/wp.me\/pbS7hh-c6U","jetpack-related-posts":[],"_links":{"self":[{"href":"https:\/\/ciudadyregion.com.co\/index.php\/wp-json\/wp\/v2\/posts\/46556"}],"collection":[{"href":"https:\/\/ciudadyregion.com.co\/index.php\/wp-json\/wp\/v2\/posts"}],"about":[{"href":"https:\/\/ciudadyregion.com.co\/index.php\/wp-json\/wp\/v2\/types\/post"}],"author":[{"embeddable":true,"href":"https:\/\/ciudadyregion.com.co\/index.php\/wp-json\/wp\/v2\/users\/2"}],"replies":[{"embeddable":true,"href":"https:\/\/ciudadyregion.com.co\/index.php\/wp-json\/wp\/v2\/comments?post=46556"}],"version-history":[{"count":1,"href":"https:\/\/ciudadyregion.com.co\/index.php\/wp-json\/wp\/v2\/posts\/46556\/revisions"}],"predecessor-version":[{"id":46558,"href":"https:\/\/ciudadyregion.com.co\/index.php\/wp-json\/wp\/v2\/posts\/46556\/revisions\/46558"}],"wp:featuredmedia":[{"embeddable":true,"href":"https:\/\/ciudadyregion.com.co\/index.php\/wp-json\/wp\/v2\/media\/46557"}],"wp:attachment":[{"href":"https:\/\/ciudadyregion.com.co\/index.php\/wp-json\/wp\/v2\/media?parent=46556"}],"wp:term":[{"taxonomy":"category","embeddable":true,"href":"https:\/\/ciudadyregion.com.co\/index.php\/wp-json\/wp\/v2\/categories?post=46556"},{"taxonomy":"post_tag","embeddable":true,"href":"https:\/\/ciudadyregion.com.co\/index.php\/wp-json\/wp\/v2\/tags?post=46556"}],"curies":[{"name":"wp","href":"https:\/\/api.w.org\/{rel}","templated":true}]}}